{"id":1252,"date":"2007-09-21T14:26:44","date_gmt":"2007-09-21T14:26:44","guid":{"rendered":"http:\/\/blogs.thesocialmedia.com\/leblogmoto\/2007\/09\/21\/scooter-lectriq\/"},"modified":"2012-07-11T14:44:49","modified_gmt":"2012-07-11T14:44:49","slug":"scooter-lectriq","status":"publish","type":"post","link":"https:\/\/blogs.thesocialmedia.com\/leblogmoto\/2007\/09\/21\/scooter-lectriq\/","title":{"rendered":"Scooter \u00e9lectrique : Philippe a saut\u00e9 le pas, et vous?"},"content":{"rendered":"<p><a href=\"http:\/\/blogs.thesocialmedia.com\/leblogmoto\/files\/2012\/07\/rpict0171_2.jpg\"><img loading=\"lazy\" decoding=\"async\" width=\"470\" height=\"338\"  alt=\"Rpict0171_2\" src=\"http:\/\/www.leblogmoto.com\/images\/2007\/09\/21\/rpict0171_2.jpg\" style=\"margin: 0px 5px 5px 0px;float: left\" \/><\/a> Le <a href=\"&quot;L'\u00c3\u00a9lectrique, c'est \u00c3\u00a9videmment un souci environnemental. En fait il y a +\/- 2 ans, j'ai voulu me payer un BMW C1 pour mes trajets vers le boulot, pour polluer moins... puis j'ai constat\u00c3\u00a9 que BMW avait arr\u00c3\u00aat\u00c3\u00a9 la production. Le scooter traditionnel m'effrayait encore un peu. \u00c3? l'\u00c3\u00a9poque, je n'avais encore jamais entendu parler de scooters \u00c3\u00a9lectriques.&quot;\">Blog Moto<\/a> a rencontr\u00e9 <strong>Philippe<\/strong>, un homme de 44 ans mari\u00e9 et papa de deux gar\u00e7ons qui a d\u00e9cid\u00e9 d&rsquo;acqu\u00e9rir un <a href=\"http:\/\/blogs.thesocialmedia.com\/leblogmoto\/files\/2012\/07\/index.html_53.png\">scooter<\/a> \u00e9lectrique. Une id\u00e9e qui lui trotte dans la t\u00eate depuis un long moment, mais qu&rsquo;il vient seulement de concr\u00e9tiser. La faute \u00e0 l&rsquo;autonomie des batteries \u00e0 ce qu&rsquo;il nous dit, qui tenaient seulement 40 km alors que Philippe voulait se servir de son scooter pour ses trajets maison\/boulot, dont la distance totale \u00e9tait sup\u00e9rieure. Alors, comment en vient on a acheter un deux roues \u00e9lectrique? Quelques \u00e9l\u00e9ments de r\u00e9ponses gr\u00e2ce \u00e0 Philippe&#8230;<\/p>\n<p><strong><em>&quot;L&rsquo;\u00e9lectrique, c&rsquo;est \u00e9videmment un souci environnemental. En fait il y a +\/- 2 ans, j&rsquo;ai voulu me payer un BMW C1 pour mes trajets vers le boulot, pour polluer moins&#8230; puis j&rsquo;ai constat\u00e9 que BMW avait arr\u00eat\u00e9 la production. Le scooter traditionnel m&rsquo;effrayait encore un peu. \u00c0 l&rsquo;\u00e9poque, je n&rsquo;avais encore jamais entendu parler de scooters \u00e9lectriques.&quot;<\/em><\/strong><\/p>\n<p> L&rsquo;ann\u00e9e derni\u00e8re, Philippe &quot;tombe&quot; sur une annonce. D\u00e9sirant en savoir plus sur le scooter \u00e9lectrique mis en vente, mais ne sachant pas vraiment si celui ci ferait l&rsquo;affaire, Philippe h\u00e9site \u00e0 se lancer et ne prend finalement pas contact avec le vendeur. Une d\u00e9cision qu&rsquo;il regrettera, puisque quelques jours apr\u00e8s, l&rsquo;annonce disparait. <strong><em>&quot;Comme je n&rsquo;ai jamais vu de scooter \u00e9lectrique dans un magasin &quot;classique&quot;, je me suis dit que je devrais encore attendre&quot;<\/em><\/strong>, nous dira l&rsquo;ing\u00e9nieur civil informaticien. N\u00e9anmoins, la chance va lui sourire un peu plus tard : <strong><em>&quot;Cette ann\u00e9e, rebelote, une annonce sur ebay pour des scooters \u00e9lectriques avec autonomie annonc\u00e9e \u00e0 plus de 60 Km. L\u00e0, c&rsquo;\u00e9tait bon pour moi. J&rsquo;ai appel\u00e9 le vendeur, suis all\u00e9 voir et essayer l&rsquo;engin un soir, et l&rsquo;ai achet\u00e9 la semaine suivante (le temps de reprendre mes renseignements aupr\u00e8s des assurances, etc&#8230;)&quot;<\/em><\/strong>.<\/p>\n<p><a href=\"http:\/\/clabedan.typepad.com\/.shared\/image.html?\/photos\/uncategorized\/2007\/09\/21\/rpict0164.jpg\"><img loading=\"lazy\" decoding=\"async\" width=\"470\" height=\"352\"  alt=\"Rpict0164\" src=\"http:\/\/www.leblogmoto.com\/images\/2007\/09\/21\/rpict0164.jpg\" style=\"margin: 0px 5px 5px 0px;float: left\" \/><\/a> <\/p>\n<p> Un achat que Philippe est loin de regretter, puisqu&rsquo;avec ce <a href=\"http:\/\/blogs.thesocialmedia.com\/leblogmoto\/files\/2012\/07\/index.html_53.png\">scooter<\/a> \u00e9lectrique, il peut se rendre \u00e0 son travail sans polluer et surtout en r\u00e9alisant des \u00e9conomies incroyables : <em><strong>&quot;C&rsquo;est clair que le fait de ne pas polluer, de ne pas faire de bruit, de ne rien consommer \u00e0 l&rsquo;arr\u00eat aux feux rouges, de r\u00e9cup\u00e9rer de l&rsquo;\u00e9nergie au freinage sont un plaisir essentiel de ce type de v\u00e9hicule. Sans parler de l&rsquo;\u00e9conomie: au tarif de l&rsquo;\u00e9lectricit\u00e9 de nuit, les 100Km reviennent \u00e0 moins d&rsquo;un euro, et l&rsquo;entretien de l&rsquo;appareil est nul. \u00c0 part graisser des parties mobiles et sans doute un jour changer les pneus. Les batteries (<a href=\"http:\/\/www.greensaver.cn\/en-about.asp\" title=\"http:\/\/www.greensaver.cn\/en-about.asp\" class=\"bbcodecb8814c5063a01b60205386efe31ba15\">silicone<\/a>) sont sans doute un \u00e9l\u00e9ment co\u00fbteux, mais je suis incapable de dire combien de temps elles vont tenir, ou si de toutes fa\u00e7ons le scooter sera us\u00e9 avant les batteries&quot;<\/strong>. <\/em>Et le bonus dans tout \u00e7a, c&rsquo;est que Philippe retrouve les plaisirs du deux roues : <em><strong>&quot;Je dois bien avouer que j&rsquo;ai d\u00e9j\u00e0 retrouv\u00e9 d&rsquo;autres plaisirs du deux-roues: circuler plus facilement dans le trafic charg\u00e9, avoir cette sensation de libert\u00e9 facile&#8230; Et bien s\u00fbr comme cette apr\u00e8s-midi ensoleill\u00e9e, le plaisir de la ballade au grand air&quot;<\/strong>.<\/em><\/p>\n<p> Pour recharger les batteries, il faut simplement brancher les c\u00e2bles du chargeur sous la selle. <em><strong>&quot;En 3 ou 4 heures, la charge est quasi compl\u00e8te. Mais en laissant le chargeur branch\u00e9 encore quelques heures, il poursuit une charge lente. J&rsquo;ai mis un temporisateur pour adapter la charge au tarif de nuit, et une charge compl\u00e8te apr\u00e8s 50Km de conduite consomme +\/- 3KWh (\u00e0 +\/- 0,17\u20ac\/KWh de nuit). Le rechargement des batteries lors du freinage se limite \u00e0 la puissance du moteur : S&rsquo;il faut freiner fort, les freins normaux entrent en fonction. Mais en anticipant les arr\u00eats, on peut \u00e9viter pas mal de dissiper son \u00e9nergie en chaleur, et c&rsquo;est bon pour le moral &#8230;&quot;<\/strong>.<\/p>\n<p><a href=\"http:\/\/clabedan.typepad.com\/.shared\/image.html?\/photos\/uncategorized\/2007\/09\/21\/rpict0168.jpg\"><img loading=\"lazy\" decoding=\"async\" width=\"470\" height=\"352\"  alt=\"Rpict0168\" src=\"http:\/\/www.leblogmoto.com\/images\/2007\/09\/21\/rpict0168.jpg\" style=\"margin: 0px 5px 5px 0px;float: left\" \/><\/a> <br \/><\/em> <br \/> Apr\u00e8s ce tableau plut\u00f4t flatteur du scooter \u00e9lectrique, on pourrait bien se demander quels sont les inconv\u00e9nients d&rsquo;une telle machine. Philippe nous indique alors sans langue de bois que le plus grand d\u00e9faut de son engin est un manque cruel de puissance. <strong><em>&quot;La puissance est un peu limite dans certaines c\u00f4tes, et l&rsquo;indicateur de batterie est influenc\u00e9 par la charge (si je &quot;tire dedans&quot;, l&rsquo;aiguille descend)&quot;<\/em><\/strong>.<\/p>\n<p> Et quand on lui demande de conclure, l&rsquo;ing\u00e9nieur nous racontera : <em><strong>&quot;Je suis ravi pour l&rsquo;instant, j&rsquo;esp\u00e8re que son autonomie ne chutera pas rapidement avec le temps. Par beau temps comme ce WE, j&rsquo;ai vraiment eu un grand plaisir \u00e0 faire des &quot;petites courses&quot; avec, sans la culpabilit\u00e9 de bouger pour cela ma grosse Peugeot 807&#8230; Deux gamins m&rsquo;ont abord\u00e9: &quot;Eh, monsieur, c&rsquo;est un \u00e9lectrique ? \u00c7a co\u00fbte combien ?&quot; Hors consid\u00e9rations environnementales, par rapport \u00e0 un petit scooter 50cc \u00e9quivalent, il a l&rsquo;avantage du silence, et l&rsquo;inconv\u00e9nient de l&rsquo;autonomie et de la puissance un peu plus limit\u00e9es. Pour le reste, \u00e7a doit \u00eatre pareil. C&rsquo;est aussi marrant de voir les pi\u00e9tons se retourner devant cet engin silencieux. J&rsquo;ai vraiment envie d&rsquo;en faire la promo autour de moi, et proposerai \u00e0 mes voisins, amis et coll\u00e8gues de l&rsquo;essayer s&rsquo;ils le veulent. Pour tous ceux qui ont un souci environnemental, c&rsquo;est une piste incontournable&quot;<\/strong>.<\/em><\/p>\n<p> Merci \u00e0 toi Philippe pour avoir r\u00e9pondu \u00e0 mes questions et m&rsquo;avoir fait passer ces quelques photos.<\/p>\n","protected":false},"excerpt":{"rendered":"<p>Le Blog Moto a rencontr\u00e9 Philippe, un homme de 44 ans mari\u00e9 et papa de deux gar\u00e7ons qui a d\u00e9cid\u00e9 d&rsquo;acqu\u00e9rir un scooter \u00e9lectrique. Une id\u00e9e qui lui trotte dans la t\u00eate depuis un long moment, mais qu&rsquo;il vient seulement de concr\u00e9tiser. La faute \u00e0 l&rsquo;autonomie des batteries \u00e0 ce qu&rsquo;il nous dit, qui tenaient [&hellip;]<\/p>\n","protected":false},"author":330,"featured_media":0,"comment_status":"open","ping_status":"open","sticky":false,"template":"","format":"standard","meta":{"footnotes":""},"categories":[3,30,19],"tags":[],"class_list":["post-1252","post","type-post","status-publish","format-standard","hentry","category-actualite","category-bio-carburantsvehicules-propres","category-scooter"],"yoast_head":"<!-- This site is optimized with the Yoast SEO plugin v26.0 - https:\/\/yoast.com\/wordpress\/plugins\/seo\/ -->\n<title>Scooter \u00e9lectrique : Philippe a saut\u00e9 le pas, et vous? - leblogmoto.com<\/title>\n<meta name=\"robots\" content=\"index, follow, max-snippet:-1, max-image-preview:large, max-video-preview:-1\" \/>\n<link rel=\"canonical\" href=\"https:\/\/blogs.thesocialmedia.com\/leblogmoto\/2007\/09\/21\/scooter-lectriq\/\" \/>\n<meta name=\"twitter:card\" content=\"summary_large_image\" \/>\n<meta name=\"twitter:title\" content=\"Scooter \u00e9lectrique : Philippe a saut\u00e9 le pas, et vous? - leblogmoto.com\" \/>\n<meta name=\"twitter:description\" content=\"Le Blog Moto a rencontr\u00e9 Philippe, un homme de 44 ans mari\u00e9 et papa de deux gar\u00e7ons qui a d\u00e9cid\u00e9 d&rsquo;acqu\u00e9rir un scooter \u00e9lectrique. Une id\u00e9e qui lui trotte dans la t\u00eate depuis un long moment, mais qu&rsquo;il vient seulement de concr\u00e9tiser. La faute \u00e0 l&rsquo;autonomie des batteries \u00e0 ce qu&rsquo;il nous dit, qui tenaient [&hellip;]\" \/>\n<meta name=\"twitter:image\" content=\"http:\/\/www.leblogmoto.com\/images\/2007\/09\/21\/rpict0171_2.jpg\" \/>\n<meta name=\"twitter:label1\" content=\"\u00c9crit par\" \/>\n\t<meta name=\"twitter:data1\" content=\"thierry marsal\" \/>\n\t<meta name=\"twitter:label2\" content=\"Dur\u00e9e de lecture estim\u00e9e\" \/>\n\t<meta name=\"twitter:data2\" content=\"4 minutes\" \/>\n<script type=\"application\/ld+json\" class=\"yoast-schema-graph\">{\"@context\":\"https:\/\/schema.org\",\"@graph\":[{\"@type\":\"WebPage\",\"@id\":\"https:\/\/blogs.thesocialmedia.com\/leblogmoto\/2007\/09\/21\/scooter-lectriq\/\",\"url\":\"https:\/\/blogs.thesocialmedia.com\/leblogmoto\/2007\/09\/21\/scooter-lectriq\/\",\"name\":\"Scooter \u00e9lectrique : Philippe a saut\u00e9 le pas, et vous? - leblogmoto.com\",\"isPartOf\":{\"@id\":\"https:\/\/blogs.thesocialmedia.com\/leblogmoto\/#website\"},\"primaryImageOfPage\":{\"@id\":\"https:\/\/blogs.thesocialmedia.com\/leblogmoto\/2007\/09\/21\/scooter-lectriq\/#primaryimage\"},\"image\":{\"@id\":\"https:\/\/blogs.thesocialmedia.com\/leblogmoto\/2007\/09\/21\/scooter-lectriq\/#primaryimage\"},\"thumbnailUrl\":\"http:\/\/www.leblogmoto.com\/images\/2007\/09\/21\/rpict0171_2.jpg\",\"datePublished\":\"2007-09-21T14:26:44+00:00\",\"dateModified\":\"2012-07-11T14:44:49+00:00\",\"author\":{\"@id\":\"https:\/\/blogs.thesocialmedia.com\/leblogmoto\/#\/schema\/person\/d20f219f162e8b5de4ea78c909c5be45\"},\"breadcrumb\":{\"@id\":\"https:\/\/blogs.thesocialmedia.com\/leblogmoto\/2007\/09\/21\/scooter-lectriq\/#breadcrumb\"},\"inLanguage\":\"fr-FR\",\"potentialAction\":[{\"@type\":\"ReadAction\",\"target\":[\"https:\/\/blogs.thesocialmedia.com\/leblogmoto\/2007\/09\/21\/scooter-lectriq\/\"]}]},{\"@type\":\"ImageObject\",\"inLanguage\":\"fr-FR\",\"@id\":\"https:\/\/blogs.thesocialmedia.com\/leblogmoto\/2007\/09\/21\/scooter-lectriq\/#primaryimage\",\"url\":\"http:\/\/www.leblogmoto.com\/images\/2007\/09\/21\/rpict0171_2.jpg\",\"contentUrl\":\"http:\/\/www.leblogmoto.com\/images\/2007\/09\/21\/rpict0171_2.jpg\"},{\"@type\":\"BreadcrumbList\",\"@id\":\"https:\/\/blogs.thesocialmedia.com\/leblogmoto\/2007\/09\/21\/scooter-lectriq\/#breadcrumb\",\"itemListElement\":[{\"@type\":\"ListItem\",\"position\":1,\"name\":\"Accueil\",\"item\":\"https:\/\/blogs.thesocialmedia.com\/leblogmoto\/\"},{\"@type\":\"ListItem\",\"position\":2,\"name\":\"Scooter \u00e9lectrique : Philippe a saut\u00e9 le pas, et vous?\"}]},{\"@type\":\"WebSite\",\"@id\":\"https:\/\/blogs.thesocialmedia.com\/leblogmoto\/#website\",\"url\":\"https:\/\/blogs.thesocialmedia.com\/leblogmoto\/\",\"name\":\"leblogmoto\",\"description\":\"Toute l&#039;actualit\u00e9 des 2 roues\",\"potentialAction\":[{\"@type\":\"SearchAction\",\"target\":{\"@type\":\"EntryPoint\",\"urlTemplate\":\"https:\/\/blogs.thesocialmedia.com\/leblogmoto\/?s={search_term_string}\"},\"query-input\":{\"@type\":\"PropertyValueSpecification\",\"valueRequired\":true,\"valueName\":\"search_term_string\"}}],\"inLanguage\":\"fr-FR\"},{\"@type\":\"Person\",\"@id\":\"https:\/\/blogs.thesocialmedia.com\/leblogmoto\/#\/schema\/person\/d20f219f162e8b5de4ea78c909c5be45\",\"name\":\"thierry marsal\",\"image\":{\"@type\":\"ImageObject\",\"inLanguage\":\"fr-FR\",\"@id\":\"https:\/\/blogs.thesocialmedia.com\/leblogmoto\/#\/schema\/person\/image\/\",\"url\":\"https:\/\/secure.gravatar.com\/avatar\/?s=96&d=mm&r=g\",\"contentUrl\":\"https:\/\/secure.gravatar.com\/avatar\/?s=96&d=mm&r=g\",\"caption\":\"thierry marsal\"},\"url\":\"https:\/\/blogs.thesocialmedia.com\/leblogmoto\/author\/thierry-marsal\/\"}]}<\/script>\n<!-- \/ Yoast SEO plugin. -->","yoast_head_json":{"title":"Scooter \u00e9lectrique : Philippe a saut\u00e9 le pas, et vous? - leblogmoto.com","robots":{"index":"index","follow":"follow","max-snippet":"max-snippet:-1","max-image-preview":"max-image-preview:large","max-video-preview":"max-video-preview:-1"},"canonical":"https:\/\/blogs.thesocialmedia.com\/leblogmoto\/2007\/09\/21\/scooter-lectriq\/","twitter_card":"summary_large_image","twitter_title":"Scooter \u00e9lectrique : Philippe a saut\u00e9 le pas, et vous? - leblogmoto.com","twitter_description":"Le Blog Moto a rencontr\u00e9 Philippe, un homme de 44 ans mari\u00e9 et papa de deux gar\u00e7ons qui a d\u00e9cid\u00e9 d&rsquo;acqu\u00e9rir un scooter \u00e9lectrique. Une id\u00e9e qui lui trotte dans la t\u00eate depuis un long moment, mais qu&rsquo;il vient seulement de concr\u00e9tiser. La faute \u00e0 l&rsquo;autonomie des batteries \u00e0 ce qu&rsquo;il nous dit, qui tenaient [&hellip;]","twitter_image":"http:\/\/www.leblogmoto.com\/images\/2007\/09\/21\/rpict0171_2.jpg","twitter_misc":{"\u00c9crit par":"thierry marsal","Dur\u00e9e de lecture estim\u00e9e":"4 minutes"},"schema":{"@context":"https:\/\/schema.org","@graph":[{"@type":"WebPage","@id":"https:\/\/blogs.thesocialmedia.com\/leblogmoto\/2007\/09\/21\/scooter-lectriq\/","url":"https:\/\/blogs.thesocialmedia.com\/leblogmoto\/2007\/09\/21\/scooter-lectriq\/","name":"Scooter \u00e9lectrique : Philippe a saut\u00e9 le pas, et vous? - leblogmoto.com","isPartOf":{"@id":"https:\/\/blogs.thesocialmedia.com\/leblogmoto\/#website"},"primaryImageOfPage":{"@id":"https:\/\/blogs.thesocialmedia.com\/leblogmoto\/2007\/09\/21\/scooter-lectriq\/#primaryimage"},"image":{"@id":"https:\/\/blogs.thesocialmedia.com\/leblogmoto\/2007\/09\/21\/scooter-lectriq\/#primaryimage"},"thumbnailUrl":"http:\/\/www.leblogmoto.com\/images\/2007\/09\/21\/rpict0171_2.jpg","datePublished":"2007-09-21T14:26:44+00:00","dateModified":"2012-07-11T14:44:49+00:00","author":{"@id":"https:\/\/blogs.thesocialmedia.com\/leblogmoto\/#\/schema\/person\/d20f219f162e8b5de4ea78c909c5be45"},"breadcrumb":{"@id":"https:\/\/blogs.thesocialmedia.com\/leblogmoto\/2007\/09\/21\/scooter-lectriq\/#breadcrumb"},"inLanguage":"fr-FR","potentialAction":[{"@type":"ReadAction","target":["https:\/\/blogs.thesocialmedia.com\/leblogmoto\/2007\/09\/21\/scooter-lectriq\/"]}]},{"@type":"ImageObject","inLanguage":"fr-FR","@id":"https:\/\/blogs.thesocialmedia.com\/leblogmoto\/2007\/09\/21\/scooter-lectriq\/#primaryimage","url":"http:\/\/www.leblogmoto.com\/images\/2007\/09\/21\/rpict0171_2.jpg","contentUrl":"http:\/\/www.leblogmoto.com\/images\/2007\/09\/21\/rpict0171_2.jpg"},{"@type":"BreadcrumbList","@id":"https:\/\/blogs.thesocialmedia.com\/leblogmoto\/2007\/09\/21\/scooter-lectriq\/#breadcrumb","itemListElement":[{"@type":"ListItem","position":1,"name":"Accueil","item":"https:\/\/blogs.thesocialmedia.com\/leblogmoto\/"},{"@type":"ListItem","position":2,"name":"Scooter \u00e9lectrique : Philippe a saut\u00e9 le pas, et vous?"}]},{"@type":"WebSite","@id":"https:\/\/blogs.thesocialmedia.com\/leblogmoto\/#website","url":"https:\/\/blogs.thesocialmedia.com\/leblogmoto\/","name":"leblogmoto","description":"Toute l&#039;actualit\u00e9 des 2 roues","potentialAction":[{"@type":"SearchAction","target":{"@type":"EntryPoint","urlTemplate":"https:\/\/blogs.thesocialmedia.com\/leblogmoto\/?s={search_term_string}"},"query-input":{"@type":"PropertyValueSpecification","valueRequired":true,"valueName":"search_term_string"}}],"inLanguage":"fr-FR"},{"@type":"Person","@id":"https:\/\/blogs.thesocialmedia.com\/leblogmoto\/#\/schema\/person\/d20f219f162e8b5de4ea78c909c5be45","name":"thierry marsal","image":{"@type":"ImageObject","inLanguage":"fr-FR","@id":"https:\/\/blogs.thesocialmedia.com\/leblogmoto\/#\/schema\/person\/image\/","url":"https:\/\/secure.gravatar.com\/avatar\/?s=96&d=mm&r=g","contentUrl":"https:\/\/secure.gravatar.com\/avatar\/?s=96&d=mm&r=g","caption":"thierry marsal"},"url":"https:\/\/blogs.thesocialmedia.com\/leblogmoto\/author\/thierry-marsal\/"}]}},"_links":{"self":[{"href":"https:\/\/blogs.thesocialmedia.com\/leblogmoto\/wp-json\/wp\/v2\/posts\/1252","targetHints":{"allow":["GET"]}}],"collection":[{"href":"https:\/\/blogs.thesocialmedia.com\/leblogmoto\/wp-json\/wp\/v2\/posts"}],"about":[{"href":"https:\/\/blogs.thesocialmedia.com\/leblogmoto\/wp-json\/wp\/v2\/types\/post"}],"author":[{"embeddable":true,"href":"https:\/\/blogs.thesocialmedia.com\/leblogmoto\/wp-json\/wp\/v2\/users\/330"}],"replies":[{"embeddable":true,"href":"https:\/\/blogs.thesocialmedia.com\/leblogmoto\/wp-json\/wp\/v2\/comments?post=1252"}],"version-history":[{"count":2,"href":"https:\/\/blogs.thesocialmedia.com\/leblogmoto\/wp-json\/wp\/v2\/posts\/1252\/revisions"}],"predecessor-version":[{"id":8702,"href":"https:\/\/blogs.thesocialmedia.com\/leblogmoto\/wp-json\/wp\/v2\/posts\/1252\/revisions\/8702"}],"wp:attachment":[{"href":"https:\/\/blogs.thesocialmedia.com\/leblogmoto\/wp-json\/wp\/v2\/media?parent=1252"}],"wp:term":[{"taxonomy":"category","embeddable":true,"href":"https:\/\/blogs.thesocialmedia.com\/leblogmoto\/wp-json\/wp\/v2\/categories?post=1252"},{"taxonomy":"post_tag","embeddable":true,"href":"https:\/\/blogs.thesocialmedia.com\/leblogmoto\/wp-json\/wp\/v2\/tags?post=1252"}],"curies":[{"name":"wp","href":"https:\/\/api.w.org\/{rel}","templated":true}]}}