{"id":1253,"date":"2007-09-21T13:19:22","date_gmt":"2007-09-21T13:19:22","guid":{"rendered":"http:\/\/blogs.thesocialmedia.com\/leblogmoto\/2007\/09\/21\/moto-gp-japon-e\/"},"modified":"2012-07-11T14:44:44","modified_gmt":"2012-07-11T14:44:44","slug":"moto-gp-japon-e","status":"publish","type":"post","link":"https:\/\/blogs.thesocialmedia.com\/leblogmoto\/2007\/09\/21\/moto-gp-japon-e\/","title":{"rendered":"Moto GP Japon : L&rsquo;affaire est mal engag\u00e9e pour Rossi"},"content":{"rendered":"<p><a href=\"http:\/\/blogs.thesocialmedia.com\/leblogmoto\/files\/2012\/07\/rossi4.jpg\"><img loading=\"lazy\" decoding=\"async\" width=\"470\" height=\"307\"  alt=\"Rossi\" src=\"http:\/\/www.leblogmoto.com\/images\/2007\/09\/21\/rossi.jpg\" style=\"margin: 0px 5px 5px 0px;float: left\" \/><\/a> <a href=\"http:\/\/www.leblogmoto.com\/2007\/09\/moto-gp-japones.html#more\">Apr\u00e8s cette journ\u00e9e<\/a> d&rsquo;essais libres destin\u00e9es a trouver les bons r\u00e9glages moteur et pneumatiques, les r\u00e9actions \u00e0 chaud des diff\u00e9rents pilotes n&rsquo;ont pas train\u00e9. Et pour <strong>Rossi<\/strong> comme pour son co\u00e9quipier <strong>Edwards<\/strong>, l&rsquo;affaire est plut\u00f4t mal engag\u00e9e. <\/p>\n<p>La faute \u00e0 des probl\u00e8mes sur son moteur sans doute, mais il n&rsquo;y a pas que \u00e7a. D&rsquo;apr\u00e8s le Doctor, les pneumatiques <strong>Michelin<\/strong> seraient une nouvelle fois en cause. En milieu d&rsquo;essais, les pilotes <a href=\"http:\/\/www.leblogmoto.com\/yamaha\/index.html\">Yamaha<\/a> ont essay\u00e9 un train de pneus diff\u00e9rents et ont ainsi pu gagner plus d&rsquo;une seconde au tour. C&rsquo;est \u00e9norme! <\/p>\n<p> Toujours est il qu&rsquo;avec un <strong>Stoner<\/strong> qui r\u00e9alise le 5e meilleur temps aujourd&rsquo;hui et qu&rsquo;il faudra battre absolument <a href=\"http:\/\/www.leblogmoto.com\/2007\/09\/moto-gp-japon-r.html\">pour faire durer un suspense<\/a> qui pourrait bien prendre fin d\u00e8s dimanche, le n\u00b046 le plus populaire du monde devra faire parler la poudre lors des s\u00e9ances de qualifications qui auront lieu demain. Et ce n&rsquo;est pas avec son 14e chrono des essais libres qu&rsquo;il pourra inqui\u00e9ter l&rsquo;australien!<br \/><strong><em><br \/>&quot;Il a fait tr\u00e8s chaud, bien plus que pr\u00e9vu. Nous sommes un peu loin derri\u00e8re car nous avons test\u00e9 diff\u00e9rents set-up avec mes deux motos car ma premi\u00e8re a souffert d&rsquo;un probl\u00e8me m\u00e9canique (moteur). La situation avec les pneus n&rsquo;est pas id\u00e9ale et il nous reste beaucoup de travail \u00e0 effectuer. Pour nous la situation n&rsquo;est pas id\u00e9ale et nous devons trouver des solutions. Je pense tout de m\u00eame que nous pouvons nous am\u00e9liorer demain&quot;.<\/em><\/strong> <em>(V. Rossi)<\/em><\/p>\n","protected":false},"excerpt":{"rendered":"<p>Apr\u00e8s cette journ\u00e9e d&rsquo;essais libres destin\u00e9es a trouver les bons r\u00e9glages moteur et pneumatiques, les r\u00e9actions \u00e0 chaud des diff\u00e9rents pilotes n&rsquo;ont pas train\u00e9. Et pour Rossi comme pour son co\u00e9quipier Edwards, l&rsquo;affaire est plut\u00f4t mal engag\u00e9e. La faute \u00e0 des probl\u00e8mes sur son moteur sans doute, mais il n&rsquo;y a pas que \u00e7a. D&rsquo;apr\u00e8s [&hellip;]<\/p>\n","protected":false},"author":330,"featured_media":0,"comment_status":"open","ping_status":"open","sticky":false,"template":"","format":"standard","meta":{"footnotes":""},"categories":[3,22,44],"tags":[],"class_list":["post-1253","post","type-post","status-publish","format-standard","hentry","category-actualite","category-motogp","category-yamaha"],"yoast_head":"<!-- This site is optimized with the Yoast SEO plugin v26.0 - https:\/\/yoast.com\/wordpress\/plugins\/seo\/ -->\n<title>Moto GP Japon : L&#039;affaire est mal engag\u00e9e pour Rossi - leblogmoto.com<\/title>\n<meta name=\"robots\" content=\"index, follow, max-snippet:-1, max-image-preview:large, max-video-preview:-1\" \/>\n<link rel=\"canonical\" href=\"https:\/\/blogs.thesocialmedia.com\/leblogmoto\/2007\/09\/21\/moto-gp-japon-e\/\" \/>\n<meta name=\"twitter:card\" content=\"summary_large_image\" \/>\n<meta name=\"twitter:title\" content=\"Moto GP Japon : L&#039;affaire est mal engag\u00e9e pour Rossi - leblogmoto.com\" \/>\n<meta name=\"twitter:description\" content=\"Apr\u00e8s cette journ\u00e9e d&rsquo;essais libres destin\u00e9es a trouver les bons r\u00e9glages moteur et pneumatiques, les r\u00e9actions \u00e0 chaud des diff\u00e9rents pilotes n&rsquo;ont pas train\u00e9. Et pour Rossi comme pour son co\u00e9quipier Edwards, l&rsquo;affaire est plut\u00f4t mal engag\u00e9e. La faute \u00e0 des probl\u00e8mes sur son moteur sans doute, mais il n&rsquo;y a pas que \u00e7a. D&rsquo;apr\u00e8s [&hellip;]\" \/>\n<meta name=\"twitter:image\" content=\"http:\/\/www.leblogmoto.com\/images\/2007\/09\/21\/rossi.jpg\" \/>\n<meta name=\"twitter:label1\" content=\"\u00c9crit par\" \/>\n\t<meta name=\"twitter:data1\" content=\"thierry marsal\" \/>\n\t<meta name=\"twitter:label2\" content=\"Dur\u00e9e de lecture estim\u00e9e\" \/>\n\t<meta name=\"twitter:data2\" content=\"1 minute\" \/>\n<script type=\"application\/ld+json\" class=\"yoast-schema-graph\">{\"@context\":\"https:\/\/schema.org\",\"@graph\":[{\"@type\":\"WebPage\",\"@id\":\"https:\/\/blogs.thesocialmedia.com\/leblogmoto\/2007\/09\/21\/moto-gp-japon-e\/\",\"url\":\"https:\/\/blogs.thesocialmedia.com\/leblogmoto\/2007\/09\/21\/moto-gp-japon-e\/\",\"name\":\"Moto GP Japon : L'affaire est mal engag\u00e9e pour Rossi - leblogmoto.com\",\"isPartOf\":{\"@id\":\"https:\/\/blogs.thesocialmedia.com\/leblogmoto\/#website\"},\"primaryImageOfPage\":{\"@id\":\"https:\/\/blogs.thesocialmedia.com\/leblogmoto\/2007\/09\/21\/moto-gp-japon-e\/#primaryimage\"},\"image\":{\"@id\":\"https:\/\/blogs.thesocialmedia.com\/leblogmoto\/2007\/09\/21\/moto-gp-japon-e\/#primaryimage\"},\"thumbnailUrl\":\"http:\/\/www.leblogmoto.com\/images\/2007\/09\/21\/rossi.jpg\",\"datePublished\":\"2007-09-21T13:19:22+00:00\",\"dateModified\":\"2012-07-11T14:44:44+00:00\",\"author\":{\"@id\":\"https:\/\/blogs.thesocialmedia.com\/leblogmoto\/#\/schema\/person\/d20f219f162e8b5de4ea78c909c5be45\"},\"breadcrumb\":{\"@id\":\"https:\/\/blogs.thesocialmedia.com\/leblogmoto\/2007\/09\/21\/moto-gp-japon-e\/#breadcrumb\"},\"inLanguage\":\"fr-FR\",\"potentialAction\":[{\"@type\":\"ReadAction\",\"target\":[\"https:\/\/blogs.thesocialmedia.com\/leblogmoto\/2007\/09\/21\/moto-gp-japon-e\/\"]}]},{\"@type\":\"ImageObject\",\"inLanguage\":\"fr-FR\",\"@id\":\"https:\/\/blogs.thesocialmedia.com\/leblogmoto\/2007\/09\/21\/moto-gp-japon-e\/#primaryimage\",\"url\":\"http:\/\/www.leblogmoto.com\/images\/2007\/09\/21\/rossi.jpg\",\"contentUrl\":\"http:\/\/www.leblogmoto.com\/images\/2007\/09\/21\/rossi.jpg\"},{\"@type\":\"BreadcrumbList\",\"@id\":\"https:\/\/blogs.thesocialmedia.com\/leblogmoto\/2007\/09\/21\/moto-gp-japon-e\/#breadcrumb\",\"itemListElement\":[{\"@type\":\"ListItem\",\"position\":1,\"name\":\"Accueil\",\"item\":\"https:\/\/blogs.thesocialmedia.com\/leblogmoto\/\"},{\"@type\":\"ListItem\",\"position\":2,\"name\":\"Moto GP Japon : L&rsquo;affaire est mal engag\u00e9e pour Rossi\"}]},{\"@type\":\"WebSite\",\"@id\":\"https:\/\/blogs.thesocialmedia.com\/leblogmoto\/#website\",\"url\":\"https:\/\/blogs.thesocialmedia.com\/leblogmoto\/\",\"name\":\"leblogmoto\",\"description\":\"Toute l&#039;actualit\u00e9 des 2 roues\",\"potentialAction\":[{\"@type\":\"SearchAction\",\"target\":{\"@type\":\"EntryPoint\",\"urlTemplate\":\"https:\/\/blogs.thesocialmedia.com\/leblogmoto\/?s={search_term_string}\"},\"query-input\":{\"@type\":\"PropertyValueSpecification\",\"valueRequired\":true,\"valueName\":\"search_term_string\"}}],\"inLanguage\":\"fr-FR\"},{\"@type\":\"Person\",\"@id\":\"https:\/\/blogs.thesocialmedia.com\/leblogmoto\/#\/schema\/person\/d20f219f162e8b5de4ea78c909c5be45\",\"name\":\"thierry marsal\",\"image\":{\"@type\":\"ImageObject\",\"inLanguage\":\"fr-FR\",\"@id\":\"https:\/\/blogs.thesocialmedia.com\/leblogmoto\/#\/schema\/person\/image\/\",\"url\":\"https:\/\/secure.gravatar.com\/avatar\/?s=96&d=mm&r=g\",\"contentUrl\":\"https:\/\/secure.gravatar.com\/avatar\/?s=96&d=mm&r=g\",\"caption\":\"thierry marsal\"},\"url\":\"https:\/\/blogs.thesocialmedia.com\/leblogmoto\/author\/thierry-marsal\/\"}]}<\/script>\n<!-- \/ Yoast SEO plugin. -->","yoast_head_json":{"title":"Moto GP Japon : L'affaire est mal engag\u00e9e pour Rossi - leblogmoto.com","robots":{"index":"index","follow":"follow","max-snippet":"max-snippet:-1","max-image-preview":"max-image-preview:large","max-video-preview":"max-video-preview:-1"},"canonical":"https:\/\/blogs.thesocialmedia.com\/leblogmoto\/2007\/09\/21\/moto-gp-japon-e\/","twitter_card":"summary_large_image","twitter_title":"Moto GP Japon : L'affaire est mal engag\u00e9e pour Rossi - leblogmoto.com","twitter_description":"Apr\u00e8s cette journ\u00e9e d&rsquo;essais libres destin\u00e9es a trouver les bons r\u00e9glages moteur et pneumatiques, les r\u00e9actions \u00e0 chaud des diff\u00e9rents pilotes n&rsquo;ont pas train\u00e9. Et pour Rossi comme pour son co\u00e9quipier Edwards, l&rsquo;affaire est plut\u00f4t mal engag\u00e9e. La faute \u00e0 des probl\u00e8mes sur son moteur sans doute, mais il n&rsquo;y a pas que \u00e7a. D&rsquo;apr\u00e8s [&hellip;]","twitter_image":"http:\/\/www.leblogmoto.com\/images\/2007\/09\/21\/rossi.jpg","twitter_misc":{"\u00c9crit par":"thierry marsal","Dur\u00e9e de lecture estim\u00e9e":"1 minute"},"schema":{"@context":"https:\/\/schema.org","@graph":[{"@type":"WebPage","@id":"https:\/\/blogs.thesocialmedia.com\/leblogmoto\/2007\/09\/21\/moto-gp-japon-e\/","url":"https:\/\/blogs.thesocialmedia.com\/leblogmoto\/2007\/09\/21\/moto-gp-japon-e\/","name":"Moto GP Japon : L'affaire est mal engag\u00e9e pour Rossi - leblogmoto.com","isPartOf":{"@id":"https:\/\/blogs.thesocialmedia.com\/leblogmoto\/#website"},"primaryImageOfPage":{"@id":"https:\/\/blogs.thesocialmedia.com\/leblogmoto\/2007\/09\/21\/moto-gp-japon-e\/#primaryimage"},"image":{"@id":"https:\/\/blogs.thesocialmedia.com\/leblogmoto\/2007\/09\/21\/moto-gp-japon-e\/#primaryimage"},"thumbnailUrl":"http:\/\/www.leblogmoto.com\/images\/2007\/09\/21\/rossi.jpg","datePublished":"2007-09-21T13:19:22+00:00","dateModified":"2012-07-11T14:44:44+00:00","author":{"@id":"https:\/\/blogs.thesocialmedia.com\/leblogmoto\/#\/schema\/person\/d20f219f162e8b5de4ea78c909c5be45"},"breadcrumb":{"@id":"https:\/\/blogs.thesocialmedia.com\/leblogmoto\/2007\/09\/21\/moto-gp-japon-e\/#breadcrumb"},"inLanguage":"fr-FR","potentialAction":[{"@type":"ReadAction","target":["https:\/\/blogs.thesocialmedia.com\/leblogmoto\/2007\/09\/21\/moto-gp-japon-e\/"]}]},{"@type":"ImageObject","inLanguage":"fr-FR","@id":"https:\/\/blogs.thesocialmedia.com\/leblogmoto\/2007\/09\/21\/moto-gp-japon-e\/#primaryimage","url":"http:\/\/www.leblogmoto.com\/images\/2007\/09\/21\/rossi.jpg","contentUrl":"http:\/\/www.leblogmoto.com\/images\/2007\/09\/21\/rossi.jpg"},{"@type":"BreadcrumbList","@id":"https:\/\/blogs.thesocialmedia.com\/leblogmoto\/2007\/09\/21\/moto-gp-japon-e\/#breadcrumb","itemListElement":[{"@type":"ListItem","position":1,"name":"Accueil","item":"https:\/\/blogs.thesocialmedia.com\/leblogmoto\/"},{"@type":"ListItem","position":2,"name":"Moto GP Japon : L&rsquo;affaire est mal engag\u00e9e pour Rossi"}]},{"@type":"WebSite","@id":"https:\/\/blogs.thesocialmedia.com\/leblogmoto\/#website","url":"https:\/\/blogs.thesocialmedia.com\/leblogmoto\/","name":"leblogmoto","description":"Toute l&#039;actualit\u00e9 des 2 roues","potentialAction":[{"@type":"SearchAction","target":{"@type":"EntryPoint","urlTemplate":"https:\/\/blogs.thesocialmedia.com\/leblogmoto\/?s={search_term_string}"},"query-input":{"@type":"PropertyValueSpecification","valueRequired":true,"valueName":"search_term_string"}}],"inLanguage":"fr-FR"},{"@type":"Person","@id":"https:\/\/blogs.thesocialmedia.com\/leblogmoto\/#\/schema\/person\/d20f219f162e8b5de4ea78c909c5be45","name":"thierry marsal","image":{"@type":"ImageObject","inLanguage":"fr-FR","@id":"https:\/\/blogs.thesocialmedia.com\/leblogmoto\/#\/schema\/person\/image\/","url":"https:\/\/secure.gravatar.com\/avatar\/?s=96&d=mm&r=g","contentUrl":"https:\/\/secure.gravatar.com\/avatar\/?s=96&d=mm&r=g","caption":"thierry marsal"},"url":"https:\/\/blogs.thesocialmedia.com\/leblogmoto\/author\/thierry-marsal\/"}]}},"_links":{"self":[{"href":"https:\/\/blogs.thesocialmedia.com\/leblogmoto\/wp-json\/wp\/v2\/posts\/1253","targetHints":{"allow":["GET"]}}],"collection":[{"href":"https:\/\/blogs.thesocialmedia.com\/leblogmoto\/wp-json\/wp\/v2\/posts"}],"about":[{"href":"https:\/\/blogs.thesocialmedia.com\/leblogmoto\/wp-json\/wp\/v2\/types\/post"}],"author":[{"embeddable":true,"href":"https:\/\/blogs.thesocialmedia.com\/leblogmoto\/wp-json\/wp\/v2\/users\/330"}],"replies":[{"embeddable":true,"href":"https:\/\/blogs.thesocialmedia.com\/leblogmoto\/wp-json\/wp\/v2\/comments?post=1253"}],"version-history":[{"count":2,"href":"https:\/\/blogs.thesocialmedia.com\/leblogmoto\/wp-json\/wp\/v2\/posts\/1253\/revisions"}],"predecessor-version":[{"id":8700,"href":"https:\/\/blogs.thesocialmedia.com\/leblogmoto\/wp-json\/wp\/v2\/posts\/1253\/revisions\/8700"}],"wp:attachment":[{"href":"https:\/\/blogs.thesocialmedia.com\/leblogmoto\/wp-json\/wp\/v2\/media?parent=1253"}],"wp:term":[{"taxonomy":"category","embeddable":true,"href":"https:\/\/blogs.thesocialmedia.com\/leblogmoto\/wp-json\/wp\/v2\/categories?post=1253"},{"taxonomy":"post_tag","embeddable":true,"href":"https:\/\/blogs.thesocialmedia.com\/leblogmoto\/wp-json\/wp\/v2\/tags?post=1253"}],"curies":[{"name":"wp","href":"https:\/\/api.w.org\/{rel}","templated":true}]}}