{"id":1255,"date":"2007-09-21T11:15:07","date_gmt":"2007-09-21T11:15:07","guid":{"rendered":"http:\/\/blogs.thesocialmedia.com\/leblogmoto\/2007\/09\/21\/moto-gp-japones\/"},"modified":"2012-07-11T14:44:38","modified_gmt":"2012-07-11T14:44:38","slug":"moto-gp-japones","status":"publish","type":"post","link":"https:\/\/blogs.thesocialmedia.com\/leblogmoto\/2007\/09\/21\/moto-gp-japones\/","title":{"rendered":"Moto GP Japon essais libres : Pedrosa devant De Puniet"},"content":{"rendered":"<p><a href=\"http:\/\/blogs.thesocialmedia.com\/leblogmoto\/files\/2012\/07\/281408386_786adbd894.jpg\"><img loading=\"lazy\" decoding=\"async\" width=\"470\" height=\"352\"  alt=\"281408386_786adbd894\" src=\"http:\/\/www.leblogmoto.com\/images\/2007\/09\/21\/281408386_786adbd894.jpg\" style=\"margin: 0px 5px 5px 0px;float: left\" \/><\/a> Les deux premi\u00e8res s\u00e9ances d&rsquo;essais libres sur le circuit de <strong>Motegi<\/strong> sont termin\u00e9es, et c&rsquo;est l&rsquo;espagnol <strong>Dani Pedrosa<\/strong> (<a href=\"http:\/\/blogs.thesocialmedia.com\/leblogmoto\/files\/2012\/07\/index.html_51.png\">Honda<\/a> Repsol #26) qui annonce la couleur en passant sous la barre des <strong>1&rsquo;48\u00a0\u00bb<\/strong>. Il devance le fran\u00e7ais <strong>Randy De Puniet<\/strong> (<a href=\"http:\/\/www.leblogmoto.com\/kawasaki\/index.html\">Kawasaki<\/a> #14), <strong>Marco Melandri<\/strong> s&#8217;emparant de la troisi\u00e8me place. <\/p>\n<p>Il faut remonter jusqu&rsquo;au cinqui\u00e8me temps pour trouver le leader du championnat <strong>Casey Stoner<\/strong> (<a href=\"http:\/\/www.leblogmoto.com\/ducati\/index.html\">Ducati<\/a>). L&rsquo;italien <strong>Valentino Rossi<\/strong> (<a href=\"http:\/\/www.leblogmoto.com\/yamaha\/index.html\">Yamaha<\/a>), qui <a href=\"http:\/\/www.leblogmoto.com\/2007\/09\/moto-gp-japon-r.html\">capte tous les regards<\/a> ce week end, a quant \u00e0 lui rencontr\u00e9 des probl\u00e8mes m\u00e9caniques et n&rsquo;a pas pu mieux faire que le 14e chrono.<br \/> <strong>Loris Capirossi<\/strong> (Ducati), vainqueur des deux derniers grand prix du Japon, r\u00e9alise le 7e temps. A noter que l&rsquo;italien a fait une petite excursion dans les graviers lors de cette s\u00e9ance, tout comme le champion du monde en titre <strong>Nicky Hayden<\/strong> (Honda) class\u00e9 9e derri\u00e8re <strong>Anthony West<\/strong> (Kawasaki)<\/p>\n<p><a href=\"http:\/\/clabedan.typepad.com\/.shared\/image.html?\/photos\/uncategorized\/2007\/09\/21\/puniet.jpg\"><img loading=\"lazy\" decoding=\"async\" width=\"470\" height=\"313\"  alt=\"Puniet\" src=\"http:\/\/www.leblogmoto.com\/images\/2007\/09\/21\/puniet.jpg\" style=\"margin: 0px 5px 5px 0px;float: left\" \/><\/a> <\/p>\n","protected":false},"excerpt":{"rendered":"<p>Les deux premi\u00e8res s\u00e9ances d&rsquo;essais libres sur le circuit de Motegi sont termin\u00e9es, et c&rsquo;est l&rsquo;espagnol Dani Pedrosa (Honda Repsol #26) qui annonce la couleur en passant sous la barre des 1&rsquo;48\u00a0\u00bb. Il devance le fran\u00e7ais Randy De Puniet (Kawasaki #14), Marco Melandri s&#8217;emparant de la troisi\u00e8me place. Il faut remonter jusqu&rsquo;au cinqui\u00e8me temps pour [&hellip;]<\/p>\n","protected":false},"author":330,"featured_media":0,"comment_status":"open","ping_status":"open","sticky":false,"template":"","format":"standard","meta":{"footnotes":""},"categories":[3,14,45,22],"tags":[],"class_list":["post-1255","post","type-post","status-publish","format-standard","hentry","category-actualite","category-honda","category-kawasaki","category-motogp"],"yoast_head":"<!-- This site is optimized with the Yoast SEO plugin v26.0 - https:\/\/yoast.com\/wordpress\/plugins\/seo\/ -->\n<title>Moto GP Japon essais libres : Pedrosa devant De Puniet - leblogmoto.com<\/title>\n<meta name=\"robots\" content=\"index, follow, max-snippet:-1, max-image-preview:large, max-video-preview:-1\" \/>\n<link rel=\"canonical\" href=\"https:\/\/blogs.thesocialmedia.com\/leblogmoto\/2007\/09\/21\/moto-gp-japones\/\" \/>\n<meta name=\"twitter:card\" content=\"summary_large_image\" \/>\n<meta name=\"twitter:title\" content=\"Moto GP Japon essais libres : Pedrosa devant De Puniet - leblogmoto.com\" \/>\n<meta name=\"twitter:description\" content=\"Les deux premi\u00e8res s\u00e9ances d&rsquo;essais libres sur le circuit de Motegi sont termin\u00e9es, et c&rsquo;est l&rsquo;espagnol Dani Pedrosa (Honda Repsol #26) qui annonce la couleur en passant sous la barre des 1&rsquo;48\u00a0\u00bb. Il devance le fran\u00e7ais Randy De Puniet (Kawasaki #14), Marco Melandri s&#8217;emparant de la troisi\u00e8me place. Il faut remonter jusqu&rsquo;au cinqui\u00e8me temps pour [&hellip;]\" \/>\n<meta name=\"twitter:image\" content=\"http:\/\/www.leblogmoto.com\/images\/2007\/09\/21\/281408386_786adbd894.jpg\" \/>\n<meta name=\"twitter:label1\" content=\"\u00c9crit par\" \/>\n\t<meta name=\"twitter:data1\" content=\"thierry marsal\" \/>\n\t<meta name=\"twitter:label2\" content=\"Dur\u00e9e de lecture estim\u00e9e\" \/>\n\t<meta name=\"twitter:data2\" content=\"1 minute\" \/>\n<script type=\"application\/ld+json\" class=\"yoast-schema-graph\">{\"@context\":\"https:\/\/schema.org\",\"@graph\":[{\"@type\":\"WebPage\",\"@id\":\"https:\/\/blogs.thesocialmedia.com\/leblogmoto\/2007\/09\/21\/moto-gp-japones\/\",\"url\":\"https:\/\/blogs.thesocialmedia.com\/leblogmoto\/2007\/09\/21\/moto-gp-japones\/\",\"name\":\"Moto GP Japon essais libres : Pedrosa devant De Puniet - leblogmoto.com\",\"isPartOf\":{\"@id\":\"https:\/\/blogs.thesocialmedia.com\/leblogmoto\/#website\"},\"primaryImageOfPage\":{\"@id\":\"https:\/\/blogs.thesocialmedia.com\/leblogmoto\/2007\/09\/21\/moto-gp-japones\/#primaryimage\"},\"image\":{\"@id\":\"https:\/\/blogs.thesocialmedia.com\/leblogmoto\/2007\/09\/21\/moto-gp-japones\/#primaryimage\"},\"thumbnailUrl\":\"http:\/\/www.leblogmoto.com\/images\/2007\/09\/21\/281408386_786adbd894.jpg\",\"datePublished\":\"2007-09-21T11:15:07+00:00\",\"dateModified\":\"2012-07-11T14:44:38+00:00\",\"author\":{\"@id\":\"https:\/\/blogs.thesocialmedia.com\/leblogmoto\/#\/schema\/person\/d20f219f162e8b5de4ea78c909c5be45\"},\"breadcrumb\":{\"@id\":\"https:\/\/blogs.thesocialmedia.com\/leblogmoto\/2007\/09\/21\/moto-gp-japones\/#breadcrumb\"},\"inLanguage\":\"fr-FR\",\"potentialAction\":[{\"@type\":\"ReadAction\",\"target\":[\"https:\/\/blogs.thesocialmedia.com\/leblogmoto\/2007\/09\/21\/moto-gp-japones\/\"]}]},{\"@type\":\"ImageObject\",\"inLanguage\":\"fr-FR\",\"@id\":\"https:\/\/blogs.thesocialmedia.com\/leblogmoto\/2007\/09\/21\/moto-gp-japones\/#primaryimage\",\"url\":\"http:\/\/www.leblogmoto.com\/images\/2007\/09\/21\/281408386_786adbd894.jpg\",\"contentUrl\":\"http:\/\/www.leblogmoto.com\/images\/2007\/09\/21\/281408386_786adbd894.jpg\"},{\"@type\":\"BreadcrumbList\",\"@id\":\"https:\/\/blogs.thesocialmedia.com\/leblogmoto\/2007\/09\/21\/moto-gp-japones\/#breadcrumb\",\"itemListElement\":[{\"@type\":\"ListItem\",\"position\":1,\"name\":\"Accueil\",\"item\":\"https:\/\/blogs.thesocialmedia.com\/leblogmoto\/\"},{\"@type\":\"ListItem\",\"position\":2,\"name\":\"Moto GP Japon essais libres : Pedrosa devant De Puniet\"}]},{\"@type\":\"WebSite\",\"@id\":\"https:\/\/blogs.thesocialmedia.com\/leblogmoto\/#website\",\"url\":\"https:\/\/blogs.thesocialmedia.com\/leblogmoto\/\",\"name\":\"leblogmoto\",\"description\":\"Toute l&#039;actualit\u00e9 des 2 roues\",\"potentialAction\":[{\"@type\":\"SearchAction\",\"target\":{\"@type\":\"EntryPoint\",\"urlTemplate\":\"https:\/\/blogs.thesocialmedia.com\/leblogmoto\/?s={search_term_string}\"},\"query-input\":{\"@type\":\"PropertyValueSpecification\",\"valueRequired\":true,\"valueName\":\"search_term_string\"}}],\"inLanguage\":\"fr-FR\"},{\"@type\":\"Person\",\"@id\":\"https:\/\/blogs.thesocialmedia.com\/leblogmoto\/#\/schema\/person\/d20f219f162e8b5de4ea78c909c5be45\",\"name\":\"thierry marsal\",\"image\":{\"@type\":\"ImageObject\",\"inLanguage\":\"fr-FR\",\"@id\":\"https:\/\/blogs.thesocialmedia.com\/leblogmoto\/#\/schema\/person\/image\/\",\"url\":\"https:\/\/secure.gravatar.com\/avatar\/?s=96&d=mm&r=g\",\"contentUrl\":\"https:\/\/secure.gravatar.com\/avatar\/?s=96&d=mm&r=g\",\"caption\":\"thierry marsal\"},\"url\":\"https:\/\/blogs.thesocialmedia.com\/leblogmoto\/author\/thierry-marsal\/\"}]}<\/script>\n<!-- \/ Yoast SEO plugin. -->","yoast_head_json":{"title":"Moto GP Japon essais libres : Pedrosa devant De Puniet - leblogmoto.com","robots":{"index":"index","follow":"follow","max-snippet":"max-snippet:-1","max-image-preview":"max-image-preview:large","max-video-preview":"max-video-preview:-1"},"canonical":"https:\/\/blogs.thesocialmedia.com\/leblogmoto\/2007\/09\/21\/moto-gp-japones\/","twitter_card":"summary_large_image","twitter_title":"Moto GP Japon essais libres : Pedrosa devant De Puniet - leblogmoto.com","twitter_description":"Les deux premi\u00e8res s\u00e9ances d&rsquo;essais libres sur le circuit de Motegi sont termin\u00e9es, et c&rsquo;est l&rsquo;espagnol Dani Pedrosa (Honda Repsol #26) qui annonce la couleur en passant sous la barre des 1&rsquo;48\u00a0\u00bb. Il devance le fran\u00e7ais Randy De Puniet (Kawasaki #14), Marco Melandri s&#8217;emparant de la troisi\u00e8me place. Il faut remonter jusqu&rsquo;au cinqui\u00e8me temps pour [&hellip;]","twitter_image":"http:\/\/www.leblogmoto.com\/images\/2007\/09\/21\/281408386_786adbd894.jpg","twitter_misc":{"\u00c9crit par":"thierry marsal","Dur\u00e9e de lecture estim\u00e9e":"1 minute"},"schema":{"@context":"https:\/\/schema.org","@graph":[{"@type":"WebPage","@id":"https:\/\/blogs.thesocialmedia.com\/leblogmoto\/2007\/09\/21\/moto-gp-japones\/","url":"https:\/\/blogs.thesocialmedia.com\/leblogmoto\/2007\/09\/21\/moto-gp-japones\/","name":"Moto GP Japon essais libres : Pedrosa devant De Puniet - leblogmoto.com","isPartOf":{"@id":"https:\/\/blogs.thesocialmedia.com\/leblogmoto\/#website"},"primaryImageOfPage":{"@id":"https:\/\/blogs.thesocialmedia.com\/leblogmoto\/2007\/09\/21\/moto-gp-japones\/#primaryimage"},"image":{"@id":"https:\/\/blogs.thesocialmedia.com\/leblogmoto\/2007\/09\/21\/moto-gp-japones\/#primaryimage"},"thumbnailUrl":"http:\/\/www.leblogmoto.com\/images\/2007\/09\/21\/281408386_786adbd894.jpg","datePublished":"2007-09-21T11:15:07+00:00","dateModified":"2012-07-11T14:44:38+00:00","author":{"@id":"https:\/\/blogs.thesocialmedia.com\/leblogmoto\/#\/schema\/person\/d20f219f162e8b5de4ea78c909c5be45"},"breadcrumb":{"@id":"https:\/\/blogs.thesocialmedia.com\/leblogmoto\/2007\/09\/21\/moto-gp-japones\/#breadcrumb"},"inLanguage":"fr-FR","potentialAction":[{"@type":"ReadAction","target":["https:\/\/blogs.thesocialmedia.com\/leblogmoto\/2007\/09\/21\/moto-gp-japones\/"]}]},{"@type":"ImageObject","inLanguage":"fr-FR","@id":"https:\/\/blogs.thesocialmedia.com\/leblogmoto\/2007\/09\/21\/moto-gp-japones\/#primaryimage","url":"http:\/\/www.leblogmoto.com\/images\/2007\/09\/21\/281408386_786adbd894.jpg","contentUrl":"http:\/\/www.leblogmoto.com\/images\/2007\/09\/21\/281408386_786adbd894.jpg"},{"@type":"BreadcrumbList","@id":"https:\/\/blogs.thesocialmedia.com\/leblogmoto\/2007\/09\/21\/moto-gp-japones\/#breadcrumb","itemListElement":[{"@type":"ListItem","position":1,"name":"Accueil","item":"https:\/\/blogs.thesocialmedia.com\/leblogmoto\/"},{"@type":"ListItem","position":2,"name":"Moto GP Japon essais libres : Pedrosa devant De Puniet"}]},{"@type":"WebSite","@id":"https:\/\/blogs.thesocialmedia.com\/leblogmoto\/#website","url":"https:\/\/blogs.thesocialmedia.com\/leblogmoto\/","name":"leblogmoto","description":"Toute l&#039;actualit\u00e9 des 2 roues","potentialAction":[{"@type":"SearchAction","target":{"@type":"EntryPoint","urlTemplate":"https:\/\/blogs.thesocialmedia.com\/leblogmoto\/?s={search_term_string}"},"query-input":{"@type":"PropertyValueSpecification","valueRequired":true,"valueName":"search_term_string"}}],"inLanguage":"fr-FR"},{"@type":"Person","@id":"https:\/\/blogs.thesocialmedia.com\/leblogmoto\/#\/schema\/person\/d20f219f162e8b5de4ea78c909c5be45","name":"thierry marsal","image":{"@type":"ImageObject","inLanguage":"fr-FR","@id":"https:\/\/blogs.thesocialmedia.com\/leblogmoto\/#\/schema\/person\/image\/","url":"https:\/\/secure.gravatar.com\/avatar\/?s=96&d=mm&r=g","contentUrl":"https:\/\/secure.gravatar.com\/avatar\/?s=96&d=mm&r=g","caption":"thierry marsal"},"url":"https:\/\/blogs.thesocialmedia.com\/leblogmoto\/author\/thierry-marsal\/"}]}},"_links":{"self":[{"href":"https:\/\/blogs.thesocialmedia.com\/leblogmoto\/wp-json\/wp\/v2\/posts\/1255","targetHints":{"allow":["GET"]}}],"collection":[{"href":"https:\/\/blogs.thesocialmedia.com\/leblogmoto\/wp-json\/wp\/v2\/posts"}],"about":[{"href":"https:\/\/blogs.thesocialmedia.com\/leblogmoto\/wp-json\/wp\/v2\/types\/post"}],"author":[{"embeddable":true,"href":"https:\/\/blogs.thesocialmedia.com\/leblogmoto\/wp-json\/wp\/v2\/users\/330"}],"replies":[{"embeddable":true,"href":"https:\/\/blogs.thesocialmedia.com\/leblogmoto\/wp-json\/wp\/v2\/comments?post=1255"}],"version-history":[{"count":2,"href":"https:\/\/blogs.thesocialmedia.com\/leblogmoto\/wp-json\/wp\/v2\/posts\/1255\/revisions"}],"predecessor-version":[{"id":8695,"href":"https:\/\/blogs.thesocialmedia.com\/leblogmoto\/wp-json\/wp\/v2\/posts\/1255\/revisions\/8695"}],"wp:attachment":[{"href":"https:\/\/blogs.thesocialmedia.com\/leblogmoto\/wp-json\/wp\/v2\/media?parent=1255"}],"wp:term":[{"taxonomy":"category","embeddable":true,"href":"https:\/\/blogs.thesocialmedia.com\/leblogmoto\/wp-json\/wp\/v2\/categories?post=1255"},{"taxonomy":"post_tag","embeddable":true,"href":"https:\/\/blogs.thesocialmedia.com\/leblogmoto\/wp-json\/wp\/v2\/tags?post=1255"}],"curies":[{"name":"wp","href":"https:\/\/api.w.org\/{rel}","templated":true}]}}