{"id":1257,"date":"2007-09-21T03:53:33","date_gmt":"2007-09-21T03:53:33","guid":{"rendered":"http:\/\/blogs.thesocialmedia.com\/leblogmoto\/2007\/09\/21\/210-kmh-pour-un\/"},"modified":"2012-07-11T14:44:37","modified_gmt":"2012-07-11T14:44:37","slug":"210-kmh-pour-un","status":"publish","type":"post","link":"https:\/\/blogs.thesocialmedia.com\/leblogmoto\/2007\/09\/21\/210-kmh-pour-un\/","title":{"rendered":"210 km\/h pour une BMW carburant au biodiesel"},"content":{"rendered":"<p><a href=\"http:\/\/blogs.thesocialmedia.com\/leblogmoto\/files\/2012\/07\/diesel_dozen_2.jpg\"><img loading=\"lazy\" decoding=\"async\" width=\"470\" height=\"215\"  src=\"http:\/\/www.leblogmoto.com\/images\/2007\/09\/20\/diesel_dozen_2.jpg\" alt=\"Diesel_dozen_2\" \/><\/a> <\/p>\n<p>Une \u00e9quipe d&rsquo;une vingtaine de personnes s&rsquo;est rassembl\u00e9e autour d&rsquo;un projet appel\u00e9 &quot;Die Moto&quot; dont le but est de battre des records de vitesse avec des nouveaux carburants&#8230;<\/p>\n<p>Ils ont greff\u00e9 au cadre d&rsquo;une R 1150 RT un moteur turbo diesel de 2 litres issu d&rsquo;une <a href=\"http:\/\/www.leblogauto.com\/2007\/09\/la-bmw-123-d-en-video.html\">S\u00e9rie 3<\/a> aliment\u00e9 en <a href=\"http:\/\/fr.wikipedia.org\/wiki\/Biodiesel\">biodiesel<\/a>. Ce prototype est le premier \u00e0 Bonneville \u00e0 utiliser un carburant autre que de l&rsquo;essence sur une moto BMW.<\/p>\n<p>Le record obtenu \u00e0 Bonneville est exactement de 210.203 km\/h <\/p>\n<p><embed width=\"430\" height=\"389\" src=\"http:\/\/i62.photobucket.com\/flash\/player.swf?file=http:\/\/vid62.photobucket.com\/albums\/h87\/thecrucible\/Bonneville\/Bonneville%20Video\/BUB07-DieMoto-WebVideo.flv\" type=\"application\/x-shockwave-flash\"><\/embed> <embed width=\"410\" height=\"400\" src=\"http:\/\/www.vsocial.com\/ups\/8fe16f886518f763c2c609418737ccc0\"><\/embed> <embed width=\"430\" height=\"389\" src=\"http:\/\/s62.photobucket.com\/flash\/player.swf?file=http:\/\/vid62.photobucket.com\/albums\/h87\/thecrucible\/DieMOTO\/diemoto_promo_feb2007.flv\" type=\"application\/x-shockwave-flash\"><\/embed> <embed width=\"430\" height=\"389\" src=\"http:\/\/s62.photobucket.com\/flash\/player.swf?file=http:\/\/vid62.photobucket.com\/albums\/h87\/thecrucible\/DieMOTO\/DieMotoElMirage.flv\" type=\"application\/x-shockwave-flash\"><\/embed> <\/p>\n<p> L&rsquo;\u00e9quipe de &quot;Die Moto&quot; a \u00e9t\u00e9 contrainte de repousser \u00e0 plus tard une tentative de record avec un moteur consommant de l&rsquo;huile v\u00e9g\u00e9tale en raison d&rsquo;intemp\u00e9ries. <\/p>\n<p>Nouvelles tentatives prochainement avec un objectif pour le biodiesel de 265 km\/h.<\/p>\n<p>Plus d&rsquo;informations sur le site <a href=\"http:\/\/www.thecrucible.org\/about\/diemoto.html\">The Crucible<\/a><\/p>\n","protected":false},"excerpt":{"rendered":"<p>Une \u00e9quipe d&rsquo;une vingtaine de personnes s&rsquo;est rassembl\u00e9e autour d&rsquo;un projet appel\u00e9 &quot;Die Moto&quot; dont le but est de battre des records de vitesse avec des nouveaux carburants&#8230; Ils ont greff\u00e9 au cadre d&rsquo;une R 1150 RT un moteur turbo diesel de 2 litres issu d&rsquo;une S\u00e9rie 3 aliment\u00e9 en biodiesel. Ce prototype est le [&hellip;]<\/p>\n","protected":false},"author":323,"featured_media":0,"comment_status":"open","ping_status":"open","sticky":false,"template":"","format":"standard","meta":{"footnotes":""},"categories":[30],"tags":[],"class_list":["post-1257","post","type-post","status-publish","format-standard","hentry","category-bio-carburantsvehicules-propres"],"yoast_head":"<!-- This site is optimized with the Yoast SEO plugin v26.0 - https:\/\/yoast.com\/wordpress\/plugins\/seo\/ -->\n<title>210 km\/h pour une BMW carburant au biodiesel - leblogmoto.com<\/title>\n<meta name=\"robots\" content=\"index, follow, max-snippet:-1, max-image-preview:large, max-video-preview:-1\" \/>\n<link rel=\"canonical\" href=\"https:\/\/blogs.thesocialmedia.com\/leblogmoto\/2007\/09\/21\/210-kmh-pour-un\/\" \/>\n<meta name=\"twitter:card\" content=\"summary_large_image\" \/>\n<meta name=\"twitter:title\" content=\"210 km\/h pour une BMW carburant au biodiesel - leblogmoto.com\" \/>\n<meta name=\"twitter:description\" content=\"Une \u00e9quipe d&rsquo;une vingtaine de personnes s&rsquo;est rassembl\u00e9e autour d&rsquo;un projet appel\u00e9 &quot;Die Moto&quot; dont le but est de battre des records de vitesse avec des nouveaux carburants&#8230; Ils ont greff\u00e9 au cadre d&rsquo;une R 1150 RT un moteur turbo diesel de 2 litres issu d&rsquo;une S\u00e9rie 3 aliment\u00e9 en biodiesel. Ce prototype est le [&hellip;]\" \/>\n<meta name=\"twitter:image\" content=\"http:\/\/www.leblogmoto.com\/images\/2007\/09\/20\/diesel_dozen_2.jpg\" \/>\n<meta name=\"twitter:label1\" content=\"\u00c9crit par\" \/>\n\t<meta name=\"twitter:data1\" content=\"albin le guyader\" \/>\n\t<meta name=\"twitter:label2\" content=\"Dur\u00e9e de lecture estim\u00e9e\" \/>\n\t<meta name=\"twitter:data2\" content=\"1 minute\" \/>\n<script type=\"application\/ld+json\" class=\"yoast-schema-graph\">{\"@context\":\"https:\/\/schema.org\",\"@graph\":[{\"@type\":\"WebPage\",\"@id\":\"https:\/\/blogs.thesocialmedia.com\/leblogmoto\/2007\/09\/21\/210-kmh-pour-un\/\",\"url\":\"https:\/\/blogs.thesocialmedia.com\/leblogmoto\/2007\/09\/21\/210-kmh-pour-un\/\",\"name\":\"210 km\/h pour une BMW carburant au biodiesel - leblogmoto.com\",\"isPartOf\":{\"@id\":\"https:\/\/blogs.thesocialmedia.com\/leblogmoto\/#website\"},\"primaryImageOfPage\":{\"@id\":\"https:\/\/blogs.thesocialmedia.com\/leblogmoto\/2007\/09\/21\/210-kmh-pour-un\/#primaryimage\"},\"image\":{\"@id\":\"https:\/\/blogs.thesocialmedia.com\/leblogmoto\/2007\/09\/21\/210-kmh-pour-un\/#primaryimage\"},\"thumbnailUrl\":\"http:\/\/www.leblogmoto.com\/images\/2007\/09\/20\/diesel_dozen_2.jpg\",\"datePublished\":\"2007-09-21T03:53:33+00:00\",\"dateModified\":\"2012-07-11T14:44:37+00:00\",\"author\":{\"@id\":\"https:\/\/blogs.thesocialmedia.com\/leblogmoto\/#\/schema\/person\/b496d27c898c29a39678e2425cafb9ae\"},\"breadcrumb\":{\"@id\":\"https:\/\/blogs.thesocialmedia.com\/leblogmoto\/2007\/09\/21\/210-kmh-pour-un\/#breadcrumb\"},\"inLanguage\":\"fr-FR\",\"potentialAction\":[{\"@type\":\"ReadAction\",\"target\":[\"https:\/\/blogs.thesocialmedia.com\/leblogmoto\/2007\/09\/21\/210-kmh-pour-un\/\"]}]},{\"@type\":\"ImageObject\",\"inLanguage\":\"fr-FR\",\"@id\":\"https:\/\/blogs.thesocialmedia.com\/leblogmoto\/2007\/09\/21\/210-kmh-pour-un\/#primaryimage\",\"url\":\"http:\/\/www.leblogmoto.com\/images\/2007\/09\/20\/diesel_dozen_2.jpg\",\"contentUrl\":\"http:\/\/www.leblogmoto.com\/images\/2007\/09\/20\/diesel_dozen_2.jpg\"},{\"@type\":\"BreadcrumbList\",\"@id\":\"https:\/\/blogs.thesocialmedia.com\/leblogmoto\/2007\/09\/21\/210-kmh-pour-un\/#breadcrumb\",\"itemListElement\":[{\"@type\":\"ListItem\",\"position\":1,\"name\":\"Accueil\",\"item\":\"https:\/\/blogs.thesocialmedia.com\/leblogmoto\/\"},{\"@type\":\"ListItem\",\"position\":2,\"name\":\"210 km\/h pour une BMW carburant au biodiesel\"}]},{\"@type\":\"WebSite\",\"@id\":\"https:\/\/blogs.thesocialmedia.com\/leblogmoto\/#website\",\"url\":\"https:\/\/blogs.thesocialmedia.com\/leblogmoto\/\",\"name\":\"leblogmoto\",\"description\":\"Toute l&#039;actualit\u00e9 des 2 roues\",\"potentialAction\":[{\"@type\":\"SearchAction\",\"target\":{\"@type\":\"EntryPoint\",\"urlTemplate\":\"https:\/\/blogs.thesocialmedia.com\/leblogmoto\/?s={search_term_string}\"},\"query-input\":{\"@type\":\"PropertyValueSpecification\",\"valueRequired\":true,\"valueName\":\"search_term_string\"}}],\"inLanguage\":\"fr-FR\"},{\"@type\":\"Person\",\"@id\":\"https:\/\/blogs.thesocialmedia.com\/leblogmoto\/#\/schema\/person\/b496d27c898c29a39678e2425cafb9ae\",\"name\":\"albin le guyader\",\"image\":{\"@type\":\"ImageObject\",\"inLanguage\":\"fr-FR\",\"@id\":\"https:\/\/blogs.thesocialmedia.com\/leblogmoto\/#\/schema\/person\/image\/\",\"url\":\"https:\/\/secure.gravatar.com\/avatar\/?s=96&d=mm&r=g\",\"contentUrl\":\"https:\/\/secure.gravatar.com\/avatar\/?s=96&d=mm&r=g\",\"caption\":\"albin le guyader\"},\"url\":\"https:\/\/blogs.thesocialmedia.com\/leblogmoto\/author\/albin-le-guyader\/\"}]}<\/script>\n<!-- \/ Yoast SEO plugin. -->","yoast_head_json":{"title":"210 km\/h pour une BMW carburant au biodiesel - leblogmoto.com","robots":{"index":"index","follow":"follow","max-snippet":"max-snippet:-1","max-image-preview":"max-image-preview:large","max-video-preview":"max-video-preview:-1"},"canonical":"https:\/\/blogs.thesocialmedia.com\/leblogmoto\/2007\/09\/21\/210-kmh-pour-un\/","twitter_card":"summary_large_image","twitter_title":"210 km\/h pour une BMW carburant au biodiesel - leblogmoto.com","twitter_description":"Une \u00e9quipe d&rsquo;une vingtaine de personnes s&rsquo;est rassembl\u00e9e autour d&rsquo;un projet appel\u00e9 &quot;Die Moto&quot; dont le but est de battre des records de vitesse avec des nouveaux carburants&#8230; Ils ont greff\u00e9 au cadre d&rsquo;une R 1150 RT un moteur turbo diesel de 2 litres issu d&rsquo;une S\u00e9rie 3 aliment\u00e9 en biodiesel. Ce prototype est le [&hellip;]","twitter_image":"http:\/\/www.leblogmoto.com\/images\/2007\/09\/20\/diesel_dozen_2.jpg","twitter_misc":{"\u00c9crit par":"albin le guyader","Dur\u00e9e de lecture estim\u00e9e":"1 minute"},"schema":{"@context":"https:\/\/schema.org","@graph":[{"@type":"WebPage","@id":"https:\/\/blogs.thesocialmedia.com\/leblogmoto\/2007\/09\/21\/210-kmh-pour-un\/","url":"https:\/\/blogs.thesocialmedia.com\/leblogmoto\/2007\/09\/21\/210-kmh-pour-un\/","name":"210 km\/h pour une BMW carburant au biodiesel - leblogmoto.com","isPartOf":{"@id":"https:\/\/blogs.thesocialmedia.com\/leblogmoto\/#website"},"primaryImageOfPage":{"@id":"https:\/\/blogs.thesocialmedia.com\/leblogmoto\/2007\/09\/21\/210-kmh-pour-un\/#primaryimage"},"image":{"@id":"https:\/\/blogs.thesocialmedia.com\/leblogmoto\/2007\/09\/21\/210-kmh-pour-un\/#primaryimage"},"thumbnailUrl":"http:\/\/www.leblogmoto.com\/images\/2007\/09\/20\/diesel_dozen_2.jpg","datePublished":"2007-09-21T03:53:33+00:00","dateModified":"2012-07-11T14:44:37+00:00","author":{"@id":"https:\/\/blogs.thesocialmedia.com\/leblogmoto\/#\/schema\/person\/b496d27c898c29a39678e2425cafb9ae"},"breadcrumb":{"@id":"https:\/\/blogs.thesocialmedia.com\/leblogmoto\/2007\/09\/21\/210-kmh-pour-un\/#breadcrumb"},"inLanguage":"fr-FR","potentialAction":[{"@type":"ReadAction","target":["https:\/\/blogs.thesocialmedia.com\/leblogmoto\/2007\/09\/21\/210-kmh-pour-un\/"]}]},{"@type":"ImageObject","inLanguage":"fr-FR","@id":"https:\/\/blogs.thesocialmedia.com\/leblogmoto\/2007\/09\/21\/210-kmh-pour-un\/#primaryimage","url":"http:\/\/www.leblogmoto.com\/images\/2007\/09\/20\/diesel_dozen_2.jpg","contentUrl":"http:\/\/www.leblogmoto.com\/images\/2007\/09\/20\/diesel_dozen_2.jpg"},{"@type":"BreadcrumbList","@id":"https:\/\/blogs.thesocialmedia.com\/leblogmoto\/2007\/09\/21\/210-kmh-pour-un\/#breadcrumb","itemListElement":[{"@type":"ListItem","position":1,"name":"Accueil","item":"https:\/\/blogs.thesocialmedia.com\/leblogmoto\/"},{"@type":"ListItem","position":2,"name":"210 km\/h pour une BMW carburant au biodiesel"}]},{"@type":"WebSite","@id":"https:\/\/blogs.thesocialmedia.com\/leblogmoto\/#website","url":"https:\/\/blogs.thesocialmedia.com\/leblogmoto\/","name":"leblogmoto","description":"Toute l&#039;actualit\u00e9 des 2 roues","potentialAction":[{"@type":"SearchAction","target":{"@type":"EntryPoint","urlTemplate":"https:\/\/blogs.thesocialmedia.com\/leblogmoto\/?s={search_term_string}"},"query-input":{"@type":"PropertyValueSpecification","valueRequired":true,"valueName":"search_term_string"}}],"inLanguage":"fr-FR"},{"@type":"Person","@id":"https:\/\/blogs.thesocialmedia.com\/leblogmoto\/#\/schema\/person\/b496d27c898c29a39678e2425cafb9ae","name":"albin le guyader","image":{"@type":"ImageObject","inLanguage":"fr-FR","@id":"https:\/\/blogs.thesocialmedia.com\/leblogmoto\/#\/schema\/person\/image\/","url":"https:\/\/secure.gravatar.com\/avatar\/?s=96&d=mm&r=g","contentUrl":"https:\/\/secure.gravatar.com\/avatar\/?s=96&d=mm&r=g","caption":"albin le guyader"},"url":"https:\/\/blogs.thesocialmedia.com\/leblogmoto\/author\/albin-le-guyader\/"}]}},"_links":{"self":[{"href":"https:\/\/blogs.thesocialmedia.com\/leblogmoto\/wp-json\/wp\/v2\/posts\/1257","targetHints":{"allow":["GET"]}}],"collection":[{"href":"https:\/\/blogs.thesocialmedia.com\/leblogmoto\/wp-json\/wp\/v2\/posts"}],"about":[{"href":"https:\/\/blogs.thesocialmedia.com\/leblogmoto\/wp-json\/wp\/v2\/types\/post"}],"author":[{"embeddable":true,"href":"https:\/\/blogs.thesocialmedia.com\/leblogmoto\/wp-json\/wp\/v2\/users\/323"}],"replies":[{"embeddable":true,"href":"https:\/\/blogs.thesocialmedia.com\/leblogmoto\/wp-json\/wp\/v2\/comments?post=1257"}],"version-history":[{"count":2,"href":"https:\/\/blogs.thesocialmedia.com\/leblogmoto\/wp-json\/wp\/v2\/posts\/1257\/revisions"}],"predecessor-version":[{"id":8693,"href":"https:\/\/blogs.thesocialmedia.com\/leblogmoto\/wp-json\/wp\/v2\/posts\/1257\/revisions\/8693"}],"wp:attachment":[{"href":"https:\/\/blogs.thesocialmedia.com\/leblogmoto\/wp-json\/wp\/v2\/media?parent=1257"}],"wp:term":[{"taxonomy":"category","embeddable":true,"href":"https:\/\/blogs.thesocialmedia.com\/leblogmoto\/wp-json\/wp\/v2\/categories?post=1257"},{"taxonomy":"post_tag","embeddable":true,"href":"https:\/\/blogs.thesocialmedia.com\/leblogmoto\/wp-json\/wp\/v2\/tags?post=1257"}],"curies":[{"name":"wp","href":"https:\/\/api.w.org\/{rel}","templated":true}]}}