{"id":1258,"date":"2007-09-21T03:52:57","date_gmt":"2007-09-21T03:52:57","guid":{"rendered":"http:\/\/blogs.thesocialmedia.com\/leblogmoto\/2007\/09\/21\/les-red-bull-cr\/"},"modified":"2012-07-11T13:22:12","modified_gmt":"2012-07-11T13:22:12","slug":"les-red-bull-cr","status":"publish","type":"post","link":"https:\/\/blogs.thesocialmedia.com\/leblogmoto\/2007\/09\/21\/les-red-bull-cr\/","title":{"rendered":"Les Red Bull X-Fighters de Madrid fin juillet"},"content":{"rendered":"<p><a href=\"http:\/\/clabedan.typepad.com\/.shared\/image.html?\/photos\/uncategorized\/2007\/09\/20\/pastrana.jpeg\"><img loading=\"lazy\" decoding=\"async\" width=\"470\" height=\"313\"  alt=\"Pastrana\" src=\"http:\/\/www.leblogmoto.com\/images\/2007\/09\/20\/pastrana.jpeg\" \/><\/a> <\/p>\n<p>Fin juillet dernier avait lieu l&rsquo;\u00e9preuve espagnole des Red Bull Cross Fighters<\/p>\n<p>Travis Pastrana a remport\u00e9 la comp\u00e9tition devant un autre am\u00e9ricain, Nate Adams, le suisse Mat Rebeaud, l&rsquo;espagnol Dani Torres&nbsp; et l&rsquo;australien Robbie Madison.<\/p>\n<p>&nbsp;<\/p>\n<p><embed width=\"410\" height=\"400\" src=\"http:\/\/www.vsocial.com\/ups\/c2dd43c14f3fd0e92a36759331a0e7e3\"><\/embed> <embed width=\"410\" height=\"400\" src=\"http:\/\/www.vsocial.com\/ups\/a8c4fb03253ac17c62a8e14d5ae2a312\"><\/embed><\/p>\n<p> Plus d&rsquo;infos sur le site officiel <a href=\"http:\/\/www.redbullxfighters.com\">Red Bull X-Fighters<\/a><\/p>\n","protected":false},"excerpt":{"rendered":"<p>Fin juillet dernier avait lieu l&rsquo;\u00e9preuve espagnole des Red Bull Cross Fighters Travis Pastrana a remport\u00e9 la comp\u00e9tition devant un autre am\u00e9ricain, Nate Adams, le suisse Mat Rebeaud, l&rsquo;espagnol Dani Torres&nbsp; et l&rsquo;australien Robbie Madison. &nbsp; Plus d&rsquo;infos sur le site officiel Red Bull X-Fighters<\/p>\n","protected":false},"author":323,"featured_media":0,"comment_status":"open","ping_status":"open","sticky":false,"template":"","format":"standard","meta":{"footnotes":""},"categories":[12],"tags":[],"class_list":["post-1258","post","type-post","status-publish","format-standard","hentry","category-videos"],"yoast_head":"<!-- This site is optimized with the Yoast SEO plugin v26.0 - https:\/\/yoast.com\/wordpress\/plugins\/seo\/ -->\n<title>Les Red Bull X-Fighters de Madrid fin juillet - leblogmoto.com<\/title>\n<meta name=\"robots\" content=\"index, follow, max-snippet:-1, max-image-preview:large, max-video-preview:-1\" \/>\n<link rel=\"canonical\" href=\"https:\/\/blogs.thesocialmedia.com\/leblogmoto\/2007\/09\/21\/les-red-bull-cr\/\" \/>\n<meta name=\"twitter:card\" content=\"summary_large_image\" \/>\n<meta name=\"twitter:title\" content=\"Les Red Bull X-Fighters de Madrid fin juillet - leblogmoto.com\" \/>\n<meta name=\"twitter:description\" content=\"Fin juillet dernier avait lieu l&rsquo;\u00e9preuve espagnole des Red Bull Cross Fighters Travis Pastrana a remport\u00e9 la comp\u00e9tition devant un autre am\u00e9ricain, Nate Adams, le suisse Mat Rebeaud, l&rsquo;espagnol Dani Torres&nbsp; et l&rsquo;australien Robbie Madison. &nbsp; Plus d&rsquo;infos sur le site officiel Red Bull X-Fighters\" \/>\n<meta name=\"twitter:image\" content=\"http:\/\/www.leblogmoto.com\/images\/2007\/09\/20\/pastrana.jpeg\" \/>\n<meta name=\"twitter:label1\" content=\"\u00c9crit par\" \/>\n\t<meta name=\"twitter:data1\" content=\"albin le guyader\" \/>\n<script type=\"application\/ld+json\" class=\"yoast-schema-graph\">{\"@context\":\"https:\/\/schema.org\",\"@graph\":[{\"@type\":\"WebPage\",\"@id\":\"https:\/\/blogs.thesocialmedia.com\/leblogmoto\/2007\/09\/21\/les-red-bull-cr\/\",\"url\":\"https:\/\/blogs.thesocialmedia.com\/leblogmoto\/2007\/09\/21\/les-red-bull-cr\/\",\"name\":\"Les Red Bull X-Fighters de Madrid fin juillet - leblogmoto.com\",\"isPartOf\":{\"@id\":\"https:\/\/blogs.thesocialmedia.com\/leblogmoto\/#website\"},\"primaryImageOfPage\":{\"@id\":\"https:\/\/blogs.thesocialmedia.com\/leblogmoto\/2007\/09\/21\/les-red-bull-cr\/#primaryimage\"},\"image\":{\"@id\":\"https:\/\/blogs.thesocialmedia.com\/leblogmoto\/2007\/09\/21\/les-red-bull-cr\/#primaryimage\"},\"thumbnailUrl\":\"http:\/\/www.leblogmoto.com\/images\/2007\/09\/20\/pastrana.jpeg\",\"datePublished\":\"2007-09-21T03:52:57+00:00\",\"dateModified\":\"2012-07-11T13:22:12+00:00\",\"author\":{\"@id\":\"https:\/\/blogs.thesocialmedia.com\/leblogmoto\/#\/schema\/person\/b496d27c898c29a39678e2425cafb9ae\"},\"breadcrumb\":{\"@id\":\"https:\/\/blogs.thesocialmedia.com\/leblogmoto\/2007\/09\/21\/les-red-bull-cr\/#breadcrumb\"},\"inLanguage\":\"fr-FR\",\"potentialAction\":[{\"@type\":\"ReadAction\",\"target\":[\"https:\/\/blogs.thesocialmedia.com\/leblogmoto\/2007\/09\/21\/les-red-bull-cr\/\"]}]},{\"@type\":\"ImageObject\",\"inLanguage\":\"fr-FR\",\"@id\":\"https:\/\/blogs.thesocialmedia.com\/leblogmoto\/2007\/09\/21\/les-red-bull-cr\/#primaryimage\",\"url\":\"http:\/\/www.leblogmoto.com\/images\/2007\/09\/20\/pastrana.jpeg\",\"contentUrl\":\"http:\/\/www.leblogmoto.com\/images\/2007\/09\/20\/pastrana.jpeg\"},{\"@type\":\"BreadcrumbList\",\"@id\":\"https:\/\/blogs.thesocialmedia.com\/leblogmoto\/2007\/09\/21\/les-red-bull-cr\/#breadcrumb\",\"itemListElement\":[{\"@type\":\"ListItem\",\"position\":1,\"name\":\"Accueil\",\"item\":\"https:\/\/blogs.thesocialmedia.com\/leblogmoto\/\"},{\"@type\":\"ListItem\",\"position\":2,\"name\":\"Les Red Bull X-Fighters de Madrid fin juillet\"}]},{\"@type\":\"WebSite\",\"@id\":\"https:\/\/blogs.thesocialmedia.com\/leblogmoto\/#website\",\"url\":\"https:\/\/blogs.thesocialmedia.com\/leblogmoto\/\",\"name\":\"leblogmoto\",\"description\":\"Toute l&#039;actualit\u00e9 des 2 roues\",\"potentialAction\":[{\"@type\":\"SearchAction\",\"target\":{\"@type\":\"EntryPoint\",\"urlTemplate\":\"https:\/\/blogs.thesocialmedia.com\/leblogmoto\/?s={search_term_string}\"},\"query-input\":{\"@type\":\"PropertyValueSpecification\",\"valueRequired\":true,\"valueName\":\"search_term_string\"}}],\"inLanguage\":\"fr-FR\"},{\"@type\":\"Person\",\"@id\":\"https:\/\/blogs.thesocialmedia.com\/leblogmoto\/#\/schema\/person\/b496d27c898c29a39678e2425cafb9ae\",\"name\":\"albin le guyader\",\"image\":{\"@type\":\"ImageObject\",\"inLanguage\":\"fr-FR\",\"@id\":\"https:\/\/blogs.thesocialmedia.com\/leblogmoto\/#\/schema\/person\/image\/\",\"url\":\"https:\/\/secure.gravatar.com\/avatar\/?s=96&d=mm&r=g\",\"contentUrl\":\"https:\/\/secure.gravatar.com\/avatar\/?s=96&d=mm&r=g\",\"caption\":\"albin le guyader\"},\"url\":\"https:\/\/blogs.thesocialmedia.com\/leblogmoto\/author\/albin-le-guyader\/\"}]}<\/script>\n<!-- \/ Yoast SEO plugin. -->","yoast_head_json":{"title":"Les Red Bull X-Fighters de Madrid fin juillet - leblogmoto.com","robots":{"index":"index","follow":"follow","max-snippet":"max-snippet:-1","max-image-preview":"max-image-preview:large","max-video-preview":"max-video-preview:-1"},"canonical":"https:\/\/blogs.thesocialmedia.com\/leblogmoto\/2007\/09\/21\/les-red-bull-cr\/","twitter_card":"summary_large_image","twitter_title":"Les Red Bull X-Fighters de Madrid fin juillet - leblogmoto.com","twitter_description":"Fin juillet dernier avait lieu l&rsquo;\u00e9preuve espagnole des Red Bull Cross Fighters Travis Pastrana a remport\u00e9 la comp\u00e9tition devant un autre am\u00e9ricain, Nate Adams, le suisse Mat Rebeaud, l&rsquo;espagnol Dani Torres&nbsp; et l&rsquo;australien Robbie Madison. &nbsp; Plus d&rsquo;infos sur le site officiel Red Bull X-Fighters","twitter_image":"http:\/\/www.leblogmoto.com\/images\/2007\/09\/20\/pastrana.jpeg","twitter_misc":{"\u00c9crit par":"albin le guyader"},"schema":{"@context":"https:\/\/schema.org","@graph":[{"@type":"WebPage","@id":"https:\/\/blogs.thesocialmedia.com\/leblogmoto\/2007\/09\/21\/les-red-bull-cr\/","url":"https:\/\/blogs.thesocialmedia.com\/leblogmoto\/2007\/09\/21\/les-red-bull-cr\/","name":"Les Red Bull X-Fighters de Madrid fin juillet - leblogmoto.com","isPartOf":{"@id":"https:\/\/blogs.thesocialmedia.com\/leblogmoto\/#website"},"primaryImageOfPage":{"@id":"https:\/\/blogs.thesocialmedia.com\/leblogmoto\/2007\/09\/21\/les-red-bull-cr\/#primaryimage"},"image":{"@id":"https:\/\/blogs.thesocialmedia.com\/leblogmoto\/2007\/09\/21\/les-red-bull-cr\/#primaryimage"},"thumbnailUrl":"http:\/\/www.leblogmoto.com\/images\/2007\/09\/20\/pastrana.jpeg","datePublished":"2007-09-21T03:52:57+00:00","dateModified":"2012-07-11T13:22:12+00:00","author":{"@id":"https:\/\/blogs.thesocialmedia.com\/leblogmoto\/#\/schema\/person\/b496d27c898c29a39678e2425cafb9ae"},"breadcrumb":{"@id":"https:\/\/blogs.thesocialmedia.com\/leblogmoto\/2007\/09\/21\/les-red-bull-cr\/#breadcrumb"},"inLanguage":"fr-FR","potentialAction":[{"@type":"ReadAction","target":["https:\/\/blogs.thesocialmedia.com\/leblogmoto\/2007\/09\/21\/les-red-bull-cr\/"]}]},{"@type":"ImageObject","inLanguage":"fr-FR","@id":"https:\/\/blogs.thesocialmedia.com\/leblogmoto\/2007\/09\/21\/les-red-bull-cr\/#primaryimage","url":"http:\/\/www.leblogmoto.com\/images\/2007\/09\/20\/pastrana.jpeg","contentUrl":"http:\/\/www.leblogmoto.com\/images\/2007\/09\/20\/pastrana.jpeg"},{"@type":"BreadcrumbList","@id":"https:\/\/blogs.thesocialmedia.com\/leblogmoto\/2007\/09\/21\/les-red-bull-cr\/#breadcrumb","itemListElement":[{"@type":"ListItem","position":1,"name":"Accueil","item":"https:\/\/blogs.thesocialmedia.com\/leblogmoto\/"},{"@type":"ListItem","position":2,"name":"Les Red Bull X-Fighters de Madrid fin juillet"}]},{"@type":"WebSite","@id":"https:\/\/blogs.thesocialmedia.com\/leblogmoto\/#website","url":"https:\/\/blogs.thesocialmedia.com\/leblogmoto\/","name":"leblogmoto","description":"Toute l&#039;actualit\u00e9 des 2 roues","potentialAction":[{"@type":"SearchAction","target":{"@type":"EntryPoint","urlTemplate":"https:\/\/blogs.thesocialmedia.com\/leblogmoto\/?s={search_term_string}"},"query-input":{"@type":"PropertyValueSpecification","valueRequired":true,"valueName":"search_term_string"}}],"inLanguage":"fr-FR"},{"@type":"Person","@id":"https:\/\/blogs.thesocialmedia.com\/leblogmoto\/#\/schema\/person\/b496d27c898c29a39678e2425cafb9ae","name":"albin le guyader","image":{"@type":"ImageObject","inLanguage":"fr-FR","@id":"https:\/\/blogs.thesocialmedia.com\/leblogmoto\/#\/schema\/person\/image\/","url":"https:\/\/secure.gravatar.com\/avatar\/?s=96&d=mm&r=g","contentUrl":"https:\/\/secure.gravatar.com\/avatar\/?s=96&d=mm&r=g","caption":"albin le guyader"},"url":"https:\/\/blogs.thesocialmedia.com\/leblogmoto\/author\/albin-le-guyader\/"}]}},"_links":{"self":[{"href":"https:\/\/blogs.thesocialmedia.com\/leblogmoto\/wp-json\/wp\/v2\/posts\/1258","targetHints":{"allow":["GET"]}}],"collection":[{"href":"https:\/\/blogs.thesocialmedia.com\/leblogmoto\/wp-json\/wp\/v2\/posts"}],"about":[{"href":"https:\/\/blogs.thesocialmedia.com\/leblogmoto\/wp-json\/wp\/v2\/types\/post"}],"author":[{"embeddable":true,"href":"https:\/\/blogs.thesocialmedia.com\/leblogmoto\/wp-json\/wp\/v2\/users\/323"}],"replies":[{"embeddable":true,"href":"https:\/\/blogs.thesocialmedia.com\/leblogmoto\/wp-json\/wp\/v2\/comments?post=1258"}],"version-history":[{"count":1,"href":"https:\/\/blogs.thesocialmedia.com\/leblogmoto\/wp-json\/wp\/v2\/posts\/1258\/revisions"}],"predecessor-version":[{"id":3918,"href":"https:\/\/blogs.thesocialmedia.com\/leblogmoto\/wp-json\/wp\/v2\/posts\/1258\/revisions\/3918"}],"wp:attachment":[{"href":"https:\/\/blogs.thesocialmedia.com\/leblogmoto\/wp-json\/wp\/v2\/media?parent=1258"}],"wp:term":[{"taxonomy":"category","embeddable":true,"href":"https:\/\/blogs.thesocialmedia.com\/leblogmoto\/wp-json\/wp\/v2\/categories?post=1258"},{"taxonomy":"post_tag","embeddable":true,"href":"https:\/\/blogs.thesocialmedia.com\/leblogmoto\/wp-json\/wp\/v2\/tags?post=1258"}],"curies":[{"name":"wp","href":"https:\/\/api.w.org\/{rel}","templated":true}]}}