{"id":1260,"date":"2007-09-21T02:38:28","date_gmt":"2007-09-21T02:38:28","guid":{"rendered":"http:\/\/blogs.thesocialmedia.com\/leblogmoto\/2007\/09\/21\/photos-officiel\/"},"modified":"2012-07-11T14:44:35","modified_gmt":"2012-07-11T14:44:35","slug":"photos-officiel","status":"publish","type":"post","link":"https:\/\/blogs.thesocialmedia.com\/leblogmoto\/2007\/09\/21\/photos-officiel\/","title":{"rendered":"Photos officielles de la Suzuki GSX-R 1000 2008"},"content":{"rendered":"<p><a href=\"http:\/\/blogs.thesocialmedia.com\/leblogmoto\/files\/2012\/07\/suzuki_gsxr1000.jpg\"><img loading=\"lazy\" decoding=\"async\" width=\"470\" height=\"313\"  src=\"http:\/\/www.leblogmoto.com\/images\/2007\/07\/27\/suzuki_gsxr1000.jpg\" alt=\"Suzuki_gsxr1000\" \/><\/a><\/p>\n<p>Suzuki a d\u00e9voil\u00e9 les couleurs de sa GSXR 1000 pour le march\u00e9 am\u00e9ricain&#8230; <\/p>\n<p><a href=\"http:\/\/blogs.thesocialmedia.com\/leblogmoto\/files\/2012\/07\/suzuki_gsxr1000_3.jpg\"><img loading=\"lazy\" decoding=\"async\" width=\"470\" height=\"310\"  alt=\"Suzuki_gsxr1000_3\" src=\"http:\/\/www.leblogmoto.com\/images\/2007\/07\/27\/suzuki_gsxr1000_3.jpg\" \/><\/a><\/p>\n<p>A peu de choses pr\u00e8s on devrait retrouver les m\u00eames teintes pour l&rsquo;Europe et la France. <\/p>\n<p><a href=\"http:\/\/blogs.thesocialmedia.com\/leblogmoto\/files\/2012\/07\/suzuki_gsxr1000_2_2.jpg\"><img loading=\"lazy\" decoding=\"async\" width=\"470\" height=\"313\"  alt=\"Suzuki_gsxr1000_2_2\" src=\"http:\/\/www.leblogmoto.com\/images\/2007\/07\/27\/suzuki_gsxr1000_2_2.jpg\" \/><\/a><\/p>\n<p><\/p>\n<p>La machine sera \u00e9videmment brid\u00e9e \u00e0 l&rsquo;origine \u00e0 <a href=\"http:\/\/www.leblogmoto.com\/2007\/09\/ffmc-limitation.html\">100 cv<\/a> pour la France&#8230;<\/p>\n<p> <embed width=\"410\" height=\"400\" src=\"http:\/\/www.vsocial.com\/ups\/7a04f0e3f3dc859b832b0ae0bf1ed6f7\"><\/embed> <\/p>\n<p><embed width=\"410\" height=\"400\" src=\"http:\/\/www.vsocial.com\/ups\/2fe48c393d78fbeb2b6e37606d6399ce\"><\/embed><\/p>\n<p><a href=\"http:\/\/blogs.thesocialmedia.com\/leblogmoto\/files\/2012\/07\/suzuki_gsxr1000_3.jpg\"><br \/><\/a> <\/p>\n<p><embed src=\"http:\/\/www.vsocial.com\/ups\/266c8665fd1f84f7ea2d18e97df70db8\" height=\"400\" width=\"410\"><\/embed> <\/p>\n","protected":false},"excerpt":{"rendered":"<p>Suzuki a d\u00e9voil\u00e9 les couleurs de sa GSXR 1000 pour le march\u00e9 am\u00e9ricain&#8230; A peu de choses pr\u00e8s on devrait retrouver les m\u00eames teintes pour l&rsquo;Europe et la France. La machine sera \u00e9videmment brid\u00e9e \u00e0 l&rsquo;origine \u00e0 100 cv pour la France&#8230;<\/p>\n","protected":false},"author":323,"featured_media":0,"comment_status":"open","ping_status":"open","sticky":false,"template":"","format":"standard","meta":{"footnotes":""},"categories":[51],"tags":[],"class_list":["post-1260","post","type-post","status-publish","format-standard","hentry","category-suzuki"],"yoast_head":"<!-- This site is optimized with the Yoast SEO plugin v26.0 - https:\/\/yoast.com\/wordpress\/plugins\/seo\/ -->\n<title>Photos officielles de la Suzuki GSX-R 1000 2008 - leblogmoto.com<\/title>\n<meta name=\"robots\" content=\"index, follow, max-snippet:-1, max-image-preview:large, max-video-preview:-1\" \/>\n<link rel=\"canonical\" href=\"https:\/\/blogs.thesocialmedia.com\/leblogmoto\/2007\/09\/21\/photos-officiel\/\" \/>\n<meta name=\"twitter:card\" content=\"summary_large_image\" \/>\n<meta name=\"twitter:title\" content=\"Photos officielles de la Suzuki GSX-R 1000 2008 - leblogmoto.com\" \/>\n<meta name=\"twitter:description\" content=\"Suzuki a d\u00e9voil\u00e9 les couleurs de sa GSXR 1000 pour le march\u00e9 am\u00e9ricain&#8230; A peu de choses pr\u00e8s on devrait retrouver les m\u00eames teintes pour l&rsquo;Europe et la France. La machine sera \u00e9videmment brid\u00e9e \u00e0 l&rsquo;origine \u00e0 100 cv pour la France&#8230;\" \/>\n<meta name=\"twitter:image\" content=\"http:\/\/www.leblogmoto.com\/images\/2007\/07\/27\/suzuki_gsxr1000.jpg\" \/>\n<meta name=\"twitter:label1\" content=\"\u00c9crit par\" \/>\n\t<meta name=\"twitter:data1\" content=\"albin le guyader\" \/>\n<script type=\"application\/ld+json\" class=\"yoast-schema-graph\">{\"@context\":\"https:\/\/schema.org\",\"@graph\":[{\"@type\":\"WebPage\",\"@id\":\"https:\/\/blogs.thesocialmedia.com\/leblogmoto\/2007\/09\/21\/photos-officiel\/\",\"url\":\"https:\/\/blogs.thesocialmedia.com\/leblogmoto\/2007\/09\/21\/photos-officiel\/\",\"name\":\"Photos officielles de la Suzuki GSX-R 1000 2008 - leblogmoto.com\",\"isPartOf\":{\"@id\":\"https:\/\/blogs.thesocialmedia.com\/leblogmoto\/#website\"},\"primaryImageOfPage\":{\"@id\":\"https:\/\/blogs.thesocialmedia.com\/leblogmoto\/2007\/09\/21\/photos-officiel\/#primaryimage\"},\"image\":{\"@id\":\"https:\/\/blogs.thesocialmedia.com\/leblogmoto\/2007\/09\/21\/photos-officiel\/#primaryimage\"},\"thumbnailUrl\":\"http:\/\/www.leblogmoto.com\/images\/2007\/07\/27\/suzuki_gsxr1000.jpg\",\"datePublished\":\"2007-09-21T02:38:28+00:00\",\"dateModified\":\"2012-07-11T14:44:35+00:00\",\"author\":{\"@id\":\"https:\/\/blogs.thesocialmedia.com\/leblogmoto\/#\/schema\/person\/b496d27c898c29a39678e2425cafb9ae\"},\"breadcrumb\":{\"@id\":\"https:\/\/blogs.thesocialmedia.com\/leblogmoto\/2007\/09\/21\/photos-officiel\/#breadcrumb\"},\"inLanguage\":\"fr-FR\",\"potentialAction\":[{\"@type\":\"ReadAction\",\"target\":[\"https:\/\/blogs.thesocialmedia.com\/leblogmoto\/2007\/09\/21\/photos-officiel\/\"]}]},{\"@type\":\"ImageObject\",\"inLanguage\":\"fr-FR\",\"@id\":\"https:\/\/blogs.thesocialmedia.com\/leblogmoto\/2007\/09\/21\/photos-officiel\/#primaryimage\",\"url\":\"http:\/\/www.leblogmoto.com\/images\/2007\/07\/27\/suzuki_gsxr1000.jpg\",\"contentUrl\":\"http:\/\/www.leblogmoto.com\/images\/2007\/07\/27\/suzuki_gsxr1000.jpg\"},{\"@type\":\"BreadcrumbList\",\"@id\":\"https:\/\/blogs.thesocialmedia.com\/leblogmoto\/2007\/09\/21\/photos-officiel\/#breadcrumb\",\"itemListElement\":[{\"@type\":\"ListItem\",\"position\":1,\"name\":\"Accueil\",\"item\":\"https:\/\/blogs.thesocialmedia.com\/leblogmoto\/\"},{\"@type\":\"ListItem\",\"position\":2,\"name\":\"Photos officielles de la Suzuki GSX-R 1000 2008\"}]},{\"@type\":\"WebSite\",\"@id\":\"https:\/\/blogs.thesocialmedia.com\/leblogmoto\/#website\",\"url\":\"https:\/\/blogs.thesocialmedia.com\/leblogmoto\/\",\"name\":\"leblogmoto\",\"description\":\"Toute l&#039;actualit\u00e9 des 2 roues\",\"potentialAction\":[{\"@type\":\"SearchAction\",\"target\":{\"@type\":\"EntryPoint\",\"urlTemplate\":\"https:\/\/blogs.thesocialmedia.com\/leblogmoto\/?s={search_term_string}\"},\"query-input\":{\"@type\":\"PropertyValueSpecification\",\"valueRequired\":true,\"valueName\":\"search_term_string\"}}],\"inLanguage\":\"fr-FR\"},{\"@type\":\"Person\",\"@id\":\"https:\/\/blogs.thesocialmedia.com\/leblogmoto\/#\/schema\/person\/b496d27c898c29a39678e2425cafb9ae\",\"name\":\"albin le guyader\",\"image\":{\"@type\":\"ImageObject\",\"inLanguage\":\"fr-FR\",\"@id\":\"https:\/\/blogs.thesocialmedia.com\/leblogmoto\/#\/schema\/person\/image\/\",\"url\":\"https:\/\/secure.gravatar.com\/avatar\/?s=96&d=mm&r=g\",\"contentUrl\":\"https:\/\/secure.gravatar.com\/avatar\/?s=96&d=mm&r=g\",\"caption\":\"albin le guyader\"},\"url\":\"https:\/\/blogs.thesocialmedia.com\/leblogmoto\/author\/albin-le-guyader\/\"}]}<\/script>\n<!-- \/ Yoast SEO plugin. -->","yoast_head_json":{"title":"Photos officielles de la Suzuki GSX-R 1000 2008 - leblogmoto.com","robots":{"index":"index","follow":"follow","max-snippet":"max-snippet:-1","max-image-preview":"max-image-preview:large","max-video-preview":"max-video-preview:-1"},"canonical":"https:\/\/blogs.thesocialmedia.com\/leblogmoto\/2007\/09\/21\/photos-officiel\/","twitter_card":"summary_large_image","twitter_title":"Photos officielles de la Suzuki GSX-R 1000 2008 - leblogmoto.com","twitter_description":"Suzuki a d\u00e9voil\u00e9 les couleurs de sa GSXR 1000 pour le march\u00e9 am\u00e9ricain&#8230; A peu de choses pr\u00e8s on devrait retrouver les m\u00eames teintes pour l&rsquo;Europe et la France. La machine sera \u00e9videmment brid\u00e9e \u00e0 l&rsquo;origine \u00e0 100 cv pour la France&#8230;","twitter_image":"http:\/\/www.leblogmoto.com\/images\/2007\/07\/27\/suzuki_gsxr1000.jpg","twitter_misc":{"\u00c9crit par":"albin le guyader"},"schema":{"@context":"https:\/\/schema.org","@graph":[{"@type":"WebPage","@id":"https:\/\/blogs.thesocialmedia.com\/leblogmoto\/2007\/09\/21\/photos-officiel\/","url":"https:\/\/blogs.thesocialmedia.com\/leblogmoto\/2007\/09\/21\/photos-officiel\/","name":"Photos officielles de la Suzuki GSX-R 1000 2008 - leblogmoto.com","isPartOf":{"@id":"https:\/\/blogs.thesocialmedia.com\/leblogmoto\/#website"},"primaryImageOfPage":{"@id":"https:\/\/blogs.thesocialmedia.com\/leblogmoto\/2007\/09\/21\/photos-officiel\/#primaryimage"},"image":{"@id":"https:\/\/blogs.thesocialmedia.com\/leblogmoto\/2007\/09\/21\/photos-officiel\/#primaryimage"},"thumbnailUrl":"http:\/\/www.leblogmoto.com\/images\/2007\/07\/27\/suzuki_gsxr1000.jpg","datePublished":"2007-09-21T02:38:28+00:00","dateModified":"2012-07-11T14:44:35+00:00","author":{"@id":"https:\/\/blogs.thesocialmedia.com\/leblogmoto\/#\/schema\/person\/b496d27c898c29a39678e2425cafb9ae"},"breadcrumb":{"@id":"https:\/\/blogs.thesocialmedia.com\/leblogmoto\/2007\/09\/21\/photos-officiel\/#breadcrumb"},"inLanguage":"fr-FR","potentialAction":[{"@type":"ReadAction","target":["https:\/\/blogs.thesocialmedia.com\/leblogmoto\/2007\/09\/21\/photos-officiel\/"]}]},{"@type":"ImageObject","inLanguage":"fr-FR","@id":"https:\/\/blogs.thesocialmedia.com\/leblogmoto\/2007\/09\/21\/photos-officiel\/#primaryimage","url":"http:\/\/www.leblogmoto.com\/images\/2007\/07\/27\/suzuki_gsxr1000.jpg","contentUrl":"http:\/\/www.leblogmoto.com\/images\/2007\/07\/27\/suzuki_gsxr1000.jpg"},{"@type":"BreadcrumbList","@id":"https:\/\/blogs.thesocialmedia.com\/leblogmoto\/2007\/09\/21\/photos-officiel\/#breadcrumb","itemListElement":[{"@type":"ListItem","position":1,"name":"Accueil","item":"https:\/\/blogs.thesocialmedia.com\/leblogmoto\/"},{"@type":"ListItem","position":2,"name":"Photos officielles de la Suzuki GSX-R 1000 2008"}]},{"@type":"WebSite","@id":"https:\/\/blogs.thesocialmedia.com\/leblogmoto\/#website","url":"https:\/\/blogs.thesocialmedia.com\/leblogmoto\/","name":"leblogmoto","description":"Toute l&#039;actualit\u00e9 des 2 roues","potentialAction":[{"@type":"SearchAction","target":{"@type":"EntryPoint","urlTemplate":"https:\/\/blogs.thesocialmedia.com\/leblogmoto\/?s={search_term_string}"},"query-input":{"@type":"PropertyValueSpecification","valueRequired":true,"valueName":"search_term_string"}}],"inLanguage":"fr-FR"},{"@type":"Person","@id":"https:\/\/blogs.thesocialmedia.com\/leblogmoto\/#\/schema\/person\/b496d27c898c29a39678e2425cafb9ae","name":"albin le guyader","image":{"@type":"ImageObject","inLanguage":"fr-FR","@id":"https:\/\/blogs.thesocialmedia.com\/leblogmoto\/#\/schema\/person\/image\/","url":"https:\/\/secure.gravatar.com\/avatar\/?s=96&d=mm&r=g","contentUrl":"https:\/\/secure.gravatar.com\/avatar\/?s=96&d=mm&r=g","caption":"albin le guyader"},"url":"https:\/\/blogs.thesocialmedia.com\/leblogmoto\/author\/albin-le-guyader\/"}]}},"_links":{"self":[{"href":"https:\/\/blogs.thesocialmedia.com\/leblogmoto\/wp-json\/wp\/v2\/posts\/1260","targetHints":{"allow":["GET"]}}],"collection":[{"href":"https:\/\/blogs.thesocialmedia.com\/leblogmoto\/wp-json\/wp\/v2\/posts"}],"about":[{"href":"https:\/\/blogs.thesocialmedia.com\/leblogmoto\/wp-json\/wp\/v2\/types\/post"}],"author":[{"embeddable":true,"href":"https:\/\/blogs.thesocialmedia.com\/leblogmoto\/wp-json\/wp\/v2\/users\/323"}],"replies":[{"embeddable":true,"href":"https:\/\/blogs.thesocialmedia.com\/leblogmoto\/wp-json\/wp\/v2\/comments?post=1260"}],"version-history":[{"count":2,"href":"https:\/\/blogs.thesocialmedia.com\/leblogmoto\/wp-json\/wp\/v2\/posts\/1260\/revisions"}],"predecessor-version":[{"id":8691,"href":"https:\/\/blogs.thesocialmedia.com\/leblogmoto\/wp-json\/wp\/v2\/posts\/1260\/revisions\/8691"}],"wp:attachment":[{"href":"https:\/\/blogs.thesocialmedia.com\/leblogmoto\/wp-json\/wp\/v2\/media?parent=1260"}],"wp:term":[{"taxonomy":"category","embeddable":true,"href":"https:\/\/blogs.thesocialmedia.com\/leblogmoto\/wp-json\/wp\/v2\/categories?post=1260"},{"taxonomy":"post_tag","embeddable":true,"href":"https:\/\/blogs.thesocialmedia.com\/leblogmoto\/wp-json\/wp\/v2\/tags?post=1260"}],"curies":[{"name":"wp","href":"https:\/\/api.w.org\/{rel}","templated":true}]}}