{"id":1263,"date":"2007-09-20T22:05:34","date_gmt":"2007-09-20T22:05:34","guid":{"rendered":"http:\/\/blogs.thesocialmedia.com\/leblogmoto\/2007\/09\/20\/moto-gp-japon-c\/"},"modified":"2012-07-11T14:44:30","modified_gmt":"2012-07-11T14:44:30","slug":"moto-gp-japon-c","status":"publish","type":"post","link":"https:\/\/blogs.thesocialmedia.com\/leblogmoto\/2007\/09\/20\/moto-gp-japon-c\/","title":{"rendered":"Moto GP Japon : Capirossi ne pense pas \u00e0 la victoire"},"content":{"rendered":"<p><a href=\"http:\/\/blogs.thesocialmedia.com\/leblogmoto\/files\/2012\/07\/456064232_9a3f1499c2.jpg\"><img loading=\"lazy\" decoding=\"async\" width=\"470\" height=\"313\"  src=\"http:\/\/www.leblogmoto.com\/images\/2007\/09\/20\/456064232_9a3f1499c2.jpg\" alt=\"456064232_9a3f1499c2\" style=\"margin: 0px 5px 5px 0px;float: left\" \/><\/a> Alignant les r\u00e9sultats mitig\u00e9s cette saison, le pilote de la <a href=\"http:\/\/www.leblogmoto.com\/ducati\/index.html\">Ducati<\/a> n\u00b065, co\u00e9quipier de <strong>Casey Stoner<\/strong> (Ducati #27) qui lui, aligne les victoires comme on enfilerait des perles sur un collier, ne pense pas vraiment \u00e0 vaincre ce dimanche sur les terres de <strong>Bridgestone<\/strong>. La faute sans doute \u00e0 une saison tr\u00e8s difficile pour le pilote, en partie &quot;effac\u00e9&quot; par les bons r\u00e9sultats de son co\u00e9quipier, qui devrait \u00eatre sacr\u00e9 champion du monde \u00e0 la suite de ce <a href=\"http:\/\/www.leblogmoto.com\/motogp\/index.html\">grand prix<\/a> si tout se passe bien pour lui.<\/p>\n<p>C&rsquo;est pourtant notre cher <strong>Capirossi<\/strong> qui d\u00e9tient les deux derni\u00e8res victoires du <strong>GP du Japon<\/strong>, et il en devient donc &#8211;<em>malgr\u00e9 ce qui peut se dire dans les paddocks<\/em>&#8211; le pilote a surveiller de tr\u00e8s pr\u00e8s pour cette \u00e9dition 2008. Nous en aurons le coeur net lors des essais et des s\u00e9ances de qualifications, mais Capirossi sera peut \u00eatre la roue a suivre pour un <strong>Valentino Rossi<\/strong> (<a href=\"http:\/\/www.leblogmoto.com\/yamaha\/index.html\">Yamaha<\/a> #46) qui veut a tout prix <a href=\"http:\/\/www.leblogmoto.com\/2007\/09\/moto-gp-japon-r.html#more\">battre Casey Stoner<\/a> et ainsi retarder le sacre presque in\u00e9vitable de l&rsquo;australien.<\/p>\n<p>Toujours est il que <strong>Loris Capirossi<\/strong> doit r\u00eaver \u00e0 la victoire cette ann\u00e9e encore &#8211;<em>m\u00eame s&rsquo;il n&rsquo;en fait pas \u00e9tat<\/em>-, lui qui est class\u00e9 <strong>8e<\/strong> au g\u00e9n\u00e9ral \u00e0 4 grand prix de la fin. Equip\u00e9 d&rsquo;une <a href=\"http:\/\/www.leblogmoto.com\/ducati\/index.html\">Ducati<\/a> hyper comp\u00e9titive chauss\u00e9e en Bridgestone, des pneumatiques qui ont fait leur preuve tout au long de la saison, Loris peut &#8211;<em>et doit<\/em>&#8211; faire un bon r\u00e9sultat ce week-end.<\/p>\n<p><em><strong>&quot;Mes victoires \u00e0 Motegi en 2005 et 2006 garderont toujours quelque chose de sp\u00e9cial. Pour Ducati, s&rsquo;imposer au Japon est \u00e9norme, mais le faire deux fois d&rsquo;affil\u00e9e est incroyable ! J&rsquo;esp\u00e8re que nous pourrons faire un bon r\u00e9sultat cette ann\u00e9e parce que les derni\u00e8res courses ont \u00e9t\u00e9 assez difficiles pour moi. Mais je n&rsquo;abandonne jamais et je vais travailler plus dur que jamais et attaquer plus fort que tout jusqu&rsquo;\u00e0 la fin de la saison. La Ducati et les Bridgestone devraient \u00eatre performants \u00e0 Motegi, c&rsquo;est le genre de circuit qui a g\u00e9n\u00e9ralement r\u00e9ussi \u00e0 notre package, m\u00eame si les 800 sont diff\u00e9rentes des 990cc.&quot;<\/strong> <strong>(L. Capirossi)<\/strong><\/em><\/p>\n","protected":false},"excerpt":{"rendered":"<p>Alignant les r\u00e9sultats mitig\u00e9s cette saison, le pilote de la Ducati n\u00b065, co\u00e9quipier de Casey Stoner (Ducati #27) qui lui, aligne les victoires comme on enfilerait des perles sur un collier, ne pense pas vraiment \u00e0 vaincre ce dimanche sur les terres de Bridgestone. La faute sans doute \u00e0 une saison tr\u00e8s difficile pour le [&hellip;]<\/p>\n","protected":false},"author":330,"featured_media":0,"comment_status":"open","ping_status":"open","sticky":false,"template":"","format":"standard","meta":{"footnotes":""},"categories":[3,41,22],"tags":[],"class_list":["post-1263","post","type-post","status-publish","format-standard","hentry","category-actualite","category-ducati","category-motogp"],"yoast_head":"<!-- This site is optimized with the Yoast SEO plugin v26.0 - https:\/\/yoast.com\/wordpress\/plugins\/seo\/ -->\n<title>Moto GP Japon : Capirossi ne pense pas \u00e0 la victoire - leblogmoto.com<\/title>\n<meta name=\"robots\" content=\"index, follow, max-snippet:-1, max-image-preview:large, max-video-preview:-1\" \/>\n<link rel=\"canonical\" href=\"https:\/\/blogs.thesocialmedia.com\/leblogmoto\/2007\/09\/20\/moto-gp-japon-c\/\" \/>\n<meta name=\"twitter:card\" content=\"summary_large_image\" \/>\n<meta name=\"twitter:title\" content=\"Moto GP Japon : Capirossi ne pense pas \u00e0 la victoire - leblogmoto.com\" \/>\n<meta name=\"twitter:description\" content=\"Alignant les r\u00e9sultats mitig\u00e9s cette saison, le pilote de la Ducati n\u00b065, co\u00e9quipier de Casey Stoner (Ducati #27) qui lui, aligne les victoires comme on enfilerait des perles sur un collier, ne pense pas vraiment \u00e0 vaincre ce dimanche sur les terres de Bridgestone. La faute sans doute \u00e0 une saison tr\u00e8s difficile pour le [&hellip;]\" \/>\n<meta name=\"twitter:image\" content=\"http:\/\/www.leblogmoto.com\/images\/2007\/09\/20\/456064232_9a3f1499c2.jpg\" \/>\n<meta name=\"twitter:label1\" content=\"\u00c9crit par\" \/>\n\t<meta name=\"twitter:data1\" content=\"thierry marsal\" \/>\n\t<meta name=\"twitter:label2\" content=\"Dur\u00e9e de lecture estim\u00e9e\" \/>\n\t<meta name=\"twitter:data2\" content=\"2 minutes\" \/>\n<script type=\"application\/ld+json\" class=\"yoast-schema-graph\">{\"@context\":\"https:\/\/schema.org\",\"@graph\":[{\"@type\":\"WebPage\",\"@id\":\"https:\/\/blogs.thesocialmedia.com\/leblogmoto\/2007\/09\/20\/moto-gp-japon-c\/\",\"url\":\"https:\/\/blogs.thesocialmedia.com\/leblogmoto\/2007\/09\/20\/moto-gp-japon-c\/\",\"name\":\"Moto GP Japon : Capirossi ne pense pas \u00e0 la victoire - leblogmoto.com\",\"isPartOf\":{\"@id\":\"https:\/\/blogs.thesocialmedia.com\/leblogmoto\/#website\"},\"primaryImageOfPage\":{\"@id\":\"https:\/\/blogs.thesocialmedia.com\/leblogmoto\/2007\/09\/20\/moto-gp-japon-c\/#primaryimage\"},\"image\":{\"@id\":\"https:\/\/blogs.thesocialmedia.com\/leblogmoto\/2007\/09\/20\/moto-gp-japon-c\/#primaryimage\"},\"thumbnailUrl\":\"http:\/\/www.leblogmoto.com\/images\/2007\/09\/20\/456064232_9a3f1499c2.jpg\",\"datePublished\":\"2007-09-20T22:05:34+00:00\",\"dateModified\":\"2012-07-11T14:44:30+00:00\",\"author\":{\"@id\":\"https:\/\/blogs.thesocialmedia.com\/leblogmoto\/#\/schema\/person\/d20f219f162e8b5de4ea78c909c5be45\"},\"breadcrumb\":{\"@id\":\"https:\/\/blogs.thesocialmedia.com\/leblogmoto\/2007\/09\/20\/moto-gp-japon-c\/#breadcrumb\"},\"inLanguage\":\"fr-FR\",\"potentialAction\":[{\"@type\":\"ReadAction\",\"target\":[\"https:\/\/blogs.thesocialmedia.com\/leblogmoto\/2007\/09\/20\/moto-gp-japon-c\/\"]}]},{\"@type\":\"ImageObject\",\"inLanguage\":\"fr-FR\",\"@id\":\"https:\/\/blogs.thesocialmedia.com\/leblogmoto\/2007\/09\/20\/moto-gp-japon-c\/#primaryimage\",\"url\":\"http:\/\/www.leblogmoto.com\/images\/2007\/09\/20\/456064232_9a3f1499c2.jpg\",\"contentUrl\":\"http:\/\/www.leblogmoto.com\/images\/2007\/09\/20\/456064232_9a3f1499c2.jpg\"},{\"@type\":\"BreadcrumbList\",\"@id\":\"https:\/\/blogs.thesocialmedia.com\/leblogmoto\/2007\/09\/20\/moto-gp-japon-c\/#breadcrumb\",\"itemListElement\":[{\"@type\":\"ListItem\",\"position\":1,\"name\":\"Accueil\",\"item\":\"https:\/\/blogs.thesocialmedia.com\/leblogmoto\/\"},{\"@type\":\"ListItem\",\"position\":2,\"name\":\"Moto GP Japon : Capirossi ne pense pas \u00e0 la victoire\"}]},{\"@type\":\"WebSite\",\"@id\":\"https:\/\/blogs.thesocialmedia.com\/leblogmoto\/#website\",\"url\":\"https:\/\/blogs.thesocialmedia.com\/leblogmoto\/\",\"name\":\"leblogmoto\",\"description\":\"Toute l&#039;actualit\u00e9 des 2 roues\",\"potentialAction\":[{\"@type\":\"SearchAction\",\"target\":{\"@type\":\"EntryPoint\",\"urlTemplate\":\"https:\/\/blogs.thesocialmedia.com\/leblogmoto\/?s={search_term_string}\"},\"query-input\":{\"@type\":\"PropertyValueSpecification\",\"valueRequired\":true,\"valueName\":\"search_term_string\"}}],\"inLanguage\":\"fr-FR\"},{\"@type\":\"Person\",\"@id\":\"https:\/\/blogs.thesocialmedia.com\/leblogmoto\/#\/schema\/person\/d20f219f162e8b5de4ea78c909c5be45\",\"name\":\"thierry marsal\",\"image\":{\"@type\":\"ImageObject\",\"inLanguage\":\"fr-FR\",\"@id\":\"https:\/\/blogs.thesocialmedia.com\/leblogmoto\/#\/schema\/person\/image\/\",\"url\":\"https:\/\/secure.gravatar.com\/avatar\/?s=96&d=mm&r=g\",\"contentUrl\":\"https:\/\/secure.gravatar.com\/avatar\/?s=96&d=mm&r=g\",\"caption\":\"thierry marsal\"},\"url\":\"https:\/\/blogs.thesocialmedia.com\/leblogmoto\/author\/thierry-marsal\/\"}]}<\/script>\n<!-- \/ Yoast SEO plugin. -->","yoast_head_json":{"title":"Moto GP Japon : Capirossi ne pense pas \u00e0 la victoire - leblogmoto.com","robots":{"index":"index","follow":"follow","max-snippet":"max-snippet:-1","max-image-preview":"max-image-preview:large","max-video-preview":"max-video-preview:-1"},"canonical":"https:\/\/blogs.thesocialmedia.com\/leblogmoto\/2007\/09\/20\/moto-gp-japon-c\/","twitter_card":"summary_large_image","twitter_title":"Moto GP Japon : Capirossi ne pense pas \u00e0 la victoire - leblogmoto.com","twitter_description":"Alignant les r\u00e9sultats mitig\u00e9s cette saison, le pilote de la Ducati n\u00b065, co\u00e9quipier de Casey Stoner (Ducati #27) qui lui, aligne les victoires comme on enfilerait des perles sur un collier, ne pense pas vraiment \u00e0 vaincre ce dimanche sur les terres de Bridgestone. La faute sans doute \u00e0 une saison tr\u00e8s difficile pour le [&hellip;]","twitter_image":"http:\/\/www.leblogmoto.com\/images\/2007\/09\/20\/456064232_9a3f1499c2.jpg","twitter_misc":{"\u00c9crit par":"thierry marsal","Dur\u00e9e de lecture estim\u00e9e":"2 minutes"},"schema":{"@context":"https:\/\/schema.org","@graph":[{"@type":"WebPage","@id":"https:\/\/blogs.thesocialmedia.com\/leblogmoto\/2007\/09\/20\/moto-gp-japon-c\/","url":"https:\/\/blogs.thesocialmedia.com\/leblogmoto\/2007\/09\/20\/moto-gp-japon-c\/","name":"Moto GP Japon : Capirossi ne pense pas \u00e0 la victoire - leblogmoto.com","isPartOf":{"@id":"https:\/\/blogs.thesocialmedia.com\/leblogmoto\/#website"},"primaryImageOfPage":{"@id":"https:\/\/blogs.thesocialmedia.com\/leblogmoto\/2007\/09\/20\/moto-gp-japon-c\/#primaryimage"},"image":{"@id":"https:\/\/blogs.thesocialmedia.com\/leblogmoto\/2007\/09\/20\/moto-gp-japon-c\/#primaryimage"},"thumbnailUrl":"http:\/\/www.leblogmoto.com\/images\/2007\/09\/20\/456064232_9a3f1499c2.jpg","datePublished":"2007-09-20T22:05:34+00:00","dateModified":"2012-07-11T14:44:30+00:00","author":{"@id":"https:\/\/blogs.thesocialmedia.com\/leblogmoto\/#\/schema\/person\/d20f219f162e8b5de4ea78c909c5be45"},"breadcrumb":{"@id":"https:\/\/blogs.thesocialmedia.com\/leblogmoto\/2007\/09\/20\/moto-gp-japon-c\/#breadcrumb"},"inLanguage":"fr-FR","potentialAction":[{"@type":"ReadAction","target":["https:\/\/blogs.thesocialmedia.com\/leblogmoto\/2007\/09\/20\/moto-gp-japon-c\/"]}]},{"@type":"ImageObject","inLanguage":"fr-FR","@id":"https:\/\/blogs.thesocialmedia.com\/leblogmoto\/2007\/09\/20\/moto-gp-japon-c\/#primaryimage","url":"http:\/\/www.leblogmoto.com\/images\/2007\/09\/20\/456064232_9a3f1499c2.jpg","contentUrl":"http:\/\/www.leblogmoto.com\/images\/2007\/09\/20\/456064232_9a3f1499c2.jpg"},{"@type":"BreadcrumbList","@id":"https:\/\/blogs.thesocialmedia.com\/leblogmoto\/2007\/09\/20\/moto-gp-japon-c\/#breadcrumb","itemListElement":[{"@type":"ListItem","position":1,"name":"Accueil","item":"https:\/\/blogs.thesocialmedia.com\/leblogmoto\/"},{"@type":"ListItem","position":2,"name":"Moto GP Japon : Capirossi ne pense pas \u00e0 la victoire"}]},{"@type":"WebSite","@id":"https:\/\/blogs.thesocialmedia.com\/leblogmoto\/#website","url":"https:\/\/blogs.thesocialmedia.com\/leblogmoto\/","name":"leblogmoto","description":"Toute l&#039;actualit\u00e9 des 2 roues","potentialAction":[{"@type":"SearchAction","target":{"@type":"EntryPoint","urlTemplate":"https:\/\/blogs.thesocialmedia.com\/leblogmoto\/?s={search_term_string}"},"query-input":{"@type":"PropertyValueSpecification","valueRequired":true,"valueName":"search_term_string"}}],"inLanguage":"fr-FR"},{"@type":"Person","@id":"https:\/\/blogs.thesocialmedia.com\/leblogmoto\/#\/schema\/person\/d20f219f162e8b5de4ea78c909c5be45","name":"thierry marsal","image":{"@type":"ImageObject","inLanguage":"fr-FR","@id":"https:\/\/blogs.thesocialmedia.com\/leblogmoto\/#\/schema\/person\/image\/","url":"https:\/\/secure.gravatar.com\/avatar\/?s=96&d=mm&r=g","contentUrl":"https:\/\/secure.gravatar.com\/avatar\/?s=96&d=mm&r=g","caption":"thierry marsal"},"url":"https:\/\/blogs.thesocialmedia.com\/leblogmoto\/author\/thierry-marsal\/"}]}},"_links":{"self":[{"href":"https:\/\/blogs.thesocialmedia.com\/leblogmoto\/wp-json\/wp\/v2\/posts\/1263","targetHints":{"allow":["GET"]}}],"collection":[{"href":"https:\/\/blogs.thesocialmedia.com\/leblogmoto\/wp-json\/wp\/v2\/posts"}],"about":[{"href":"https:\/\/blogs.thesocialmedia.com\/leblogmoto\/wp-json\/wp\/v2\/types\/post"}],"author":[{"embeddable":true,"href":"https:\/\/blogs.thesocialmedia.com\/leblogmoto\/wp-json\/wp\/v2\/users\/330"}],"replies":[{"embeddable":true,"href":"https:\/\/blogs.thesocialmedia.com\/leblogmoto\/wp-json\/wp\/v2\/comments?post=1263"}],"version-history":[{"count":2,"href":"https:\/\/blogs.thesocialmedia.com\/leblogmoto\/wp-json\/wp\/v2\/posts\/1263\/revisions"}],"predecessor-version":[{"id":8687,"href":"https:\/\/blogs.thesocialmedia.com\/leblogmoto\/wp-json\/wp\/v2\/posts\/1263\/revisions\/8687"}],"wp:attachment":[{"href":"https:\/\/blogs.thesocialmedia.com\/leblogmoto\/wp-json\/wp\/v2\/media?parent=1263"}],"wp:term":[{"taxonomy":"category","embeddable":true,"href":"https:\/\/blogs.thesocialmedia.com\/leblogmoto\/wp-json\/wp\/v2\/categories?post=1263"},{"taxonomy":"post_tag","embeddable":true,"href":"https:\/\/blogs.thesocialmedia.com\/leblogmoto\/wp-json\/wp\/v2\/tags?post=1263"}],"curies":[{"name":"wp","href":"https:\/\/api.w.org\/{rel}","templated":true}]}}