{"id":1265,"date":"2007-09-20T14:18:34","date_gmt":"2007-09-20T14:18:34","guid":{"rendered":"http:\/\/blogs.thesocialmedia.com\/leblogmoto\/2007\/09\/20\/bayliss-teste-l\/"},"modified":"2012-07-11T14:44:21","modified_gmt":"2012-07-11T14:44:21","slug":"bayliss-teste-l","status":"publish","type":"post","link":"https:\/\/blogs.thesocialmedia.com\/leblogmoto\/2007\/09\/20\/bayliss-teste-l\/","title":{"rendered":"Bayliss teste la Ducati 1098 \u00e0 Vallelunga"},"content":{"rendered":"<p><a href=\"http:\/\/blogs.thesocialmedia.com\/leblogmoto\/files\/2012\/07\/big_ducati_1098_f08_sbk_02.jpg\"><img loading=\"lazy\" decoding=\"async\" width=\"470\" height=\"312\"  alt=\"Big_ducati_1098_f08_sbk_02\" src=\"http:\/\/www.leblogmoto.com\/images\/2007\/09\/20\/big_ducati_1098_f08_sbk_02.jpg\" style=\"margin: 0px 5px 5px 0px;float: left\" \/><\/a> C&rsquo;est sur le circuit romain de <strong>Vallelunga<\/strong> qui accueillera les pilotes <a href=\"http:\/\/www.leblogmoto.com\/superbike\/index.html\">superbike<\/a> le 30 septembre prochain que <strong>Troy Bayliss<\/strong> a effectu\u00e9 quelques tests sur sa probable future monture, la <a href=\"http:\/\/www.leblogmoto.com\/ducati\/index.html\">Ducati<\/a> <strong>1098 F08<\/strong>. <em>&nbsp;<\/em><\/p>\n<p><strong>Niccol\u00f2 Canepa<\/strong>, jeune pilote supersport dans le <strong>Ducati Xerox team<\/strong>, a lui aussi particip\u00e9 aux tests et s&rsquo;est partag\u00e9 la <a href=\"http:\/\/www.leblogmoto.com\/ducati\/index.html\">1098<\/a> avec Troy Bayliss. Niccol\u00f2 avait d\u00e9j\u00e0 travaill\u00e9 sur le d\u00e9veloppement de la <a href=\"http:\/\/www.leblogmoto.com\/ducati\/index.html\">Ducati<\/a> de comp\u00e9tition lors de ces derniers mois. Un travail qui en est encore \u00e0 ses d\u00e9buts, et les deux pilotes ne cherchent d&rsquo;ailleurs pas a faire &quot;p\u00e9ter une pendule&quot; comme on dit, mais recherchent plut\u00f4t a am\u00e9liorer le comportement de la moto. Cela n&#8217;emp\u00eache pas que les deux pilotes se sont fait plaisir et ont essay\u00e9s quelquefois de pousser la machine dans ses derniers retranchements : <em><\/p>\n<p>&quot;Je sens d\u00e9j\u00e0 que nous sommes voisins des performances des 999, avec les donn\u00e9es recueillies et les indications donn\u00e9es aux ing\u00e9nieurs, je suis s\u00fbr qu&rsquo;au prochain test je pourrais m\u00eame am\u00e9liorer les temps. Je suis extr\u00eamement confiant pour la moto et elle sera comp\u00e9titive dans peu de temps. Je remercie Niccol\u00f2 pour le travail effectu\u00e9 sur la moto jusqu&rsquo;\u00e0 pr\u00e9sent.&quot; (<strong>T. Bayliss<\/strong>)<\/em><\/p>\n","protected":false},"excerpt":{"rendered":"<p>C&rsquo;est sur le circuit romain de Vallelunga qui accueillera les pilotes superbike le 30 septembre prochain que Troy Bayliss a effectu\u00e9 quelques tests sur sa probable future monture, la Ducati 1098 F08. &nbsp; Niccol\u00f2 Canepa, jeune pilote supersport dans le Ducati Xerox team, a lui aussi particip\u00e9 aux tests et s&rsquo;est partag\u00e9 la 1098 avec [&hellip;]<\/p>\n","protected":false},"author":330,"featured_media":0,"comment_status":"open","ping_status":"open","sticky":false,"template":"","format":"standard","meta":{"footnotes":""},"categories":[3,41,46],"tags":[],"class_list":["post-1265","post","type-post","status-publish","format-standard","hentry","category-actualite","category-ducati","category-superbike"],"yoast_head":"<!-- This site is optimized with the Yoast SEO plugin v26.0 - https:\/\/yoast.com\/wordpress\/plugins\/seo\/ -->\n<title>Bayliss teste la Ducati 1098 \u00e0 Vallelunga - leblogmoto.com<\/title>\n<meta name=\"robots\" content=\"index, follow, max-snippet:-1, max-image-preview:large, max-video-preview:-1\" \/>\n<link rel=\"canonical\" href=\"https:\/\/blogs.thesocialmedia.com\/leblogmoto\/2007\/09\/20\/bayliss-teste-l\/\" \/>\n<meta name=\"twitter:card\" content=\"summary_large_image\" \/>\n<meta name=\"twitter:title\" content=\"Bayliss teste la Ducati 1098 \u00e0 Vallelunga - leblogmoto.com\" \/>\n<meta name=\"twitter:description\" content=\"C&rsquo;est sur le circuit romain de Vallelunga qui accueillera les pilotes superbike le 30 septembre prochain que Troy Bayliss a effectu\u00e9 quelques tests sur sa probable future monture, la Ducati 1098 F08. &nbsp; Niccol\u00f2 Canepa, jeune pilote supersport dans le Ducati Xerox team, a lui aussi particip\u00e9 aux tests et s&rsquo;est partag\u00e9 la 1098 avec [&hellip;]\" \/>\n<meta name=\"twitter:image\" content=\"http:\/\/www.leblogmoto.com\/images\/2007\/09\/20\/big_ducati_1098_f08_sbk_02.jpg\" \/>\n<meta name=\"twitter:label1\" content=\"\u00c9crit par\" \/>\n\t<meta name=\"twitter:data1\" content=\"thierry marsal\" \/>\n\t<meta name=\"twitter:label2\" content=\"Dur\u00e9e de lecture estim\u00e9e\" \/>\n\t<meta name=\"twitter:data2\" content=\"1 minute\" \/>\n<script type=\"application\/ld+json\" class=\"yoast-schema-graph\">{\"@context\":\"https:\/\/schema.org\",\"@graph\":[{\"@type\":\"WebPage\",\"@id\":\"https:\/\/blogs.thesocialmedia.com\/leblogmoto\/2007\/09\/20\/bayliss-teste-l\/\",\"url\":\"https:\/\/blogs.thesocialmedia.com\/leblogmoto\/2007\/09\/20\/bayliss-teste-l\/\",\"name\":\"Bayliss teste la Ducati 1098 \u00e0 Vallelunga - leblogmoto.com\",\"isPartOf\":{\"@id\":\"https:\/\/blogs.thesocialmedia.com\/leblogmoto\/#website\"},\"primaryImageOfPage\":{\"@id\":\"https:\/\/blogs.thesocialmedia.com\/leblogmoto\/2007\/09\/20\/bayliss-teste-l\/#primaryimage\"},\"image\":{\"@id\":\"https:\/\/blogs.thesocialmedia.com\/leblogmoto\/2007\/09\/20\/bayliss-teste-l\/#primaryimage\"},\"thumbnailUrl\":\"http:\/\/www.leblogmoto.com\/images\/2007\/09\/20\/big_ducati_1098_f08_sbk_02.jpg\",\"datePublished\":\"2007-09-20T14:18:34+00:00\",\"dateModified\":\"2012-07-11T14:44:21+00:00\",\"author\":{\"@id\":\"https:\/\/blogs.thesocialmedia.com\/leblogmoto\/#\/schema\/person\/d20f219f162e8b5de4ea78c909c5be45\"},\"breadcrumb\":{\"@id\":\"https:\/\/blogs.thesocialmedia.com\/leblogmoto\/2007\/09\/20\/bayliss-teste-l\/#breadcrumb\"},\"inLanguage\":\"fr-FR\",\"potentialAction\":[{\"@type\":\"ReadAction\",\"target\":[\"https:\/\/blogs.thesocialmedia.com\/leblogmoto\/2007\/09\/20\/bayliss-teste-l\/\"]}]},{\"@type\":\"ImageObject\",\"inLanguage\":\"fr-FR\",\"@id\":\"https:\/\/blogs.thesocialmedia.com\/leblogmoto\/2007\/09\/20\/bayliss-teste-l\/#primaryimage\",\"url\":\"http:\/\/www.leblogmoto.com\/images\/2007\/09\/20\/big_ducati_1098_f08_sbk_02.jpg\",\"contentUrl\":\"http:\/\/www.leblogmoto.com\/images\/2007\/09\/20\/big_ducati_1098_f08_sbk_02.jpg\"},{\"@type\":\"BreadcrumbList\",\"@id\":\"https:\/\/blogs.thesocialmedia.com\/leblogmoto\/2007\/09\/20\/bayliss-teste-l\/#breadcrumb\",\"itemListElement\":[{\"@type\":\"ListItem\",\"position\":1,\"name\":\"Accueil\",\"item\":\"https:\/\/blogs.thesocialmedia.com\/leblogmoto\/\"},{\"@type\":\"ListItem\",\"position\":2,\"name\":\"Bayliss teste la Ducati 1098 \u00e0 Vallelunga\"}]},{\"@type\":\"WebSite\",\"@id\":\"https:\/\/blogs.thesocialmedia.com\/leblogmoto\/#website\",\"url\":\"https:\/\/blogs.thesocialmedia.com\/leblogmoto\/\",\"name\":\"leblogmoto\",\"description\":\"Toute l&#039;actualit\u00e9 des 2 roues\",\"potentialAction\":[{\"@type\":\"SearchAction\",\"target\":{\"@type\":\"EntryPoint\",\"urlTemplate\":\"https:\/\/blogs.thesocialmedia.com\/leblogmoto\/?s={search_term_string}\"},\"query-input\":{\"@type\":\"PropertyValueSpecification\",\"valueRequired\":true,\"valueName\":\"search_term_string\"}}],\"inLanguage\":\"fr-FR\"},{\"@type\":\"Person\",\"@id\":\"https:\/\/blogs.thesocialmedia.com\/leblogmoto\/#\/schema\/person\/d20f219f162e8b5de4ea78c909c5be45\",\"name\":\"thierry marsal\",\"image\":{\"@type\":\"ImageObject\",\"inLanguage\":\"fr-FR\",\"@id\":\"https:\/\/blogs.thesocialmedia.com\/leblogmoto\/#\/schema\/person\/image\/\",\"url\":\"https:\/\/secure.gravatar.com\/avatar\/?s=96&d=mm&r=g\",\"contentUrl\":\"https:\/\/secure.gravatar.com\/avatar\/?s=96&d=mm&r=g\",\"caption\":\"thierry marsal\"},\"url\":\"https:\/\/blogs.thesocialmedia.com\/leblogmoto\/author\/thierry-marsal\/\"}]}<\/script>\n<!-- \/ Yoast SEO plugin. -->","yoast_head_json":{"title":"Bayliss teste la Ducati 1098 \u00e0 Vallelunga - leblogmoto.com","robots":{"index":"index","follow":"follow","max-snippet":"max-snippet:-1","max-image-preview":"max-image-preview:large","max-video-preview":"max-video-preview:-1"},"canonical":"https:\/\/blogs.thesocialmedia.com\/leblogmoto\/2007\/09\/20\/bayliss-teste-l\/","twitter_card":"summary_large_image","twitter_title":"Bayliss teste la Ducati 1098 \u00e0 Vallelunga - leblogmoto.com","twitter_description":"C&rsquo;est sur le circuit romain de Vallelunga qui accueillera les pilotes superbike le 30 septembre prochain que Troy Bayliss a effectu\u00e9 quelques tests sur sa probable future monture, la Ducati 1098 F08. &nbsp; Niccol\u00f2 Canepa, jeune pilote supersport dans le Ducati Xerox team, a lui aussi particip\u00e9 aux tests et s&rsquo;est partag\u00e9 la 1098 avec [&hellip;]","twitter_image":"http:\/\/www.leblogmoto.com\/images\/2007\/09\/20\/big_ducati_1098_f08_sbk_02.jpg","twitter_misc":{"\u00c9crit par":"thierry marsal","Dur\u00e9e de lecture estim\u00e9e":"1 minute"},"schema":{"@context":"https:\/\/schema.org","@graph":[{"@type":"WebPage","@id":"https:\/\/blogs.thesocialmedia.com\/leblogmoto\/2007\/09\/20\/bayliss-teste-l\/","url":"https:\/\/blogs.thesocialmedia.com\/leblogmoto\/2007\/09\/20\/bayliss-teste-l\/","name":"Bayliss teste la Ducati 1098 \u00e0 Vallelunga - leblogmoto.com","isPartOf":{"@id":"https:\/\/blogs.thesocialmedia.com\/leblogmoto\/#website"},"primaryImageOfPage":{"@id":"https:\/\/blogs.thesocialmedia.com\/leblogmoto\/2007\/09\/20\/bayliss-teste-l\/#primaryimage"},"image":{"@id":"https:\/\/blogs.thesocialmedia.com\/leblogmoto\/2007\/09\/20\/bayliss-teste-l\/#primaryimage"},"thumbnailUrl":"http:\/\/www.leblogmoto.com\/images\/2007\/09\/20\/big_ducati_1098_f08_sbk_02.jpg","datePublished":"2007-09-20T14:18:34+00:00","dateModified":"2012-07-11T14:44:21+00:00","author":{"@id":"https:\/\/blogs.thesocialmedia.com\/leblogmoto\/#\/schema\/person\/d20f219f162e8b5de4ea78c909c5be45"},"breadcrumb":{"@id":"https:\/\/blogs.thesocialmedia.com\/leblogmoto\/2007\/09\/20\/bayliss-teste-l\/#breadcrumb"},"inLanguage":"fr-FR","potentialAction":[{"@type":"ReadAction","target":["https:\/\/blogs.thesocialmedia.com\/leblogmoto\/2007\/09\/20\/bayliss-teste-l\/"]}]},{"@type":"ImageObject","inLanguage":"fr-FR","@id":"https:\/\/blogs.thesocialmedia.com\/leblogmoto\/2007\/09\/20\/bayliss-teste-l\/#primaryimage","url":"http:\/\/www.leblogmoto.com\/images\/2007\/09\/20\/big_ducati_1098_f08_sbk_02.jpg","contentUrl":"http:\/\/www.leblogmoto.com\/images\/2007\/09\/20\/big_ducati_1098_f08_sbk_02.jpg"},{"@type":"BreadcrumbList","@id":"https:\/\/blogs.thesocialmedia.com\/leblogmoto\/2007\/09\/20\/bayliss-teste-l\/#breadcrumb","itemListElement":[{"@type":"ListItem","position":1,"name":"Accueil","item":"https:\/\/blogs.thesocialmedia.com\/leblogmoto\/"},{"@type":"ListItem","position":2,"name":"Bayliss teste la Ducati 1098 \u00e0 Vallelunga"}]},{"@type":"WebSite","@id":"https:\/\/blogs.thesocialmedia.com\/leblogmoto\/#website","url":"https:\/\/blogs.thesocialmedia.com\/leblogmoto\/","name":"leblogmoto","description":"Toute l&#039;actualit\u00e9 des 2 roues","potentialAction":[{"@type":"SearchAction","target":{"@type":"EntryPoint","urlTemplate":"https:\/\/blogs.thesocialmedia.com\/leblogmoto\/?s={search_term_string}"},"query-input":{"@type":"PropertyValueSpecification","valueRequired":true,"valueName":"search_term_string"}}],"inLanguage":"fr-FR"},{"@type":"Person","@id":"https:\/\/blogs.thesocialmedia.com\/leblogmoto\/#\/schema\/person\/d20f219f162e8b5de4ea78c909c5be45","name":"thierry marsal","image":{"@type":"ImageObject","inLanguage":"fr-FR","@id":"https:\/\/blogs.thesocialmedia.com\/leblogmoto\/#\/schema\/person\/image\/","url":"https:\/\/secure.gravatar.com\/avatar\/?s=96&d=mm&r=g","contentUrl":"https:\/\/secure.gravatar.com\/avatar\/?s=96&d=mm&r=g","caption":"thierry marsal"},"url":"https:\/\/blogs.thesocialmedia.com\/leblogmoto\/author\/thierry-marsal\/"}]}},"_links":{"self":[{"href":"https:\/\/blogs.thesocialmedia.com\/leblogmoto\/wp-json\/wp\/v2\/posts\/1265","targetHints":{"allow":["GET"]}}],"collection":[{"href":"https:\/\/blogs.thesocialmedia.com\/leblogmoto\/wp-json\/wp\/v2\/posts"}],"about":[{"href":"https:\/\/blogs.thesocialmedia.com\/leblogmoto\/wp-json\/wp\/v2\/types\/post"}],"author":[{"embeddable":true,"href":"https:\/\/blogs.thesocialmedia.com\/leblogmoto\/wp-json\/wp\/v2\/users\/330"}],"replies":[{"embeddable":true,"href":"https:\/\/blogs.thesocialmedia.com\/leblogmoto\/wp-json\/wp\/v2\/comments?post=1265"}],"version-history":[{"count":2,"href":"https:\/\/blogs.thesocialmedia.com\/leblogmoto\/wp-json\/wp\/v2\/posts\/1265\/revisions"}],"predecessor-version":[{"id":8681,"href":"https:\/\/blogs.thesocialmedia.com\/leblogmoto\/wp-json\/wp\/v2\/posts\/1265\/revisions\/8681"}],"wp:attachment":[{"href":"https:\/\/blogs.thesocialmedia.com\/leblogmoto\/wp-json\/wp\/v2\/media?parent=1265"}],"wp:term":[{"taxonomy":"category","embeddable":true,"href":"https:\/\/blogs.thesocialmedia.com\/leblogmoto\/wp-json\/wp\/v2\/categories?post=1265"},{"taxonomy":"post_tag","embeddable":true,"href":"https:\/\/blogs.thesocialmedia.com\/leblogmoto\/wp-json\/wp\/v2\/tags?post=1265"}],"curies":[{"name":"wp","href":"https:\/\/api.w.org\/{rel}","templated":true}]}}