{"id":1267,"date":"2007-09-19T19:45:02","date_gmt":"2007-09-19T19:45:02","guid":{"rendered":"http:\/\/blogs.thesocialmedia.com\/leblogmoto\/2007\/09\/19\/laprilia-850-ma\/"},"modified":"2012-07-11T14:44:14","modified_gmt":"2012-07-11T14:44:14","slug":"laprilia-850-ma","status":"publish","type":"post","link":"https:\/\/blogs.thesocialmedia.com\/leblogmoto\/2007\/09\/19\/laprilia-850-ma\/","title":{"rendered":"L&rsquo;Aprilia 850 Mana d\u00e9j\u00e0 dans les rues de Turin"},"content":{"rendered":"<p><a href=\"http:\/\/blogs.thesocialmedia.com\/leblogmoto\/files\/2012\/07\/aprilia_850_mana_01.jpg\"><img loading=\"lazy\" decoding=\"async\" width=\"470\" height=\"352\"  alt=\"Aprilia_850_mana_01\" src=\"http:\/\/www.leblogmoto.com\/images\/2007\/09\/19\/aprilia_850_mana_01.jpg\" style=\"margin: 0px 5px 5px 0px;float: left\" \/><\/a> Alors qu&rsquo;elle doit \u00eatre officiellement pr\u00e9sent\u00e9e au grand public \u00e0 la fin du mois, voici qu&rsquo;un motard italien se promenant dans le centre de <strong>Turin<\/strong> tombe sur une machine qui lui rappelle quelque chose&#8230; Le motard, qui avait vu la moto au <a href=\"http:\/\/blogs.thesocialmedia.com\/leblogmoto\/files\/2012\/07\/index.html_49.png\">salon de Milan<\/a>, ne tarde pas a faire le rapprochement : C&rsquo;est bien une <a href=\"http:\/\/www.leblogmoto.com\/aprilia\/index.html\">Aprilia<\/a> <strong>850 Mana<\/strong> qui se trouve l\u00e0 devant lui, alors qu&rsquo;elle n&rsquo;est m\u00eame pas sortie!<\/p>\n<p>La Mana, qui poss\u00e8de <a href=\"http:\/\/www.apriliamana.com\/\">son blog<\/a> personnel, a visiblement besoin de faire quelques tests dans la rue avant d&rsquo;\u00eatre pr\u00eate a rencontrer son public. Bibendus (l&rsquo;auteur du clich\u00e9) a fait en sorte de prendre aussi la moto qui accompagne la Mana sur la photo : Une <a href=\"http:\/\/www.leblogmoto.com\/bmw\/index.html\">BMW<\/a> R850R&#8230; Un essais pour comparer les performances des deux machines peut \u00eatre? Toujours est il qu&rsquo;\u00e0 ce que l&rsquo;on peut voir, la Mana 850 est \u00e9quip\u00e9e ici de deux sacoches lat\u00e9rales, et cette touche touristique lui va plut\u00f4t bien, non?<br \/><a href=\"http:\/\/clabedan.typepad.com\/.shared\/image.html?\/photos\/uncategorized\/2007\/09\/19\/aprilia_850_mana_05.jpg\"><img loading=\"lazy\" decoding=\"async\" width=\"470\" height=\"352\"  alt=\"Aprilia_850_mana_05\" src=\"http:\/\/www.leblogmoto.com\/images\/2007\/09\/19\/aprilia_850_mana_05.jpg\" style=\"margin: 0px 5px 5px 0px;float: left\" \/><\/a> <br \/><a href=\"http:\/\/blogs.thesocialmedia.com\/leblogmoto\/files\/2012\/07\/aprilia_850_mana_02.jpg\"><img loading=\"lazy\" decoding=\"async\" width=\"470\" height=\"352\"  alt=\"Aprilia_850_mana_02\" src=\"http:\/\/www.leblogmoto.com\/images\/2007\/09\/19\/aprilia_850_mana_02.jpg\" style=\"margin: 0px 5px 5px 0px;float: left\" \/><\/a> <\/p>\n<p><a href=\"http:\/\/www.motoblog.it\/\">Source<\/a><\/p>\n","protected":false},"excerpt":{"rendered":"<p>Alors qu&rsquo;elle doit \u00eatre officiellement pr\u00e9sent\u00e9e au grand public \u00e0 la fin du mois, voici qu&rsquo;un motard italien se promenant dans le centre de Turin tombe sur une machine qui lui rappelle quelque chose&#8230; Le motard, qui avait vu la moto au salon de Milan, ne tarde pas a faire le rapprochement : C&rsquo;est bien [&hellip;]<\/p>\n","protected":false},"author":330,"featured_media":0,"comment_status":"open","ping_status":"open","sticky":false,"template":"","format":"standard","meta":{"footnotes":""},"categories":[3,31],"tags":[],"class_list":["post-1267","post","type-post","status-publish","format-standard","hentry","category-actualite","category-aprilia"],"yoast_head":"<!-- This site is optimized with the Yoast SEO plugin v26.0 - https:\/\/yoast.com\/wordpress\/plugins\/seo\/ -->\n<title>L&#039;Aprilia 850 Mana d\u00e9j\u00e0 dans les rues de Turin - leblogmoto.com<\/title>\n<meta name=\"robots\" content=\"index, follow, max-snippet:-1, max-image-preview:large, max-video-preview:-1\" \/>\n<link rel=\"canonical\" href=\"https:\/\/blogs.thesocialmedia.com\/leblogmoto\/2007\/09\/19\/laprilia-850-ma\/\" \/>\n<meta name=\"twitter:card\" content=\"summary_large_image\" \/>\n<meta name=\"twitter:title\" content=\"L&#039;Aprilia 850 Mana d\u00e9j\u00e0 dans les rues de Turin - leblogmoto.com\" \/>\n<meta name=\"twitter:description\" content=\"Alors qu&rsquo;elle doit \u00eatre officiellement pr\u00e9sent\u00e9e au grand public \u00e0 la fin du mois, voici qu&rsquo;un motard italien se promenant dans le centre de Turin tombe sur une machine qui lui rappelle quelque chose&#8230; Le motard, qui avait vu la moto au salon de Milan, ne tarde pas a faire le rapprochement : C&rsquo;est bien [&hellip;]\" \/>\n<meta name=\"twitter:image\" content=\"http:\/\/www.leblogmoto.com\/images\/2007\/09\/19\/aprilia_850_mana_01.jpg\" \/>\n<meta name=\"twitter:label1\" content=\"\u00c9crit par\" \/>\n\t<meta name=\"twitter:data1\" content=\"thierry marsal\" \/>\n\t<meta name=\"twitter:label2\" content=\"Dur\u00e9e de lecture estim\u00e9e\" \/>\n\t<meta name=\"twitter:data2\" content=\"1 minute\" \/>\n<script type=\"application\/ld+json\" class=\"yoast-schema-graph\">{\"@context\":\"https:\/\/schema.org\",\"@graph\":[{\"@type\":\"WebPage\",\"@id\":\"https:\/\/blogs.thesocialmedia.com\/leblogmoto\/2007\/09\/19\/laprilia-850-ma\/\",\"url\":\"https:\/\/blogs.thesocialmedia.com\/leblogmoto\/2007\/09\/19\/laprilia-850-ma\/\",\"name\":\"L'Aprilia 850 Mana d\u00e9j\u00e0 dans les rues de Turin - leblogmoto.com\",\"isPartOf\":{\"@id\":\"https:\/\/blogs.thesocialmedia.com\/leblogmoto\/#website\"},\"primaryImageOfPage\":{\"@id\":\"https:\/\/blogs.thesocialmedia.com\/leblogmoto\/2007\/09\/19\/laprilia-850-ma\/#primaryimage\"},\"image\":{\"@id\":\"https:\/\/blogs.thesocialmedia.com\/leblogmoto\/2007\/09\/19\/laprilia-850-ma\/#primaryimage\"},\"thumbnailUrl\":\"http:\/\/www.leblogmoto.com\/images\/2007\/09\/19\/aprilia_850_mana_01.jpg\",\"datePublished\":\"2007-09-19T19:45:02+00:00\",\"dateModified\":\"2012-07-11T14:44:14+00:00\",\"author\":{\"@id\":\"https:\/\/blogs.thesocialmedia.com\/leblogmoto\/#\/schema\/person\/d20f219f162e8b5de4ea78c909c5be45\"},\"breadcrumb\":{\"@id\":\"https:\/\/blogs.thesocialmedia.com\/leblogmoto\/2007\/09\/19\/laprilia-850-ma\/#breadcrumb\"},\"inLanguage\":\"fr-FR\",\"potentialAction\":[{\"@type\":\"ReadAction\",\"target\":[\"https:\/\/blogs.thesocialmedia.com\/leblogmoto\/2007\/09\/19\/laprilia-850-ma\/\"]}]},{\"@type\":\"ImageObject\",\"inLanguage\":\"fr-FR\",\"@id\":\"https:\/\/blogs.thesocialmedia.com\/leblogmoto\/2007\/09\/19\/laprilia-850-ma\/#primaryimage\",\"url\":\"http:\/\/www.leblogmoto.com\/images\/2007\/09\/19\/aprilia_850_mana_01.jpg\",\"contentUrl\":\"http:\/\/www.leblogmoto.com\/images\/2007\/09\/19\/aprilia_850_mana_01.jpg\"},{\"@type\":\"BreadcrumbList\",\"@id\":\"https:\/\/blogs.thesocialmedia.com\/leblogmoto\/2007\/09\/19\/laprilia-850-ma\/#breadcrumb\",\"itemListElement\":[{\"@type\":\"ListItem\",\"position\":1,\"name\":\"Accueil\",\"item\":\"https:\/\/blogs.thesocialmedia.com\/leblogmoto\/\"},{\"@type\":\"ListItem\",\"position\":2,\"name\":\"L&rsquo;Aprilia 850 Mana d\u00e9j\u00e0 dans les rues de Turin\"}]},{\"@type\":\"WebSite\",\"@id\":\"https:\/\/blogs.thesocialmedia.com\/leblogmoto\/#website\",\"url\":\"https:\/\/blogs.thesocialmedia.com\/leblogmoto\/\",\"name\":\"leblogmoto\",\"description\":\"Toute l&#039;actualit\u00e9 des 2 roues\",\"potentialAction\":[{\"@type\":\"SearchAction\",\"target\":{\"@type\":\"EntryPoint\",\"urlTemplate\":\"https:\/\/blogs.thesocialmedia.com\/leblogmoto\/?s={search_term_string}\"},\"query-input\":{\"@type\":\"PropertyValueSpecification\",\"valueRequired\":true,\"valueName\":\"search_term_string\"}}],\"inLanguage\":\"fr-FR\"},{\"@type\":\"Person\",\"@id\":\"https:\/\/blogs.thesocialmedia.com\/leblogmoto\/#\/schema\/person\/d20f219f162e8b5de4ea78c909c5be45\",\"name\":\"thierry marsal\",\"image\":{\"@type\":\"ImageObject\",\"inLanguage\":\"fr-FR\",\"@id\":\"https:\/\/blogs.thesocialmedia.com\/leblogmoto\/#\/schema\/person\/image\/\",\"url\":\"https:\/\/secure.gravatar.com\/avatar\/?s=96&d=mm&r=g\",\"contentUrl\":\"https:\/\/secure.gravatar.com\/avatar\/?s=96&d=mm&r=g\",\"caption\":\"thierry marsal\"},\"url\":\"https:\/\/blogs.thesocialmedia.com\/leblogmoto\/author\/thierry-marsal\/\"}]}<\/script>\n<!-- \/ Yoast SEO plugin. -->","yoast_head_json":{"title":"L'Aprilia 850 Mana d\u00e9j\u00e0 dans les rues de Turin - leblogmoto.com","robots":{"index":"index","follow":"follow","max-snippet":"max-snippet:-1","max-image-preview":"max-image-preview:large","max-video-preview":"max-video-preview:-1"},"canonical":"https:\/\/blogs.thesocialmedia.com\/leblogmoto\/2007\/09\/19\/laprilia-850-ma\/","twitter_card":"summary_large_image","twitter_title":"L'Aprilia 850 Mana d\u00e9j\u00e0 dans les rues de Turin - leblogmoto.com","twitter_description":"Alors qu&rsquo;elle doit \u00eatre officiellement pr\u00e9sent\u00e9e au grand public \u00e0 la fin du mois, voici qu&rsquo;un motard italien se promenant dans le centre de Turin tombe sur une machine qui lui rappelle quelque chose&#8230; Le motard, qui avait vu la moto au salon de Milan, ne tarde pas a faire le rapprochement : C&rsquo;est bien [&hellip;]","twitter_image":"http:\/\/www.leblogmoto.com\/images\/2007\/09\/19\/aprilia_850_mana_01.jpg","twitter_misc":{"\u00c9crit par":"thierry marsal","Dur\u00e9e de lecture estim\u00e9e":"1 minute"},"schema":{"@context":"https:\/\/schema.org","@graph":[{"@type":"WebPage","@id":"https:\/\/blogs.thesocialmedia.com\/leblogmoto\/2007\/09\/19\/laprilia-850-ma\/","url":"https:\/\/blogs.thesocialmedia.com\/leblogmoto\/2007\/09\/19\/laprilia-850-ma\/","name":"L'Aprilia 850 Mana d\u00e9j\u00e0 dans les rues de Turin - leblogmoto.com","isPartOf":{"@id":"https:\/\/blogs.thesocialmedia.com\/leblogmoto\/#website"},"primaryImageOfPage":{"@id":"https:\/\/blogs.thesocialmedia.com\/leblogmoto\/2007\/09\/19\/laprilia-850-ma\/#primaryimage"},"image":{"@id":"https:\/\/blogs.thesocialmedia.com\/leblogmoto\/2007\/09\/19\/laprilia-850-ma\/#primaryimage"},"thumbnailUrl":"http:\/\/www.leblogmoto.com\/images\/2007\/09\/19\/aprilia_850_mana_01.jpg","datePublished":"2007-09-19T19:45:02+00:00","dateModified":"2012-07-11T14:44:14+00:00","author":{"@id":"https:\/\/blogs.thesocialmedia.com\/leblogmoto\/#\/schema\/person\/d20f219f162e8b5de4ea78c909c5be45"},"breadcrumb":{"@id":"https:\/\/blogs.thesocialmedia.com\/leblogmoto\/2007\/09\/19\/laprilia-850-ma\/#breadcrumb"},"inLanguage":"fr-FR","potentialAction":[{"@type":"ReadAction","target":["https:\/\/blogs.thesocialmedia.com\/leblogmoto\/2007\/09\/19\/laprilia-850-ma\/"]}]},{"@type":"ImageObject","inLanguage":"fr-FR","@id":"https:\/\/blogs.thesocialmedia.com\/leblogmoto\/2007\/09\/19\/laprilia-850-ma\/#primaryimage","url":"http:\/\/www.leblogmoto.com\/images\/2007\/09\/19\/aprilia_850_mana_01.jpg","contentUrl":"http:\/\/www.leblogmoto.com\/images\/2007\/09\/19\/aprilia_850_mana_01.jpg"},{"@type":"BreadcrumbList","@id":"https:\/\/blogs.thesocialmedia.com\/leblogmoto\/2007\/09\/19\/laprilia-850-ma\/#breadcrumb","itemListElement":[{"@type":"ListItem","position":1,"name":"Accueil","item":"https:\/\/blogs.thesocialmedia.com\/leblogmoto\/"},{"@type":"ListItem","position":2,"name":"L&rsquo;Aprilia 850 Mana d\u00e9j\u00e0 dans les rues de Turin"}]},{"@type":"WebSite","@id":"https:\/\/blogs.thesocialmedia.com\/leblogmoto\/#website","url":"https:\/\/blogs.thesocialmedia.com\/leblogmoto\/","name":"leblogmoto","description":"Toute l&#039;actualit\u00e9 des 2 roues","potentialAction":[{"@type":"SearchAction","target":{"@type":"EntryPoint","urlTemplate":"https:\/\/blogs.thesocialmedia.com\/leblogmoto\/?s={search_term_string}"},"query-input":{"@type":"PropertyValueSpecification","valueRequired":true,"valueName":"search_term_string"}}],"inLanguage":"fr-FR"},{"@type":"Person","@id":"https:\/\/blogs.thesocialmedia.com\/leblogmoto\/#\/schema\/person\/d20f219f162e8b5de4ea78c909c5be45","name":"thierry marsal","image":{"@type":"ImageObject","inLanguage":"fr-FR","@id":"https:\/\/blogs.thesocialmedia.com\/leblogmoto\/#\/schema\/person\/image\/","url":"https:\/\/secure.gravatar.com\/avatar\/?s=96&d=mm&r=g","contentUrl":"https:\/\/secure.gravatar.com\/avatar\/?s=96&d=mm&r=g","caption":"thierry marsal"},"url":"https:\/\/blogs.thesocialmedia.com\/leblogmoto\/author\/thierry-marsal\/"}]}},"_links":{"self":[{"href":"https:\/\/blogs.thesocialmedia.com\/leblogmoto\/wp-json\/wp\/v2\/posts\/1267","targetHints":{"allow":["GET"]}}],"collection":[{"href":"https:\/\/blogs.thesocialmedia.com\/leblogmoto\/wp-json\/wp\/v2\/posts"}],"about":[{"href":"https:\/\/blogs.thesocialmedia.com\/leblogmoto\/wp-json\/wp\/v2\/types\/post"}],"author":[{"embeddable":true,"href":"https:\/\/blogs.thesocialmedia.com\/leblogmoto\/wp-json\/wp\/v2\/users\/330"}],"replies":[{"embeddable":true,"href":"https:\/\/blogs.thesocialmedia.com\/leblogmoto\/wp-json\/wp\/v2\/comments?post=1267"}],"version-history":[{"count":2,"href":"https:\/\/blogs.thesocialmedia.com\/leblogmoto\/wp-json\/wp\/v2\/posts\/1267\/revisions"}],"predecessor-version":[{"id":8674,"href":"https:\/\/blogs.thesocialmedia.com\/leblogmoto\/wp-json\/wp\/v2\/posts\/1267\/revisions\/8674"}],"wp:attachment":[{"href":"https:\/\/blogs.thesocialmedia.com\/leblogmoto\/wp-json\/wp\/v2\/media?parent=1267"}],"wp:term":[{"taxonomy":"category","embeddable":true,"href":"https:\/\/blogs.thesocialmedia.com\/leblogmoto\/wp-json\/wp\/v2\/categories?post=1267"},{"taxonomy":"post_tag","embeddable":true,"href":"https:\/\/blogs.thesocialmedia.com\/leblogmoto\/wp-json\/wp\/v2\/tags?post=1267"}],"curies":[{"name":"wp","href":"https:\/\/api.w.org\/{rel}","templated":true}]}}