{"id":1268,"date":"2007-09-19T18:28:35","date_gmt":"2007-09-19T18:28:35","guid":{"rendered":"http:\/\/blogs.thesocialmedia.com\/leblogmoto\/2007\/09\/19\/moto-gp-japon-r\/"},"modified":"2012-07-11T14:44:10","modified_gmt":"2012-07-11T14:44:10","slug":"moto-gp-japon-r","status":"publish","type":"post","link":"https:\/\/blogs.thesocialmedia.com\/leblogmoto\/2007\/09\/19\/moto-gp-japon-r\/","title":{"rendered":"Moto GP Japon : Rossi devra battre Stoner!"},"content":{"rendered":"<p><a href=\"http:\/\/blogs.thesocialmedia.com\/leblogmoto\/files\/2012\/07\/1350339479_2be6fa96b0.jpg\"><img loading=\"lazy\" decoding=\"async\" width=\"470\" height=\"313\"  src=\"http:\/\/www.leblogmoto.com\/images\/2007\/09\/19\/1350339479_2be6fa96b0.jpg\" alt=\"1350339479_2be6fa96b0\" style=\"margin: 0px 5px 5px 0px;float: left\" \/><\/a> Avec <strong>76<\/strong> points de retard sur le probable futur champion du monde <a href=\"http:\/\/blogs.thesocialmedia.com\/leblogmoto\/files\/2012\/07\/index.html_48.png\">moto GP<\/a> 2007, <strong>Valentino Rossi<\/strong> (Yamaha n\u00b046) se retrouve au pied du mur ce week end \u00e0 <a href=\"http:\/\/blogs.thesocialmedia.com\/leblogmoto\/files\/2012\/07\/index.html_48.png\">Motegi<\/a>. En effet, si le <em>Doctor<\/em> ne parvient pas a devancer son rival <strong>Casey Stoner<\/strong> (Ducati n\u00b027) lors de ce grand-prix et prendre deux points de plus que lui, l&rsquo;australien sera alors sacr\u00e9 champion du monde \u00e0 trois GP de la fin de la saison. <\/p>\n<p>Pour le public et les fans de la vitesse moto qui souhaitent b\u00e9n\u00e9ficier d&rsquo;un suspense \u00e0 l&rsquo;am\u00e9ricaine jusqu&rsquo;au bout, il ne fait pas de toute que la majorit\u00e9 encouragera le pilote italien. Faire durer le suspense, c&rsquo;est d&rsquo;ailleurs ce que veut <strong>Rossi<\/strong> : <em>&quot;Nous ne pensons pas au championnat, nous savons qu&rsquo;il est hors de port\u00e9e, mais nous pouvons faire de notre mieux pour faire durer le suspense le plus longtemps possible. Ce sera notre objectif ce week-end&quot;.<\/em> <\/p>\n<p>Ce ne sera pourtant pas simple pour le <em>Doctor<\/em> au Japon, sachant qu&rsquo;il ne s&rsquo;est jamais impos\u00e9 sur ce circuit au guidon de sa <a href=\"http:\/\/www.leblogmoto.com\/yamaha\/index.html\">Yamaha<\/a>. Un d\u00e9fit de plus qu&rsquo;il tentera de glaner dimanche, aid\u00e9 par sa victoire au Portugal le week end dernier. <em>&quot;Nous avons fait une grande course au Portugal et c&rsquo;\u00e9tait fantastique de renouer avec la victoire. Nous partons \u00e0 Motegi avec beaucoup de motivation et une confiance au plus haut.&quot;<\/em> Quant \u00e0 l&rsquo;australien <strong>Casey Stoner<\/strong>, il sera au Japon pour remporter son premier titre de champion du monde. Dans cet optique, il devrait tout faire pour &quot;assommer&quot; ses adversaires et prendra certainement quelques risques pour mettre fin au suspense. <\/p>\n<p><a href=\"http:\/\/clabedan.typepad.com\/.shared\/image.html?\/photos\/uncategorized\/2007\/09\/19\/bataille_2.jpg\"><img loading=\"lazy\" decoding=\"async\" width=\"470\" height=\"326\"  src=\"http:\/\/www.leblogmoto.com\/images\/2007\/09\/19\/bataille_2.jpg\" alt=\"Bataille_2\" style=\"margin: 0px 5px 5px 0px;float: left\" \/><\/a> &nbsp;  <\/p>\n<p>Les autres pilotes ne seront pas en reste bien entendu, et ce sera peut \u00eatre bien <strong>Dany Pedrosa<\/strong> (Honda n\u00b026) qui viendra une nouvelle fois mettre son grain de sel dans le duel Rossi\/Stoner. Le pilote <a href=\"http:\/\/www.leblogmoto.com\/honda\/index.html\">Honda<\/a> a encore l&rsquo;espoir de ravir la deuxi\u00e8me place du classement \u00e0 Valentino et fera tout ce qui est en son pouvoir pour y parvenir. Un <a href=\"http:\/\/blogs.thesocialmedia.com\/leblogmoto\/files\/2012\/07\/index.html_48.png\">Grand Prix moto<\/a> \u00e0 ne surtout pas rater!<\/p>\n","protected":false},"excerpt":{"rendered":"<p>Avec 76 points de retard sur le probable futur champion du monde moto GP 2007, Valentino Rossi (Yamaha n\u00b046) se retrouve au pied du mur ce week end \u00e0 Motegi. En effet, si le Doctor ne parvient pas a devancer son rival Casey Stoner (Ducati n\u00b027) lors de ce grand-prix et prendre deux points de [&hellip;]<\/p>\n","protected":false},"author":330,"featured_media":0,"comment_status":"open","ping_status":"open","sticky":false,"template":"","format":"standard","meta":{"footnotes":""},"categories":[3,41,22,44],"tags":[],"class_list":["post-1268","post","type-post","status-publish","format-standard","hentry","category-actualite","category-ducati","category-motogp","category-yamaha"],"yoast_head":"<!-- This site is optimized with the Yoast SEO plugin v26.0 - https:\/\/yoast.com\/wordpress\/plugins\/seo\/ -->\n<title>Moto GP Japon : Rossi devra battre Stoner! - leblogmoto.com<\/title>\n<meta name=\"robots\" content=\"index, follow, max-snippet:-1, max-image-preview:large, max-video-preview:-1\" \/>\n<link rel=\"canonical\" href=\"https:\/\/blogs.thesocialmedia.com\/leblogmoto\/2007\/09\/19\/moto-gp-japon-r\/\" \/>\n<meta name=\"twitter:card\" content=\"summary_large_image\" \/>\n<meta name=\"twitter:title\" content=\"Moto GP Japon : Rossi devra battre Stoner! - leblogmoto.com\" \/>\n<meta name=\"twitter:description\" content=\"Avec 76 points de retard sur le probable futur champion du monde moto GP 2007, Valentino Rossi (Yamaha n\u00b046) se retrouve au pied du mur ce week end \u00e0 Motegi. En effet, si le Doctor ne parvient pas a devancer son rival Casey Stoner (Ducati n\u00b027) lors de ce grand-prix et prendre deux points de [&hellip;]\" \/>\n<meta name=\"twitter:image\" content=\"http:\/\/www.leblogmoto.com\/images\/2007\/09\/19\/1350339479_2be6fa96b0.jpg\" \/>\n<meta name=\"twitter:label1\" content=\"\u00c9crit par\" \/>\n\t<meta name=\"twitter:data1\" content=\"thierry marsal\" \/>\n\t<meta name=\"twitter:label2\" content=\"Dur\u00e9e de lecture estim\u00e9e\" \/>\n\t<meta name=\"twitter:data2\" content=\"2 minutes\" \/>\n<script type=\"application\/ld+json\" class=\"yoast-schema-graph\">{\"@context\":\"https:\/\/schema.org\",\"@graph\":[{\"@type\":\"WebPage\",\"@id\":\"https:\/\/blogs.thesocialmedia.com\/leblogmoto\/2007\/09\/19\/moto-gp-japon-r\/\",\"url\":\"https:\/\/blogs.thesocialmedia.com\/leblogmoto\/2007\/09\/19\/moto-gp-japon-r\/\",\"name\":\"Moto GP Japon : Rossi devra battre Stoner! - leblogmoto.com\",\"isPartOf\":{\"@id\":\"https:\/\/blogs.thesocialmedia.com\/leblogmoto\/#website\"},\"primaryImageOfPage\":{\"@id\":\"https:\/\/blogs.thesocialmedia.com\/leblogmoto\/2007\/09\/19\/moto-gp-japon-r\/#primaryimage\"},\"image\":{\"@id\":\"https:\/\/blogs.thesocialmedia.com\/leblogmoto\/2007\/09\/19\/moto-gp-japon-r\/#primaryimage\"},\"thumbnailUrl\":\"http:\/\/www.leblogmoto.com\/images\/2007\/09\/19\/1350339479_2be6fa96b0.jpg\",\"datePublished\":\"2007-09-19T18:28:35+00:00\",\"dateModified\":\"2012-07-11T14:44:10+00:00\",\"author\":{\"@id\":\"https:\/\/blogs.thesocialmedia.com\/leblogmoto\/#\/schema\/person\/d20f219f162e8b5de4ea78c909c5be45\"},\"breadcrumb\":{\"@id\":\"https:\/\/blogs.thesocialmedia.com\/leblogmoto\/2007\/09\/19\/moto-gp-japon-r\/#breadcrumb\"},\"inLanguage\":\"fr-FR\",\"potentialAction\":[{\"@type\":\"ReadAction\",\"target\":[\"https:\/\/blogs.thesocialmedia.com\/leblogmoto\/2007\/09\/19\/moto-gp-japon-r\/\"]}]},{\"@type\":\"ImageObject\",\"inLanguage\":\"fr-FR\",\"@id\":\"https:\/\/blogs.thesocialmedia.com\/leblogmoto\/2007\/09\/19\/moto-gp-japon-r\/#primaryimage\",\"url\":\"http:\/\/www.leblogmoto.com\/images\/2007\/09\/19\/1350339479_2be6fa96b0.jpg\",\"contentUrl\":\"http:\/\/www.leblogmoto.com\/images\/2007\/09\/19\/1350339479_2be6fa96b0.jpg\"},{\"@type\":\"BreadcrumbList\",\"@id\":\"https:\/\/blogs.thesocialmedia.com\/leblogmoto\/2007\/09\/19\/moto-gp-japon-r\/#breadcrumb\",\"itemListElement\":[{\"@type\":\"ListItem\",\"position\":1,\"name\":\"Accueil\",\"item\":\"https:\/\/blogs.thesocialmedia.com\/leblogmoto\/\"},{\"@type\":\"ListItem\",\"position\":2,\"name\":\"Moto GP Japon : Rossi devra battre Stoner!\"}]},{\"@type\":\"WebSite\",\"@id\":\"https:\/\/blogs.thesocialmedia.com\/leblogmoto\/#website\",\"url\":\"https:\/\/blogs.thesocialmedia.com\/leblogmoto\/\",\"name\":\"leblogmoto\",\"description\":\"Toute l&#039;actualit\u00e9 des 2 roues\",\"potentialAction\":[{\"@type\":\"SearchAction\",\"target\":{\"@type\":\"EntryPoint\",\"urlTemplate\":\"https:\/\/blogs.thesocialmedia.com\/leblogmoto\/?s={search_term_string}\"},\"query-input\":{\"@type\":\"PropertyValueSpecification\",\"valueRequired\":true,\"valueName\":\"search_term_string\"}}],\"inLanguage\":\"fr-FR\"},{\"@type\":\"Person\",\"@id\":\"https:\/\/blogs.thesocialmedia.com\/leblogmoto\/#\/schema\/person\/d20f219f162e8b5de4ea78c909c5be45\",\"name\":\"thierry marsal\",\"image\":{\"@type\":\"ImageObject\",\"inLanguage\":\"fr-FR\",\"@id\":\"https:\/\/blogs.thesocialmedia.com\/leblogmoto\/#\/schema\/person\/image\/\",\"url\":\"https:\/\/secure.gravatar.com\/avatar\/?s=96&d=mm&r=g\",\"contentUrl\":\"https:\/\/secure.gravatar.com\/avatar\/?s=96&d=mm&r=g\",\"caption\":\"thierry marsal\"},\"url\":\"https:\/\/blogs.thesocialmedia.com\/leblogmoto\/author\/thierry-marsal\/\"}]}<\/script>\n<!-- \/ Yoast SEO plugin. -->","yoast_head_json":{"title":"Moto GP Japon : Rossi devra battre Stoner! - leblogmoto.com","robots":{"index":"index","follow":"follow","max-snippet":"max-snippet:-1","max-image-preview":"max-image-preview:large","max-video-preview":"max-video-preview:-1"},"canonical":"https:\/\/blogs.thesocialmedia.com\/leblogmoto\/2007\/09\/19\/moto-gp-japon-r\/","twitter_card":"summary_large_image","twitter_title":"Moto GP Japon : Rossi devra battre Stoner! - leblogmoto.com","twitter_description":"Avec 76 points de retard sur le probable futur champion du monde moto GP 2007, Valentino Rossi (Yamaha n\u00b046) se retrouve au pied du mur ce week end \u00e0 Motegi. En effet, si le Doctor ne parvient pas a devancer son rival Casey Stoner (Ducati n\u00b027) lors de ce grand-prix et prendre deux points de [&hellip;]","twitter_image":"http:\/\/www.leblogmoto.com\/images\/2007\/09\/19\/1350339479_2be6fa96b0.jpg","twitter_misc":{"\u00c9crit par":"thierry marsal","Dur\u00e9e de lecture estim\u00e9e":"2 minutes"},"schema":{"@context":"https:\/\/schema.org","@graph":[{"@type":"WebPage","@id":"https:\/\/blogs.thesocialmedia.com\/leblogmoto\/2007\/09\/19\/moto-gp-japon-r\/","url":"https:\/\/blogs.thesocialmedia.com\/leblogmoto\/2007\/09\/19\/moto-gp-japon-r\/","name":"Moto GP Japon : Rossi devra battre Stoner! - leblogmoto.com","isPartOf":{"@id":"https:\/\/blogs.thesocialmedia.com\/leblogmoto\/#website"},"primaryImageOfPage":{"@id":"https:\/\/blogs.thesocialmedia.com\/leblogmoto\/2007\/09\/19\/moto-gp-japon-r\/#primaryimage"},"image":{"@id":"https:\/\/blogs.thesocialmedia.com\/leblogmoto\/2007\/09\/19\/moto-gp-japon-r\/#primaryimage"},"thumbnailUrl":"http:\/\/www.leblogmoto.com\/images\/2007\/09\/19\/1350339479_2be6fa96b0.jpg","datePublished":"2007-09-19T18:28:35+00:00","dateModified":"2012-07-11T14:44:10+00:00","author":{"@id":"https:\/\/blogs.thesocialmedia.com\/leblogmoto\/#\/schema\/person\/d20f219f162e8b5de4ea78c909c5be45"},"breadcrumb":{"@id":"https:\/\/blogs.thesocialmedia.com\/leblogmoto\/2007\/09\/19\/moto-gp-japon-r\/#breadcrumb"},"inLanguage":"fr-FR","potentialAction":[{"@type":"ReadAction","target":["https:\/\/blogs.thesocialmedia.com\/leblogmoto\/2007\/09\/19\/moto-gp-japon-r\/"]}]},{"@type":"ImageObject","inLanguage":"fr-FR","@id":"https:\/\/blogs.thesocialmedia.com\/leblogmoto\/2007\/09\/19\/moto-gp-japon-r\/#primaryimage","url":"http:\/\/www.leblogmoto.com\/images\/2007\/09\/19\/1350339479_2be6fa96b0.jpg","contentUrl":"http:\/\/www.leblogmoto.com\/images\/2007\/09\/19\/1350339479_2be6fa96b0.jpg"},{"@type":"BreadcrumbList","@id":"https:\/\/blogs.thesocialmedia.com\/leblogmoto\/2007\/09\/19\/moto-gp-japon-r\/#breadcrumb","itemListElement":[{"@type":"ListItem","position":1,"name":"Accueil","item":"https:\/\/blogs.thesocialmedia.com\/leblogmoto\/"},{"@type":"ListItem","position":2,"name":"Moto GP Japon : Rossi devra battre Stoner!"}]},{"@type":"WebSite","@id":"https:\/\/blogs.thesocialmedia.com\/leblogmoto\/#website","url":"https:\/\/blogs.thesocialmedia.com\/leblogmoto\/","name":"leblogmoto","description":"Toute l&#039;actualit\u00e9 des 2 roues","potentialAction":[{"@type":"SearchAction","target":{"@type":"EntryPoint","urlTemplate":"https:\/\/blogs.thesocialmedia.com\/leblogmoto\/?s={search_term_string}"},"query-input":{"@type":"PropertyValueSpecification","valueRequired":true,"valueName":"search_term_string"}}],"inLanguage":"fr-FR"},{"@type":"Person","@id":"https:\/\/blogs.thesocialmedia.com\/leblogmoto\/#\/schema\/person\/d20f219f162e8b5de4ea78c909c5be45","name":"thierry marsal","image":{"@type":"ImageObject","inLanguage":"fr-FR","@id":"https:\/\/blogs.thesocialmedia.com\/leblogmoto\/#\/schema\/person\/image\/","url":"https:\/\/secure.gravatar.com\/avatar\/?s=96&d=mm&r=g","contentUrl":"https:\/\/secure.gravatar.com\/avatar\/?s=96&d=mm&r=g","caption":"thierry marsal"},"url":"https:\/\/blogs.thesocialmedia.com\/leblogmoto\/author\/thierry-marsal\/"}]}},"_links":{"self":[{"href":"https:\/\/blogs.thesocialmedia.com\/leblogmoto\/wp-json\/wp\/v2\/posts\/1268","targetHints":{"allow":["GET"]}}],"collection":[{"href":"https:\/\/blogs.thesocialmedia.com\/leblogmoto\/wp-json\/wp\/v2\/posts"}],"about":[{"href":"https:\/\/blogs.thesocialmedia.com\/leblogmoto\/wp-json\/wp\/v2\/types\/post"}],"author":[{"embeddable":true,"href":"https:\/\/blogs.thesocialmedia.com\/leblogmoto\/wp-json\/wp\/v2\/users\/330"}],"replies":[{"embeddable":true,"href":"https:\/\/blogs.thesocialmedia.com\/leblogmoto\/wp-json\/wp\/v2\/comments?post=1268"}],"version-history":[{"count":2,"href":"https:\/\/blogs.thesocialmedia.com\/leblogmoto\/wp-json\/wp\/v2\/posts\/1268\/revisions"}],"predecessor-version":[{"id":8671,"href":"https:\/\/blogs.thesocialmedia.com\/leblogmoto\/wp-json\/wp\/v2\/posts\/1268\/revisions\/8671"}],"wp:attachment":[{"href":"https:\/\/blogs.thesocialmedia.com\/leblogmoto\/wp-json\/wp\/v2\/media?parent=1268"}],"wp:term":[{"taxonomy":"category","embeddable":true,"href":"https:\/\/blogs.thesocialmedia.com\/leblogmoto\/wp-json\/wp\/v2\/categories?post=1268"},{"taxonomy":"post_tag","embeddable":true,"href":"https:\/\/blogs.thesocialmedia.com\/leblogmoto\/wp-json\/wp\/v2\/tags?post=1268"}],"curies":[{"name":"wp","href":"https:\/\/api.w.org\/{rel}","templated":true}]}}