{"id":127,"date":"2009-05-24T00:03:00","date_gmt":"2009-05-24T00:03:00","guid":{"rendered":"http:\/\/blogs.thesocialmedia.com\/leblogmoto\/2009\/05\/24\/le-futur-de-la-marque-ktm\/"},"modified":"2012-07-11T17:28:51","modified_gmt":"2012-07-11T17:28:51","slug":"le-futur-de-la-marque-ktm","status":"publish","type":"post","link":"https:\/\/blogs.thesocialmedia.com\/leblogmoto\/2009\/05\/24\/le-futur-de-la-marque-ktm\/","title":{"rendered":"Le futur de la marque KTM"},"content":{"rendered":"<p><a href=\"http:\/\/blogs.thesocialmedia.com\/leblogmoto\/files\/2012\/07\/6a00d83451b18369e2011570a29d10970b-popup.png\"><img decoding=\"async\" alt=\"KTM Ascender 3\" class=\"at-xid-6a00d83451b18369e2011570a29d10970b \" src=\"http:\/\/blogs.thesocialmedia.com\/leblogmoto\/files\/2012\/07\/6a00d83451b18369e2011570a29d10970b-500wi.jpg\" style=\"width: 446px;height: 342px\" \/><\/a> <br \/>KTM est toujours dans les premiers constructeurs pour ce qui est de la course \u00e0 l&#039;innovation. Pionnier dans de nombreux domaines et r\u00e9cemment le premier constructeur \u00e0 utiliser en course officielle le syst\u00e8me de r\u00e9cup\u00e9ration d&#039;\u00e9nergie au freinage, le KERS, bien avant la F1 (cf: <a href=\"http:\/\/blogs.thesocialmedia.com\/leblogmoto\/files\/2012\/07\/quand-ktm-prend.html_.png\" target=\"_blank\">KTM 125 KERS<\/a>).<\/p>\n<p>Apr\u00e8s le passage r\u00e9ussi de la <a href=\"http:\/\/www.leblogmoto.com\/ktm\/\" target=\"_blank\">moto<\/a> \u00e0 la voiture avec le <a href=\"http:\/\/www.leblogauto.com\/2009\/04\/essai-ktm-x-bow-de-la-piste-a-la-departementale.html\" target=\"_blank\">KTM X-Bow<\/a>, KTM se prend \u00e0 r\u00eaver \u00e0 la conqu\u00eate de nouveaux march\u00e9s. <\/p>\n<p> Des \u00e9tudiants de l&#039;universit\u00e9 de design de Joanneum de Graz en Autriche ont \u00e9t\u00e9 charg\u00e9s d&#039;inventer les futures machines de la marque dans le cadre d&#039;un projet avec le bureau de design, voil\u00e0 leurs 6 meilleures r\u00e9alisations&#8230; <\/p>\n<p><a href=\"http:\/\/clabedan.typepad.com\/.a\/6a00d83451b18369e2011570a2a4ad970b-pi\"><img decoding=\"async\" alt=\"KTM 360\u00b0\" class=\"at-xid-6a00d83451b18369e2011570a2a4ad970b \" src=\"http:\/\/blogs.thesocialmedia.com\/leblogmoto\/files\/2012\/07\/6a00d83451b18369e2011570a2a4ad970b-500wi.jpg\" \/><\/a><\/p>\n<p>Premier des projets int\u00e9ressants, une moto de stunt \u00e0 moteur \u00e9lectrique, la <strong>KTM 360\u00b0<\/strong>. Une moto l\u00e9g\u00e8re&#160; super silencieuse et tr\u00e8s maniable pour les acrobaties avec une fourche et un guidon pouvant tourner \u00e0 360\u00b0. Les \u00e9tudiants reprennent le c\u00e9l\u00e8bre syst\u00e8me de rotor invent\u00e9 dans les ann\u00e9es 1980 par le BMX avant d&#039;\u00eatre adapt\u00e9 \u00e0 la motocross pour le <a href=\"http:\/\/blogs.thesocialmedia.com\/leblogmoto\/files\/2012\/07\/index.html_70.png\" target=\"_blank\">FMX<\/a>&#8230;<\/p>\n<p>&#160;<a href=\"http:\/\/clabedan.typepad.com\/.a\/6a00d83451b18369e201156fad4a63970c-popup\"><img decoding=\"async\" alt=\"KTM 360\u00b0 2\" class=\"at-xid-6a00d83451b18369e201156fad4a63970c \" src=\"http:\/\/blogs.thesocialmedia.com\/leblogmoto\/files\/2012\/07\/6a00d83451b18369e201156fad4a63970c-500wi.jpg\" \/><\/a> <\/p>\n<p>Con\u00e7ue pour le stunt et les figures de freestyle la KTM 360\u00b0 est aussi pr\u00e9vue pour les transports quotidiens et innove avec un syst\u00e8me pour modifier \u00e0 la demande la hauteur de selle.<\/p>\n<p>Le <strong>KTM AX<\/strong> est un buggy dot\u00e9 de 4 roues directrices \u00e9quip\u00e9es chacune d&#039;un moteur \u00e9lectrique surpuissant. Rien ne doit lui r\u00e9sister, escaliers et trottoirs en ville ou dunes de sable&#8230;<\/p>\n<p><a href=\"http:\/\/blogs.thesocialmedia.com\/leblogmoto\/files\/2012\/07\/6a00d83451b18369e2011570a29e76970b-pi.jpg\"><img decoding=\"async\" alt=\"KTM AX\" class=\"at-xid-6a00d83451b18369e2011570a29e76970b \" src=\"http:\/\/blogs.thesocialmedia.com\/leblogmoto\/files\/2012\/07\/6a00d83451b18369e2011570a29e76970b-500wi.jpg\" \/><\/a> <\/p>\n<\/p>\n<p>Avant 2020, les \u00e9tudiants missionn\u00e9s par KTM pensent que la majeure partie des courses m\u00e9caniques auto et moto se fera par le grand public, le week-end, sur des circuits urbains improvis\u00e9s dans nos agglom\u00e9rations&#8230;<\/p>\n<p><a href=\"http:\/\/blogs.thesocialmedia.com\/leblogmoto\/files\/2012\/07\/6a00d83451b18369e2011570a2f5ec970b-pi.jpg\"><img decoding=\"async\" alt=\"KTM SR85\" class=\"at-xid-6a00d83451b18369e2011570a2f5ec970b \" src=\"http:\/\/blogs.thesocialmedia.com\/leblogmoto\/files\/2012\/07\/6a00d83451b18369e2011570a2f5ec970b-500wi.jpg\" \/><\/a> <\/p>\n<p> Ils proposent le dessin du <strong>KTM<\/strong> <strong>SR 85 Deuce<\/strong>, un v\u00e9hicule tr\u00e8s l\u00e9ger \u00e9quip\u00e9 d&#039;un moteur \u00e9lectrique tr\u00e8s coupleux et d&#039;un freinage surpuissant.<\/p>\n<p><a href=\"http:\/\/blogs.thesocialmedia.com\/leblogmoto\/files\/2012\/07\/6a00d83451b18369e201156fad439b970c-pi.jpg\"><img decoding=\"async\" alt=\"SR 85 Deuce\" class=\"at-xid-6a00d83451b18369e201156fad439b970c \" src=\"http:\/\/blogs.thesocialmedia.com\/leblogmoto\/files\/2012\/07\/6a00d83451b18369e201156fad439b970c-500wi.jpg\" \/><\/a><\/p>\n<\/p>\n<p>Le <strong>KTM Barracuda<\/strong> est un surpuissant <a href=\"http:\/\/fr.wikipedia.org\/wiki\/Hydropt%C3%A8re\" target=\"_blank\">hydropt\u00e8re<\/a> qui est cens\u00e9 devenir la r\u00e9f\u00e9rence sur l&#039;eau douce et l&#039;eau sal\u00e9. Extr\u00eamement agile et tr\u00e8s facile \u00e0 piloter pour un plaisancier moyen. <\/p>\n<p><a href=\"http:\/\/clabedan.typepad.com\/.a\/6a00d83451b18369e2011570a29fba970b-pi\"><img decoding=\"async\" alt=\"KTM Barracuda\" class=\"at-xid-6a00d83451b18369e2011570a29fba970b \" src=\"http:\/\/blogs.thesocialmedia.com\/leblogmoto\/files\/2012\/07\/6a00d83451b18369e2011570a29fba970b-500wi.jpg\" \/><\/a> <\/p>\n<p><a href=\"http:\/\/blogs.thesocialmedia.com\/leblogmoto\/files\/2012\/07\/6a00d83451b18369e2011570a2a9da970b-pi.jpg\"><img decoding=\"async\" alt=\"Barracuda\" class=\"at-xid-6a00d83451b18369e2011570a2a9da970b \" src=\"http:\/\/blogs.thesocialmedia.com\/leblogmoto\/files\/2012\/07\/6a00d83451b18369e2011570a2a9da970b-500wi.jpg\" \/><\/a><\/p>\n<\/p>\n<\/p>\n<\/p>\n<p>Toujours pour les sports nautiques les \u00e9tudiants ont propos\u00e9 la <strong>KTM CX<\/strong>, un scooter des mers \u00e9quip\u00e9 d&#039;une chenille \u00e0 l&#039;arri\u00e8re. Cette machine y ressemble beaucoup mais ce n&#039;est pas une motoneige. A l&#039;arr\u00eat la machine flotte \u00e0 moiti\u00e9 enfonc\u00e9e dans l&#039;eau, son pilote assis comme un surfeur sur sa planche attendant une vague. <\/p>\n<p><a href=\"http:\/\/blogs.thesocialmedia.com\/leblogmoto\/files\/2012\/07\/6a00d83451b18369e2011570a2a223970b-popup.png\"><img decoding=\"async\" alt=\"Ktm_cx_2\" class=\"at-xid-6a00d83451b18369e2011570a2a223970b \" src=\"http:\/\/blogs.thesocialmedia.com\/leblogmoto\/files\/2012\/07\/6a00d83451b18369e2011570a2a223970b-500wi.jpg\" \/><\/a> <\/p>\n<p>Terminons par le meilleur projet d&#039;un point de vue strictement motard, la <strong>KTM Ascender<\/strong>. \u00c9quip\u00e9e d&#039;une mini turbine elle peut voler 30 minutes \u00e0 une vitesse d&#039;un peu plus de 120 km\/h.&#160;<\/p>\n<p><a href=\"http:\/\/blogs.thesocialmedia.com\/leblogmoto\/files\/2012\/07\/6a00d83451b18369e201156fad467f970c-popup.png\"><img decoding=\"async\" alt=\"KTM Ascender 2\" class=\"at-xid-6a00d83451b18369e201156fad467f970c \" src=\"http:\/\/blogs.thesocialmedia.com\/leblogmoto\/files\/2012\/07\/6a00d83451b18369e201156fad467f970c-500wi.jpg\" \/><\/a> <\/p>\n<p>Cette moto volante, promise depuis tant d&#039;ann\u00e9es par des bricoleurs \u00e9clair\u00e9s, est destin\u00e9e \u00e0 participer \u00e0 des courses a\u00e9riennes, toujours le week end avec des amateurs \u00e0 leur commandes.<\/p>\n<p><a href=\"http:\/\/blogs.thesocialmedia.com\/leblogmoto\/files\/2012\/07\/6a00d83451b18369e201156fad465a970c-pi.jpg\"><img decoding=\"async\" alt=\"KTM Ascender\" class=\"at-xid-6a00d83451b18369e201156fad465a970c \" src=\"http:\/\/blogs.thesocialmedia.com\/leblogmoto\/files\/2012\/07\/6a00d83451b18369e201156fad465a970c-500wi.jpg\" \/><\/a> <\/p>\n<\/p>\n<p>Une petite dizaine d&#039;ann\u00e9es \u00e0 attendre pour voir lesquels des projets \u00e9taient les plus visionnaires. <\/p>\n<p><object height=\"344\" width=\"425\"><param name=\"movie\" value=\"http:\/\/www.youtube.com\/v\/v2wsSL0RFEU&amp;hl=en&amp;fs=1\" \/><param name=\"allowFullScreen\" value=\"true\" \/><param name=\"allowscriptaccess\" value=\"always\" \/><embed height=\"364\" src=\"http:\/\/www.youtube.com\/v\/v2wsSL0RFEU&amp;hl=en&amp;fs=1\" type=\"application\/x-shockwave-flash\" width=\"485\" \/><\/object><object height=\"344\" width=\"425\"><param name=\"movie\" value=\"http:\/\/www.youtube.com\/v\/sgTkyK1IY5E&amp;hl=en&amp;fs=1\" \/><param name=\"allowFullScreen\" value=\"true\" \/><param name=\"allowscriptaccess\" value=\"always\" \/><embed height=\"364\" src=\"http:\/\/www.youtube.com\/v\/sgTkyK1IY5E&amp;hl=en&amp;fs=1\" type=\"application\/x-shockwave-flash\" width=\"485\" \/><\/object><object height=\"344\" width=\"425\"><param name=\"movie\" value=\"http:\/\/www.youtube.com\/v\/PM0WfbPS7OA&amp;hl=en&amp;fs=1\" \/><param name=\"allowFullScreen\" value=\"true\" \/><param name=\"allowscriptaccess\" value=\"always\" \/><embed height=\"364\" src=\"http:\/\/www.youtube.com\/v\/PM0WfbPS7OA&amp;hl=en&amp;fs=1\" type=\"application\/x-shockwave-flash\" width=\"485\" \/><\/object><\/p>\n","protected":false},"excerpt":{"rendered":"<p>KTM est toujours dans les premiers constructeurs pour ce qui est de la course \u00e0 l&#039;innovation. Pionnier dans de nombreux domaines et r\u00e9cemment le premier constructeur \u00e0 utiliser en course officielle le syst\u00e8me de r\u00e9cup\u00e9ration d&#039;\u00e9nergie au freinage, le KERS, bien avant la F1 (cf: KTM 125 KERS). Apr\u00e8s le passage r\u00e9ussi de la moto [&hellip;]<\/p>\n","protected":false},"author":323,"featured_media":13662,"comment_status":"open","ping_status":"open","sticky":false,"template":"","format":"standard","meta":{"footnotes":""},"categories":[39],"tags":[],"class_list":["post-127","post","type-post","status-publish","format-standard","has-post-thumbnail","hentry","category-ktm"],"yoast_head":"<!-- This site is optimized with the Yoast SEO plugin v26.0 - https:\/\/yoast.com\/wordpress\/plugins\/seo\/ -->\n<title>Le futur de la marque KTM - leblogmoto.com<\/title>\n<meta name=\"robots\" content=\"index, follow, max-snippet:-1, max-image-preview:large, max-video-preview:-1\" \/>\n<link rel=\"canonical\" href=\"https:\/\/blogs.thesocialmedia.com\/leblogmoto\/2009\/05\/24\/le-futur-de-la-marque-ktm\/\" \/>\n<meta name=\"twitter:card\" content=\"summary_large_image\" \/>\n<meta name=\"twitter:title\" content=\"Le futur de la marque KTM - leblogmoto.com\" \/>\n<meta name=\"twitter:description\" content=\"KTM est toujours dans les premiers constructeurs pour ce qui est de la course \u00e0 l&#039;innovation. Pionnier dans de nombreux domaines et r\u00e9cemment le premier constructeur \u00e0 utiliser en course officielle le syst\u00e8me de r\u00e9cup\u00e9ration d&#039;\u00e9nergie au freinage, le KERS, bien avant la F1 (cf: KTM 125 KERS). Apr\u00e8s le passage r\u00e9ussi de la moto [&hellip;]\" \/>\n<meta name=\"twitter:image\" content=\"https:\/\/blogs.thesocialmedia.com\/leblogmoto\/files\/2012\/07\/6a00d83451b18369e2011570a29d10970b-500wi.jpg\" \/>\n<meta name=\"twitter:label1\" content=\"\u00c9crit par\" \/>\n\t<meta name=\"twitter:data1\" content=\"albin le guyader\" \/>\n\t<meta name=\"twitter:label2\" content=\"Dur\u00e9e de lecture estim\u00e9e\" \/>\n\t<meta name=\"twitter:data2\" content=\"2 minutes\" \/>\n<script type=\"application\/ld+json\" class=\"yoast-schema-graph\">{\"@context\":\"https:\/\/schema.org\",\"@graph\":[{\"@type\":\"WebPage\",\"@id\":\"https:\/\/blogs.thesocialmedia.com\/leblogmoto\/2009\/05\/24\/le-futur-de-la-marque-ktm\/\",\"url\":\"https:\/\/blogs.thesocialmedia.com\/leblogmoto\/2009\/05\/24\/le-futur-de-la-marque-ktm\/\",\"name\":\"Le futur de la marque KTM - leblogmoto.com\",\"isPartOf\":{\"@id\":\"https:\/\/blogs.thesocialmedia.com\/leblogmoto\/#website\"},\"primaryImageOfPage\":{\"@id\":\"https:\/\/blogs.thesocialmedia.com\/leblogmoto\/2009\/05\/24\/le-futur-de-la-marque-ktm\/#primaryimage\"},\"image\":{\"@id\":\"https:\/\/blogs.thesocialmedia.com\/leblogmoto\/2009\/05\/24\/le-futur-de-la-marque-ktm\/#primaryimage\"},\"thumbnailUrl\":\"https:\/\/blogs.thesocialmedia.com\/leblogmoto\/files\/2012\/07\/6a00d83451b18369e2011570a29d10970b-500wi.jpg\",\"datePublished\":\"2009-05-24T00:03:00+00:00\",\"dateModified\":\"2012-07-11T17:28:51+00:00\",\"author\":{\"@id\":\"https:\/\/blogs.thesocialmedia.com\/leblogmoto\/#\/schema\/person\/b496d27c898c29a39678e2425cafb9ae\"},\"breadcrumb\":{\"@id\":\"https:\/\/blogs.thesocialmedia.com\/leblogmoto\/2009\/05\/24\/le-futur-de-la-marque-ktm\/#breadcrumb\"},\"inLanguage\":\"fr-FR\",\"potentialAction\":[{\"@type\":\"ReadAction\",\"target\":[\"https:\/\/blogs.thesocialmedia.com\/leblogmoto\/2009\/05\/24\/le-futur-de-la-marque-ktm\/\"]}]},{\"@type\":\"ImageObject\",\"inLanguage\":\"fr-FR\",\"@id\":\"https:\/\/blogs.thesocialmedia.com\/leblogmoto\/2009\/05\/24\/le-futur-de-la-marque-ktm\/#primaryimage\",\"url\":\"https:\/\/blogs.thesocialmedia.com\/leblogmoto\/files\/2012\/07\/6a00d83451b18369e2011570a29d10970b-500wi.jpg\",\"contentUrl\":\"https:\/\/blogs.thesocialmedia.com\/leblogmoto\/files\/2012\/07\/6a00d83451b18369e2011570a29d10970b-500wi.jpg\",\"width\":\"450\",\"height\":\"345\"},{\"@type\":\"BreadcrumbList\",\"@id\":\"https:\/\/blogs.thesocialmedia.com\/leblogmoto\/2009\/05\/24\/le-futur-de-la-marque-ktm\/#breadcrumb\",\"itemListElement\":[{\"@type\":\"ListItem\",\"position\":1,\"name\":\"Accueil\",\"item\":\"https:\/\/blogs.thesocialmedia.com\/leblogmoto\/\"},{\"@type\":\"ListItem\",\"position\":2,\"name\":\"Le futur de la marque KTM\"}]},{\"@type\":\"WebSite\",\"@id\":\"https:\/\/blogs.thesocialmedia.com\/leblogmoto\/#website\",\"url\":\"https:\/\/blogs.thesocialmedia.com\/leblogmoto\/\",\"name\":\"leblogmoto\",\"description\":\"Toute l&#039;actualit\u00e9 des 2 roues\",\"potentialAction\":[{\"@type\":\"SearchAction\",\"target\":{\"@type\":\"EntryPoint\",\"urlTemplate\":\"https:\/\/blogs.thesocialmedia.com\/leblogmoto\/?s={search_term_string}\"},\"query-input\":{\"@type\":\"PropertyValueSpecification\",\"valueRequired\":true,\"valueName\":\"search_term_string\"}}],\"inLanguage\":\"fr-FR\"},{\"@type\":\"Person\",\"@id\":\"https:\/\/blogs.thesocialmedia.com\/leblogmoto\/#\/schema\/person\/b496d27c898c29a39678e2425cafb9ae\",\"name\":\"albin le guyader\",\"image\":{\"@type\":\"ImageObject\",\"inLanguage\":\"fr-FR\",\"@id\":\"https:\/\/blogs.thesocialmedia.com\/leblogmoto\/#\/schema\/person\/image\/\",\"url\":\"https:\/\/secure.gravatar.com\/avatar\/?s=96&d=mm&r=g\",\"contentUrl\":\"https:\/\/secure.gravatar.com\/avatar\/?s=96&d=mm&r=g\",\"caption\":\"albin le guyader\"},\"url\":\"https:\/\/blogs.thesocialmedia.com\/leblogmoto\/author\/albin-le-guyader\/\"}]}<\/script>\n<!-- \/ Yoast SEO plugin. -->","yoast_head_json":{"title":"Le futur de la marque KTM - leblogmoto.com","robots":{"index":"index","follow":"follow","max-snippet":"max-snippet:-1","max-image-preview":"max-image-preview:large","max-video-preview":"max-video-preview:-1"},"canonical":"https:\/\/blogs.thesocialmedia.com\/leblogmoto\/2009\/05\/24\/le-futur-de-la-marque-ktm\/","twitter_card":"summary_large_image","twitter_title":"Le futur de la marque KTM - leblogmoto.com","twitter_description":"KTM est toujours dans les premiers constructeurs pour ce qui est de la course \u00e0 l&#039;innovation. Pionnier dans de nombreux domaines et r\u00e9cemment le premier constructeur \u00e0 utiliser en course officielle le syst\u00e8me de r\u00e9cup\u00e9ration d&#039;\u00e9nergie au freinage, le KERS, bien avant la F1 (cf: KTM 125 KERS). Apr\u00e8s le passage r\u00e9ussi de la moto [&hellip;]","twitter_image":"https:\/\/blogs.thesocialmedia.com\/leblogmoto\/files\/2012\/07\/6a00d83451b18369e2011570a29d10970b-500wi.jpg","twitter_misc":{"\u00c9crit par":"albin le guyader","Dur\u00e9e de lecture estim\u00e9e":"2 minutes"},"schema":{"@context":"https:\/\/schema.org","@graph":[{"@type":"WebPage","@id":"https:\/\/blogs.thesocialmedia.com\/leblogmoto\/2009\/05\/24\/le-futur-de-la-marque-ktm\/","url":"https:\/\/blogs.thesocialmedia.com\/leblogmoto\/2009\/05\/24\/le-futur-de-la-marque-ktm\/","name":"Le futur de la marque KTM - leblogmoto.com","isPartOf":{"@id":"https:\/\/blogs.thesocialmedia.com\/leblogmoto\/#website"},"primaryImageOfPage":{"@id":"https:\/\/blogs.thesocialmedia.com\/leblogmoto\/2009\/05\/24\/le-futur-de-la-marque-ktm\/#primaryimage"},"image":{"@id":"https:\/\/blogs.thesocialmedia.com\/leblogmoto\/2009\/05\/24\/le-futur-de-la-marque-ktm\/#primaryimage"},"thumbnailUrl":"https:\/\/blogs.thesocialmedia.com\/leblogmoto\/files\/2012\/07\/6a00d83451b18369e2011570a29d10970b-500wi.jpg","datePublished":"2009-05-24T00:03:00+00:00","dateModified":"2012-07-11T17:28:51+00:00","author":{"@id":"https:\/\/blogs.thesocialmedia.com\/leblogmoto\/#\/schema\/person\/b496d27c898c29a39678e2425cafb9ae"},"breadcrumb":{"@id":"https:\/\/blogs.thesocialmedia.com\/leblogmoto\/2009\/05\/24\/le-futur-de-la-marque-ktm\/#breadcrumb"},"inLanguage":"fr-FR","potentialAction":[{"@type":"ReadAction","target":["https:\/\/blogs.thesocialmedia.com\/leblogmoto\/2009\/05\/24\/le-futur-de-la-marque-ktm\/"]}]},{"@type":"ImageObject","inLanguage":"fr-FR","@id":"https:\/\/blogs.thesocialmedia.com\/leblogmoto\/2009\/05\/24\/le-futur-de-la-marque-ktm\/#primaryimage","url":"https:\/\/blogs.thesocialmedia.com\/leblogmoto\/files\/2012\/07\/6a00d83451b18369e2011570a29d10970b-500wi.jpg","contentUrl":"https:\/\/blogs.thesocialmedia.com\/leblogmoto\/files\/2012\/07\/6a00d83451b18369e2011570a29d10970b-500wi.jpg","width":"450","height":"345"},{"@type":"BreadcrumbList","@id":"https:\/\/blogs.thesocialmedia.com\/leblogmoto\/2009\/05\/24\/le-futur-de-la-marque-ktm\/#breadcrumb","itemListElement":[{"@type":"ListItem","position":1,"name":"Accueil","item":"https:\/\/blogs.thesocialmedia.com\/leblogmoto\/"},{"@type":"ListItem","position":2,"name":"Le futur de la marque KTM"}]},{"@type":"WebSite","@id":"https:\/\/blogs.thesocialmedia.com\/leblogmoto\/#website","url":"https:\/\/blogs.thesocialmedia.com\/leblogmoto\/","name":"leblogmoto","description":"Toute l&#039;actualit\u00e9 des 2 roues","potentialAction":[{"@type":"SearchAction","target":{"@type":"EntryPoint","urlTemplate":"https:\/\/blogs.thesocialmedia.com\/leblogmoto\/?s={search_term_string}"},"query-input":{"@type":"PropertyValueSpecification","valueRequired":true,"valueName":"search_term_string"}}],"inLanguage":"fr-FR"},{"@type":"Person","@id":"https:\/\/blogs.thesocialmedia.com\/leblogmoto\/#\/schema\/person\/b496d27c898c29a39678e2425cafb9ae","name":"albin le guyader","image":{"@type":"ImageObject","inLanguage":"fr-FR","@id":"https:\/\/blogs.thesocialmedia.com\/leblogmoto\/#\/schema\/person\/image\/","url":"https:\/\/secure.gravatar.com\/avatar\/?s=96&d=mm&r=g","contentUrl":"https:\/\/secure.gravatar.com\/avatar\/?s=96&d=mm&r=g","caption":"albin le guyader"},"url":"https:\/\/blogs.thesocialmedia.com\/leblogmoto\/author\/albin-le-guyader\/"}]}},"_links":{"self":[{"href":"https:\/\/blogs.thesocialmedia.com\/leblogmoto\/wp-json\/wp\/v2\/posts\/127","targetHints":{"allow":["GET"]}}],"collection":[{"href":"https:\/\/blogs.thesocialmedia.com\/leblogmoto\/wp-json\/wp\/v2\/posts"}],"about":[{"href":"https:\/\/blogs.thesocialmedia.com\/leblogmoto\/wp-json\/wp\/v2\/types\/post"}],"author":[{"embeddable":true,"href":"https:\/\/blogs.thesocialmedia.com\/leblogmoto\/wp-json\/wp\/v2\/users\/323"}],"replies":[{"embeddable":true,"href":"https:\/\/blogs.thesocialmedia.com\/leblogmoto\/wp-json\/wp\/v2\/comments?post=127"}],"version-history":[{"count":2,"href":"https:\/\/blogs.thesocialmedia.com\/leblogmoto\/wp-json\/wp\/v2\/posts\/127\/revisions"}],"predecessor-version":[{"id":13681,"href":"https:\/\/blogs.thesocialmedia.com\/leblogmoto\/wp-json\/wp\/v2\/posts\/127\/revisions\/13681"}],"wp:featuredmedia":[{"embeddable":true,"href":"https:\/\/blogs.thesocialmedia.com\/leblogmoto\/wp-json\/wp\/v2\/media\/13662"}],"wp:attachment":[{"href":"https:\/\/blogs.thesocialmedia.com\/leblogmoto\/wp-json\/wp\/v2\/media?parent=127"}],"wp:term":[{"taxonomy":"category","embeddable":true,"href":"https:\/\/blogs.thesocialmedia.com\/leblogmoto\/wp-json\/wp\/v2\/categories?post=127"},{"taxonomy":"post_tag","embeddable":true,"href":"https:\/\/blogs.thesocialmedia.com\/leblogmoto\/wp-json\/wp\/v2\/tags?post=127"}],"curies":[{"name":"wp","href":"https:\/\/api.w.org\/{rel}","templated":true}]}}