{"id":1270,"date":"2007-09-18T18:34:12","date_gmt":"2007-09-18T18:34:12","guid":{"rendered":"http:\/\/blogs.thesocialmedia.com\/leblogmoto\/2007\/09\/18\/moto-gp-laffair\/"},"modified":"2012-07-11T14:44:07","modified_gmt":"2012-07-11T14:44:07","slug":"moto-gp-laffair","status":"publish","type":"post","link":"https:\/\/blogs.thesocialmedia.com\/leblogmoto\/2007\/09\/18\/moto-gp-laffair\/","title":{"rendered":"Moto GP : L&rsquo;affaire Hofmann n&rsquo;est pas termin\u00e9e!"},"content":{"rendered":"<p><a href=\"http:\/\/blogs.thesocialmedia.com\/leblogmoto\/files\/2012\/07\/alex_hofmann_portrait.jpg\"><img loading=\"lazy\" decoding=\"async\" width=\"250\" height=\"302\"  alt=\"Alex_hofmann_portrait\" src=\"http:\/\/www.leblogmoto.com\/images\/2007\/09\/18\/alex_hofmann_portrait.jpg\" style=\"margin: 0px 5px 5px 0px;float: left\" \/><\/a> Souvenez vous, lors du dernier <a href=\"http:\/\/www.leblogmoto.com\/motogp\/index.html\">Grand Prix<\/a> du Portugal, Le pilote <a href=\"http:\/\/www.leblogmoto.com\/ducati\/index.html\">Ducati<\/a> <strong>Alex Hofmann<\/strong> jette l&rsquo;\u00e9ponge d\u00e8s le d\u00e9part de l&rsquo;\u00e9preuve. Victime d&rsquo;un soucis m\u00e9canique avec sa moto, il s&rsquo;arr\u00eate aux stands pour en changer. Au moment de repartir, il s&rsquo;aper\u00e7oit que l&rsquo;avant dernier concurrent se trouve \u00e0 plus de 6 secondes devant lui. Alex Hofmann subit alors une baisse de moral ph\u00e9nom\u00e9nale est d\u00e9cide de ne pas repartir : <em><span class=\"texte4\" style=\"text-align: justify\">&quot;Ce n&rsquo;\u00e9tait pas mon jour. Tout d&rsquo;abord j&rsquo;ai eu un probl\u00e8me avec ma premi\u00e8re moto alors que je me dirigeais vers la grille de d\u00e9part. J&rsquo;ai donc \u00e9t\u00e9 oblig\u00e9 de repasser par les stands pour changer de moto. Quand la course a d\u00e9marr\u00e9 j&rsquo;ai vu que j&rsquo;\u00e9tais six secondes derri\u00e8re l&rsquo;avant dernier, je n&rsquo;ai pas eu la motivation pour me battre pour cette derni\u00e8re place. Je suis vraiment d\u00e9sol\u00e9 d\u2019avoir r\u00e9agi ainsi&quot;.<\/span><\/em><\/p>\n<p><span class=\"texte4\" style=\"text-align: justify\">R\u00e9sultat des courses, Hofmann se fait licencier par son team <strong>Pramac d&rsquo;Antin<\/strong> d\u00e8s le lendemain du GP. Evidemment, il n&rsquo;en aurait pas \u00e9t\u00e9 ainsi si le team comptait sur Alex Hofmann pour la saison 2008, <strong>Luis d&rsquo;Antin<\/strong> ayant d\u00e9j\u00e0 officiellement recrut\u00e9 le fran\u00e7ais <strong>Sylvain Guintoli<\/strong>.<\/span> <\/p>\n<p><span class=\"texte4\" style=\"text-align: justify\">Pour l&rsquo;ex pilote, l&rsquo;affaire ne s&rsquo;arr\u00eatera pas l\u00e0. Il a indiqu\u00e9 qu&rsquo;il pourrait se pourvoir en justice pour licenciement abusif : <em>&quot;<\/em><\/span><em>Les reproches qu&rsquo;ont formul\u00e9s les dirigeants de l&rsquo;\u00e9curie portent atteinte \u00e0 ma r\u00e9putation. Parler \u00e0 mon propos de manque de motivation est dur \u00e0 dig\u00e9rer&quot;<\/em>, a expliqu\u00e9 <strong>Hofmann<\/strong> \u00e0 l&rsquo;agence allemande d&rsquo;informations sportives <strong>SID<\/strong>. <em>&quot;Je vais consulter un avocat et examiner les recours possibles&quot;<\/em>, a-t-il ajout\u00e9.<\/p>\n<p>Reste que pour le moment, Ales Hofmann se retrouve sans guidon et ne pourra pas terminer cette saison 2007 au guidon de sa GP7. La saison 2008 est quant \u00e0 elle d\u00e9j\u00e0 bien compromise, le pilote de 27 ans n&rsquo;attirant pas vraiment les regards sur lui cette ann\u00e9e. Une fin de carri\u00e8re <a href=\"http:\/\/www.leblogmoto.com\/motogp\/index.html\">moto GP<\/a> se profile-t-elle?<\/p>\n","protected":false},"excerpt":{"rendered":"<p>Souvenez vous, lors du dernier Grand Prix du Portugal, Le pilote Ducati Alex Hofmann jette l&rsquo;\u00e9ponge d\u00e8s le d\u00e9part de l&rsquo;\u00e9preuve. Victime d&rsquo;un soucis m\u00e9canique avec sa moto, il s&rsquo;arr\u00eate aux stands pour en changer. Au moment de repartir, il s&rsquo;aper\u00e7oit que l&rsquo;avant dernier concurrent se trouve \u00e0 plus de 6 secondes devant lui. Alex [&hellip;]<\/p>\n","protected":false},"author":330,"featured_media":0,"comment_status":"open","ping_status":"open","sticky":false,"template":"","format":"standard","meta":{"footnotes":""},"categories":[3,41,22],"tags":[],"class_list":["post-1270","post","type-post","status-publish","format-standard","hentry","category-actualite","category-ducati","category-motogp"],"yoast_head":"<!-- This site is optimized with the Yoast SEO plugin v26.0 - https:\/\/yoast.com\/wordpress\/plugins\/seo\/ -->\n<title>Moto GP : L&#039;affaire Hofmann n&#039;est pas termin\u00e9e! - leblogmoto.com<\/title>\n<meta name=\"robots\" content=\"index, follow, max-snippet:-1, max-image-preview:large, max-video-preview:-1\" \/>\n<link rel=\"canonical\" href=\"https:\/\/blogs.thesocialmedia.com\/leblogmoto\/2007\/09\/18\/moto-gp-laffair\/\" \/>\n<meta name=\"twitter:card\" content=\"summary_large_image\" \/>\n<meta name=\"twitter:title\" content=\"Moto GP : L&#039;affaire Hofmann n&#039;est pas termin\u00e9e! - leblogmoto.com\" \/>\n<meta name=\"twitter:description\" content=\"Souvenez vous, lors du dernier Grand Prix du Portugal, Le pilote Ducati Alex Hofmann jette l&rsquo;\u00e9ponge d\u00e8s le d\u00e9part de l&rsquo;\u00e9preuve. Victime d&rsquo;un soucis m\u00e9canique avec sa moto, il s&rsquo;arr\u00eate aux stands pour en changer. Au moment de repartir, il s&rsquo;aper\u00e7oit que l&rsquo;avant dernier concurrent se trouve \u00e0 plus de 6 secondes devant lui. Alex [&hellip;]\" \/>\n<meta name=\"twitter:image\" content=\"http:\/\/www.leblogmoto.com\/images\/2007\/09\/18\/alex_hofmann_portrait.jpg\" \/>\n<meta name=\"twitter:label1\" content=\"\u00c9crit par\" \/>\n\t<meta name=\"twitter:data1\" content=\"thierry marsal\" \/>\n\t<meta name=\"twitter:label2\" content=\"Dur\u00e9e de lecture estim\u00e9e\" \/>\n\t<meta name=\"twitter:data2\" content=\"2 minutes\" \/>\n<script type=\"application\/ld+json\" class=\"yoast-schema-graph\">{\"@context\":\"https:\/\/schema.org\",\"@graph\":[{\"@type\":\"WebPage\",\"@id\":\"https:\/\/blogs.thesocialmedia.com\/leblogmoto\/2007\/09\/18\/moto-gp-laffair\/\",\"url\":\"https:\/\/blogs.thesocialmedia.com\/leblogmoto\/2007\/09\/18\/moto-gp-laffair\/\",\"name\":\"Moto GP : L'affaire Hofmann n'est pas termin\u00e9e! - leblogmoto.com\",\"isPartOf\":{\"@id\":\"https:\/\/blogs.thesocialmedia.com\/leblogmoto\/#website\"},\"primaryImageOfPage\":{\"@id\":\"https:\/\/blogs.thesocialmedia.com\/leblogmoto\/2007\/09\/18\/moto-gp-laffair\/#primaryimage\"},\"image\":{\"@id\":\"https:\/\/blogs.thesocialmedia.com\/leblogmoto\/2007\/09\/18\/moto-gp-laffair\/#primaryimage\"},\"thumbnailUrl\":\"http:\/\/www.leblogmoto.com\/images\/2007\/09\/18\/alex_hofmann_portrait.jpg\",\"datePublished\":\"2007-09-18T18:34:12+00:00\",\"dateModified\":\"2012-07-11T14:44:07+00:00\",\"author\":{\"@id\":\"https:\/\/blogs.thesocialmedia.com\/leblogmoto\/#\/schema\/person\/d20f219f162e8b5de4ea78c909c5be45\"},\"breadcrumb\":{\"@id\":\"https:\/\/blogs.thesocialmedia.com\/leblogmoto\/2007\/09\/18\/moto-gp-laffair\/#breadcrumb\"},\"inLanguage\":\"fr-FR\",\"potentialAction\":[{\"@type\":\"ReadAction\",\"target\":[\"https:\/\/blogs.thesocialmedia.com\/leblogmoto\/2007\/09\/18\/moto-gp-laffair\/\"]}]},{\"@type\":\"ImageObject\",\"inLanguage\":\"fr-FR\",\"@id\":\"https:\/\/blogs.thesocialmedia.com\/leblogmoto\/2007\/09\/18\/moto-gp-laffair\/#primaryimage\",\"url\":\"http:\/\/www.leblogmoto.com\/images\/2007\/09\/18\/alex_hofmann_portrait.jpg\",\"contentUrl\":\"http:\/\/www.leblogmoto.com\/images\/2007\/09\/18\/alex_hofmann_portrait.jpg\"},{\"@type\":\"BreadcrumbList\",\"@id\":\"https:\/\/blogs.thesocialmedia.com\/leblogmoto\/2007\/09\/18\/moto-gp-laffair\/#breadcrumb\",\"itemListElement\":[{\"@type\":\"ListItem\",\"position\":1,\"name\":\"Accueil\",\"item\":\"https:\/\/blogs.thesocialmedia.com\/leblogmoto\/\"},{\"@type\":\"ListItem\",\"position\":2,\"name\":\"Moto GP : L&rsquo;affaire Hofmann n&rsquo;est pas termin\u00e9e!\"}]},{\"@type\":\"WebSite\",\"@id\":\"https:\/\/blogs.thesocialmedia.com\/leblogmoto\/#website\",\"url\":\"https:\/\/blogs.thesocialmedia.com\/leblogmoto\/\",\"name\":\"leblogmoto\",\"description\":\"Toute l&#039;actualit\u00e9 des 2 roues\",\"potentialAction\":[{\"@type\":\"SearchAction\",\"target\":{\"@type\":\"EntryPoint\",\"urlTemplate\":\"https:\/\/blogs.thesocialmedia.com\/leblogmoto\/?s={search_term_string}\"},\"query-input\":{\"@type\":\"PropertyValueSpecification\",\"valueRequired\":true,\"valueName\":\"search_term_string\"}}],\"inLanguage\":\"fr-FR\"},{\"@type\":\"Person\",\"@id\":\"https:\/\/blogs.thesocialmedia.com\/leblogmoto\/#\/schema\/person\/d20f219f162e8b5de4ea78c909c5be45\",\"name\":\"thierry marsal\",\"image\":{\"@type\":\"ImageObject\",\"inLanguage\":\"fr-FR\",\"@id\":\"https:\/\/blogs.thesocialmedia.com\/leblogmoto\/#\/schema\/person\/image\/\",\"url\":\"https:\/\/secure.gravatar.com\/avatar\/?s=96&d=mm&r=g\",\"contentUrl\":\"https:\/\/secure.gravatar.com\/avatar\/?s=96&d=mm&r=g\",\"caption\":\"thierry marsal\"},\"url\":\"https:\/\/blogs.thesocialmedia.com\/leblogmoto\/author\/thierry-marsal\/\"}]}<\/script>\n<!-- \/ Yoast SEO plugin. -->","yoast_head_json":{"title":"Moto GP : L'affaire Hofmann n'est pas termin\u00e9e! - leblogmoto.com","robots":{"index":"index","follow":"follow","max-snippet":"max-snippet:-1","max-image-preview":"max-image-preview:large","max-video-preview":"max-video-preview:-1"},"canonical":"https:\/\/blogs.thesocialmedia.com\/leblogmoto\/2007\/09\/18\/moto-gp-laffair\/","twitter_card":"summary_large_image","twitter_title":"Moto GP : L'affaire Hofmann n'est pas termin\u00e9e! - leblogmoto.com","twitter_description":"Souvenez vous, lors du dernier Grand Prix du Portugal, Le pilote Ducati Alex Hofmann jette l&rsquo;\u00e9ponge d\u00e8s le d\u00e9part de l&rsquo;\u00e9preuve. Victime d&rsquo;un soucis m\u00e9canique avec sa moto, il s&rsquo;arr\u00eate aux stands pour en changer. Au moment de repartir, il s&rsquo;aper\u00e7oit que l&rsquo;avant dernier concurrent se trouve \u00e0 plus de 6 secondes devant lui. Alex [&hellip;]","twitter_image":"http:\/\/www.leblogmoto.com\/images\/2007\/09\/18\/alex_hofmann_portrait.jpg","twitter_misc":{"\u00c9crit par":"thierry marsal","Dur\u00e9e de lecture estim\u00e9e":"2 minutes"},"schema":{"@context":"https:\/\/schema.org","@graph":[{"@type":"WebPage","@id":"https:\/\/blogs.thesocialmedia.com\/leblogmoto\/2007\/09\/18\/moto-gp-laffair\/","url":"https:\/\/blogs.thesocialmedia.com\/leblogmoto\/2007\/09\/18\/moto-gp-laffair\/","name":"Moto GP : L'affaire Hofmann n'est pas termin\u00e9e! - leblogmoto.com","isPartOf":{"@id":"https:\/\/blogs.thesocialmedia.com\/leblogmoto\/#website"},"primaryImageOfPage":{"@id":"https:\/\/blogs.thesocialmedia.com\/leblogmoto\/2007\/09\/18\/moto-gp-laffair\/#primaryimage"},"image":{"@id":"https:\/\/blogs.thesocialmedia.com\/leblogmoto\/2007\/09\/18\/moto-gp-laffair\/#primaryimage"},"thumbnailUrl":"http:\/\/www.leblogmoto.com\/images\/2007\/09\/18\/alex_hofmann_portrait.jpg","datePublished":"2007-09-18T18:34:12+00:00","dateModified":"2012-07-11T14:44:07+00:00","author":{"@id":"https:\/\/blogs.thesocialmedia.com\/leblogmoto\/#\/schema\/person\/d20f219f162e8b5de4ea78c909c5be45"},"breadcrumb":{"@id":"https:\/\/blogs.thesocialmedia.com\/leblogmoto\/2007\/09\/18\/moto-gp-laffair\/#breadcrumb"},"inLanguage":"fr-FR","potentialAction":[{"@type":"ReadAction","target":["https:\/\/blogs.thesocialmedia.com\/leblogmoto\/2007\/09\/18\/moto-gp-laffair\/"]}]},{"@type":"ImageObject","inLanguage":"fr-FR","@id":"https:\/\/blogs.thesocialmedia.com\/leblogmoto\/2007\/09\/18\/moto-gp-laffair\/#primaryimage","url":"http:\/\/www.leblogmoto.com\/images\/2007\/09\/18\/alex_hofmann_portrait.jpg","contentUrl":"http:\/\/www.leblogmoto.com\/images\/2007\/09\/18\/alex_hofmann_portrait.jpg"},{"@type":"BreadcrumbList","@id":"https:\/\/blogs.thesocialmedia.com\/leblogmoto\/2007\/09\/18\/moto-gp-laffair\/#breadcrumb","itemListElement":[{"@type":"ListItem","position":1,"name":"Accueil","item":"https:\/\/blogs.thesocialmedia.com\/leblogmoto\/"},{"@type":"ListItem","position":2,"name":"Moto GP : L&rsquo;affaire Hofmann n&rsquo;est pas termin\u00e9e!"}]},{"@type":"WebSite","@id":"https:\/\/blogs.thesocialmedia.com\/leblogmoto\/#website","url":"https:\/\/blogs.thesocialmedia.com\/leblogmoto\/","name":"leblogmoto","description":"Toute l&#039;actualit\u00e9 des 2 roues","potentialAction":[{"@type":"SearchAction","target":{"@type":"EntryPoint","urlTemplate":"https:\/\/blogs.thesocialmedia.com\/leblogmoto\/?s={search_term_string}"},"query-input":{"@type":"PropertyValueSpecification","valueRequired":true,"valueName":"search_term_string"}}],"inLanguage":"fr-FR"},{"@type":"Person","@id":"https:\/\/blogs.thesocialmedia.com\/leblogmoto\/#\/schema\/person\/d20f219f162e8b5de4ea78c909c5be45","name":"thierry marsal","image":{"@type":"ImageObject","inLanguage":"fr-FR","@id":"https:\/\/blogs.thesocialmedia.com\/leblogmoto\/#\/schema\/person\/image\/","url":"https:\/\/secure.gravatar.com\/avatar\/?s=96&d=mm&r=g","contentUrl":"https:\/\/secure.gravatar.com\/avatar\/?s=96&d=mm&r=g","caption":"thierry marsal"},"url":"https:\/\/blogs.thesocialmedia.com\/leblogmoto\/author\/thierry-marsal\/"}]}},"_links":{"self":[{"href":"https:\/\/blogs.thesocialmedia.com\/leblogmoto\/wp-json\/wp\/v2\/posts\/1270","targetHints":{"allow":["GET"]}}],"collection":[{"href":"https:\/\/blogs.thesocialmedia.com\/leblogmoto\/wp-json\/wp\/v2\/posts"}],"about":[{"href":"https:\/\/blogs.thesocialmedia.com\/leblogmoto\/wp-json\/wp\/v2\/types\/post"}],"author":[{"embeddable":true,"href":"https:\/\/blogs.thesocialmedia.com\/leblogmoto\/wp-json\/wp\/v2\/users\/330"}],"replies":[{"embeddable":true,"href":"https:\/\/blogs.thesocialmedia.com\/leblogmoto\/wp-json\/wp\/v2\/comments?post=1270"}],"version-history":[{"count":2,"href":"https:\/\/blogs.thesocialmedia.com\/leblogmoto\/wp-json\/wp\/v2\/posts\/1270\/revisions"}],"predecessor-version":[{"id":8667,"href":"https:\/\/blogs.thesocialmedia.com\/leblogmoto\/wp-json\/wp\/v2\/posts\/1270\/revisions\/8667"}],"wp:attachment":[{"href":"https:\/\/blogs.thesocialmedia.com\/leblogmoto\/wp-json\/wp\/v2\/media?parent=1270"}],"wp:term":[{"taxonomy":"category","embeddable":true,"href":"https:\/\/blogs.thesocialmedia.com\/leblogmoto\/wp-json\/wp\/v2\/categories?post=1270"},{"taxonomy":"post_tag","embeddable":true,"href":"https:\/\/blogs.thesocialmedia.com\/leblogmoto\/wp-json\/wp\/v2\/tags?post=1270"}],"curies":[{"name":"wp","href":"https:\/\/api.w.org\/{rel}","templated":true}]}}