{"id":1274,"date":"2007-09-15T16:20:04","date_gmt":"2007-09-15T16:20:04","guid":{"rendered":"http:\/\/blogs.thesocialmedia.com\/leblogmoto\/2007\/09\/15\/un-burn-qui-tou\/"},"modified":"2012-07-11T14:43:57","modified_gmt":"2012-07-11T14:43:57","slug":"un-burn-qui-tou","status":"publish","type":"post","link":"https:\/\/blogs.thesocialmedia.com\/leblogmoto\/2007\/09\/15\/un-burn-qui-tou\/","title":{"rendered":"Un burn qui tourne mal"},"content":{"rendered":"<p><a href=\"http:\/\/blogs.thesocialmedia.com\/leblogmoto\/files\/2012\/07\/burnout.jpg\"><img loading=\"lazy\" decoding=\"async\" width=\"470\" height=\"323\"  src=\"http:\/\/www.leblogmoto.com\/images\/2007\/09\/15\/burnout.jpg\" alt=\"Burnout\" \/><\/a> <br \/>Avant d&rsquo;enfourcher la moto \u00e9l\u00e9ctrique la plus rapide du monde Bill Dube pr\u00e9cise qu&rsquo;il n&rsquo;est pas le pilote officiel, juste l&rsquo;inventeur de la moto&#8230;<\/p>\n<p>La moto est une KillaCycle, elle p\u00e8se un peu moins de 300 kg et passe de 0 \u00e0 100 km\/h en une petite seconde. R\u00e9cemment elle a \u00e9tabli un nouveau record de vitesse avec 155 mph soit presque 260 km\/h.<\/p>\n<p>Lors d&rsquo;une exposition au palais des congr\u00e8s de Los Angeles cette semaine et d&rsquo;une interview pour une cha\u00eene locale, Bill Dube veut faire &quot;un petit burn&quot; et se fait emporter par la puissance.<\/p>\n<p>Il ne portait aucune protection ni casque et aurait p\u00fb \u00eatre tu\u00e9 par la machine qu&rsquo;il a invent\u00e9. Il s&rsquo;en sort avec quelques \u00e9gratignures et la peur de sa vie&#8230;<\/p>\n<p> <\/p>\n<p><object width=\"425\" height=\"350\"><param name=\"movie\" value=\"http:\/\/www.youtube.com\/v\/1pM1j2d1RMU\" \/><param name=\"wmode\" value=\"transparent\" \/><embed width=\"425\" height=\"350\" src=\"http:\/\/www.youtube.com\/v\/1pM1j2d1RMU\" type=\"application\/x-shockwave-flash\"><\/embed><\/object><\/p>\n<p><object width=\"425\" height=\"350\"><param name=\"movie\" value=\"http:\/\/www.youtube.com\/v\/GDHJNG2PngQ\" \/><param name=\"wmode\" value=\"transparent\" \/><embed width=\"425\" height=\"350\" src=\"http:\/\/www.youtube.com\/v\/GDHJNG2PngQ\" type=\"application\/x-shockwave-flash\"><\/embed><\/object><\/p>\n<p> <\/p>\n<p>Source: <a href=\"http:\/\/www.killacycle.com\/2007\/09\/13\/im-fine-scapes-and-cuts-bike-is-a-little-bent\/\">KillaCycle<\/a> <\/p>\n<p><object width=\"425\" height=\"350\"><\/object><\/p>\n","protected":false},"excerpt":{"rendered":"<p>Avant d&rsquo;enfourcher la moto \u00e9l\u00e9ctrique la plus rapide du monde Bill Dube pr\u00e9cise qu&rsquo;il n&rsquo;est pas le pilote officiel, juste l&rsquo;inventeur de la moto&#8230; La moto est une KillaCycle, elle p\u00e8se un peu moins de 300 kg et passe de 0 \u00e0 100 km\/h en une petite seconde. R\u00e9cemment elle a \u00e9tabli un nouveau record [&hellip;]<\/p>\n","protected":false},"author":323,"featured_media":0,"comment_status":"open","ping_status":"open","sticky":false,"template":"","format":"standard","meta":{"footnotes":""},"categories":[3],"tags":[],"class_list":["post-1274","post","type-post","status-publish","format-standard","hentry","category-actualite"],"yoast_head":"<!-- This site is optimized with the Yoast SEO plugin v26.0 - https:\/\/yoast.com\/wordpress\/plugins\/seo\/ -->\n<title>Un burn qui tourne mal - leblogmoto.com<\/title>\n<meta name=\"robots\" content=\"index, follow, max-snippet:-1, max-image-preview:large, max-video-preview:-1\" \/>\n<link rel=\"canonical\" href=\"https:\/\/blogs.thesocialmedia.com\/leblogmoto\/2007\/09\/15\/un-burn-qui-tou\/\" \/>\n<meta name=\"twitter:card\" content=\"summary_large_image\" \/>\n<meta name=\"twitter:title\" content=\"Un burn qui tourne mal - leblogmoto.com\" \/>\n<meta name=\"twitter:description\" content=\"Avant d&rsquo;enfourcher la moto \u00e9l\u00e9ctrique la plus rapide du monde Bill Dube pr\u00e9cise qu&rsquo;il n&rsquo;est pas le pilote officiel, juste l&rsquo;inventeur de la moto&#8230; La moto est une KillaCycle, elle p\u00e8se un peu moins de 300 kg et passe de 0 \u00e0 100 km\/h en une petite seconde. R\u00e9cemment elle a \u00e9tabli un nouveau record [&hellip;]\" \/>\n<meta name=\"twitter:image\" content=\"http:\/\/www.leblogmoto.com\/images\/2007\/09\/15\/burnout.jpg\" \/>\n<meta name=\"twitter:label1\" content=\"\u00c9crit par\" \/>\n\t<meta name=\"twitter:data1\" content=\"albin le guyader\" \/>\n\t<meta name=\"twitter:label2\" content=\"Dur\u00e9e de lecture estim\u00e9e\" \/>\n\t<meta name=\"twitter:data2\" content=\"1 minute\" \/>\n<script type=\"application\/ld+json\" class=\"yoast-schema-graph\">{\"@context\":\"https:\/\/schema.org\",\"@graph\":[{\"@type\":\"WebPage\",\"@id\":\"https:\/\/blogs.thesocialmedia.com\/leblogmoto\/2007\/09\/15\/un-burn-qui-tou\/\",\"url\":\"https:\/\/blogs.thesocialmedia.com\/leblogmoto\/2007\/09\/15\/un-burn-qui-tou\/\",\"name\":\"Un burn qui tourne mal - leblogmoto.com\",\"isPartOf\":{\"@id\":\"https:\/\/blogs.thesocialmedia.com\/leblogmoto\/#website\"},\"primaryImageOfPage\":{\"@id\":\"https:\/\/blogs.thesocialmedia.com\/leblogmoto\/2007\/09\/15\/un-burn-qui-tou\/#primaryimage\"},\"image\":{\"@id\":\"https:\/\/blogs.thesocialmedia.com\/leblogmoto\/2007\/09\/15\/un-burn-qui-tou\/#primaryimage\"},\"thumbnailUrl\":\"http:\/\/www.leblogmoto.com\/images\/2007\/09\/15\/burnout.jpg\",\"datePublished\":\"2007-09-15T16:20:04+00:00\",\"dateModified\":\"2012-07-11T14:43:57+00:00\",\"author\":{\"@id\":\"https:\/\/blogs.thesocialmedia.com\/leblogmoto\/#\/schema\/person\/b496d27c898c29a39678e2425cafb9ae\"},\"breadcrumb\":{\"@id\":\"https:\/\/blogs.thesocialmedia.com\/leblogmoto\/2007\/09\/15\/un-burn-qui-tou\/#breadcrumb\"},\"inLanguage\":\"fr-FR\",\"potentialAction\":[{\"@type\":\"ReadAction\",\"target\":[\"https:\/\/blogs.thesocialmedia.com\/leblogmoto\/2007\/09\/15\/un-burn-qui-tou\/\"]}]},{\"@type\":\"ImageObject\",\"inLanguage\":\"fr-FR\",\"@id\":\"https:\/\/blogs.thesocialmedia.com\/leblogmoto\/2007\/09\/15\/un-burn-qui-tou\/#primaryimage\",\"url\":\"http:\/\/www.leblogmoto.com\/images\/2007\/09\/15\/burnout.jpg\",\"contentUrl\":\"http:\/\/www.leblogmoto.com\/images\/2007\/09\/15\/burnout.jpg\"},{\"@type\":\"BreadcrumbList\",\"@id\":\"https:\/\/blogs.thesocialmedia.com\/leblogmoto\/2007\/09\/15\/un-burn-qui-tou\/#breadcrumb\",\"itemListElement\":[{\"@type\":\"ListItem\",\"position\":1,\"name\":\"Accueil\",\"item\":\"https:\/\/blogs.thesocialmedia.com\/leblogmoto\/\"},{\"@type\":\"ListItem\",\"position\":2,\"name\":\"Un burn qui tourne mal\"}]},{\"@type\":\"WebSite\",\"@id\":\"https:\/\/blogs.thesocialmedia.com\/leblogmoto\/#website\",\"url\":\"https:\/\/blogs.thesocialmedia.com\/leblogmoto\/\",\"name\":\"leblogmoto\",\"description\":\"Toute l&#039;actualit\u00e9 des 2 roues\",\"potentialAction\":[{\"@type\":\"SearchAction\",\"target\":{\"@type\":\"EntryPoint\",\"urlTemplate\":\"https:\/\/blogs.thesocialmedia.com\/leblogmoto\/?s={search_term_string}\"},\"query-input\":{\"@type\":\"PropertyValueSpecification\",\"valueRequired\":true,\"valueName\":\"search_term_string\"}}],\"inLanguage\":\"fr-FR\"},{\"@type\":\"Person\",\"@id\":\"https:\/\/blogs.thesocialmedia.com\/leblogmoto\/#\/schema\/person\/b496d27c898c29a39678e2425cafb9ae\",\"name\":\"albin le guyader\",\"image\":{\"@type\":\"ImageObject\",\"inLanguage\":\"fr-FR\",\"@id\":\"https:\/\/blogs.thesocialmedia.com\/leblogmoto\/#\/schema\/person\/image\/\",\"url\":\"https:\/\/secure.gravatar.com\/avatar\/?s=96&d=mm&r=g\",\"contentUrl\":\"https:\/\/secure.gravatar.com\/avatar\/?s=96&d=mm&r=g\",\"caption\":\"albin le guyader\"},\"url\":\"https:\/\/blogs.thesocialmedia.com\/leblogmoto\/author\/albin-le-guyader\/\"}]}<\/script>\n<!-- \/ Yoast SEO plugin. -->","yoast_head_json":{"title":"Un burn qui tourne mal - leblogmoto.com","robots":{"index":"index","follow":"follow","max-snippet":"max-snippet:-1","max-image-preview":"max-image-preview:large","max-video-preview":"max-video-preview:-1"},"canonical":"https:\/\/blogs.thesocialmedia.com\/leblogmoto\/2007\/09\/15\/un-burn-qui-tou\/","twitter_card":"summary_large_image","twitter_title":"Un burn qui tourne mal - leblogmoto.com","twitter_description":"Avant d&rsquo;enfourcher la moto \u00e9l\u00e9ctrique la plus rapide du monde Bill Dube pr\u00e9cise qu&rsquo;il n&rsquo;est pas le pilote officiel, juste l&rsquo;inventeur de la moto&#8230; La moto est une KillaCycle, elle p\u00e8se un peu moins de 300 kg et passe de 0 \u00e0 100 km\/h en une petite seconde. R\u00e9cemment elle a \u00e9tabli un nouveau record [&hellip;]","twitter_image":"http:\/\/www.leblogmoto.com\/images\/2007\/09\/15\/burnout.jpg","twitter_misc":{"\u00c9crit par":"albin le guyader","Dur\u00e9e de lecture estim\u00e9e":"1 minute"},"schema":{"@context":"https:\/\/schema.org","@graph":[{"@type":"WebPage","@id":"https:\/\/blogs.thesocialmedia.com\/leblogmoto\/2007\/09\/15\/un-burn-qui-tou\/","url":"https:\/\/blogs.thesocialmedia.com\/leblogmoto\/2007\/09\/15\/un-burn-qui-tou\/","name":"Un burn qui tourne mal - leblogmoto.com","isPartOf":{"@id":"https:\/\/blogs.thesocialmedia.com\/leblogmoto\/#website"},"primaryImageOfPage":{"@id":"https:\/\/blogs.thesocialmedia.com\/leblogmoto\/2007\/09\/15\/un-burn-qui-tou\/#primaryimage"},"image":{"@id":"https:\/\/blogs.thesocialmedia.com\/leblogmoto\/2007\/09\/15\/un-burn-qui-tou\/#primaryimage"},"thumbnailUrl":"http:\/\/www.leblogmoto.com\/images\/2007\/09\/15\/burnout.jpg","datePublished":"2007-09-15T16:20:04+00:00","dateModified":"2012-07-11T14:43:57+00:00","author":{"@id":"https:\/\/blogs.thesocialmedia.com\/leblogmoto\/#\/schema\/person\/b496d27c898c29a39678e2425cafb9ae"},"breadcrumb":{"@id":"https:\/\/blogs.thesocialmedia.com\/leblogmoto\/2007\/09\/15\/un-burn-qui-tou\/#breadcrumb"},"inLanguage":"fr-FR","potentialAction":[{"@type":"ReadAction","target":["https:\/\/blogs.thesocialmedia.com\/leblogmoto\/2007\/09\/15\/un-burn-qui-tou\/"]}]},{"@type":"ImageObject","inLanguage":"fr-FR","@id":"https:\/\/blogs.thesocialmedia.com\/leblogmoto\/2007\/09\/15\/un-burn-qui-tou\/#primaryimage","url":"http:\/\/www.leblogmoto.com\/images\/2007\/09\/15\/burnout.jpg","contentUrl":"http:\/\/www.leblogmoto.com\/images\/2007\/09\/15\/burnout.jpg"},{"@type":"BreadcrumbList","@id":"https:\/\/blogs.thesocialmedia.com\/leblogmoto\/2007\/09\/15\/un-burn-qui-tou\/#breadcrumb","itemListElement":[{"@type":"ListItem","position":1,"name":"Accueil","item":"https:\/\/blogs.thesocialmedia.com\/leblogmoto\/"},{"@type":"ListItem","position":2,"name":"Un burn qui tourne mal"}]},{"@type":"WebSite","@id":"https:\/\/blogs.thesocialmedia.com\/leblogmoto\/#website","url":"https:\/\/blogs.thesocialmedia.com\/leblogmoto\/","name":"leblogmoto","description":"Toute l&#039;actualit\u00e9 des 2 roues","potentialAction":[{"@type":"SearchAction","target":{"@type":"EntryPoint","urlTemplate":"https:\/\/blogs.thesocialmedia.com\/leblogmoto\/?s={search_term_string}"},"query-input":{"@type":"PropertyValueSpecification","valueRequired":true,"valueName":"search_term_string"}}],"inLanguage":"fr-FR"},{"@type":"Person","@id":"https:\/\/blogs.thesocialmedia.com\/leblogmoto\/#\/schema\/person\/b496d27c898c29a39678e2425cafb9ae","name":"albin le guyader","image":{"@type":"ImageObject","inLanguage":"fr-FR","@id":"https:\/\/blogs.thesocialmedia.com\/leblogmoto\/#\/schema\/person\/image\/","url":"https:\/\/secure.gravatar.com\/avatar\/?s=96&d=mm&r=g","contentUrl":"https:\/\/secure.gravatar.com\/avatar\/?s=96&d=mm&r=g","caption":"albin le guyader"},"url":"https:\/\/blogs.thesocialmedia.com\/leblogmoto\/author\/albin-le-guyader\/"}]}},"_links":{"self":[{"href":"https:\/\/blogs.thesocialmedia.com\/leblogmoto\/wp-json\/wp\/v2\/posts\/1274","targetHints":{"allow":["GET"]}}],"collection":[{"href":"https:\/\/blogs.thesocialmedia.com\/leblogmoto\/wp-json\/wp\/v2\/posts"}],"about":[{"href":"https:\/\/blogs.thesocialmedia.com\/leblogmoto\/wp-json\/wp\/v2\/types\/post"}],"author":[{"embeddable":true,"href":"https:\/\/blogs.thesocialmedia.com\/leblogmoto\/wp-json\/wp\/v2\/users\/323"}],"replies":[{"embeddable":true,"href":"https:\/\/blogs.thesocialmedia.com\/leblogmoto\/wp-json\/wp\/v2\/comments?post=1274"}],"version-history":[{"count":2,"href":"https:\/\/blogs.thesocialmedia.com\/leblogmoto\/wp-json\/wp\/v2\/posts\/1274\/revisions"}],"predecessor-version":[{"id":8659,"href":"https:\/\/blogs.thesocialmedia.com\/leblogmoto\/wp-json\/wp\/v2\/posts\/1274\/revisions\/8659"}],"wp:attachment":[{"href":"https:\/\/blogs.thesocialmedia.com\/leblogmoto\/wp-json\/wp\/v2\/media?parent=1274"}],"wp:term":[{"taxonomy":"category","embeddable":true,"href":"https:\/\/blogs.thesocialmedia.com\/leblogmoto\/wp-json\/wp\/v2\/categories?post=1274"},{"taxonomy":"post_tag","embeddable":true,"href":"https:\/\/blogs.thesocialmedia.com\/leblogmoto\/wp-json\/wp\/v2\/tags?post=1274"}],"curies":[{"name":"wp","href":"https:\/\/api.w.org\/{rel}","templated":true}]}}