{"id":1277,"date":"2007-09-14T13:59:49","date_gmt":"2007-09-14T13:59:49","guid":{"rendered":"http:\/\/blogs.thesocialmedia.com\/leblogmoto\/2007\/09\/14\/plaques-blanche\/"},"modified":"2012-07-11T14:43:39","modified_gmt":"2012-07-11T14:43:39","slug":"plaques-blanche","status":"publish","type":"post","link":"https:\/\/blogs.thesocialmedia.com\/leblogmoto\/2007\/09\/14\/plaques-blanche\/","title":{"rendered":"Plaques blanches pour les motos"},"content":{"rendered":"<p><a href=\"http:\/\/blogs.thesocialmedia.com\/leblogmoto\/files\/2012\/07\/plaque_blanche.jpg\"><img loading=\"lazy\" decoding=\"async\" height=\"166\" alt=\"Plaque_blanche\" src=\"http:\/\/www.leblogmoto.com\/images\/2007\/09\/14\/plaque_blanche.jpg\" width=\"250\"  \/><\/a> Pour tous ceux qui sont soucieux de l&rsquo;esth\u00e9tique de leur moto, sachez que depuis l&rsquo;arr\u00eat\u00e9 minist\u00e9riel du 27 avril 2007 vous avez le droit de mettre une <a href=\"http:\/\/sfpi.asurtech.com\/plaques.htm\">plaque d&rsquo;immatriculation<\/a> blanche \u00e0 l&rsquo;arri\u00e8re de votre moto. N\u00e9anmoins d&rsquo;apr\u00e8s certaines rumeurs, ces plaques blanches ont moins de rejets au niveau des photos prises par les radars&#8230;<br \/>Pour plus d&rsquo;informations concernant cet arr\u00eat\u00e9, rendez-vous <a href=\"http:\/\/www.legifrance.gouv.fr\/WAspad\/UnTexteDeJorf?numjo=EQUS0752831A\">ici<\/a>.<\/p>\n","protected":false},"excerpt":{"rendered":"<p>Pour tous ceux qui sont soucieux de l&rsquo;esth\u00e9tique de leur moto, sachez que depuis l&rsquo;arr\u00eat\u00e9 minist\u00e9riel du 27 avril 2007 vous avez le droit de mettre une plaque d&rsquo;immatriculation blanche \u00e0 l&rsquo;arri\u00e8re de votre moto. N\u00e9anmoins d&rsquo;apr\u00e8s certaines rumeurs, ces plaques blanches ont moins de rejets au niveau des photos prises par les radars&#8230;Pour plus [&hellip;]<\/p>\n","protected":false},"author":329,"featured_media":0,"comment_status":"open","ping_status":"open","sticky":false,"template":"","format":"standard","meta":{"footnotes":""},"categories":[3],"tags":[],"class_list":["post-1277","post","type-post","status-publish","format-standard","hentry","category-actualite"],"yoast_head":"<!-- This site is optimized with the Yoast SEO plugin v26.0 - https:\/\/yoast.com\/wordpress\/plugins\/seo\/ -->\n<title>Plaques blanches pour les motos - leblogmoto.com<\/title>\n<meta name=\"robots\" content=\"index, follow, max-snippet:-1, max-image-preview:large, max-video-preview:-1\" \/>\n<link rel=\"canonical\" href=\"https:\/\/blogs.thesocialmedia.com\/leblogmoto\/2007\/09\/14\/plaques-blanche\/\" \/>\n<meta name=\"twitter:card\" content=\"summary_large_image\" \/>\n<meta name=\"twitter:title\" content=\"Plaques blanches pour les motos - leblogmoto.com\" \/>\n<meta name=\"twitter:description\" content=\"Pour tous ceux qui sont soucieux de l&rsquo;esth\u00e9tique de leur moto, sachez que depuis l&rsquo;arr\u00eat\u00e9 minist\u00e9riel du 27 avril 2007 vous avez le droit de mettre une plaque d&rsquo;immatriculation blanche \u00e0 l&rsquo;arri\u00e8re de votre moto. N\u00e9anmoins d&rsquo;apr\u00e8s certaines rumeurs, ces plaques blanches ont moins de rejets au niveau des photos prises par les radars&#8230;Pour plus [&hellip;]\" \/>\n<meta name=\"twitter:image\" content=\"http:\/\/www.leblogmoto.com\/images\/2007\/09\/14\/plaque_blanche.jpg\" \/>\n<meta name=\"twitter:label1\" content=\"\u00c9crit par\" \/>\n\t<meta name=\"twitter:data1\" content=\"gregory boucaud\" \/>\n<script type=\"application\/ld+json\" class=\"yoast-schema-graph\">{\"@context\":\"https:\/\/schema.org\",\"@graph\":[{\"@type\":\"WebPage\",\"@id\":\"https:\/\/blogs.thesocialmedia.com\/leblogmoto\/2007\/09\/14\/plaques-blanche\/\",\"url\":\"https:\/\/blogs.thesocialmedia.com\/leblogmoto\/2007\/09\/14\/plaques-blanche\/\",\"name\":\"Plaques blanches pour les motos - leblogmoto.com\",\"isPartOf\":{\"@id\":\"https:\/\/blogs.thesocialmedia.com\/leblogmoto\/#website\"},\"primaryImageOfPage\":{\"@id\":\"https:\/\/blogs.thesocialmedia.com\/leblogmoto\/2007\/09\/14\/plaques-blanche\/#primaryimage\"},\"image\":{\"@id\":\"https:\/\/blogs.thesocialmedia.com\/leblogmoto\/2007\/09\/14\/plaques-blanche\/#primaryimage\"},\"thumbnailUrl\":\"http:\/\/www.leblogmoto.com\/images\/2007\/09\/14\/plaque_blanche.jpg\",\"datePublished\":\"2007-09-14T13:59:49+00:00\",\"dateModified\":\"2012-07-11T14:43:39+00:00\",\"author\":{\"@id\":\"https:\/\/blogs.thesocialmedia.com\/leblogmoto\/#\/schema\/person\/769623f89741cc3381675029a37764f8\"},\"breadcrumb\":{\"@id\":\"https:\/\/blogs.thesocialmedia.com\/leblogmoto\/2007\/09\/14\/plaques-blanche\/#breadcrumb\"},\"inLanguage\":\"fr-FR\",\"potentialAction\":[{\"@type\":\"ReadAction\",\"target\":[\"https:\/\/blogs.thesocialmedia.com\/leblogmoto\/2007\/09\/14\/plaques-blanche\/\"]}]},{\"@type\":\"ImageObject\",\"inLanguage\":\"fr-FR\",\"@id\":\"https:\/\/blogs.thesocialmedia.com\/leblogmoto\/2007\/09\/14\/plaques-blanche\/#primaryimage\",\"url\":\"http:\/\/www.leblogmoto.com\/images\/2007\/09\/14\/plaque_blanche.jpg\",\"contentUrl\":\"http:\/\/www.leblogmoto.com\/images\/2007\/09\/14\/plaque_blanche.jpg\"},{\"@type\":\"BreadcrumbList\",\"@id\":\"https:\/\/blogs.thesocialmedia.com\/leblogmoto\/2007\/09\/14\/plaques-blanche\/#breadcrumb\",\"itemListElement\":[{\"@type\":\"ListItem\",\"position\":1,\"name\":\"Accueil\",\"item\":\"https:\/\/blogs.thesocialmedia.com\/leblogmoto\/\"},{\"@type\":\"ListItem\",\"position\":2,\"name\":\"Plaques blanches pour les motos\"}]},{\"@type\":\"WebSite\",\"@id\":\"https:\/\/blogs.thesocialmedia.com\/leblogmoto\/#website\",\"url\":\"https:\/\/blogs.thesocialmedia.com\/leblogmoto\/\",\"name\":\"leblogmoto\",\"description\":\"Toute l&#039;actualit\u00e9 des 2 roues\",\"potentialAction\":[{\"@type\":\"SearchAction\",\"target\":{\"@type\":\"EntryPoint\",\"urlTemplate\":\"https:\/\/blogs.thesocialmedia.com\/leblogmoto\/?s={search_term_string}\"},\"query-input\":{\"@type\":\"PropertyValueSpecification\",\"valueRequired\":true,\"valueName\":\"search_term_string\"}}],\"inLanguage\":\"fr-FR\"},{\"@type\":\"Person\",\"@id\":\"https:\/\/blogs.thesocialmedia.com\/leblogmoto\/#\/schema\/person\/769623f89741cc3381675029a37764f8\",\"name\":\"gregory boucaud\",\"image\":{\"@type\":\"ImageObject\",\"inLanguage\":\"fr-FR\",\"@id\":\"https:\/\/blogs.thesocialmedia.com\/leblogmoto\/#\/schema\/person\/image\/\",\"url\":\"https:\/\/secure.gravatar.com\/avatar\/?s=96&d=mm&r=g\",\"contentUrl\":\"https:\/\/secure.gravatar.com\/avatar\/?s=96&d=mm&r=g\",\"caption\":\"gregory boucaud\"},\"url\":\"https:\/\/blogs.thesocialmedia.com\/leblogmoto\/author\/gregory-boucaud\/\"}]}<\/script>\n<!-- \/ Yoast SEO plugin. -->","yoast_head_json":{"title":"Plaques blanches pour les motos - leblogmoto.com","robots":{"index":"index","follow":"follow","max-snippet":"max-snippet:-1","max-image-preview":"max-image-preview:large","max-video-preview":"max-video-preview:-1"},"canonical":"https:\/\/blogs.thesocialmedia.com\/leblogmoto\/2007\/09\/14\/plaques-blanche\/","twitter_card":"summary_large_image","twitter_title":"Plaques blanches pour les motos - leblogmoto.com","twitter_description":"Pour tous ceux qui sont soucieux de l&rsquo;esth\u00e9tique de leur moto, sachez que depuis l&rsquo;arr\u00eat\u00e9 minist\u00e9riel du 27 avril 2007 vous avez le droit de mettre une plaque d&rsquo;immatriculation blanche \u00e0 l&rsquo;arri\u00e8re de votre moto. N\u00e9anmoins d&rsquo;apr\u00e8s certaines rumeurs, ces plaques blanches ont moins de rejets au niveau des photos prises par les radars&#8230;Pour plus [&hellip;]","twitter_image":"http:\/\/www.leblogmoto.com\/images\/2007\/09\/14\/plaque_blanche.jpg","twitter_misc":{"\u00c9crit par":"gregory boucaud"},"schema":{"@context":"https:\/\/schema.org","@graph":[{"@type":"WebPage","@id":"https:\/\/blogs.thesocialmedia.com\/leblogmoto\/2007\/09\/14\/plaques-blanche\/","url":"https:\/\/blogs.thesocialmedia.com\/leblogmoto\/2007\/09\/14\/plaques-blanche\/","name":"Plaques blanches pour les motos - leblogmoto.com","isPartOf":{"@id":"https:\/\/blogs.thesocialmedia.com\/leblogmoto\/#website"},"primaryImageOfPage":{"@id":"https:\/\/blogs.thesocialmedia.com\/leblogmoto\/2007\/09\/14\/plaques-blanche\/#primaryimage"},"image":{"@id":"https:\/\/blogs.thesocialmedia.com\/leblogmoto\/2007\/09\/14\/plaques-blanche\/#primaryimage"},"thumbnailUrl":"http:\/\/www.leblogmoto.com\/images\/2007\/09\/14\/plaque_blanche.jpg","datePublished":"2007-09-14T13:59:49+00:00","dateModified":"2012-07-11T14:43:39+00:00","author":{"@id":"https:\/\/blogs.thesocialmedia.com\/leblogmoto\/#\/schema\/person\/769623f89741cc3381675029a37764f8"},"breadcrumb":{"@id":"https:\/\/blogs.thesocialmedia.com\/leblogmoto\/2007\/09\/14\/plaques-blanche\/#breadcrumb"},"inLanguage":"fr-FR","potentialAction":[{"@type":"ReadAction","target":["https:\/\/blogs.thesocialmedia.com\/leblogmoto\/2007\/09\/14\/plaques-blanche\/"]}]},{"@type":"ImageObject","inLanguage":"fr-FR","@id":"https:\/\/blogs.thesocialmedia.com\/leblogmoto\/2007\/09\/14\/plaques-blanche\/#primaryimage","url":"http:\/\/www.leblogmoto.com\/images\/2007\/09\/14\/plaque_blanche.jpg","contentUrl":"http:\/\/www.leblogmoto.com\/images\/2007\/09\/14\/plaque_blanche.jpg"},{"@type":"BreadcrumbList","@id":"https:\/\/blogs.thesocialmedia.com\/leblogmoto\/2007\/09\/14\/plaques-blanche\/#breadcrumb","itemListElement":[{"@type":"ListItem","position":1,"name":"Accueil","item":"https:\/\/blogs.thesocialmedia.com\/leblogmoto\/"},{"@type":"ListItem","position":2,"name":"Plaques blanches pour les motos"}]},{"@type":"WebSite","@id":"https:\/\/blogs.thesocialmedia.com\/leblogmoto\/#website","url":"https:\/\/blogs.thesocialmedia.com\/leblogmoto\/","name":"leblogmoto","description":"Toute l&#039;actualit\u00e9 des 2 roues","potentialAction":[{"@type":"SearchAction","target":{"@type":"EntryPoint","urlTemplate":"https:\/\/blogs.thesocialmedia.com\/leblogmoto\/?s={search_term_string}"},"query-input":{"@type":"PropertyValueSpecification","valueRequired":true,"valueName":"search_term_string"}}],"inLanguage":"fr-FR"},{"@type":"Person","@id":"https:\/\/blogs.thesocialmedia.com\/leblogmoto\/#\/schema\/person\/769623f89741cc3381675029a37764f8","name":"gregory boucaud","image":{"@type":"ImageObject","inLanguage":"fr-FR","@id":"https:\/\/blogs.thesocialmedia.com\/leblogmoto\/#\/schema\/person\/image\/","url":"https:\/\/secure.gravatar.com\/avatar\/?s=96&d=mm&r=g","contentUrl":"https:\/\/secure.gravatar.com\/avatar\/?s=96&d=mm&r=g","caption":"gregory boucaud"},"url":"https:\/\/blogs.thesocialmedia.com\/leblogmoto\/author\/gregory-boucaud\/"}]}},"_links":{"self":[{"href":"https:\/\/blogs.thesocialmedia.com\/leblogmoto\/wp-json\/wp\/v2\/posts\/1277","targetHints":{"allow":["GET"]}}],"collection":[{"href":"https:\/\/blogs.thesocialmedia.com\/leblogmoto\/wp-json\/wp\/v2\/posts"}],"about":[{"href":"https:\/\/blogs.thesocialmedia.com\/leblogmoto\/wp-json\/wp\/v2\/types\/post"}],"author":[{"embeddable":true,"href":"https:\/\/blogs.thesocialmedia.com\/leblogmoto\/wp-json\/wp\/v2\/users\/329"}],"replies":[{"embeddable":true,"href":"https:\/\/blogs.thesocialmedia.com\/leblogmoto\/wp-json\/wp\/v2\/comments?post=1277"}],"version-history":[{"count":2,"href":"https:\/\/blogs.thesocialmedia.com\/leblogmoto\/wp-json\/wp\/v2\/posts\/1277\/revisions"}],"predecessor-version":[{"id":8643,"href":"https:\/\/blogs.thesocialmedia.com\/leblogmoto\/wp-json\/wp\/v2\/posts\/1277\/revisions\/8643"}],"wp:attachment":[{"href":"https:\/\/blogs.thesocialmedia.com\/leblogmoto\/wp-json\/wp\/v2\/media?parent=1277"}],"wp:term":[{"taxonomy":"category","embeddable":true,"href":"https:\/\/blogs.thesocialmedia.com\/leblogmoto\/wp-json\/wp\/v2\/categories?post=1277"},{"taxonomy":"post_tag","embeddable":true,"href":"https:\/\/blogs.thesocialmedia.com\/leblogmoto\/wp-json\/wp\/v2\/tags?post=1277"}],"curies":[{"name":"wp","href":"https:\/\/api.w.org\/{rel}","templated":true}]}}