{"id":1278,"date":"2007-09-14T13:41:52","date_gmt":"2007-09-14T13:41:52","guid":{"rendered":"http:\/\/blogs.thesocialmedia.com\/leblogmoto\/2007\/09\/14\/kawasaki-er6nf\/"},"modified":"2012-07-11T14:43:38","modified_gmt":"2012-07-11T14:43:38","slug":"kawasaki-er6nf","status":"publish","type":"post","link":"https:\/\/blogs.thesocialmedia.com\/leblogmoto\/2007\/09\/14\/kawasaki-er6nf\/","title":{"rendered":"Kawasaki : ER6N\/F et Versys 2008"},"content":{"rendered":"<p><a href=\"http:\/\/blogs.thesocialmedia.com\/leblogmoto\/files\/2012\/07\/kawasakier620081.jpg\"><img loading=\"lazy\" decoding=\"async\" height=\"187\" alt=\"Kawasakier620081\" src=\"http:\/\/www.leblogmoto.com\/images\/2007\/09\/14\/kawasakier620081.jpg\" width=\"250\"  \/><\/a> Maintenant, regardons du c\u00f4t\u00e9 des 650 de chez <a href=\"http:\/\/www.kawasaki.fr\/\">Kawasaki<\/a>. Au programme des modifications, les coloris des ER6N seront les m\u00eames que pour la <a href=\"http:\/\/www.leblogmoto.com\/2007\/09\/kawasaki-z1000-.html#more\">Z1000<\/a> except\u00e9 pour le blanc qui sera remplac\u00e9 par du bleu (Candy Plasma Blue). L&rsquo;ER6F n&rsquo;aura malheureusement que du vert et du noir.<br \/>Pour la Versys les coloris gris et oranges seront remplac\u00e9s par du bleu et vert.<\/p>\n<p>Commen\u00e7ons par l&rsquo;ER6N : <a href=\"http:\/\/clabedan.typepad.com\/.shared\/image.html?\/photos\/uncategorized\/2007\/09\/14\/kawasakier620081_2.jpg\"><img loading=\"lazy\" decoding=\"async\" height=\"352\" alt=\"Kawasakier620081_2\" src=\"http:\/\/www.leblogmoto.com\/images\/2007\/09\/14\/kawasakier620081_2.jpg\" width=\"470\"  \/><\/a> <a href=\"http:\/\/blogs.thesocialmedia.com\/leblogmoto\/files\/2012\/07\/kawasakier620082.jpg\"><img loading=\"lazy\" decoding=\"async\" height=\"352\" alt=\"Kawasakier620082\" src=\"http:\/\/www.leblogmoto.com\/images\/2007\/09\/14\/kawasakier620082.jpg\" width=\"470\"  \/><\/a> <\/p>\n<p><a href=\"http:\/\/blogs.thesocialmedia.com\/leblogmoto\/files\/2012\/07\/kawasakier620083.jpg\"><img loading=\"lazy\" decoding=\"async\" height=\"352\" alt=\"Kawasakier620083\" src=\"http:\/\/www.leblogmoto.com\/images\/2007\/09\/14\/kawasakier620083.jpg\" width=\"470\"  \/><\/a> <a href=\"http:\/\/blogs.thesocialmedia.com\/leblogmoto\/files\/2012\/07\/kawasakier620084.jpg\"><img loading=\"lazy\" decoding=\"async\" height=\"359\" alt=\"Kawasakier620084\" src=\"http:\/\/www.leblogmoto.com\/images\/2007\/09\/14\/kawasakier620084.jpg\" width=\"470\"  \/><\/a> Puis l&rsquo;ER6F : <a href=\"http:\/\/blogs.thesocialmedia.com\/leblogmoto\/files\/2012\/07\/kawasakier6f20081.jpg\"><img loading=\"lazy\" decoding=\"async\" height=\"352\" alt=\"Kawasakier6f20081\" src=\"http:\/\/www.leblogmoto.com\/images\/2007\/09\/14\/kawasakier6f20081.jpg\" width=\"470\"  \/><\/a> <a href=\"http:\/\/blogs.thesocialmedia.com\/leblogmoto\/files\/2012\/07\/kawasakier6f20082.jpg\"><img loading=\"lazy\" decoding=\"async\" height=\"352\" alt=\"Kawasakier6f20082\" src=\"http:\/\/www.leblogmoto.com\/images\/2007\/09\/14\/kawasakier6f20082.jpg\" width=\"470\"  \/><\/a> <a href=\"http:\/\/blogs.thesocialmedia.com\/leblogmoto\/files\/2012\/07\/kawasakier6f20083.jpg\"><\/a><a href=\"http:\/\/clabedan.typepad.com\/.shared\/image.html?\/photos\/uncategorized\/2007\/09\/14\/kawasakier6f20083_2.jpg\"><img loading=\"lazy\" decoding=\"async\" height=\"357\" alt=\"Kawasakier6f20083_2\" src=\"http:\/\/www.leblogmoto.com\/images\/2007\/09\/14\/kawasakier6f20083_2.jpg\" width=\"470\"  \/><\/a> <\/p>\n<p>Et enfin, la Kawasaki Versys : <a href=\"http:\/\/blogs.thesocialmedia.com\/leblogmoto\/files\/2012\/07\/kawasakiversys20081.jpg\"><img loading=\"lazy\" decoding=\"async\" height=\"352\" alt=\"Kawasakiversys20081\" src=\"http:\/\/www.leblogmoto.com\/images\/2007\/09\/14\/kawasakiversys20081.jpg\" width=\"470\"  \/><\/a> <a href=\"http:\/\/blogs.thesocialmedia.com\/leblogmoto\/files\/2012\/07\/kawasakiversys20082_2.jpg\"><img loading=\"lazy\" decoding=\"async\" height=\"352\" alt=\"Kawasakiversys20082_2\" src=\"http:\/\/www.leblogmoto.com\/images\/2007\/09\/14\/kawasakiversys20082_2.jpg\" width=\"470\"  \/><\/a> <a href=\"http:\/\/blogs.thesocialmedia.com\/leblogmoto\/files\/2012\/07\/kawasakiversys20083.jpg\"><img loading=\"lazy\" decoding=\"async\" height=\"352\" alt=\"Kawasakiversys20083\" src=\"http:\/\/www.leblogmoto.com\/images\/2007\/09\/14\/kawasakiversys20083.jpg\" width=\"470\"  \/><\/a> <a href=\"http:\/\/blogs.thesocialmedia.com\/leblogmoto\/files\/2012\/07\/kawasakiversys20084_2.jpg\"><img loading=\"lazy\" decoding=\"async\" height=\"357\" alt=\"Kawasakiversys20084_2\" src=\"http:\/\/www.leblogmoto.com\/images\/2007\/09\/14\/kawasakiversys20084_2.jpg\" width=\"470\"  \/><\/a> <a href=\"http:\/\/clabedan.typepad.com\/.shared\/image.html?\/photos\/uncategorized\/2007\/09\/14\/kawasakiversys20084.jpg\"><\/a><a href=\"http:\/\/clabedan.typepad.com\/.shared\/image.html?\/photos\/uncategorized\/2007\/09\/14\/kawasakiversys20082.jpg\"><\/a><\/p>\n","protected":false},"excerpt":{"rendered":"<p>Maintenant, regardons du c\u00f4t\u00e9 des 650 de chez Kawasaki. Au programme des modifications, les coloris des ER6N seront les m\u00eames que pour la Z1000 except\u00e9 pour le blanc qui sera remplac\u00e9 par du bleu (Candy Plasma Blue). L&rsquo;ER6F n&rsquo;aura malheureusement que du vert et du noir.Pour la Versys les coloris gris et oranges seront remplac\u00e9s [&hellip;]<\/p>\n","protected":false},"author":329,"featured_media":0,"comment_status":"open","ping_status":"open","sticky":false,"template":"","format":"standard","meta":{"footnotes":""},"categories":[45],"tags":[],"class_list":["post-1278","post","type-post","status-publish","format-standard","hentry","category-kawasaki"],"yoast_head":"<!-- This site is optimized with the Yoast SEO plugin v26.0 - https:\/\/yoast.com\/wordpress\/plugins\/seo\/ -->\n<title>Kawasaki : ER6N\/F et Versys 2008 - leblogmoto.com<\/title>\n<meta name=\"robots\" content=\"index, follow, max-snippet:-1, max-image-preview:large, max-video-preview:-1\" \/>\n<link rel=\"canonical\" href=\"https:\/\/blogs.thesocialmedia.com\/leblogmoto\/2007\/09\/14\/kawasaki-er6nf\/\" \/>\n<meta name=\"twitter:card\" content=\"summary_large_image\" \/>\n<meta name=\"twitter:title\" content=\"Kawasaki : ER6N\/F et Versys 2008 - leblogmoto.com\" \/>\n<meta name=\"twitter:description\" content=\"Maintenant, regardons du c\u00f4t\u00e9 des 650 de chez Kawasaki. Au programme des modifications, les coloris des ER6N seront les m\u00eames que pour la Z1000 except\u00e9 pour le blanc qui sera remplac\u00e9 par du bleu (Candy Plasma Blue). L&rsquo;ER6F n&rsquo;aura malheureusement que du vert et du noir.Pour la Versys les coloris gris et oranges seront remplac\u00e9s [&hellip;]\" \/>\n<meta name=\"twitter:image\" content=\"http:\/\/www.leblogmoto.com\/images\/2007\/09\/14\/kawasakier620081.jpg\" \/>\n<meta name=\"twitter:label1\" content=\"\u00c9crit par\" \/>\n\t<meta name=\"twitter:data1\" content=\"gregory boucaud\" \/>\n<script type=\"application\/ld+json\" class=\"yoast-schema-graph\">{\"@context\":\"https:\/\/schema.org\",\"@graph\":[{\"@type\":\"WebPage\",\"@id\":\"https:\/\/blogs.thesocialmedia.com\/leblogmoto\/2007\/09\/14\/kawasaki-er6nf\/\",\"url\":\"https:\/\/blogs.thesocialmedia.com\/leblogmoto\/2007\/09\/14\/kawasaki-er6nf\/\",\"name\":\"Kawasaki : ER6N\/F et Versys 2008 - leblogmoto.com\",\"isPartOf\":{\"@id\":\"https:\/\/blogs.thesocialmedia.com\/leblogmoto\/#website\"},\"primaryImageOfPage\":{\"@id\":\"https:\/\/blogs.thesocialmedia.com\/leblogmoto\/2007\/09\/14\/kawasaki-er6nf\/#primaryimage\"},\"image\":{\"@id\":\"https:\/\/blogs.thesocialmedia.com\/leblogmoto\/2007\/09\/14\/kawasaki-er6nf\/#primaryimage\"},\"thumbnailUrl\":\"http:\/\/www.leblogmoto.com\/images\/2007\/09\/14\/kawasakier620081.jpg\",\"datePublished\":\"2007-09-14T13:41:52+00:00\",\"dateModified\":\"2012-07-11T14:43:38+00:00\",\"author\":{\"@id\":\"https:\/\/blogs.thesocialmedia.com\/leblogmoto\/#\/schema\/person\/769623f89741cc3381675029a37764f8\"},\"breadcrumb\":{\"@id\":\"https:\/\/blogs.thesocialmedia.com\/leblogmoto\/2007\/09\/14\/kawasaki-er6nf\/#breadcrumb\"},\"inLanguage\":\"fr-FR\",\"potentialAction\":[{\"@type\":\"ReadAction\",\"target\":[\"https:\/\/blogs.thesocialmedia.com\/leblogmoto\/2007\/09\/14\/kawasaki-er6nf\/\"]}]},{\"@type\":\"ImageObject\",\"inLanguage\":\"fr-FR\",\"@id\":\"https:\/\/blogs.thesocialmedia.com\/leblogmoto\/2007\/09\/14\/kawasaki-er6nf\/#primaryimage\",\"url\":\"http:\/\/www.leblogmoto.com\/images\/2007\/09\/14\/kawasakier620081.jpg\",\"contentUrl\":\"http:\/\/www.leblogmoto.com\/images\/2007\/09\/14\/kawasakier620081.jpg\"},{\"@type\":\"BreadcrumbList\",\"@id\":\"https:\/\/blogs.thesocialmedia.com\/leblogmoto\/2007\/09\/14\/kawasaki-er6nf\/#breadcrumb\",\"itemListElement\":[{\"@type\":\"ListItem\",\"position\":1,\"name\":\"Accueil\",\"item\":\"https:\/\/blogs.thesocialmedia.com\/leblogmoto\/\"},{\"@type\":\"ListItem\",\"position\":2,\"name\":\"Kawasaki : ER6N\/F et Versys 2008\"}]},{\"@type\":\"WebSite\",\"@id\":\"https:\/\/blogs.thesocialmedia.com\/leblogmoto\/#website\",\"url\":\"https:\/\/blogs.thesocialmedia.com\/leblogmoto\/\",\"name\":\"leblogmoto\",\"description\":\"Toute l&#039;actualit\u00e9 des 2 roues\",\"potentialAction\":[{\"@type\":\"SearchAction\",\"target\":{\"@type\":\"EntryPoint\",\"urlTemplate\":\"https:\/\/blogs.thesocialmedia.com\/leblogmoto\/?s={search_term_string}\"},\"query-input\":{\"@type\":\"PropertyValueSpecification\",\"valueRequired\":true,\"valueName\":\"search_term_string\"}}],\"inLanguage\":\"fr-FR\"},{\"@type\":\"Person\",\"@id\":\"https:\/\/blogs.thesocialmedia.com\/leblogmoto\/#\/schema\/person\/769623f89741cc3381675029a37764f8\",\"name\":\"gregory boucaud\",\"image\":{\"@type\":\"ImageObject\",\"inLanguage\":\"fr-FR\",\"@id\":\"https:\/\/blogs.thesocialmedia.com\/leblogmoto\/#\/schema\/person\/image\/\",\"url\":\"https:\/\/secure.gravatar.com\/avatar\/?s=96&d=mm&r=g\",\"contentUrl\":\"https:\/\/secure.gravatar.com\/avatar\/?s=96&d=mm&r=g\",\"caption\":\"gregory boucaud\"},\"url\":\"https:\/\/blogs.thesocialmedia.com\/leblogmoto\/author\/gregory-boucaud\/\"}]}<\/script>\n<!-- \/ Yoast SEO plugin. -->","yoast_head_json":{"title":"Kawasaki : ER6N\/F et Versys 2008 - leblogmoto.com","robots":{"index":"index","follow":"follow","max-snippet":"max-snippet:-1","max-image-preview":"max-image-preview:large","max-video-preview":"max-video-preview:-1"},"canonical":"https:\/\/blogs.thesocialmedia.com\/leblogmoto\/2007\/09\/14\/kawasaki-er6nf\/","twitter_card":"summary_large_image","twitter_title":"Kawasaki : ER6N\/F et Versys 2008 - leblogmoto.com","twitter_description":"Maintenant, regardons du c\u00f4t\u00e9 des 650 de chez Kawasaki. Au programme des modifications, les coloris des ER6N seront les m\u00eames que pour la Z1000 except\u00e9 pour le blanc qui sera remplac\u00e9 par du bleu (Candy Plasma Blue). L&rsquo;ER6F n&rsquo;aura malheureusement que du vert et du noir.Pour la Versys les coloris gris et oranges seront remplac\u00e9s [&hellip;]","twitter_image":"http:\/\/www.leblogmoto.com\/images\/2007\/09\/14\/kawasakier620081.jpg","twitter_misc":{"\u00c9crit par":"gregory boucaud"},"schema":{"@context":"https:\/\/schema.org","@graph":[{"@type":"WebPage","@id":"https:\/\/blogs.thesocialmedia.com\/leblogmoto\/2007\/09\/14\/kawasaki-er6nf\/","url":"https:\/\/blogs.thesocialmedia.com\/leblogmoto\/2007\/09\/14\/kawasaki-er6nf\/","name":"Kawasaki : ER6N\/F et Versys 2008 - leblogmoto.com","isPartOf":{"@id":"https:\/\/blogs.thesocialmedia.com\/leblogmoto\/#website"},"primaryImageOfPage":{"@id":"https:\/\/blogs.thesocialmedia.com\/leblogmoto\/2007\/09\/14\/kawasaki-er6nf\/#primaryimage"},"image":{"@id":"https:\/\/blogs.thesocialmedia.com\/leblogmoto\/2007\/09\/14\/kawasaki-er6nf\/#primaryimage"},"thumbnailUrl":"http:\/\/www.leblogmoto.com\/images\/2007\/09\/14\/kawasakier620081.jpg","datePublished":"2007-09-14T13:41:52+00:00","dateModified":"2012-07-11T14:43:38+00:00","author":{"@id":"https:\/\/blogs.thesocialmedia.com\/leblogmoto\/#\/schema\/person\/769623f89741cc3381675029a37764f8"},"breadcrumb":{"@id":"https:\/\/blogs.thesocialmedia.com\/leblogmoto\/2007\/09\/14\/kawasaki-er6nf\/#breadcrumb"},"inLanguage":"fr-FR","potentialAction":[{"@type":"ReadAction","target":["https:\/\/blogs.thesocialmedia.com\/leblogmoto\/2007\/09\/14\/kawasaki-er6nf\/"]}]},{"@type":"ImageObject","inLanguage":"fr-FR","@id":"https:\/\/blogs.thesocialmedia.com\/leblogmoto\/2007\/09\/14\/kawasaki-er6nf\/#primaryimage","url":"http:\/\/www.leblogmoto.com\/images\/2007\/09\/14\/kawasakier620081.jpg","contentUrl":"http:\/\/www.leblogmoto.com\/images\/2007\/09\/14\/kawasakier620081.jpg"},{"@type":"BreadcrumbList","@id":"https:\/\/blogs.thesocialmedia.com\/leblogmoto\/2007\/09\/14\/kawasaki-er6nf\/#breadcrumb","itemListElement":[{"@type":"ListItem","position":1,"name":"Accueil","item":"https:\/\/blogs.thesocialmedia.com\/leblogmoto\/"},{"@type":"ListItem","position":2,"name":"Kawasaki : ER6N\/F et Versys 2008"}]},{"@type":"WebSite","@id":"https:\/\/blogs.thesocialmedia.com\/leblogmoto\/#website","url":"https:\/\/blogs.thesocialmedia.com\/leblogmoto\/","name":"leblogmoto","description":"Toute l&#039;actualit\u00e9 des 2 roues","potentialAction":[{"@type":"SearchAction","target":{"@type":"EntryPoint","urlTemplate":"https:\/\/blogs.thesocialmedia.com\/leblogmoto\/?s={search_term_string}"},"query-input":{"@type":"PropertyValueSpecification","valueRequired":true,"valueName":"search_term_string"}}],"inLanguage":"fr-FR"},{"@type":"Person","@id":"https:\/\/blogs.thesocialmedia.com\/leblogmoto\/#\/schema\/person\/769623f89741cc3381675029a37764f8","name":"gregory boucaud","image":{"@type":"ImageObject","inLanguage":"fr-FR","@id":"https:\/\/blogs.thesocialmedia.com\/leblogmoto\/#\/schema\/person\/image\/","url":"https:\/\/secure.gravatar.com\/avatar\/?s=96&d=mm&r=g","contentUrl":"https:\/\/secure.gravatar.com\/avatar\/?s=96&d=mm&r=g","caption":"gregory boucaud"},"url":"https:\/\/blogs.thesocialmedia.com\/leblogmoto\/author\/gregory-boucaud\/"}]}},"_links":{"self":[{"href":"https:\/\/blogs.thesocialmedia.com\/leblogmoto\/wp-json\/wp\/v2\/posts\/1278","targetHints":{"allow":["GET"]}}],"collection":[{"href":"https:\/\/blogs.thesocialmedia.com\/leblogmoto\/wp-json\/wp\/v2\/posts"}],"about":[{"href":"https:\/\/blogs.thesocialmedia.com\/leblogmoto\/wp-json\/wp\/v2\/types\/post"}],"author":[{"embeddable":true,"href":"https:\/\/blogs.thesocialmedia.com\/leblogmoto\/wp-json\/wp\/v2\/users\/329"}],"replies":[{"embeddable":true,"href":"https:\/\/blogs.thesocialmedia.com\/leblogmoto\/wp-json\/wp\/v2\/comments?post=1278"}],"version-history":[{"count":2,"href":"https:\/\/blogs.thesocialmedia.com\/leblogmoto\/wp-json\/wp\/v2\/posts\/1278\/revisions"}],"predecessor-version":[{"id":8641,"href":"https:\/\/blogs.thesocialmedia.com\/leblogmoto\/wp-json\/wp\/v2\/posts\/1278\/revisions\/8641"}],"wp:attachment":[{"href":"https:\/\/blogs.thesocialmedia.com\/leblogmoto\/wp-json\/wp\/v2\/media?parent=1278"}],"wp:term":[{"taxonomy":"category","embeddable":true,"href":"https:\/\/blogs.thesocialmedia.com\/leblogmoto\/wp-json\/wp\/v2\/categories?post=1278"},{"taxonomy":"post_tag","embeddable":true,"href":"https:\/\/blogs.thesocialmedia.com\/leblogmoto\/wp-json\/wp\/v2\/tags?post=1278"}],"curies":[{"name":"wp","href":"https:\/\/api.w.org\/{rel}","templated":true}]}}