{"id":1283,"date":"2007-09-10T15:57:17","date_gmt":"2007-09-10T15:57:17","guid":{"rendered":"http:\/\/blogs.thesocialmedia.com\/leblogmoto\/2007\/09\/10\/premier-casque\/"},"modified":"2012-07-11T14:42:47","modified_gmt":"2012-07-11T14:42:47","slug":"premier-casque","status":"publish","type":"post","link":"https:\/\/blogs.thesocialmedia.com\/leblogmoto\/2007\/09\/10\/premier-casque\/","title":{"rendered":"Premier casque airbag ?"},"content":{"rendered":"<p><a href=\"http:\/\/blogs.thesocialmedia.com\/leblogmoto\/files\/2012\/07\/permis_a1.jpg\"><img loading=\"lazy\" decoding=\"async\" height=\"167\" alt=\"Permis_a\" src=\"http:\/\/www.leblogmoto.com\/images\/2007\/09\/08\/permis_a.jpg\" width=\"250\"  \/><\/a> APC Systems, marque espagnole, se lance la premi\u00e8re sur le march\u00e9 espagnol des casques avec airbags. Apr\u00e8s des ann\u00e9es de d\u00e9veloppement et d&rsquo;essais sur divers prototypes, la mise en vente de ce casque est pr\u00e9vue pour les mois \u00e0 venir&#8230;<br \/>Et si tout se passe bien, nous aussi auront droit \u00e0 notre casque airbag, mais beaucoup doivent se poser la question \u00e0 savoir, comment cet airbag prot\u00e8ge-t-il ?<\/p>\n<p><a href=\"http:\/\/blogs.thesocialmedia.com\/leblogmoto\/files\/2012\/07\/airbagdiagram.jpg\"><img loading=\"lazy\" decoding=\"async\" height=\"281\" alt=\"Airbagdiagram\" src=\"http:\/\/www.leblogmoto.com\/images\/2007\/09\/08\/airbagdiagram.jpg\" width=\"250\"  \/><\/a> Sur le croquis ci-contre, vous voyez qu&rsquo;il prot\u00e8ge le cou, les cericales et le d\u00e9but de la colonne vert\u00e9brale. Bien s\u00fbr le syst\u00eame de d\u00e9clenchement a \u00e9t\u00e9 pr\u00e9vu pour ne pas gonfler l&rsquo;airbag quand vous faites simplement tomber votre casque, mais sachez que sinon, celui-ci s&rsquo;ouvre en seulement 0,15 s.<\/p>\n<p>Soutenu par divers instituts tels que le <a href=\"http:\/\/www.cidem.com\/cidem\/es\/index.jsp\">CIDEM<\/a> (Centre Innovacio i Desenvolupament Empresarial), Barcelona Activa ou encore le <a href=\"http:\/\/www.cdti.es\/\">CDTI<\/a> (Centro para el Desarrollo Tecnol\u00f3gico Industrial), ce projet permettra d&rsquo;offrir plus de s\u00e9curit\u00e9 \u00e0 tous les utilisateurs de deux roues.<\/p>\n<p>En tous cas, esp\u00e9ront que ce produit n&rsquo;est que le d\u00e9but en mati\u00e8re de casque \u00e9quip\u00e9s d&rsquo;airbags&#8230;<\/p>\n<p>Source : <a href=\"http:\/\/www.oepm.es\/\">www.oepm.es<\/a><\/p>\n","protected":false},"excerpt":{"rendered":"<p>APC Systems, marque espagnole, se lance la premi\u00e8re sur le march\u00e9 espagnol des casques avec airbags. Apr\u00e8s des ann\u00e9es de d\u00e9veloppement et d&rsquo;essais sur divers prototypes, la mise en vente de ce casque est pr\u00e9vue pour les mois \u00e0 venir&#8230;Et si tout se passe bien, nous aussi auront droit \u00e0 notre casque airbag, mais beaucoup [&hellip;]<\/p>\n","protected":false},"author":329,"featured_media":0,"comment_status":"open","ping_status":"open","sticky":false,"template":"","format":"standard","meta":{"footnotes":""},"categories":[27],"tags":[],"class_list":["post-1283","post","type-post","status-publish","format-standard","hentry","category-securite"],"yoast_head":"<!-- This site is optimized with the Yoast SEO plugin v26.0 - https:\/\/yoast.com\/wordpress\/plugins\/seo\/ -->\n<title>Premier casque airbag ? - leblogmoto.com<\/title>\n<meta name=\"robots\" content=\"index, follow, max-snippet:-1, max-image-preview:large, max-video-preview:-1\" \/>\n<link rel=\"canonical\" href=\"https:\/\/blogs.thesocialmedia.com\/leblogmoto\/2007\/09\/10\/premier-casque\/\" \/>\n<meta name=\"twitter:card\" content=\"summary_large_image\" \/>\n<meta name=\"twitter:title\" content=\"Premier casque airbag ? - leblogmoto.com\" \/>\n<meta name=\"twitter:description\" content=\"APC Systems, marque espagnole, se lance la premi\u00e8re sur le march\u00e9 espagnol des casques avec airbags. Apr\u00e8s des ann\u00e9es de d\u00e9veloppement et d&rsquo;essais sur divers prototypes, la mise en vente de ce casque est pr\u00e9vue pour les mois \u00e0 venir&#8230;Et si tout se passe bien, nous aussi auront droit \u00e0 notre casque airbag, mais beaucoup [&hellip;]\" \/>\n<meta name=\"twitter:image\" content=\"http:\/\/www.leblogmoto.com\/images\/2007\/09\/08\/permis_a.jpg\" \/>\n<meta name=\"twitter:label1\" content=\"\u00c9crit par\" \/>\n\t<meta name=\"twitter:data1\" content=\"gregory boucaud\" \/>\n\t<meta name=\"twitter:label2\" content=\"Dur\u00e9e de lecture estim\u00e9e\" \/>\n\t<meta name=\"twitter:data2\" content=\"1 minute\" \/>\n<script type=\"application\/ld+json\" class=\"yoast-schema-graph\">{\"@context\":\"https:\/\/schema.org\",\"@graph\":[{\"@type\":\"WebPage\",\"@id\":\"https:\/\/blogs.thesocialmedia.com\/leblogmoto\/2007\/09\/10\/premier-casque\/\",\"url\":\"https:\/\/blogs.thesocialmedia.com\/leblogmoto\/2007\/09\/10\/premier-casque\/\",\"name\":\"Premier casque airbag ? - leblogmoto.com\",\"isPartOf\":{\"@id\":\"https:\/\/blogs.thesocialmedia.com\/leblogmoto\/#website\"},\"primaryImageOfPage\":{\"@id\":\"https:\/\/blogs.thesocialmedia.com\/leblogmoto\/2007\/09\/10\/premier-casque\/#primaryimage\"},\"image\":{\"@id\":\"https:\/\/blogs.thesocialmedia.com\/leblogmoto\/2007\/09\/10\/premier-casque\/#primaryimage\"},\"thumbnailUrl\":\"http:\/\/www.leblogmoto.com\/images\/2007\/09\/08\/permis_a.jpg\",\"datePublished\":\"2007-09-10T15:57:17+00:00\",\"dateModified\":\"2012-07-11T14:42:47+00:00\",\"author\":{\"@id\":\"https:\/\/blogs.thesocialmedia.com\/leblogmoto\/#\/schema\/person\/769623f89741cc3381675029a37764f8\"},\"breadcrumb\":{\"@id\":\"https:\/\/blogs.thesocialmedia.com\/leblogmoto\/2007\/09\/10\/premier-casque\/#breadcrumb\"},\"inLanguage\":\"fr-FR\",\"potentialAction\":[{\"@type\":\"ReadAction\",\"target\":[\"https:\/\/blogs.thesocialmedia.com\/leblogmoto\/2007\/09\/10\/premier-casque\/\"]}]},{\"@type\":\"ImageObject\",\"inLanguage\":\"fr-FR\",\"@id\":\"https:\/\/blogs.thesocialmedia.com\/leblogmoto\/2007\/09\/10\/premier-casque\/#primaryimage\",\"url\":\"http:\/\/www.leblogmoto.com\/images\/2007\/09\/08\/permis_a.jpg\",\"contentUrl\":\"http:\/\/www.leblogmoto.com\/images\/2007\/09\/08\/permis_a.jpg\"},{\"@type\":\"BreadcrumbList\",\"@id\":\"https:\/\/blogs.thesocialmedia.com\/leblogmoto\/2007\/09\/10\/premier-casque\/#breadcrumb\",\"itemListElement\":[{\"@type\":\"ListItem\",\"position\":1,\"name\":\"Accueil\",\"item\":\"https:\/\/blogs.thesocialmedia.com\/leblogmoto\/\"},{\"@type\":\"ListItem\",\"position\":2,\"name\":\"Premier casque airbag ?\"}]},{\"@type\":\"WebSite\",\"@id\":\"https:\/\/blogs.thesocialmedia.com\/leblogmoto\/#website\",\"url\":\"https:\/\/blogs.thesocialmedia.com\/leblogmoto\/\",\"name\":\"leblogmoto\",\"description\":\"Toute l&#039;actualit\u00e9 des 2 roues\",\"potentialAction\":[{\"@type\":\"SearchAction\",\"target\":{\"@type\":\"EntryPoint\",\"urlTemplate\":\"https:\/\/blogs.thesocialmedia.com\/leblogmoto\/?s={search_term_string}\"},\"query-input\":{\"@type\":\"PropertyValueSpecification\",\"valueRequired\":true,\"valueName\":\"search_term_string\"}}],\"inLanguage\":\"fr-FR\"},{\"@type\":\"Person\",\"@id\":\"https:\/\/blogs.thesocialmedia.com\/leblogmoto\/#\/schema\/person\/769623f89741cc3381675029a37764f8\",\"name\":\"gregory boucaud\",\"image\":{\"@type\":\"ImageObject\",\"inLanguage\":\"fr-FR\",\"@id\":\"https:\/\/blogs.thesocialmedia.com\/leblogmoto\/#\/schema\/person\/image\/\",\"url\":\"https:\/\/secure.gravatar.com\/avatar\/?s=96&d=mm&r=g\",\"contentUrl\":\"https:\/\/secure.gravatar.com\/avatar\/?s=96&d=mm&r=g\",\"caption\":\"gregory boucaud\"},\"url\":\"https:\/\/blogs.thesocialmedia.com\/leblogmoto\/author\/gregory-boucaud\/\"}]}<\/script>\n<!-- \/ Yoast SEO plugin. -->","yoast_head_json":{"title":"Premier casque airbag ? - leblogmoto.com","robots":{"index":"index","follow":"follow","max-snippet":"max-snippet:-1","max-image-preview":"max-image-preview:large","max-video-preview":"max-video-preview:-1"},"canonical":"https:\/\/blogs.thesocialmedia.com\/leblogmoto\/2007\/09\/10\/premier-casque\/","twitter_card":"summary_large_image","twitter_title":"Premier casque airbag ? - leblogmoto.com","twitter_description":"APC Systems, marque espagnole, se lance la premi\u00e8re sur le march\u00e9 espagnol des casques avec airbags. Apr\u00e8s des ann\u00e9es de d\u00e9veloppement et d&rsquo;essais sur divers prototypes, la mise en vente de ce casque est pr\u00e9vue pour les mois \u00e0 venir&#8230;Et si tout se passe bien, nous aussi auront droit \u00e0 notre casque airbag, mais beaucoup [&hellip;]","twitter_image":"http:\/\/www.leblogmoto.com\/images\/2007\/09\/08\/permis_a.jpg","twitter_misc":{"\u00c9crit par":"gregory boucaud","Dur\u00e9e de lecture estim\u00e9e":"1 minute"},"schema":{"@context":"https:\/\/schema.org","@graph":[{"@type":"WebPage","@id":"https:\/\/blogs.thesocialmedia.com\/leblogmoto\/2007\/09\/10\/premier-casque\/","url":"https:\/\/blogs.thesocialmedia.com\/leblogmoto\/2007\/09\/10\/premier-casque\/","name":"Premier casque airbag ? - leblogmoto.com","isPartOf":{"@id":"https:\/\/blogs.thesocialmedia.com\/leblogmoto\/#website"},"primaryImageOfPage":{"@id":"https:\/\/blogs.thesocialmedia.com\/leblogmoto\/2007\/09\/10\/premier-casque\/#primaryimage"},"image":{"@id":"https:\/\/blogs.thesocialmedia.com\/leblogmoto\/2007\/09\/10\/premier-casque\/#primaryimage"},"thumbnailUrl":"http:\/\/www.leblogmoto.com\/images\/2007\/09\/08\/permis_a.jpg","datePublished":"2007-09-10T15:57:17+00:00","dateModified":"2012-07-11T14:42:47+00:00","author":{"@id":"https:\/\/blogs.thesocialmedia.com\/leblogmoto\/#\/schema\/person\/769623f89741cc3381675029a37764f8"},"breadcrumb":{"@id":"https:\/\/blogs.thesocialmedia.com\/leblogmoto\/2007\/09\/10\/premier-casque\/#breadcrumb"},"inLanguage":"fr-FR","potentialAction":[{"@type":"ReadAction","target":["https:\/\/blogs.thesocialmedia.com\/leblogmoto\/2007\/09\/10\/premier-casque\/"]}]},{"@type":"ImageObject","inLanguage":"fr-FR","@id":"https:\/\/blogs.thesocialmedia.com\/leblogmoto\/2007\/09\/10\/premier-casque\/#primaryimage","url":"http:\/\/www.leblogmoto.com\/images\/2007\/09\/08\/permis_a.jpg","contentUrl":"http:\/\/www.leblogmoto.com\/images\/2007\/09\/08\/permis_a.jpg"},{"@type":"BreadcrumbList","@id":"https:\/\/blogs.thesocialmedia.com\/leblogmoto\/2007\/09\/10\/premier-casque\/#breadcrumb","itemListElement":[{"@type":"ListItem","position":1,"name":"Accueil","item":"https:\/\/blogs.thesocialmedia.com\/leblogmoto\/"},{"@type":"ListItem","position":2,"name":"Premier casque airbag ?"}]},{"@type":"WebSite","@id":"https:\/\/blogs.thesocialmedia.com\/leblogmoto\/#website","url":"https:\/\/blogs.thesocialmedia.com\/leblogmoto\/","name":"leblogmoto","description":"Toute l&#039;actualit\u00e9 des 2 roues","potentialAction":[{"@type":"SearchAction","target":{"@type":"EntryPoint","urlTemplate":"https:\/\/blogs.thesocialmedia.com\/leblogmoto\/?s={search_term_string}"},"query-input":{"@type":"PropertyValueSpecification","valueRequired":true,"valueName":"search_term_string"}}],"inLanguage":"fr-FR"},{"@type":"Person","@id":"https:\/\/blogs.thesocialmedia.com\/leblogmoto\/#\/schema\/person\/769623f89741cc3381675029a37764f8","name":"gregory boucaud","image":{"@type":"ImageObject","inLanguage":"fr-FR","@id":"https:\/\/blogs.thesocialmedia.com\/leblogmoto\/#\/schema\/person\/image\/","url":"https:\/\/secure.gravatar.com\/avatar\/?s=96&d=mm&r=g","contentUrl":"https:\/\/secure.gravatar.com\/avatar\/?s=96&d=mm&r=g","caption":"gregory boucaud"},"url":"https:\/\/blogs.thesocialmedia.com\/leblogmoto\/author\/gregory-boucaud\/"}]}},"_links":{"self":[{"href":"https:\/\/blogs.thesocialmedia.com\/leblogmoto\/wp-json\/wp\/v2\/posts\/1283","targetHints":{"allow":["GET"]}}],"collection":[{"href":"https:\/\/blogs.thesocialmedia.com\/leblogmoto\/wp-json\/wp\/v2\/posts"}],"about":[{"href":"https:\/\/blogs.thesocialmedia.com\/leblogmoto\/wp-json\/wp\/v2\/types\/post"}],"author":[{"embeddable":true,"href":"https:\/\/blogs.thesocialmedia.com\/leblogmoto\/wp-json\/wp\/v2\/users\/329"}],"replies":[{"embeddable":true,"href":"https:\/\/blogs.thesocialmedia.com\/leblogmoto\/wp-json\/wp\/v2\/comments?post=1283"}],"version-history":[{"count":2,"href":"https:\/\/blogs.thesocialmedia.com\/leblogmoto\/wp-json\/wp\/v2\/posts\/1283\/revisions"}],"predecessor-version":[{"id":8602,"href":"https:\/\/blogs.thesocialmedia.com\/leblogmoto\/wp-json\/wp\/v2\/posts\/1283\/revisions\/8602"}],"wp:attachment":[{"href":"https:\/\/blogs.thesocialmedia.com\/leblogmoto\/wp-json\/wp\/v2\/media?parent=1283"}],"wp:term":[{"taxonomy":"category","embeddable":true,"href":"https:\/\/blogs.thesocialmedia.com\/leblogmoto\/wp-json\/wp\/v2\/categories?post=1283"},{"taxonomy":"post_tag","embeddable":true,"href":"https:\/\/blogs.thesocialmedia.com\/leblogmoto\/wp-json\/wp\/v2\/tags?post=1283"}],"curies":[{"name":"wp","href":"https:\/\/api.w.org\/{rel}","templated":true}]}}