{"id":1285,"date":"2007-09-08T10:22:30","date_gmt":"2007-09-08T10:22:30","guid":{"rendered":"http:\/\/blogs.thesocialmedia.com\/leblogmoto\/2007\/09\/08\/giornate-mondia\/"},"modified":"2012-07-11T14:42:43","modified_gmt":"2012-07-11T14:42:43","slug":"giornate-mondia","status":"publish","type":"post","link":"https:\/\/blogs.thesocialmedia.com\/leblogmoto\/2007\/09\/08\/giornate-mondia\/","title":{"rendered":"Giornate Mondiali Guzzi : Griso 8V"},"content":{"rendered":"<p><a href=\"http:\/\/blogs.thesocialmedia.com\/leblogmoto\/files\/2012\/07\/motoguzzigriso8v.jpg\"><img loading=\"lazy\" decoding=\"async\" height=\"183\" alt=\"Motoguzzigriso8v\" src=\"http:\/\/www.leblogmoto.com\/images\/2007\/09\/08\/motoguzzigriso8v.jpg\" width=\"250\"  \/><\/a> A Mandello del Lario se d\u00e9roulera du vendredi 14 au dimanche 16 septembre 2007 la cinqui\u00e8me \u00e9dition des <a href=\"http:\/\/www.motoguzzi.it\/\">Giornate Mondiali Guzzi<\/a>. L&rsquo;occasion donc pour <a href=\"http:\/\/www.motoguzzi.it\/\">Moto Guzzi<\/a> de vous pr\u00e9senter sa Griso 8V dot\u00e9e du tout dernier &quot;Quattrovolve&quot;, le plus \u00e9volu\u00e9 des twins en V accompagn\u00e9 du syst\u00e8me CARC (Reactive Shaft Drive System) si cher \u00e0 la marque italienne. <\/p>\n<p>Avec quatre soupapes par cyclindre, ce 1200 cm3 aura 563 nouveaux composants (75% du moteur) compar\u00e9 \u00e0 l&rsquo;ancien moteur \u00e0 deux soupapes par cylindre de cette m\u00eame Griso.<\/p>\n<p>A c\u00f4t\u00e9 de cela, l&rsquo;exposition &quot;Moto Guzzi e i Motori&quot; sera l&rsquo;occasion de contempler un large choix de mono, bicylindre et multicylindre qui montrent les \u00e9volutions techniques de la marque italienne de 1921 \u00e0 nos jours&#8230;<br \/>L&rsquo;occasion pour certains de d\u00e9couvrir ou red\u00e9couvrir cette marque&#8230;<\/p>\n<p>Pour plus d&rsquo;information : <a href=\"http:\/\/www.motoguzzi.it\/\">www.motoguzzi.it<\/a><\/p>\n<p>Source : <a href=\"http:\/\/www.motoguzzi.it\/\">Moto Guzzi<\/a><\/p>\n","protected":false},"excerpt":{"rendered":"<p>A Mandello del Lario se d\u00e9roulera du vendredi 14 au dimanche 16 septembre 2007 la cinqui\u00e8me \u00e9dition des Giornate Mondiali Guzzi. L&rsquo;occasion donc pour Moto Guzzi de vous pr\u00e9senter sa Griso 8V dot\u00e9e du tout dernier &quot;Quattrovolve&quot;, le plus \u00e9volu\u00e9 des twins en V accompagn\u00e9 du syst\u00e8me CARC (Reactive Shaft Drive System) si cher \u00e0 [&hellip;]<\/p>\n","protected":false},"author":329,"featured_media":0,"comment_status":"open","ping_status":"open","sticky":false,"template":"","format":"standard","meta":{"footnotes":""},"categories":[3,10,35],"tags":[],"class_list":["post-1285","post","type-post","status-publish","format-standard","hentry","category-actualite","category-meetings","category-moto-guzzi"],"yoast_head":"<!-- This site is optimized with the Yoast SEO plugin v26.0 - https:\/\/yoast.com\/wordpress\/plugins\/seo\/ -->\n<title>Giornate Mondiali Guzzi : Griso 8V - leblogmoto.com<\/title>\n<meta name=\"robots\" content=\"index, follow, max-snippet:-1, max-image-preview:large, max-video-preview:-1\" \/>\n<link rel=\"canonical\" href=\"https:\/\/blogs.thesocialmedia.com\/leblogmoto\/2007\/09\/08\/giornate-mondia\/\" \/>\n<meta name=\"twitter:card\" content=\"summary_large_image\" \/>\n<meta name=\"twitter:title\" content=\"Giornate Mondiali Guzzi : Griso 8V - leblogmoto.com\" \/>\n<meta name=\"twitter:description\" content=\"A Mandello del Lario se d\u00e9roulera du vendredi 14 au dimanche 16 septembre 2007 la cinqui\u00e8me \u00e9dition des Giornate Mondiali Guzzi. L&rsquo;occasion donc pour Moto Guzzi de vous pr\u00e9senter sa Griso 8V dot\u00e9e du tout dernier &quot;Quattrovolve&quot;, le plus \u00e9volu\u00e9 des twins en V accompagn\u00e9 du syst\u00e8me CARC (Reactive Shaft Drive System) si cher \u00e0 [&hellip;]\" \/>\n<meta name=\"twitter:image\" content=\"http:\/\/www.leblogmoto.com\/images\/2007\/09\/08\/motoguzzigriso8v.jpg\" \/>\n<meta name=\"twitter:label1\" content=\"\u00c9crit par\" \/>\n\t<meta name=\"twitter:data1\" content=\"gregory boucaud\" \/>\n\t<meta name=\"twitter:label2\" content=\"Dur\u00e9e de lecture estim\u00e9e\" \/>\n\t<meta name=\"twitter:data2\" content=\"1 minute\" \/>\n<script type=\"application\/ld+json\" class=\"yoast-schema-graph\">{\"@context\":\"https:\/\/schema.org\",\"@graph\":[{\"@type\":\"WebPage\",\"@id\":\"https:\/\/blogs.thesocialmedia.com\/leblogmoto\/2007\/09\/08\/giornate-mondia\/\",\"url\":\"https:\/\/blogs.thesocialmedia.com\/leblogmoto\/2007\/09\/08\/giornate-mondia\/\",\"name\":\"Giornate Mondiali Guzzi : Griso 8V - leblogmoto.com\",\"isPartOf\":{\"@id\":\"https:\/\/blogs.thesocialmedia.com\/leblogmoto\/#website\"},\"primaryImageOfPage\":{\"@id\":\"https:\/\/blogs.thesocialmedia.com\/leblogmoto\/2007\/09\/08\/giornate-mondia\/#primaryimage\"},\"image\":{\"@id\":\"https:\/\/blogs.thesocialmedia.com\/leblogmoto\/2007\/09\/08\/giornate-mondia\/#primaryimage\"},\"thumbnailUrl\":\"http:\/\/www.leblogmoto.com\/images\/2007\/09\/08\/motoguzzigriso8v.jpg\",\"datePublished\":\"2007-09-08T10:22:30+00:00\",\"dateModified\":\"2012-07-11T14:42:43+00:00\",\"author\":{\"@id\":\"https:\/\/blogs.thesocialmedia.com\/leblogmoto\/#\/schema\/person\/769623f89741cc3381675029a37764f8\"},\"breadcrumb\":{\"@id\":\"https:\/\/blogs.thesocialmedia.com\/leblogmoto\/2007\/09\/08\/giornate-mondia\/#breadcrumb\"},\"inLanguage\":\"fr-FR\",\"potentialAction\":[{\"@type\":\"ReadAction\",\"target\":[\"https:\/\/blogs.thesocialmedia.com\/leblogmoto\/2007\/09\/08\/giornate-mondia\/\"]}]},{\"@type\":\"ImageObject\",\"inLanguage\":\"fr-FR\",\"@id\":\"https:\/\/blogs.thesocialmedia.com\/leblogmoto\/2007\/09\/08\/giornate-mondia\/#primaryimage\",\"url\":\"http:\/\/www.leblogmoto.com\/images\/2007\/09\/08\/motoguzzigriso8v.jpg\",\"contentUrl\":\"http:\/\/www.leblogmoto.com\/images\/2007\/09\/08\/motoguzzigriso8v.jpg\"},{\"@type\":\"BreadcrumbList\",\"@id\":\"https:\/\/blogs.thesocialmedia.com\/leblogmoto\/2007\/09\/08\/giornate-mondia\/#breadcrumb\",\"itemListElement\":[{\"@type\":\"ListItem\",\"position\":1,\"name\":\"Accueil\",\"item\":\"https:\/\/blogs.thesocialmedia.com\/leblogmoto\/\"},{\"@type\":\"ListItem\",\"position\":2,\"name\":\"Giornate Mondiali Guzzi : Griso 8V\"}]},{\"@type\":\"WebSite\",\"@id\":\"https:\/\/blogs.thesocialmedia.com\/leblogmoto\/#website\",\"url\":\"https:\/\/blogs.thesocialmedia.com\/leblogmoto\/\",\"name\":\"leblogmoto\",\"description\":\"Toute l&#039;actualit\u00e9 des 2 roues\",\"potentialAction\":[{\"@type\":\"SearchAction\",\"target\":{\"@type\":\"EntryPoint\",\"urlTemplate\":\"https:\/\/blogs.thesocialmedia.com\/leblogmoto\/?s={search_term_string}\"},\"query-input\":{\"@type\":\"PropertyValueSpecification\",\"valueRequired\":true,\"valueName\":\"search_term_string\"}}],\"inLanguage\":\"fr-FR\"},{\"@type\":\"Person\",\"@id\":\"https:\/\/blogs.thesocialmedia.com\/leblogmoto\/#\/schema\/person\/769623f89741cc3381675029a37764f8\",\"name\":\"gregory boucaud\",\"image\":{\"@type\":\"ImageObject\",\"inLanguage\":\"fr-FR\",\"@id\":\"https:\/\/blogs.thesocialmedia.com\/leblogmoto\/#\/schema\/person\/image\/\",\"url\":\"https:\/\/secure.gravatar.com\/avatar\/?s=96&d=mm&r=g\",\"contentUrl\":\"https:\/\/secure.gravatar.com\/avatar\/?s=96&d=mm&r=g\",\"caption\":\"gregory boucaud\"},\"url\":\"https:\/\/blogs.thesocialmedia.com\/leblogmoto\/author\/gregory-boucaud\/\"}]}<\/script>\n<!-- \/ Yoast SEO plugin. -->","yoast_head_json":{"title":"Giornate Mondiali Guzzi : Griso 8V - leblogmoto.com","robots":{"index":"index","follow":"follow","max-snippet":"max-snippet:-1","max-image-preview":"max-image-preview:large","max-video-preview":"max-video-preview:-1"},"canonical":"https:\/\/blogs.thesocialmedia.com\/leblogmoto\/2007\/09\/08\/giornate-mondia\/","twitter_card":"summary_large_image","twitter_title":"Giornate Mondiali Guzzi : Griso 8V - leblogmoto.com","twitter_description":"A Mandello del Lario se d\u00e9roulera du vendredi 14 au dimanche 16 septembre 2007 la cinqui\u00e8me \u00e9dition des Giornate Mondiali Guzzi. L&rsquo;occasion donc pour Moto Guzzi de vous pr\u00e9senter sa Griso 8V dot\u00e9e du tout dernier &quot;Quattrovolve&quot;, le plus \u00e9volu\u00e9 des twins en V accompagn\u00e9 du syst\u00e8me CARC (Reactive Shaft Drive System) si cher \u00e0 [&hellip;]","twitter_image":"http:\/\/www.leblogmoto.com\/images\/2007\/09\/08\/motoguzzigriso8v.jpg","twitter_misc":{"\u00c9crit par":"gregory boucaud","Dur\u00e9e de lecture estim\u00e9e":"1 minute"},"schema":{"@context":"https:\/\/schema.org","@graph":[{"@type":"WebPage","@id":"https:\/\/blogs.thesocialmedia.com\/leblogmoto\/2007\/09\/08\/giornate-mondia\/","url":"https:\/\/blogs.thesocialmedia.com\/leblogmoto\/2007\/09\/08\/giornate-mondia\/","name":"Giornate Mondiali Guzzi : Griso 8V - leblogmoto.com","isPartOf":{"@id":"https:\/\/blogs.thesocialmedia.com\/leblogmoto\/#website"},"primaryImageOfPage":{"@id":"https:\/\/blogs.thesocialmedia.com\/leblogmoto\/2007\/09\/08\/giornate-mondia\/#primaryimage"},"image":{"@id":"https:\/\/blogs.thesocialmedia.com\/leblogmoto\/2007\/09\/08\/giornate-mondia\/#primaryimage"},"thumbnailUrl":"http:\/\/www.leblogmoto.com\/images\/2007\/09\/08\/motoguzzigriso8v.jpg","datePublished":"2007-09-08T10:22:30+00:00","dateModified":"2012-07-11T14:42:43+00:00","author":{"@id":"https:\/\/blogs.thesocialmedia.com\/leblogmoto\/#\/schema\/person\/769623f89741cc3381675029a37764f8"},"breadcrumb":{"@id":"https:\/\/blogs.thesocialmedia.com\/leblogmoto\/2007\/09\/08\/giornate-mondia\/#breadcrumb"},"inLanguage":"fr-FR","potentialAction":[{"@type":"ReadAction","target":["https:\/\/blogs.thesocialmedia.com\/leblogmoto\/2007\/09\/08\/giornate-mondia\/"]}]},{"@type":"ImageObject","inLanguage":"fr-FR","@id":"https:\/\/blogs.thesocialmedia.com\/leblogmoto\/2007\/09\/08\/giornate-mondia\/#primaryimage","url":"http:\/\/www.leblogmoto.com\/images\/2007\/09\/08\/motoguzzigriso8v.jpg","contentUrl":"http:\/\/www.leblogmoto.com\/images\/2007\/09\/08\/motoguzzigriso8v.jpg"},{"@type":"BreadcrumbList","@id":"https:\/\/blogs.thesocialmedia.com\/leblogmoto\/2007\/09\/08\/giornate-mondia\/#breadcrumb","itemListElement":[{"@type":"ListItem","position":1,"name":"Accueil","item":"https:\/\/blogs.thesocialmedia.com\/leblogmoto\/"},{"@type":"ListItem","position":2,"name":"Giornate Mondiali Guzzi : Griso 8V"}]},{"@type":"WebSite","@id":"https:\/\/blogs.thesocialmedia.com\/leblogmoto\/#website","url":"https:\/\/blogs.thesocialmedia.com\/leblogmoto\/","name":"leblogmoto","description":"Toute l&#039;actualit\u00e9 des 2 roues","potentialAction":[{"@type":"SearchAction","target":{"@type":"EntryPoint","urlTemplate":"https:\/\/blogs.thesocialmedia.com\/leblogmoto\/?s={search_term_string}"},"query-input":{"@type":"PropertyValueSpecification","valueRequired":true,"valueName":"search_term_string"}}],"inLanguage":"fr-FR"},{"@type":"Person","@id":"https:\/\/blogs.thesocialmedia.com\/leblogmoto\/#\/schema\/person\/769623f89741cc3381675029a37764f8","name":"gregory boucaud","image":{"@type":"ImageObject","inLanguage":"fr-FR","@id":"https:\/\/blogs.thesocialmedia.com\/leblogmoto\/#\/schema\/person\/image\/","url":"https:\/\/secure.gravatar.com\/avatar\/?s=96&d=mm&r=g","contentUrl":"https:\/\/secure.gravatar.com\/avatar\/?s=96&d=mm&r=g","caption":"gregory boucaud"},"url":"https:\/\/blogs.thesocialmedia.com\/leblogmoto\/author\/gregory-boucaud\/"}]}},"_links":{"self":[{"href":"https:\/\/blogs.thesocialmedia.com\/leblogmoto\/wp-json\/wp\/v2\/posts\/1285","targetHints":{"allow":["GET"]}}],"collection":[{"href":"https:\/\/blogs.thesocialmedia.com\/leblogmoto\/wp-json\/wp\/v2\/posts"}],"about":[{"href":"https:\/\/blogs.thesocialmedia.com\/leblogmoto\/wp-json\/wp\/v2\/types\/post"}],"author":[{"embeddable":true,"href":"https:\/\/blogs.thesocialmedia.com\/leblogmoto\/wp-json\/wp\/v2\/users\/329"}],"replies":[{"embeddable":true,"href":"https:\/\/blogs.thesocialmedia.com\/leblogmoto\/wp-json\/wp\/v2\/comments?post=1285"}],"version-history":[{"count":2,"href":"https:\/\/blogs.thesocialmedia.com\/leblogmoto\/wp-json\/wp\/v2\/posts\/1285\/revisions"}],"predecessor-version":[{"id":8597,"href":"https:\/\/blogs.thesocialmedia.com\/leblogmoto\/wp-json\/wp\/v2\/posts\/1285\/revisions\/8597"}],"wp:attachment":[{"href":"https:\/\/blogs.thesocialmedia.com\/leblogmoto\/wp-json\/wp\/v2\/media?parent=1285"}],"wp:term":[{"taxonomy":"category","embeddable":true,"href":"https:\/\/blogs.thesocialmedia.com\/leblogmoto\/wp-json\/wp\/v2\/categories?post=1285"},{"taxonomy":"post_tag","embeddable":true,"href":"https:\/\/blogs.thesocialmedia.com\/leblogmoto\/wp-json\/wp\/v2\/tags?post=1285"}],"curies":[{"name":"wp","href":"https:\/\/api.w.org\/{rel}","templated":true}]}}