{"id":1286,"date":"2007-09-07T06:22:53","date_gmt":"2007-09-07T06:22:53","guid":{"rendered":"http:\/\/blogs.thesocialmedia.com\/leblogmoto\/2007\/09\/07\/les-quads-ktm-4\/"},"modified":"2012-07-11T14:42:42","modified_gmt":"2012-07-11T14:42:42","slug":"les-quads-ktm-4","status":"publish","type":"post","link":"https:\/\/blogs.thesocialmedia.com\/leblogmoto\/2007\/09\/07\/les-quads-ktm-4\/","title":{"rendered":"Les quads KTM 450 XC et 525 XC"},"content":{"rendered":"<p><a href=\"http:\/\/blogs.thesocialmedia.com\/leblogmoto\/files\/2012\/07\/ktm_450_xc.jpg\"><img loading=\"lazy\" decoding=\"async\" width=\"470\" height=\"275\"  src=\"http:\/\/www.leblogmoto.com\/images\/2007\/09\/06\/ktm_450_xc.jpg\" alt=\"Ktm_450_xc\" \/><\/a><\/p>\n<p>Apr\u00e8s la voiture avec la<a href=\"http:\/\/www.leblogauto.com\/2007\/03\/salon-de-geneve-ktm-xbow.html\"> X-Bow<\/a> KTM lancera des quads en 2008 en Europe et aux Etats Unis&#8230; <\/p>\n<p><a href=\"http:\/\/clabedan.typepad.com\/.shared\/image.html?\/photos\/uncategorized\/2007\/09\/06\/ktm_525_xc.jpg\"><img loading=\"lazy\" decoding=\"async\" width=\"470\" height=\"345\"  alt=\"Ktm_525_xc\" src=\"http:\/\/www.leblogmoto.com\/images\/2007\/09\/06\/ktm_525_xc.jpg\" \/><\/a> <\/p>\n<p>Deux versions sont au programme, les 450 XC et 525 XC.<\/p>\n<p><a href=\"http:\/\/blogs.thesocialmedia.com\/leblogmoto\/files\/2012\/07\/ktm_525_xc_2.jpg\"><img loading=\"lazy\" decoding=\"async\" width=\"470\" height=\"367\"  alt=\"Ktm_525_xc_2\" src=\"http:\/\/www.leblogmoto.com\/images\/2007\/09\/06\/ktm_525_xc_2.jpg\" \/><\/a> <\/p>\n<p>Les phases de tests et d&rsquo;homologation ont lieu en ce moment pour une commercialisation \u00e0 l&rsquo;\u00e9t\u00e9 2008.<\/p>\n<p><a href=\"http:\/\/blogs.thesocialmedia.com\/leblogmoto\/files\/2012\/07\/ktm_525_xc_3.jpg\"><img loading=\"lazy\" decoding=\"async\" width=\"470\" height=\"366\"  alt=\"Ktm_525_xc_3\" src=\"http:\/\/www.leblogmoto.com\/images\/2007\/09\/06\/ktm_525_xc_3.jpg\" \/><\/a> <\/p>\n<p>Les c\u00e9l\u00e9bres moteurs monocylindres 4 temps recevront une marche arri\u00e8re&#8230;<\/p>\n<p><a href=\"http:\/\/blogs.thesocialmedia.com\/leblogmoto\/files\/2012\/07\/ktm_525_xc_4.jpg\"><img loading=\"lazy\" decoding=\"async\" width=\"470\" height=\"281\"  alt=\"Ktm_525_xc_4\" src=\"http:\/\/www.leblogmoto.com\/images\/2007\/09\/06\/ktm_525_xc_4.jpg\" \/><\/a> <\/p>\n<p>Plus d&rsquo;infos sur le site officiel en anglais <a href=\"http:\/\/www.ktmatv.com\">KTM ATV<\/a><\/p>\n<p> <\/p>\n<p>A lire \u00e9galement:<\/p>\n<p><a href=\"http:\/\/www.leblogmoto.com\/2007\/05\/un_prototype_de.html\">La future KTM 690<\/a><\/p>\n","protected":false},"excerpt":{"rendered":"<p>Apr\u00e8s la voiture avec la X-Bow KTM lancera des quads en 2008 en Europe et aux Etats Unis&#8230; Deux versions sont au programme, les 450 XC et 525 XC. Les phases de tests et d&rsquo;homologation ont lieu en ce moment pour une commercialisation \u00e0 l&rsquo;\u00e9t\u00e9 2008. Les c\u00e9l\u00e9bres moteurs monocylindres 4 temps recevront une marche [&hellip;]<\/p>\n","protected":false},"author":323,"featured_media":0,"comment_status":"open","ping_status":"open","sticky":false,"template":"","format":"standard","meta":{"footnotes":""},"categories":[39],"tags":[],"class_list":["post-1286","post","type-post","status-publish","format-standard","hentry","category-ktm"],"yoast_head":"<!-- This site is optimized with the Yoast SEO plugin v26.0 - https:\/\/yoast.com\/wordpress\/plugins\/seo\/ -->\n<title>Les quads KTM 450 XC et 525 XC - leblogmoto.com<\/title>\n<meta name=\"robots\" content=\"index, follow, max-snippet:-1, max-image-preview:large, max-video-preview:-1\" \/>\n<link rel=\"canonical\" href=\"https:\/\/blogs.thesocialmedia.com\/leblogmoto\/2007\/09\/07\/les-quads-ktm-4\/\" \/>\n<meta name=\"twitter:card\" content=\"summary_large_image\" \/>\n<meta name=\"twitter:title\" content=\"Les quads KTM 450 XC et 525 XC - leblogmoto.com\" \/>\n<meta name=\"twitter:description\" content=\"Apr\u00e8s la voiture avec la X-Bow KTM lancera des quads en 2008 en Europe et aux Etats Unis&#8230; Deux versions sont au programme, les 450 XC et 525 XC. Les phases de tests et d&rsquo;homologation ont lieu en ce moment pour une commercialisation \u00e0 l&rsquo;\u00e9t\u00e9 2008. Les c\u00e9l\u00e9bres moteurs monocylindres 4 temps recevront une marche [&hellip;]\" \/>\n<meta name=\"twitter:image\" content=\"http:\/\/www.leblogmoto.com\/images\/2007\/09\/06\/ktm_450_xc.jpg\" \/>\n<meta name=\"twitter:label1\" content=\"\u00c9crit par\" \/>\n\t<meta name=\"twitter:data1\" content=\"albin le guyader\" \/>\n<script type=\"application\/ld+json\" class=\"yoast-schema-graph\">{\"@context\":\"https:\/\/schema.org\",\"@graph\":[{\"@type\":\"WebPage\",\"@id\":\"https:\/\/blogs.thesocialmedia.com\/leblogmoto\/2007\/09\/07\/les-quads-ktm-4\/\",\"url\":\"https:\/\/blogs.thesocialmedia.com\/leblogmoto\/2007\/09\/07\/les-quads-ktm-4\/\",\"name\":\"Les quads KTM 450 XC et 525 XC - leblogmoto.com\",\"isPartOf\":{\"@id\":\"https:\/\/blogs.thesocialmedia.com\/leblogmoto\/#website\"},\"primaryImageOfPage\":{\"@id\":\"https:\/\/blogs.thesocialmedia.com\/leblogmoto\/2007\/09\/07\/les-quads-ktm-4\/#primaryimage\"},\"image\":{\"@id\":\"https:\/\/blogs.thesocialmedia.com\/leblogmoto\/2007\/09\/07\/les-quads-ktm-4\/#primaryimage\"},\"thumbnailUrl\":\"http:\/\/www.leblogmoto.com\/images\/2007\/09\/06\/ktm_450_xc.jpg\",\"datePublished\":\"2007-09-07T06:22:53+00:00\",\"dateModified\":\"2012-07-11T14:42:42+00:00\",\"author\":{\"@id\":\"https:\/\/blogs.thesocialmedia.com\/leblogmoto\/#\/schema\/person\/b496d27c898c29a39678e2425cafb9ae\"},\"breadcrumb\":{\"@id\":\"https:\/\/blogs.thesocialmedia.com\/leblogmoto\/2007\/09\/07\/les-quads-ktm-4\/#breadcrumb\"},\"inLanguage\":\"fr-FR\",\"potentialAction\":[{\"@type\":\"ReadAction\",\"target\":[\"https:\/\/blogs.thesocialmedia.com\/leblogmoto\/2007\/09\/07\/les-quads-ktm-4\/\"]}]},{\"@type\":\"ImageObject\",\"inLanguage\":\"fr-FR\",\"@id\":\"https:\/\/blogs.thesocialmedia.com\/leblogmoto\/2007\/09\/07\/les-quads-ktm-4\/#primaryimage\",\"url\":\"http:\/\/www.leblogmoto.com\/images\/2007\/09\/06\/ktm_450_xc.jpg\",\"contentUrl\":\"http:\/\/www.leblogmoto.com\/images\/2007\/09\/06\/ktm_450_xc.jpg\"},{\"@type\":\"BreadcrumbList\",\"@id\":\"https:\/\/blogs.thesocialmedia.com\/leblogmoto\/2007\/09\/07\/les-quads-ktm-4\/#breadcrumb\",\"itemListElement\":[{\"@type\":\"ListItem\",\"position\":1,\"name\":\"Accueil\",\"item\":\"https:\/\/blogs.thesocialmedia.com\/leblogmoto\/\"},{\"@type\":\"ListItem\",\"position\":2,\"name\":\"Les quads KTM 450 XC et 525 XC\"}]},{\"@type\":\"WebSite\",\"@id\":\"https:\/\/blogs.thesocialmedia.com\/leblogmoto\/#website\",\"url\":\"https:\/\/blogs.thesocialmedia.com\/leblogmoto\/\",\"name\":\"leblogmoto\",\"description\":\"Toute l&#039;actualit\u00e9 des 2 roues\",\"potentialAction\":[{\"@type\":\"SearchAction\",\"target\":{\"@type\":\"EntryPoint\",\"urlTemplate\":\"https:\/\/blogs.thesocialmedia.com\/leblogmoto\/?s={search_term_string}\"},\"query-input\":{\"@type\":\"PropertyValueSpecification\",\"valueRequired\":true,\"valueName\":\"search_term_string\"}}],\"inLanguage\":\"fr-FR\"},{\"@type\":\"Person\",\"@id\":\"https:\/\/blogs.thesocialmedia.com\/leblogmoto\/#\/schema\/person\/b496d27c898c29a39678e2425cafb9ae\",\"name\":\"albin le guyader\",\"image\":{\"@type\":\"ImageObject\",\"inLanguage\":\"fr-FR\",\"@id\":\"https:\/\/blogs.thesocialmedia.com\/leblogmoto\/#\/schema\/person\/image\/\",\"url\":\"https:\/\/secure.gravatar.com\/avatar\/?s=96&d=mm&r=g\",\"contentUrl\":\"https:\/\/secure.gravatar.com\/avatar\/?s=96&d=mm&r=g\",\"caption\":\"albin le guyader\"},\"url\":\"https:\/\/blogs.thesocialmedia.com\/leblogmoto\/author\/albin-le-guyader\/\"}]}<\/script>\n<!-- \/ Yoast SEO plugin. -->","yoast_head_json":{"title":"Les quads KTM 450 XC et 525 XC - leblogmoto.com","robots":{"index":"index","follow":"follow","max-snippet":"max-snippet:-1","max-image-preview":"max-image-preview:large","max-video-preview":"max-video-preview:-1"},"canonical":"https:\/\/blogs.thesocialmedia.com\/leblogmoto\/2007\/09\/07\/les-quads-ktm-4\/","twitter_card":"summary_large_image","twitter_title":"Les quads KTM 450 XC et 525 XC - leblogmoto.com","twitter_description":"Apr\u00e8s la voiture avec la X-Bow KTM lancera des quads en 2008 en Europe et aux Etats Unis&#8230; Deux versions sont au programme, les 450 XC et 525 XC. Les phases de tests et d&rsquo;homologation ont lieu en ce moment pour une commercialisation \u00e0 l&rsquo;\u00e9t\u00e9 2008. Les c\u00e9l\u00e9bres moteurs monocylindres 4 temps recevront une marche [&hellip;]","twitter_image":"http:\/\/www.leblogmoto.com\/images\/2007\/09\/06\/ktm_450_xc.jpg","twitter_misc":{"\u00c9crit par":"albin le guyader"},"schema":{"@context":"https:\/\/schema.org","@graph":[{"@type":"WebPage","@id":"https:\/\/blogs.thesocialmedia.com\/leblogmoto\/2007\/09\/07\/les-quads-ktm-4\/","url":"https:\/\/blogs.thesocialmedia.com\/leblogmoto\/2007\/09\/07\/les-quads-ktm-4\/","name":"Les quads KTM 450 XC et 525 XC - leblogmoto.com","isPartOf":{"@id":"https:\/\/blogs.thesocialmedia.com\/leblogmoto\/#website"},"primaryImageOfPage":{"@id":"https:\/\/blogs.thesocialmedia.com\/leblogmoto\/2007\/09\/07\/les-quads-ktm-4\/#primaryimage"},"image":{"@id":"https:\/\/blogs.thesocialmedia.com\/leblogmoto\/2007\/09\/07\/les-quads-ktm-4\/#primaryimage"},"thumbnailUrl":"http:\/\/www.leblogmoto.com\/images\/2007\/09\/06\/ktm_450_xc.jpg","datePublished":"2007-09-07T06:22:53+00:00","dateModified":"2012-07-11T14:42:42+00:00","author":{"@id":"https:\/\/blogs.thesocialmedia.com\/leblogmoto\/#\/schema\/person\/b496d27c898c29a39678e2425cafb9ae"},"breadcrumb":{"@id":"https:\/\/blogs.thesocialmedia.com\/leblogmoto\/2007\/09\/07\/les-quads-ktm-4\/#breadcrumb"},"inLanguage":"fr-FR","potentialAction":[{"@type":"ReadAction","target":["https:\/\/blogs.thesocialmedia.com\/leblogmoto\/2007\/09\/07\/les-quads-ktm-4\/"]}]},{"@type":"ImageObject","inLanguage":"fr-FR","@id":"https:\/\/blogs.thesocialmedia.com\/leblogmoto\/2007\/09\/07\/les-quads-ktm-4\/#primaryimage","url":"http:\/\/www.leblogmoto.com\/images\/2007\/09\/06\/ktm_450_xc.jpg","contentUrl":"http:\/\/www.leblogmoto.com\/images\/2007\/09\/06\/ktm_450_xc.jpg"},{"@type":"BreadcrumbList","@id":"https:\/\/blogs.thesocialmedia.com\/leblogmoto\/2007\/09\/07\/les-quads-ktm-4\/#breadcrumb","itemListElement":[{"@type":"ListItem","position":1,"name":"Accueil","item":"https:\/\/blogs.thesocialmedia.com\/leblogmoto\/"},{"@type":"ListItem","position":2,"name":"Les quads KTM 450 XC et 525 XC"}]},{"@type":"WebSite","@id":"https:\/\/blogs.thesocialmedia.com\/leblogmoto\/#website","url":"https:\/\/blogs.thesocialmedia.com\/leblogmoto\/","name":"leblogmoto","description":"Toute l&#039;actualit\u00e9 des 2 roues","potentialAction":[{"@type":"SearchAction","target":{"@type":"EntryPoint","urlTemplate":"https:\/\/blogs.thesocialmedia.com\/leblogmoto\/?s={search_term_string}"},"query-input":{"@type":"PropertyValueSpecification","valueRequired":true,"valueName":"search_term_string"}}],"inLanguage":"fr-FR"},{"@type":"Person","@id":"https:\/\/blogs.thesocialmedia.com\/leblogmoto\/#\/schema\/person\/b496d27c898c29a39678e2425cafb9ae","name":"albin le guyader","image":{"@type":"ImageObject","inLanguage":"fr-FR","@id":"https:\/\/blogs.thesocialmedia.com\/leblogmoto\/#\/schema\/person\/image\/","url":"https:\/\/secure.gravatar.com\/avatar\/?s=96&d=mm&r=g","contentUrl":"https:\/\/secure.gravatar.com\/avatar\/?s=96&d=mm&r=g","caption":"albin le guyader"},"url":"https:\/\/blogs.thesocialmedia.com\/leblogmoto\/author\/albin-le-guyader\/"}]}},"_links":{"self":[{"href":"https:\/\/blogs.thesocialmedia.com\/leblogmoto\/wp-json\/wp\/v2\/posts\/1286","targetHints":{"allow":["GET"]}}],"collection":[{"href":"https:\/\/blogs.thesocialmedia.com\/leblogmoto\/wp-json\/wp\/v2\/posts"}],"about":[{"href":"https:\/\/blogs.thesocialmedia.com\/leblogmoto\/wp-json\/wp\/v2\/types\/post"}],"author":[{"embeddable":true,"href":"https:\/\/blogs.thesocialmedia.com\/leblogmoto\/wp-json\/wp\/v2\/users\/323"}],"replies":[{"embeddable":true,"href":"https:\/\/blogs.thesocialmedia.com\/leblogmoto\/wp-json\/wp\/v2\/comments?post=1286"}],"version-history":[{"count":2,"href":"https:\/\/blogs.thesocialmedia.com\/leblogmoto\/wp-json\/wp\/v2\/posts\/1286\/revisions"}],"predecessor-version":[{"id":8595,"href":"https:\/\/blogs.thesocialmedia.com\/leblogmoto\/wp-json\/wp\/v2\/posts\/1286\/revisions\/8595"}],"wp:attachment":[{"href":"https:\/\/blogs.thesocialmedia.com\/leblogmoto\/wp-json\/wp\/v2\/media?parent=1286"}],"wp:term":[{"taxonomy":"category","embeddable":true,"href":"https:\/\/blogs.thesocialmedia.com\/leblogmoto\/wp-json\/wp\/v2\/categories?post=1286"},{"taxonomy":"post_tag","embeddable":true,"href":"https:\/\/blogs.thesocialmedia.com\/leblogmoto\/wp-json\/wp\/v2\/tags?post=1286"}],"curies":[{"name":"wp","href":"https:\/\/api.w.org\/{rel}","templated":true}]}}