{"id":1287,"date":"2007-08-22T16:30:15","date_gmt":"2007-08-22T16:30:15","guid":{"rendered":"http:\/\/blogs.thesocialmedia.com\/leblogmoto\/2007\/08\/22\/mondial-du-de-1\/"},"modified":"2012-07-11T14:42:35","modified_gmt":"2012-07-11T14:42:35","slug":"mondial-du-de-1","status":"publish","type":"post","link":"https:\/\/blogs.thesocialmedia.com\/leblogmoto\/2007\/08\/22\/mondial-du-de-1\/","title":{"rendered":"Mondial du Deux Roues 2007 : Moto-Net Caf\u00e9"},"content":{"rendered":"<p><a href=\"http:\/\/blogs.thesocialmedia.com\/leblogmoto\/files\/2012\/07\/mondial_2roues_2007_2.jpg\"><img loading=\"lazy\" decoding=\"async\" height=\"188\" alt=\"Mondial_2roues_2007_2\" src=\"http:\/\/www.leblogmoto.com\/images\/2007\/08\/20\/mondial_2roues_2007_2.jpg\" width=\"250\"  \/><\/a> Au chapitre des nouveaut\u00e9s, vous l&rsquo;aurez compris, ce Mondial du Deux Roues en a beaucoup \u00e0 revendre. Cette ann\u00e9e, nous aurons droit \u00e0 un Cybercaf\u00e9 organis\u00e9 au Mondial du Deux Roues par <a href=\"http:\/\/www.moto-net.com\/\">Moto-Net.com<\/a>. Ce lieu de rencontres et d\u2019\u00e9changes offrira la possibilit\u00e9 \u00e0 tous les visiteurs du salon d\u2019assister \u00e0 un rendez-vous quotidien interactif avec un invit\u00e9 prestigieux du monde la moto. De plus cet espace permettra aux visiteurs de surfer gratuitement sur Internet, et de se renseigner sur les derni\u00e8res nouveaut\u00e9s pr\u00e9sent\u00e9es sur le salon.<\/p>\n<p>Alors si vous ne pouvez vous lasser d&rsquo;internet ,en plus des motos, cela vous donnera l&rsquo;occasion de faire d&rsquo;une pierre deux coups&#8230; \ud83d\ude42<\/p>\n<p>Source : <a href=\"http:\/\/www.mondial-deuxroues.com\/\">Mondial du Deux Roues<\/a><\/p>\n","protected":false},"excerpt":{"rendered":"<p>Au chapitre des nouveaut\u00e9s, vous l&rsquo;aurez compris, ce Mondial du Deux Roues en a beaucoup \u00e0 revendre. Cette ann\u00e9e, nous aurons droit \u00e0 un Cybercaf\u00e9 organis\u00e9 au Mondial du Deux Roues par Moto-Net.com. Ce lieu de rencontres et d\u2019\u00e9changes offrira la possibilit\u00e9 \u00e0 tous les visiteurs du salon d\u2019assister \u00e0 un rendez-vous quotidien interactif avec [&hellip;]<\/p>\n","protected":false},"author":329,"featured_media":0,"comment_status":"open","ping_status":"open","sticky":false,"template":"","format":"standard","meta":{"footnotes":""},"categories":[36],"tags":[],"class_list":["post-1287","post","type-post","status-publish","format-standard","hentry","category-salons"],"yoast_head":"<!-- This site is optimized with the Yoast SEO plugin v26.0 - https:\/\/yoast.com\/wordpress\/plugins\/seo\/ -->\n<title>Mondial du Deux Roues 2007 : Moto-Net Caf\u00e9 - leblogmoto.com<\/title>\n<meta name=\"robots\" content=\"index, follow, max-snippet:-1, max-image-preview:large, max-video-preview:-1\" \/>\n<link rel=\"canonical\" href=\"https:\/\/blogs.thesocialmedia.com\/leblogmoto\/2007\/08\/22\/mondial-du-de-1\/\" \/>\n<meta name=\"twitter:card\" content=\"summary_large_image\" \/>\n<meta name=\"twitter:title\" content=\"Mondial du Deux Roues 2007 : Moto-Net Caf\u00e9 - leblogmoto.com\" \/>\n<meta name=\"twitter:description\" content=\"Au chapitre des nouveaut\u00e9s, vous l&rsquo;aurez compris, ce Mondial du Deux Roues en a beaucoup \u00e0 revendre. Cette ann\u00e9e, nous aurons droit \u00e0 un Cybercaf\u00e9 organis\u00e9 au Mondial du Deux Roues par Moto-Net.com. Ce lieu de rencontres et d\u2019\u00e9changes offrira la possibilit\u00e9 \u00e0 tous les visiteurs du salon d\u2019assister \u00e0 un rendez-vous quotidien interactif avec [&hellip;]\" \/>\n<meta name=\"twitter:image\" content=\"http:\/\/www.leblogmoto.com\/images\/2007\/08\/20\/mondial_2roues_2007_2.jpg\" \/>\n<meta name=\"twitter:label1\" content=\"\u00c9crit par\" \/>\n\t<meta name=\"twitter:data1\" content=\"gregory boucaud\" \/>\n\t<meta name=\"twitter:label2\" content=\"Dur\u00e9e de lecture estim\u00e9e\" \/>\n\t<meta name=\"twitter:data2\" content=\"1 minute\" \/>\n<script type=\"application\/ld+json\" class=\"yoast-schema-graph\">{\"@context\":\"https:\/\/schema.org\",\"@graph\":[{\"@type\":\"WebPage\",\"@id\":\"https:\/\/blogs.thesocialmedia.com\/leblogmoto\/2007\/08\/22\/mondial-du-de-1\/\",\"url\":\"https:\/\/blogs.thesocialmedia.com\/leblogmoto\/2007\/08\/22\/mondial-du-de-1\/\",\"name\":\"Mondial du Deux Roues 2007 : Moto-Net Caf\u00e9 - leblogmoto.com\",\"isPartOf\":{\"@id\":\"https:\/\/blogs.thesocialmedia.com\/leblogmoto\/#website\"},\"primaryImageOfPage\":{\"@id\":\"https:\/\/blogs.thesocialmedia.com\/leblogmoto\/2007\/08\/22\/mondial-du-de-1\/#primaryimage\"},\"image\":{\"@id\":\"https:\/\/blogs.thesocialmedia.com\/leblogmoto\/2007\/08\/22\/mondial-du-de-1\/#primaryimage\"},\"thumbnailUrl\":\"http:\/\/www.leblogmoto.com\/images\/2007\/08\/20\/mondial_2roues_2007_2.jpg\",\"datePublished\":\"2007-08-22T16:30:15+00:00\",\"dateModified\":\"2012-07-11T14:42:35+00:00\",\"author\":{\"@id\":\"https:\/\/blogs.thesocialmedia.com\/leblogmoto\/#\/schema\/person\/769623f89741cc3381675029a37764f8\"},\"breadcrumb\":{\"@id\":\"https:\/\/blogs.thesocialmedia.com\/leblogmoto\/2007\/08\/22\/mondial-du-de-1\/#breadcrumb\"},\"inLanguage\":\"fr-FR\",\"potentialAction\":[{\"@type\":\"ReadAction\",\"target\":[\"https:\/\/blogs.thesocialmedia.com\/leblogmoto\/2007\/08\/22\/mondial-du-de-1\/\"]}]},{\"@type\":\"ImageObject\",\"inLanguage\":\"fr-FR\",\"@id\":\"https:\/\/blogs.thesocialmedia.com\/leblogmoto\/2007\/08\/22\/mondial-du-de-1\/#primaryimage\",\"url\":\"http:\/\/www.leblogmoto.com\/images\/2007\/08\/20\/mondial_2roues_2007_2.jpg\",\"contentUrl\":\"http:\/\/www.leblogmoto.com\/images\/2007\/08\/20\/mondial_2roues_2007_2.jpg\"},{\"@type\":\"BreadcrumbList\",\"@id\":\"https:\/\/blogs.thesocialmedia.com\/leblogmoto\/2007\/08\/22\/mondial-du-de-1\/#breadcrumb\",\"itemListElement\":[{\"@type\":\"ListItem\",\"position\":1,\"name\":\"Accueil\",\"item\":\"https:\/\/blogs.thesocialmedia.com\/leblogmoto\/\"},{\"@type\":\"ListItem\",\"position\":2,\"name\":\"Mondial du Deux Roues 2007 : Moto-Net Caf\u00e9\"}]},{\"@type\":\"WebSite\",\"@id\":\"https:\/\/blogs.thesocialmedia.com\/leblogmoto\/#website\",\"url\":\"https:\/\/blogs.thesocialmedia.com\/leblogmoto\/\",\"name\":\"leblogmoto\",\"description\":\"Toute l&#039;actualit\u00e9 des 2 roues\",\"potentialAction\":[{\"@type\":\"SearchAction\",\"target\":{\"@type\":\"EntryPoint\",\"urlTemplate\":\"https:\/\/blogs.thesocialmedia.com\/leblogmoto\/?s={search_term_string}\"},\"query-input\":{\"@type\":\"PropertyValueSpecification\",\"valueRequired\":true,\"valueName\":\"search_term_string\"}}],\"inLanguage\":\"fr-FR\"},{\"@type\":\"Person\",\"@id\":\"https:\/\/blogs.thesocialmedia.com\/leblogmoto\/#\/schema\/person\/769623f89741cc3381675029a37764f8\",\"name\":\"gregory boucaud\",\"image\":{\"@type\":\"ImageObject\",\"inLanguage\":\"fr-FR\",\"@id\":\"https:\/\/blogs.thesocialmedia.com\/leblogmoto\/#\/schema\/person\/image\/\",\"url\":\"https:\/\/secure.gravatar.com\/avatar\/?s=96&d=mm&r=g\",\"contentUrl\":\"https:\/\/secure.gravatar.com\/avatar\/?s=96&d=mm&r=g\",\"caption\":\"gregory boucaud\"},\"url\":\"https:\/\/blogs.thesocialmedia.com\/leblogmoto\/author\/gregory-boucaud\/\"}]}<\/script>\n<!-- \/ Yoast SEO plugin. -->","yoast_head_json":{"title":"Mondial du Deux Roues 2007 : Moto-Net Caf\u00e9 - leblogmoto.com","robots":{"index":"index","follow":"follow","max-snippet":"max-snippet:-1","max-image-preview":"max-image-preview:large","max-video-preview":"max-video-preview:-1"},"canonical":"https:\/\/blogs.thesocialmedia.com\/leblogmoto\/2007\/08\/22\/mondial-du-de-1\/","twitter_card":"summary_large_image","twitter_title":"Mondial du Deux Roues 2007 : Moto-Net Caf\u00e9 - leblogmoto.com","twitter_description":"Au chapitre des nouveaut\u00e9s, vous l&rsquo;aurez compris, ce Mondial du Deux Roues en a beaucoup \u00e0 revendre. Cette ann\u00e9e, nous aurons droit \u00e0 un Cybercaf\u00e9 organis\u00e9 au Mondial du Deux Roues par Moto-Net.com. Ce lieu de rencontres et d\u2019\u00e9changes offrira la possibilit\u00e9 \u00e0 tous les visiteurs du salon d\u2019assister \u00e0 un rendez-vous quotidien interactif avec [&hellip;]","twitter_image":"http:\/\/www.leblogmoto.com\/images\/2007\/08\/20\/mondial_2roues_2007_2.jpg","twitter_misc":{"\u00c9crit par":"gregory boucaud","Dur\u00e9e de lecture estim\u00e9e":"1 minute"},"schema":{"@context":"https:\/\/schema.org","@graph":[{"@type":"WebPage","@id":"https:\/\/blogs.thesocialmedia.com\/leblogmoto\/2007\/08\/22\/mondial-du-de-1\/","url":"https:\/\/blogs.thesocialmedia.com\/leblogmoto\/2007\/08\/22\/mondial-du-de-1\/","name":"Mondial du Deux Roues 2007 : Moto-Net Caf\u00e9 - leblogmoto.com","isPartOf":{"@id":"https:\/\/blogs.thesocialmedia.com\/leblogmoto\/#website"},"primaryImageOfPage":{"@id":"https:\/\/blogs.thesocialmedia.com\/leblogmoto\/2007\/08\/22\/mondial-du-de-1\/#primaryimage"},"image":{"@id":"https:\/\/blogs.thesocialmedia.com\/leblogmoto\/2007\/08\/22\/mondial-du-de-1\/#primaryimage"},"thumbnailUrl":"http:\/\/www.leblogmoto.com\/images\/2007\/08\/20\/mondial_2roues_2007_2.jpg","datePublished":"2007-08-22T16:30:15+00:00","dateModified":"2012-07-11T14:42:35+00:00","author":{"@id":"https:\/\/blogs.thesocialmedia.com\/leblogmoto\/#\/schema\/person\/769623f89741cc3381675029a37764f8"},"breadcrumb":{"@id":"https:\/\/blogs.thesocialmedia.com\/leblogmoto\/2007\/08\/22\/mondial-du-de-1\/#breadcrumb"},"inLanguage":"fr-FR","potentialAction":[{"@type":"ReadAction","target":["https:\/\/blogs.thesocialmedia.com\/leblogmoto\/2007\/08\/22\/mondial-du-de-1\/"]}]},{"@type":"ImageObject","inLanguage":"fr-FR","@id":"https:\/\/blogs.thesocialmedia.com\/leblogmoto\/2007\/08\/22\/mondial-du-de-1\/#primaryimage","url":"http:\/\/www.leblogmoto.com\/images\/2007\/08\/20\/mondial_2roues_2007_2.jpg","contentUrl":"http:\/\/www.leblogmoto.com\/images\/2007\/08\/20\/mondial_2roues_2007_2.jpg"},{"@type":"BreadcrumbList","@id":"https:\/\/blogs.thesocialmedia.com\/leblogmoto\/2007\/08\/22\/mondial-du-de-1\/#breadcrumb","itemListElement":[{"@type":"ListItem","position":1,"name":"Accueil","item":"https:\/\/blogs.thesocialmedia.com\/leblogmoto\/"},{"@type":"ListItem","position":2,"name":"Mondial du Deux Roues 2007 : Moto-Net Caf\u00e9"}]},{"@type":"WebSite","@id":"https:\/\/blogs.thesocialmedia.com\/leblogmoto\/#website","url":"https:\/\/blogs.thesocialmedia.com\/leblogmoto\/","name":"leblogmoto","description":"Toute l&#039;actualit\u00e9 des 2 roues","potentialAction":[{"@type":"SearchAction","target":{"@type":"EntryPoint","urlTemplate":"https:\/\/blogs.thesocialmedia.com\/leblogmoto\/?s={search_term_string}"},"query-input":{"@type":"PropertyValueSpecification","valueRequired":true,"valueName":"search_term_string"}}],"inLanguage":"fr-FR"},{"@type":"Person","@id":"https:\/\/blogs.thesocialmedia.com\/leblogmoto\/#\/schema\/person\/769623f89741cc3381675029a37764f8","name":"gregory boucaud","image":{"@type":"ImageObject","inLanguage":"fr-FR","@id":"https:\/\/blogs.thesocialmedia.com\/leblogmoto\/#\/schema\/person\/image\/","url":"https:\/\/secure.gravatar.com\/avatar\/?s=96&d=mm&r=g","contentUrl":"https:\/\/secure.gravatar.com\/avatar\/?s=96&d=mm&r=g","caption":"gregory boucaud"},"url":"https:\/\/blogs.thesocialmedia.com\/leblogmoto\/author\/gregory-boucaud\/"}]}},"_links":{"self":[{"href":"https:\/\/blogs.thesocialmedia.com\/leblogmoto\/wp-json\/wp\/v2\/posts\/1287","targetHints":{"allow":["GET"]}}],"collection":[{"href":"https:\/\/blogs.thesocialmedia.com\/leblogmoto\/wp-json\/wp\/v2\/posts"}],"about":[{"href":"https:\/\/blogs.thesocialmedia.com\/leblogmoto\/wp-json\/wp\/v2\/types\/post"}],"author":[{"embeddable":true,"href":"https:\/\/blogs.thesocialmedia.com\/leblogmoto\/wp-json\/wp\/v2\/users\/329"}],"replies":[{"embeddable":true,"href":"https:\/\/blogs.thesocialmedia.com\/leblogmoto\/wp-json\/wp\/v2\/comments?post=1287"}],"version-history":[{"count":2,"href":"https:\/\/blogs.thesocialmedia.com\/leblogmoto\/wp-json\/wp\/v2\/posts\/1287\/revisions"}],"predecessor-version":[{"id":8590,"href":"https:\/\/blogs.thesocialmedia.com\/leblogmoto\/wp-json\/wp\/v2\/posts\/1287\/revisions\/8590"}],"wp:attachment":[{"href":"https:\/\/blogs.thesocialmedia.com\/leblogmoto\/wp-json\/wp\/v2\/media?parent=1287"}],"wp:term":[{"taxonomy":"category","embeddable":true,"href":"https:\/\/blogs.thesocialmedia.com\/leblogmoto\/wp-json\/wp\/v2\/categories?post=1287"},{"taxonomy":"post_tag","embeddable":true,"href":"https:\/\/blogs.thesocialmedia.com\/leblogmoto\/wp-json\/wp\/v2\/tags?post=1287"}],"curies":[{"name":"wp","href":"https:\/\/api.w.org\/{rel}","templated":true}]}}