{"id":1288,"date":"2007-08-22T16:28:09","date_gmt":"2007-08-22T16:28:09","guid":{"rendered":"http:\/\/blogs.thesocialmedia.com\/leblogmoto\/2007\/08\/22\/mondial-du-de-2\/"},"modified":"2012-07-11T14:42:34","modified_gmt":"2012-07-11T14:42:34","slug":"mondial-du-de-2","status":"publish","type":"post","link":"https:\/\/blogs.thesocialmedia.com\/leblogmoto\/2007\/08\/22\/mondial-du-de-2\/","title":{"rendered":"Mondial du Deux Roues 2007 : La Moto et le Cin\u00e9ma"},"content":{"rendered":"<p><a href=\"http:\/\/blogs.thesocialmedia.com\/leblogmoto\/files\/2012\/07\/mondial_2roues_2007_3.jpg\"><img loading=\"lazy\" decoding=\"async\" height=\"188\" alt=\"Mondial_2roues_2007_3\" src=\"http:\/\/www.leblogmoto.com\/images\/2007\/08\/20\/mondial_2roues_2007_3.jpg\" width=\"250\"  \/><\/a> Pour les amoureux du cin\u00e9ma ou simplement les curieux, le <a href=\"http:\/\/www.mondial-deuxroues.com\/\">Mondial du Deux Roues<\/a> vous offre une exposition d\u00e9di\u00e9e \u00e0 &quot;La moto et le Cin\u00e9ma&quot;.Vous y trouverez des motos et des side-cars ainsi que des documents cin\u00e9matographiques sur les principaux films motocyclistes de l\u2019aube du cin\u00e9ma \u00e0 nos jours, puisque la moto et le cin\u00e9ma sont tous deux n\u00e9s \u00e0 la fin du 19\u00e8me si\u00e8cle. <\/p>\n<p>Parmi ces motos mythiques vous pourrez d\u00e9couvrir la Triumph de Steve Mc Queen dans &quot;la Grande \u00e9vasion&quot;, le side-car BMW de &quot;la Grande vadrouille&quot;, le Batcycle Yamaha avec side-car autotract\u00e9 de Robin dans &quot;Batman&quot;, l\u2019\u00e9quipage du side-car DNEPR d&rsquo; &quot;Indiana Jones et la Derni\u00e8re croisade&quot; avec Harrisson Ford et Sean Connery et bien d\u2019autres surprises&#8230; Ce parcours dans l\u2019univers du cin\u00e9ma et de la moto est le r\u00e9sultat de plus de vingt ans de recherches men\u00e9es par Constantino Frontalini et son \u00e9quipe au Mus\u00e9e du Side-car \u00e0 Cingoli en Italie.<br \/>A mon avis, cela sera une exposition \u00e0 voir&#8230; \ud83d\ude42<\/p>\n<p>Source : <a href=\"http:\/\/www.mondial-deuxroues.com\/\">Mondial du Deux Roues<\/a><\/p>\n","protected":false},"excerpt":{"rendered":"<p>Pour les amoureux du cin\u00e9ma ou simplement les curieux, le Mondial du Deux Roues vous offre une exposition d\u00e9di\u00e9e \u00e0 &quot;La moto et le Cin\u00e9ma&quot;.Vous y trouverez des motos et des side-cars ainsi que des documents cin\u00e9matographiques sur les principaux films motocyclistes de l\u2019aube du cin\u00e9ma \u00e0 nos jours, puisque la moto et le cin\u00e9ma [&hellip;]<\/p>\n","protected":false},"author":329,"featured_media":0,"comment_status":"open","ping_status":"open","sticky":false,"template":"","format":"standard","meta":{"footnotes":""},"categories":[36],"tags":[],"class_list":["post-1288","post","type-post","status-publish","format-standard","hentry","category-salons"],"yoast_head":"<!-- This site is optimized with the Yoast SEO plugin v26.0 - https:\/\/yoast.com\/wordpress\/plugins\/seo\/ -->\n<title>Mondial du Deux Roues 2007 : La Moto et le Cin\u00e9ma - leblogmoto.com<\/title>\n<meta name=\"robots\" content=\"index, follow, max-snippet:-1, max-image-preview:large, max-video-preview:-1\" \/>\n<link rel=\"canonical\" href=\"https:\/\/blogs.thesocialmedia.com\/leblogmoto\/2007\/08\/22\/mondial-du-de-2\/\" \/>\n<meta name=\"twitter:card\" content=\"summary_large_image\" \/>\n<meta name=\"twitter:title\" content=\"Mondial du Deux Roues 2007 : La Moto et le Cin\u00e9ma - leblogmoto.com\" \/>\n<meta name=\"twitter:description\" content=\"Pour les amoureux du cin\u00e9ma ou simplement les curieux, le Mondial du Deux Roues vous offre une exposition d\u00e9di\u00e9e \u00e0 &quot;La moto et le Cin\u00e9ma&quot;.Vous y trouverez des motos et des side-cars ainsi que des documents cin\u00e9matographiques sur les principaux films motocyclistes de l\u2019aube du cin\u00e9ma \u00e0 nos jours, puisque la moto et le cin\u00e9ma [&hellip;]\" \/>\n<meta name=\"twitter:image\" content=\"http:\/\/www.leblogmoto.com\/images\/2007\/08\/20\/mondial_2roues_2007_3.jpg\" \/>\n<meta name=\"twitter:label1\" content=\"\u00c9crit par\" \/>\n\t<meta name=\"twitter:data1\" content=\"gregory boucaud\" \/>\n\t<meta name=\"twitter:label2\" content=\"Dur\u00e9e de lecture estim\u00e9e\" \/>\n\t<meta name=\"twitter:data2\" content=\"1 minute\" \/>\n<script type=\"application\/ld+json\" class=\"yoast-schema-graph\">{\"@context\":\"https:\/\/schema.org\",\"@graph\":[{\"@type\":\"WebPage\",\"@id\":\"https:\/\/blogs.thesocialmedia.com\/leblogmoto\/2007\/08\/22\/mondial-du-de-2\/\",\"url\":\"https:\/\/blogs.thesocialmedia.com\/leblogmoto\/2007\/08\/22\/mondial-du-de-2\/\",\"name\":\"Mondial du Deux Roues 2007 : La Moto et le Cin\u00e9ma - leblogmoto.com\",\"isPartOf\":{\"@id\":\"https:\/\/blogs.thesocialmedia.com\/leblogmoto\/#website\"},\"primaryImageOfPage\":{\"@id\":\"https:\/\/blogs.thesocialmedia.com\/leblogmoto\/2007\/08\/22\/mondial-du-de-2\/#primaryimage\"},\"image\":{\"@id\":\"https:\/\/blogs.thesocialmedia.com\/leblogmoto\/2007\/08\/22\/mondial-du-de-2\/#primaryimage\"},\"thumbnailUrl\":\"http:\/\/www.leblogmoto.com\/images\/2007\/08\/20\/mondial_2roues_2007_3.jpg\",\"datePublished\":\"2007-08-22T16:28:09+00:00\",\"dateModified\":\"2012-07-11T14:42:34+00:00\",\"author\":{\"@id\":\"https:\/\/blogs.thesocialmedia.com\/leblogmoto\/#\/schema\/person\/769623f89741cc3381675029a37764f8\"},\"breadcrumb\":{\"@id\":\"https:\/\/blogs.thesocialmedia.com\/leblogmoto\/2007\/08\/22\/mondial-du-de-2\/#breadcrumb\"},\"inLanguage\":\"fr-FR\",\"potentialAction\":[{\"@type\":\"ReadAction\",\"target\":[\"https:\/\/blogs.thesocialmedia.com\/leblogmoto\/2007\/08\/22\/mondial-du-de-2\/\"]}]},{\"@type\":\"ImageObject\",\"inLanguage\":\"fr-FR\",\"@id\":\"https:\/\/blogs.thesocialmedia.com\/leblogmoto\/2007\/08\/22\/mondial-du-de-2\/#primaryimage\",\"url\":\"http:\/\/www.leblogmoto.com\/images\/2007\/08\/20\/mondial_2roues_2007_3.jpg\",\"contentUrl\":\"http:\/\/www.leblogmoto.com\/images\/2007\/08\/20\/mondial_2roues_2007_3.jpg\"},{\"@type\":\"BreadcrumbList\",\"@id\":\"https:\/\/blogs.thesocialmedia.com\/leblogmoto\/2007\/08\/22\/mondial-du-de-2\/#breadcrumb\",\"itemListElement\":[{\"@type\":\"ListItem\",\"position\":1,\"name\":\"Accueil\",\"item\":\"https:\/\/blogs.thesocialmedia.com\/leblogmoto\/\"},{\"@type\":\"ListItem\",\"position\":2,\"name\":\"Mondial du Deux Roues 2007 : La Moto et le Cin\u00e9ma\"}]},{\"@type\":\"WebSite\",\"@id\":\"https:\/\/blogs.thesocialmedia.com\/leblogmoto\/#website\",\"url\":\"https:\/\/blogs.thesocialmedia.com\/leblogmoto\/\",\"name\":\"leblogmoto\",\"description\":\"Toute l&#039;actualit\u00e9 des 2 roues\",\"potentialAction\":[{\"@type\":\"SearchAction\",\"target\":{\"@type\":\"EntryPoint\",\"urlTemplate\":\"https:\/\/blogs.thesocialmedia.com\/leblogmoto\/?s={search_term_string}\"},\"query-input\":{\"@type\":\"PropertyValueSpecification\",\"valueRequired\":true,\"valueName\":\"search_term_string\"}}],\"inLanguage\":\"fr-FR\"},{\"@type\":\"Person\",\"@id\":\"https:\/\/blogs.thesocialmedia.com\/leblogmoto\/#\/schema\/person\/769623f89741cc3381675029a37764f8\",\"name\":\"gregory boucaud\",\"image\":{\"@type\":\"ImageObject\",\"inLanguage\":\"fr-FR\",\"@id\":\"https:\/\/blogs.thesocialmedia.com\/leblogmoto\/#\/schema\/person\/image\/\",\"url\":\"https:\/\/secure.gravatar.com\/avatar\/?s=96&d=mm&r=g\",\"contentUrl\":\"https:\/\/secure.gravatar.com\/avatar\/?s=96&d=mm&r=g\",\"caption\":\"gregory boucaud\"},\"url\":\"https:\/\/blogs.thesocialmedia.com\/leblogmoto\/author\/gregory-boucaud\/\"}]}<\/script>\n<!-- \/ Yoast SEO plugin. -->","yoast_head_json":{"title":"Mondial du Deux Roues 2007 : La Moto et le Cin\u00e9ma - leblogmoto.com","robots":{"index":"index","follow":"follow","max-snippet":"max-snippet:-1","max-image-preview":"max-image-preview:large","max-video-preview":"max-video-preview:-1"},"canonical":"https:\/\/blogs.thesocialmedia.com\/leblogmoto\/2007\/08\/22\/mondial-du-de-2\/","twitter_card":"summary_large_image","twitter_title":"Mondial du Deux Roues 2007 : La Moto et le Cin\u00e9ma - leblogmoto.com","twitter_description":"Pour les amoureux du cin\u00e9ma ou simplement les curieux, le Mondial du Deux Roues vous offre une exposition d\u00e9di\u00e9e \u00e0 &quot;La moto et le Cin\u00e9ma&quot;.Vous y trouverez des motos et des side-cars ainsi que des documents cin\u00e9matographiques sur les principaux films motocyclistes de l\u2019aube du cin\u00e9ma \u00e0 nos jours, puisque la moto et le cin\u00e9ma [&hellip;]","twitter_image":"http:\/\/www.leblogmoto.com\/images\/2007\/08\/20\/mondial_2roues_2007_3.jpg","twitter_misc":{"\u00c9crit par":"gregory boucaud","Dur\u00e9e de lecture estim\u00e9e":"1 minute"},"schema":{"@context":"https:\/\/schema.org","@graph":[{"@type":"WebPage","@id":"https:\/\/blogs.thesocialmedia.com\/leblogmoto\/2007\/08\/22\/mondial-du-de-2\/","url":"https:\/\/blogs.thesocialmedia.com\/leblogmoto\/2007\/08\/22\/mondial-du-de-2\/","name":"Mondial du Deux Roues 2007 : La Moto et le Cin\u00e9ma - leblogmoto.com","isPartOf":{"@id":"https:\/\/blogs.thesocialmedia.com\/leblogmoto\/#website"},"primaryImageOfPage":{"@id":"https:\/\/blogs.thesocialmedia.com\/leblogmoto\/2007\/08\/22\/mondial-du-de-2\/#primaryimage"},"image":{"@id":"https:\/\/blogs.thesocialmedia.com\/leblogmoto\/2007\/08\/22\/mondial-du-de-2\/#primaryimage"},"thumbnailUrl":"http:\/\/www.leblogmoto.com\/images\/2007\/08\/20\/mondial_2roues_2007_3.jpg","datePublished":"2007-08-22T16:28:09+00:00","dateModified":"2012-07-11T14:42:34+00:00","author":{"@id":"https:\/\/blogs.thesocialmedia.com\/leblogmoto\/#\/schema\/person\/769623f89741cc3381675029a37764f8"},"breadcrumb":{"@id":"https:\/\/blogs.thesocialmedia.com\/leblogmoto\/2007\/08\/22\/mondial-du-de-2\/#breadcrumb"},"inLanguage":"fr-FR","potentialAction":[{"@type":"ReadAction","target":["https:\/\/blogs.thesocialmedia.com\/leblogmoto\/2007\/08\/22\/mondial-du-de-2\/"]}]},{"@type":"ImageObject","inLanguage":"fr-FR","@id":"https:\/\/blogs.thesocialmedia.com\/leblogmoto\/2007\/08\/22\/mondial-du-de-2\/#primaryimage","url":"http:\/\/www.leblogmoto.com\/images\/2007\/08\/20\/mondial_2roues_2007_3.jpg","contentUrl":"http:\/\/www.leblogmoto.com\/images\/2007\/08\/20\/mondial_2roues_2007_3.jpg"},{"@type":"BreadcrumbList","@id":"https:\/\/blogs.thesocialmedia.com\/leblogmoto\/2007\/08\/22\/mondial-du-de-2\/#breadcrumb","itemListElement":[{"@type":"ListItem","position":1,"name":"Accueil","item":"https:\/\/blogs.thesocialmedia.com\/leblogmoto\/"},{"@type":"ListItem","position":2,"name":"Mondial du Deux Roues 2007 : La Moto et le Cin\u00e9ma"}]},{"@type":"WebSite","@id":"https:\/\/blogs.thesocialmedia.com\/leblogmoto\/#website","url":"https:\/\/blogs.thesocialmedia.com\/leblogmoto\/","name":"leblogmoto","description":"Toute l&#039;actualit\u00e9 des 2 roues","potentialAction":[{"@type":"SearchAction","target":{"@type":"EntryPoint","urlTemplate":"https:\/\/blogs.thesocialmedia.com\/leblogmoto\/?s={search_term_string}"},"query-input":{"@type":"PropertyValueSpecification","valueRequired":true,"valueName":"search_term_string"}}],"inLanguage":"fr-FR"},{"@type":"Person","@id":"https:\/\/blogs.thesocialmedia.com\/leblogmoto\/#\/schema\/person\/769623f89741cc3381675029a37764f8","name":"gregory boucaud","image":{"@type":"ImageObject","inLanguage":"fr-FR","@id":"https:\/\/blogs.thesocialmedia.com\/leblogmoto\/#\/schema\/person\/image\/","url":"https:\/\/secure.gravatar.com\/avatar\/?s=96&d=mm&r=g","contentUrl":"https:\/\/secure.gravatar.com\/avatar\/?s=96&d=mm&r=g","caption":"gregory boucaud"},"url":"https:\/\/blogs.thesocialmedia.com\/leblogmoto\/author\/gregory-boucaud\/"}]}},"_links":{"self":[{"href":"https:\/\/blogs.thesocialmedia.com\/leblogmoto\/wp-json\/wp\/v2\/posts\/1288","targetHints":{"allow":["GET"]}}],"collection":[{"href":"https:\/\/blogs.thesocialmedia.com\/leblogmoto\/wp-json\/wp\/v2\/posts"}],"about":[{"href":"https:\/\/blogs.thesocialmedia.com\/leblogmoto\/wp-json\/wp\/v2\/types\/post"}],"author":[{"embeddable":true,"href":"https:\/\/blogs.thesocialmedia.com\/leblogmoto\/wp-json\/wp\/v2\/users\/329"}],"replies":[{"embeddable":true,"href":"https:\/\/blogs.thesocialmedia.com\/leblogmoto\/wp-json\/wp\/v2\/comments?post=1288"}],"version-history":[{"count":2,"href":"https:\/\/blogs.thesocialmedia.com\/leblogmoto\/wp-json\/wp\/v2\/posts\/1288\/revisions"}],"predecessor-version":[{"id":8588,"href":"https:\/\/blogs.thesocialmedia.com\/leblogmoto\/wp-json\/wp\/v2\/posts\/1288\/revisions\/8588"}],"wp:attachment":[{"href":"https:\/\/blogs.thesocialmedia.com\/leblogmoto\/wp-json\/wp\/v2\/media?parent=1288"}],"wp:term":[{"taxonomy":"category","embeddable":true,"href":"https:\/\/blogs.thesocialmedia.com\/leblogmoto\/wp-json\/wp\/v2\/categories?post=1288"},{"taxonomy":"post_tag","embeddable":true,"href":"https:\/\/blogs.thesocialmedia.com\/leblogmoto\/wp-json\/wp\/v2\/tags?post=1288"}],"curies":[{"name":"wp","href":"https:\/\/api.w.org\/{rel}","templated":true}]}}