{"id":129,"date":"2009-05-22T02:07:04","date_gmt":"2009-05-22T02:07:04","guid":{"rendered":"http:\/\/blogs.thesocialmedia.com\/leblogmoto\/2009\/05\/22\/album-du-vendredi-bmw-s1000rr\/"},"modified":"2012-07-11T17:28:03","modified_gmt":"2012-07-11T17:28:03","slug":"album-du-vendredi-bmw-s1000rr","status":"publish","type":"post","link":"https:\/\/blogs.thesocialmedia.com\/leblogmoto\/2009\/05\/22\/album-du-vendredi-bmw-s1000rr\/","title":{"rendered":"Album du vendredi &#8211; BMW S1000RR"},"content":{"rendered":"<p><a href=\"http:\/\/blogs.thesocialmedia.com\/leblogmoto\/files\/2012\/07\/6a00d83451b18369e20115709d5c7a970b-popup.png\"><img decoding=\"async\" alt=\"S1000rr1\" class=\"at-xid-6a00d83451b18369e20115709d5c7a970b \" src=\"http:\/\/blogs.thesocialmedia.com\/leblogmoto\/files\/2012\/07\/6a00d83451b18369e20115709d5c7a970b-500wi.jpg\" style=\"width: 470px\" \/><\/a> <\/p>\n<p>C\u2019\u00e9tait \u00e0 Monza, il y a quelques semaines, que <a href=\"http:\/\/www.bmw-motorrad.fr\/fr\/fr\/index.html\">BMW<\/a> rendait officiel sa <a href=\"http:\/\/www.s1000rr.com\/\">S1000RR<\/a>, la version pour tous de son Superbike. Les chiffres de ses performances sont semblent-ils spectaculaires, en faisant la plus rapide de sa cat\u00e9gorie, sur papier, mais qu\u2019importe, car hormis les quelques trop rares journ\u00e9es sur circuit, \u00e0 quoi sert cette d\u00e9bauche de puissance, voulez-vous bien me le dire?<\/p>\n<p> BMW semble vouloir viser les parts de march\u00e9 des japonaises, avec une moto plut\u00f4t conventionnelle pour ce constructeur. Faudra voir si son prix sera aussi agressif que les f\u00e9lins sur les images promotionnelles, o\u00f9 s\u2019il fera fuir de frayeur, comme la pauvre fille sur les m\u00eames images (trouvez d&#039;ailleurs ce qui cloche dans la derni\u00e8re image), les accros de vitesse devant un premium pour le privil\u00e8ge d\u2019un logo.<br \/>Curieusement, son style d\u00e9cri\u00e9 comme trop convenu pour une BMW, est tout autant critiqu\u00e9 pour le baroque de ses phares asym\u00e9triques, pourtant une signature BMW. Allez donc savoir, mais encore, on s\u2019attaque aux japonaises, pas aux Italiennes, qui dans le registre du style sont souvent imbattables.<br \/>\u00c0 croire que le vin rouge est d\u2019un meilleur effet que la bi\u00e8re quand vient le temps de tracer une belle ligne!<\/p>\n<p><a href=\"http:\/\/clabedan.typepad.com\/.a\/6a00d83451b18369e20115709d5ea8970b-popup\"><img decoding=\"async\" alt=\"S1000rr2\" class=\"at-xid-6a00d83451b18369e20115709d5ea8970b \" src=\"http:\/\/blogs.thesocialmedia.com\/leblogmoto\/files\/2012\/07\/6a00d83451b18369e20115709d5ea8970b-500wi.jpg\" style=\"width: 470px\" \/><\/a> <\/p>\n<p><a href=\"http:\/\/blogs.thesocialmedia.com\/leblogmoto\/files\/2012\/07\/6a00d83451b18369e201156fa84193970c-popup.png\"><img decoding=\"async\" alt=\"S1000rr3\" class=\"at-xid-6a00d83451b18369e201156fa84193970c \" src=\"http:\/\/blogs.thesocialmedia.com\/leblogmoto\/files\/2012\/07\/6a00d83451b18369e201156fa84193970c-500wi.jpg\" style=\"width: 470px\" \/><\/a> <\/p>\n<p><a href=\"http:\/\/blogs.thesocialmedia.com\/leblogmoto\/files\/2012\/07\/6a00d83451b18369e20115709d5e5b970b-popup.png\"><img decoding=\"async\" alt=\"S1000rr4\" class=\"at-xid-6a00d83451b18369e20115709d5e5b970b \" src=\"http:\/\/blogs.thesocialmedia.com\/leblogmoto\/files\/2012\/07\/6a00d83451b18369e20115709d5e5b970b-500wi.jpg\" style=\"width: 470px\" \/><\/a> <\/p>\n<p><a href=\"http:\/\/blogs.thesocialmedia.com\/leblogmoto\/files\/2012\/07\/6a00d83451b18369e201156fa84157970c-popup.png\"><img decoding=\"async\" alt=\"S1000rr5\" class=\"at-xid-6a00d83451b18369e201156fa84157970c \" src=\"http:\/\/blogs.thesocialmedia.com\/leblogmoto\/files\/2012\/07\/6a00d83451b18369e201156fa84157970c-500wi.jpg\" style=\"width: 470px\" \/><\/a> <\/p>\n<p><a href=\"http:\/\/blogs.thesocialmedia.com\/leblogmoto\/files\/2012\/07\/6a00d83451b18369e201156fa84128970c-popup.png\"><img decoding=\"async\" alt=\"S1000rr6\" class=\"at-xid-6a00d83451b18369e201156fa84128970c \" src=\"http:\/\/blogs.thesocialmedia.com\/leblogmoto\/files\/2012\/07\/6a00d83451b18369e201156fa84128970c-500wi.jpg\" style=\"width: 470px\" \/><\/a> <\/p>\n<p><a href=\"http:\/\/blogs.thesocialmedia.com\/leblogmoto\/files\/2012\/07\/6a00d83451b18369e201156fa84107970c-popup.png\"><img decoding=\"async\" alt=\"S1000rr7\" class=\"at-xid-6a00d83451b18369e201156fa84107970c \" src=\"http:\/\/blogs.thesocialmedia.com\/leblogmoto\/files\/2012\/07\/6a00d83451b18369e201156fa84107970c-500wi.jpg\" style=\"width: 470px\" \/><\/a> <\/p>\n<p><a href=\"http:\/\/blogs.thesocialmedia.com\/leblogmoto\/files\/2012\/07\/6a00d83451b18369e201156fa840e9970c-popup.png\"><img decoding=\"async\" alt=\"S1000rr8\" class=\"at-xid-6a00d83451b18369e201156fa840e9970c \" src=\"http:\/\/blogs.thesocialmedia.com\/leblogmoto\/files\/2012\/07\/6a00d83451b18369e201156fa840e9970c-500wi.jpg\" style=\"width: 470px\" \/><\/a> <\/p>\n<p><a href=\"http:\/\/blogs.thesocialmedia.com\/leblogmoto\/files\/2012\/07\/6a00d83451b18369e20115709d5daf970b-popup.png\"><img decoding=\"async\" alt=\"S1000rr9\" class=\"at-xid-6a00d83451b18369e20115709d5daf970b \" src=\"http:\/\/blogs.thesocialmedia.com\/leblogmoto\/files\/2012\/07\/6a00d83451b18369e20115709d5daf970b-500wi.jpg\" style=\"width: 470px\" \/><\/a> <\/p>\n<p><span style=\"text-decoration: underline\"><a href=\"http:\/\/blogs.thesocialmedia.com\/leblogmoto\/files\/2012\/07\/6a00d83451b18369e201156fa8405e970c-popup.png\"><img decoding=\"async\" alt=\"S1000rr10\" class=\"at-xid-6a00d83451b18369e201156fa8405e970c \" src=\"http:\/\/blogs.thesocialmedia.com\/leblogmoto\/files\/2012\/07\/6a00d83451b18369e201156fa8405e970c-500wi.jpg\" style=\"width: 470px\" \/><\/a> <\/span>&#160;<\/p>\n<p><object height=\"364\" width=\"445\"><param name=\"movie\" value=\"http:\/\/www.youtube.com\/v\/q3ibDaKu22s&amp;hl=fr&amp;fs=1&amp;rel=0&amp;border=1\" \/><param name=\"allowFullScreen\" value=\"true\" \/><param name=\"allowscriptaccess\" value=\"always\" \/><embed height=\"364\" src=\"http:\/\/www.youtube.com\/v\/q3ibDaKu22s&amp;hl=fr&amp;fs=1&amp;rel=0&amp;border=1\" type=\"application\/x-shockwave-flash\" width=\"445\" \/><\/object><\/p>\n","protected":false},"excerpt":{"rendered":"<p>C\u2019\u00e9tait \u00e0 Monza, il y a quelques semaines, que BMW rendait officiel sa S1000RR, la version pour tous de son Superbike. Les chiffres de ses performances sont semblent-ils spectaculaires, en faisant la plus rapide de sa cat\u00e9gorie, sur papier, mais qu\u2019importe, car hormis les quelques trop rares journ\u00e9es sur circuit, \u00e0 quoi sert cette d\u00e9bauche [&hellip;]<\/p>\n","protected":false},"author":325,"featured_media":13633,"comment_status":"open","ping_status":"open","sticky":false,"template":"","format":"standard","meta":{"footnotes":""},"categories":[49,7,12],"tags":[],"class_list":["post-129","post","type-post","status-publish","format-standard","has-post-thumbnail","hentry","category-actualites-entreprise","category-bmw","category-videos"],"yoast_head":"<!-- This site is optimized with the Yoast SEO plugin v26.0 - https:\/\/yoast.com\/wordpress\/plugins\/seo\/ -->\n<title>Album du vendredi - BMW S1000RR - leblogmoto.com<\/title>\n<meta name=\"robots\" content=\"index, follow, max-snippet:-1, max-image-preview:large, max-video-preview:-1\" \/>\n<link rel=\"canonical\" href=\"https:\/\/blogs.thesocialmedia.com\/leblogmoto\/2009\/05\/22\/album-du-vendredi-bmw-s1000rr\/\" \/>\n<meta name=\"twitter:card\" content=\"summary_large_image\" \/>\n<meta name=\"twitter:title\" content=\"Album du vendredi - BMW S1000RR - leblogmoto.com\" \/>\n<meta name=\"twitter:description\" content=\"C\u2019\u00e9tait \u00e0 Monza, il y a quelques semaines, que BMW rendait officiel sa S1000RR, la version pour tous de son Superbike. Les chiffres de ses performances sont semblent-ils spectaculaires, en faisant la plus rapide de sa cat\u00e9gorie, sur papier, mais qu\u2019importe, car hormis les quelques trop rares journ\u00e9es sur circuit, \u00e0 quoi sert cette d\u00e9bauche [&hellip;]\" \/>\n<meta name=\"twitter:image\" content=\"https:\/\/blogs.thesocialmedia.com\/leblogmoto\/files\/2012\/07\/6a00d83451b18369e20115709d5c7a970b-500wi.jpg\" \/>\n<meta name=\"twitter:label1\" content=\"\u00c9crit par\" \/>\n\t<meta name=\"twitter:data1\" content=\"jacques lesage\" \/>\n\t<meta name=\"twitter:label2\" content=\"Dur\u00e9e de lecture estim\u00e9e\" \/>\n\t<meta name=\"twitter:data2\" content=\"1 minute\" \/>\n<script type=\"application\/ld+json\" class=\"yoast-schema-graph\">{\"@context\":\"https:\/\/schema.org\",\"@graph\":[{\"@type\":\"WebPage\",\"@id\":\"https:\/\/blogs.thesocialmedia.com\/leblogmoto\/2009\/05\/22\/album-du-vendredi-bmw-s1000rr\/\",\"url\":\"https:\/\/blogs.thesocialmedia.com\/leblogmoto\/2009\/05\/22\/album-du-vendredi-bmw-s1000rr\/\",\"name\":\"Album du vendredi - BMW S1000RR - leblogmoto.com\",\"isPartOf\":{\"@id\":\"https:\/\/blogs.thesocialmedia.com\/leblogmoto\/#website\"},\"primaryImageOfPage\":{\"@id\":\"https:\/\/blogs.thesocialmedia.com\/leblogmoto\/2009\/05\/22\/album-du-vendredi-bmw-s1000rr\/#primaryimage\"},\"image\":{\"@id\":\"https:\/\/blogs.thesocialmedia.com\/leblogmoto\/2009\/05\/22\/album-du-vendredi-bmw-s1000rr\/#primaryimage\"},\"thumbnailUrl\":\"https:\/\/blogs.thesocialmedia.com\/leblogmoto\/files\/2012\/07\/6a00d83451b18369e20115709d5c7a970b-500wi.jpg\",\"datePublished\":\"2009-05-22T02:07:04+00:00\",\"dateModified\":\"2012-07-11T17:28:03+00:00\",\"author\":{\"@id\":\"https:\/\/blogs.thesocialmedia.com\/leblogmoto\/#\/schema\/person\/e82a0ca8a9a63d031586097a3ed58526\"},\"breadcrumb\":{\"@id\":\"https:\/\/blogs.thesocialmedia.com\/leblogmoto\/2009\/05\/22\/album-du-vendredi-bmw-s1000rr\/#breadcrumb\"},\"inLanguage\":\"fr-FR\",\"potentialAction\":[{\"@type\":\"ReadAction\",\"target\":[\"https:\/\/blogs.thesocialmedia.com\/leblogmoto\/2009\/05\/22\/album-du-vendredi-bmw-s1000rr\/\"]}]},{\"@type\":\"ImageObject\",\"inLanguage\":\"fr-FR\",\"@id\":\"https:\/\/blogs.thesocialmedia.com\/leblogmoto\/2009\/05\/22\/album-du-vendredi-bmw-s1000rr\/#primaryimage\",\"url\":\"https:\/\/blogs.thesocialmedia.com\/leblogmoto\/files\/2012\/07\/6a00d83451b18369e20115709d5c7a970b-500wi.jpg\",\"contentUrl\":\"https:\/\/blogs.thesocialmedia.com\/leblogmoto\/files\/2012\/07\/6a00d83451b18369e20115709d5c7a970b-500wi.jpg\",\"width\":\"500\",\"height\":\"314\"},{\"@type\":\"BreadcrumbList\",\"@id\":\"https:\/\/blogs.thesocialmedia.com\/leblogmoto\/2009\/05\/22\/album-du-vendredi-bmw-s1000rr\/#breadcrumb\",\"itemListElement\":[{\"@type\":\"ListItem\",\"position\":1,\"name\":\"Accueil\",\"item\":\"https:\/\/blogs.thesocialmedia.com\/leblogmoto\/\"},{\"@type\":\"ListItem\",\"position\":2,\"name\":\"Album du vendredi &#8211; BMW S1000RR\"}]},{\"@type\":\"WebSite\",\"@id\":\"https:\/\/blogs.thesocialmedia.com\/leblogmoto\/#website\",\"url\":\"https:\/\/blogs.thesocialmedia.com\/leblogmoto\/\",\"name\":\"leblogmoto\",\"description\":\"Toute l&#039;actualit\u00e9 des 2 roues\",\"potentialAction\":[{\"@type\":\"SearchAction\",\"target\":{\"@type\":\"EntryPoint\",\"urlTemplate\":\"https:\/\/blogs.thesocialmedia.com\/leblogmoto\/?s={search_term_string}\"},\"query-input\":{\"@type\":\"PropertyValueSpecification\",\"valueRequired\":true,\"valueName\":\"search_term_string\"}}],\"inLanguage\":\"fr-FR\"},{\"@type\":\"Person\",\"@id\":\"https:\/\/blogs.thesocialmedia.com\/leblogmoto\/#\/schema\/person\/e82a0ca8a9a63d031586097a3ed58526\",\"name\":\"jacques lesage\",\"image\":{\"@type\":\"ImageObject\",\"inLanguage\":\"fr-FR\",\"@id\":\"https:\/\/blogs.thesocialmedia.com\/leblogmoto\/#\/schema\/person\/image\/\",\"url\":\"https:\/\/secure.gravatar.com\/avatar\/?s=96&d=mm&r=g\",\"contentUrl\":\"https:\/\/secure.gravatar.com\/avatar\/?s=96&d=mm&r=g\",\"caption\":\"jacques lesage\"},\"url\":\"https:\/\/blogs.thesocialmedia.com\/leblogmoto\/author\/jacques-lesage\/\"}]}<\/script>\n<!-- \/ Yoast SEO plugin. -->","yoast_head_json":{"title":"Album du vendredi - BMW S1000RR - leblogmoto.com","robots":{"index":"index","follow":"follow","max-snippet":"max-snippet:-1","max-image-preview":"max-image-preview:large","max-video-preview":"max-video-preview:-1"},"canonical":"https:\/\/blogs.thesocialmedia.com\/leblogmoto\/2009\/05\/22\/album-du-vendredi-bmw-s1000rr\/","twitter_card":"summary_large_image","twitter_title":"Album du vendredi - BMW S1000RR - leblogmoto.com","twitter_description":"C\u2019\u00e9tait \u00e0 Monza, il y a quelques semaines, que BMW rendait officiel sa S1000RR, la version pour tous de son Superbike. Les chiffres de ses performances sont semblent-ils spectaculaires, en faisant la plus rapide de sa cat\u00e9gorie, sur papier, mais qu\u2019importe, car hormis les quelques trop rares journ\u00e9es sur circuit, \u00e0 quoi sert cette d\u00e9bauche [&hellip;]","twitter_image":"https:\/\/blogs.thesocialmedia.com\/leblogmoto\/files\/2012\/07\/6a00d83451b18369e20115709d5c7a970b-500wi.jpg","twitter_misc":{"\u00c9crit par":"jacques lesage","Dur\u00e9e de lecture estim\u00e9e":"1 minute"},"schema":{"@context":"https:\/\/schema.org","@graph":[{"@type":"WebPage","@id":"https:\/\/blogs.thesocialmedia.com\/leblogmoto\/2009\/05\/22\/album-du-vendredi-bmw-s1000rr\/","url":"https:\/\/blogs.thesocialmedia.com\/leblogmoto\/2009\/05\/22\/album-du-vendredi-bmw-s1000rr\/","name":"Album du vendredi - BMW S1000RR - leblogmoto.com","isPartOf":{"@id":"https:\/\/blogs.thesocialmedia.com\/leblogmoto\/#website"},"primaryImageOfPage":{"@id":"https:\/\/blogs.thesocialmedia.com\/leblogmoto\/2009\/05\/22\/album-du-vendredi-bmw-s1000rr\/#primaryimage"},"image":{"@id":"https:\/\/blogs.thesocialmedia.com\/leblogmoto\/2009\/05\/22\/album-du-vendredi-bmw-s1000rr\/#primaryimage"},"thumbnailUrl":"https:\/\/blogs.thesocialmedia.com\/leblogmoto\/files\/2012\/07\/6a00d83451b18369e20115709d5c7a970b-500wi.jpg","datePublished":"2009-05-22T02:07:04+00:00","dateModified":"2012-07-11T17:28:03+00:00","author":{"@id":"https:\/\/blogs.thesocialmedia.com\/leblogmoto\/#\/schema\/person\/e82a0ca8a9a63d031586097a3ed58526"},"breadcrumb":{"@id":"https:\/\/blogs.thesocialmedia.com\/leblogmoto\/2009\/05\/22\/album-du-vendredi-bmw-s1000rr\/#breadcrumb"},"inLanguage":"fr-FR","potentialAction":[{"@type":"ReadAction","target":["https:\/\/blogs.thesocialmedia.com\/leblogmoto\/2009\/05\/22\/album-du-vendredi-bmw-s1000rr\/"]}]},{"@type":"ImageObject","inLanguage":"fr-FR","@id":"https:\/\/blogs.thesocialmedia.com\/leblogmoto\/2009\/05\/22\/album-du-vendredi-bmw-s1000rr\/#primaryimage","url":"https:\/\/blogs.thesocialmedia.com\/leblogmoto\/files\/2012\/07\/6a00d83451b18369e20115709d5c7a970b-500wi.jpg","contentUrl":"https:\/\/blogs.thesocialmedia.com\/leblogmoto\/files\/2012\/07\/6a00d83451b18369e20115709d5c7a970b-500wi.jpg","width":"500","height":"314"},{"@type":"BreadcrumbList","@id":"https:\/\/blogs.thesocialmedia.com\/leblogmoto\/2009\/05\/22\/album-du-vendredi-bmw-s1000rr\/#breadcrumb","itemListElement":[{"@type":"ListItem","position":1,"name":"Accueil","item":"https:\/\/blogs.thesocialmedia.com\/leblogmoto\/"},{"@type":"ListItem","position":2,"name":"Album du vendredi &#8211; BMW S1000RR"}]},{"@type":"WebSite","@id":"https:\/\/blogs.thesocialmedia.com\/leblogmoto\/#website","url":"https:\/\/blogs.thesocialmedia.com\/leblogmoto\/","name":"leblogmoto","description":"Toute l&#039;actualit\u00e9 des 2 roues","potentialAction":[{"@type":"SearchAction","target":{"@type":"EntryPoint","urlTemplate":"https:\/\/blogs.thesocialmedia.com\/leblogmoto\/?s={search_term_string}"},"query-input":{"@type":"PropertyValueSpecification","valueRequired":true,"valueName":"search_term_string"}}],"inLanguage":"fr-FR"},{"@type":"Person","@id":"https:\/\/blogs.thesocialmedia.com\/leblogmoto\/#\/schema\/person\/e82a0ca8a9a63d031586097a3ed58526","name":"jacques lesage","image":{"@type":"ImageObject","inLanguage":"fr-FR","@id":"https:\/\/blogs.thesocialmedia.com\/leblogmoto\/#\/schema\/person\/image\/","url":"https:\/\/secure.gravatar.com\/avatar\/?s=96&d=mm&r=g","contentUrl":"https:\/\/secure.gravatar.com\/avatar\/?s=96&d=mm&r=g","caption":"jacques lesage"},"url":"https:\/\/blogs.thesocialmedia.com\/leblogmoto\/author\/jacques-lesage\/"}]}},"_links":{"self":[{"href":"https:\/\/blogs.thesocialmedia.com\/leblogmoto\/wp-json\/wp\/v2\/posts\/129","targetHints":{"allow":["GET"]}}],"collection":[{"href":"https:\/\/blogs.thesocialmedia.com\/leblogmoto\/wp-json\/wp\/v2\/posts"}],"about":[{"href":"https:\/\/blogs.thesocialmedia.com\/leblogmoto\/wp-json\/wp\/v2\/types\/post"}],"author":[{"embeddable":true,"href":"https:\/\/blogs.thesocialmedia.com\/leblogmoto\/wp-json\/wp\/v2\/users\/325"}],"replies":[{"embeddable":true,"href":"https:\/\/blogs.thesocialmedia.com\/leblogmoto\/wp-json\/wp\/v2\/comments?post=129"}],"version-history":[{"count":2,"href":"https:\/\/blogs.thesocialmedia.com\/leblogmoto\/wp-json\/wp\/v2\/posts\/129\/revisions"}],"predecessor-version":[{"id":13652,"href":"https:\/\/blogs.thesocialmedia.com\/leblogmoto\/wp-json\/wp\/v2\/posts\/129\/revisions\/13652"}],"wp:featuredmedia":[{"embeddable":true,"href":"https:\/\/blogs.thesocialmedia.com\/leblogmoto\/wp-json\/wp\/v2\/media\/13633"}],"wp:attachment":[{"href":"https:\/\/blogs.thesocialmedia.com\/leblogmoto\/wp-json\/wp\/v2\/media?parent=129"}],"wp:term":[{"taxonomy":"category","embeddable":true,"href":"https:\/\/blogs.thesocialmedia.com\/leblogmoto\/wp-json\/wp\/v2\/categories?post=129"},{"taxonomy":"post_tag","embeddable":true,"href":"https:\/\/blogs.thesocialmedia.com\/leblogmoto\/wp-json\/wp\/v2\/tags?post=129"}],"curies":[{"name":"wp","href":"https:\/\/api.w.org\/{rel}","templated":true}]}}