{"id":1290,"date":"2007-08-20T16:46:39","date_gmt":"2007-08-20T16:46:39","guid":{"rendered":"http:\/\/blogs.thesocialmedia.com\/leblogmoto\/2007\/08\/20\/mondial-du-deux-2\/"},"modified":"2012-07-11T14:42:30","modified_gmt":"2012-07-11T14:42:30","slug":"mondial-du-deux-2","status":"publish","type":"post","link":"https:\/\/blogs.thesocialmedia.com\/leblogmoto\/2007\/08\/20\/mondial-du-deux-2\/","title":{"rendered":"Mondial du Deux Roues 2007 : Village-ecotechnic"},"content":{"rendered":"<p><a href=\"http:\/\/blogs.thesocialmedia.com\/leblogmoto\/files\/2012\/07\/mondial_2roues_2007.jpg\"><img loading=\"lazy\" decoding=\"async\" height=\"188\" alt=\"Mondial_2roues_2007\" src=\"http:\/\/www.leblogmoto.com\/images\/2007\/08\/20\/mondial_2roues_2007.jpg\" width=\"250\"  \/><\/a> Le <a href=\"http:\/\/www.mondial-deuxroues.com\/\">Mondial du deux roues<\/a> approche \u00e0 grands pas et son lot de nouveaut\u00e9s aussi. C&rsquo;est d&rsquo;ailleurs \u00e0 ce salon qu&rsquo;il y aura pour la premi\u00e8re fois un Village Ecotechnic, village qui sera parain\u00e9 par David Douillet. Il sera mat\u00e9rialis\u00e9 par une tente de 1 600 m\u00b2 implant\u00e9e sur la terrasse D4 du Parc des Expositions de la Porte de Versailles \u00e0 proximit\u00e9 du parking motos. Tous les visiteurs du <a href=\"http:\/\/www.mondial-deuxroues.com\/\">Mondial du Deux Roues<\/a> y auront librement acc\u00e8s. Un service d\u2019entretien rapide pour les motos et les scooters vous sera propos\u00e9. Sous la tente des ateliers seront sp\u00e9cialement am\u00e9nag\u00e9s pour pr\u00e9senter au public les diff\u00e9rents proc\u00e9d\u00e9s de r\u00e9cup\u00e9ration des pi\u00e8ces usag\u00e9es<\/p>\n<p><a href=\"http:\/\/college.jeanmoulin.free.fr\/Judo\/Ddouillet.htm\">David Douillet<\/a> t\u00e9moigne &quot;Ca fait 20 ans que je fais de la moto, et \u00e9videmment j\u2019adore \u00e7a, c\u2019est un moyen de d\u00e9placement, c\u2019est aussi la libert\u00e9, le bon air, seulement il y a un truc\u2026contrairement \u00e0 l\u2019automobile on est en retard sur tous les sujets qui concernent l\u2019\u00e9cologie, le d\u00e9veloppement durable. On est mal \u00e9duqu\u00e9 la dessus. <br \/>C\u2019est pourquoi j\u2019ai d\u00e9cid\u00e9 d\u2019\u00eatre le parrain du Village-ecotechnic au Salon International de la Moto. Dans ce village vous allez r\u00e9ellement comprendre et apprendre surtout comment on peut respecter l\u2019environnement. C\u2019est peut-\u00eatre un changement par rapport \u00e0 l\u2019attitude du motard qui va se mettre en route maintenant, et moi le premier, \u00e0 respecter la nature et l\u2019environnement. C\u2019est tout simplement important pour nos gosses!&quot;.<br \/>En tous cas, ce salon promet d&rsquo;\u00eatre tr\u00e8s \u00e9difiant&#8230; \ud83d\ude42<\/p>\n<p>Source : <a href=\"http:\/\/www.mondial-deuxroues.com\">Mondial du Deux Roues<\/a><\/p>\n","protected":false},"excerpt":{"rendered":"<p>Le Mondial du deux roues approche \u00e0 grands pas et son lot de nouveaut\u00e9s aussi. C&rsquo;est d&rsquo;ailleurs \u00e0 ce salon qu&rsquo;il y aura pour la premi\u00e8re fois un Village Ecotechnic, village qui sera parain\u00e9 par David Douillet. Il sera mat\u00e9rialis\u00e9 par une tente de 1 600 m\u00b2 implant\u00e9e sur la terrasse D4 du Parc des [&hellip;]<\/p>\n","protected":false},"author":329,"featured_media":0,"comment_status":"open","ping_status":"open","sticky":false,"template":"","format":"standard","meta":{"footnotes":""},"categories":[36],"tags":[],"class_list":["post-1290","post","type-post","status-publish","format-standard","hentry","category-salons"],"yoast_head":"<!-- This site is optimized with the Yoast SEO plugin v26.0 - https:\/\/yoast.com\/wordpress\/plugins\/seo\/ -->\n<title>Mondial du Deux Roues 2007 : Village-ecotechnic - leblogmoto.com<\/title>\n<meta name=\"robots\" content=\"index, follow, max-snippet:-1, max-image-preview:large, max-video-preview:-1\" \/>\n<link rel=\"canonical\" href=\"https:\/\/blogs.thesocialmedia.com\/leblogmoto\/2007\/08\/20\/mondial-du-deux-2\/\" \/>\n<meta name=\"twitter:card\" content=\"summary_large_image\" \/>\n<meta name=\"twitter:title\" content=\"Mondial du Deux Roues 2007 : Village-ecotechnic - leblogmoto.com\" \/>\n<meta name=\"twitter:description\" content=\"Le Mondial du deux roues approche \u00e0 grands pas et son lot de nouveaut\u00e9s aussi. C&rsquo;est d&rsquo;ailleurs \u00e0 ce salon qu&rsquo;il y aura pour la premi\u00e8re fois un Village Ecotechnic, village qui sera parain\u00e9 par David Douillet. Il sera mat\u00e9rialis\u00e9 par une tente de 1 600 m\u00b2 implant\u00e9e sur la terrasse D4 du Parc des [&hellip;]\" \/>\n<meta name=\"twitter:image\" content=\"http:\/\/www.leblogmoto.com\/images\/2007\/08\/20\/mondial_2roues_2007.jpg\" \/>\n<meta name=\"twitter:label1\" content=\"\u00c9crit par\" \/>\n\t<meta name=\"twitter:data1\" content=\"gregory boucaud\" \/>\n\t<meta name=\"twitter:label2\" content=\"Dur\u00e9e de lecture estim\u00e9e\" \/>\n\t<meta name=\"twitter:data2\" content=\"1 minute\" \/>\n<script type=\"application\/ld+json\" class=\"yoast-schema-graph\">{\"@context\":\"https:\/\/schema.org\",\"@graph\":[{\"@type\":\"WebPage\",\"@id\":\"https:\/\/blogs.thesocialmedia.com\/leblogmoto\/2007\/08\/20\/mondial-du-deux-2\/\",\"url\":\"https:\/\/blogs.thesocialmedia.com\/leblogmoto\/2007\/08\/20\/mondial-du-deux-2\/\",\"name\":\"Mondial du Deux Roues 2007 : Village-ecotechnic - leblogmoto.com\",\"isPartOf\":{\"@id\":\"https:\/\/blogs.thesocialmedia.com\/leblogmoto\/#website\"},\"primaryImageOfPage\":{\"@id\":\"https:\/\/blogs.thesocialmedia.com\/leblogmoto\/2007\/08\/20\/mondial-du-deux-2\/#primaryimage\"},\"image\":{\"@id\":\"https:\/\/blogs.thesocialmedia.com\/leblogmoto\/2007\/08\/20\/mondial-du-deux-2\/#primaryimage\"},\"thumbnailUrl\":\"http:\/\/www.leblogmoto.com\/images\/2007\/08\/20\/mondial_2roues_2007.jpg\",\"datePublished\":\"2007-08-20T16:46:39+00:00\",\"dateModified\":\"2012-07-11T14:42:30+00:00\",\"author\":{\"@id\":\"https:\/\/blogs.thesocialmedia.com\/leblogmoto\/#\/schema\/person\/769623f89741cc3381675029a37764f8\"},\"breadcrumb\":{\"@id\":\"https:\/\/blogs.thesocialmedia.com\/leblogmoto\/2007\/08\/20\/mondial-du-deux-2\/#breadcrumb\"},\"inLanguage\":\"fr-FR\",\"potentialAction\":[{\"@type\":\"ReadAction\",\"target\":[\"https:\/\/blogs.thesocialmedia.com\/leblogmoto\/2007\/08\/20\/mondial-du-deux-2\/\"]}]},{\"@type\":\"ImageObject\",\"inLanguage\":\"fr-FR\",\"@id\":\"https:\/\/blogs.thesocialmedia.com\/leblogmoto\/2007\/08\/20\/mondial-du-deux-2\/#primaryimage\",\"url\":\"http:\/\/www.leblogmoto.com\/images\/2007\/08\/20\/mondial_2roues_2007.jpg\",\"contentUrl\":\"http:\/\/www.leblogmoto.com\/images\/2007\/08\/20\/mondial_2roues_2007.jpg\"},{\"@type\":\"BreadcrumbList\",\"@id\":\"https:\/\/blogs.thesocialmedia.com\/leblogmoto\/2007\/08\/20\/mondial-du-deux-2\/#breadcrumb\",\"itemListElement\":[{\"@type\":\"ListItem\",\"position\":1,\"name\":\"Accueil\",\"item\":\"https:\/\/blogs.thesocialmedia.com\/leblogmoto\/\"},{\"@type\":\"ListItem\",\"position\":2,\"name\":\"Mondial du Deux Roues 2007 : Village-ecotechnic\"}]},{\"@type\":\"WebSite\",\"@id\":\"https:\/\/blogs.thesocialmedia.com\/leblogmoto\/#website\",\"url\":\"https:\/\/blogs.thesocialmedia.com\/leblogmoto\/\",\"name\":\"leblogmoto\",\"description\":\"Toute l&#039;actualit\u00e9 des 2 roues\",\"potentialAction\":[{\"@type\":\"SearchAction\",\"target\":{\"@type\":\"EntryPoint\",\"urlTemplate\":\"https:\/\/blogs.thesocialmedia.com\/leblogmoto\/?s={search_term_string}\"},\"query-input\":{\"@type\":\"PropertyValueSpecification\",\"valueRequired\":true,\"valueName\":\"search_term_string\"}}],\"inLanguage\":\"fr-FR\"},{\"@type\":\"Person\",\"@id\":\"https:\/\/blogs.thesocialmedia.com\/leblogmoto\/#\/schema\/person\/769623f89741cc3381675029a37764f8\",\"name\":\"gregory boucaud\",\"image\":{\"@type\":\"ImageObject\",\"inLanguage\":\"fr-FR\",\"@id\":\"https:\/\/blogs.thesocialmedia.com\/leblogmoto\/#\/schema\/person\/image\/\",\"url\":\"https:\/\/secure.gravatar.com\/avatar\/?s=96&d=mm&r=g\",\"contentUrl\":\"https:\/\/secure.gravatar.com\/avatar\/?s=96&d=mm&r=g\",\"caption\":\"gregory boucaud\"},\"url\":\"https:\/\/blogs.thesocialmedia.com\/leblogmoto\/author\/gregory-boucaud\/\"}]}<\/script>\n<!-- \/ Yoast SEO plugin. -->","yoast_head_json":{"title":"Mondial du Deux Roues 2007 : Village-ecotechnic - leblogmoto.com","robots":{"index":"index","follow":"follow","max-snippet":"max-snippet:-1","max-image-preview":"max-image-preview:large","max-video-preview":"max-video-preview:-1"},"canonical":"https:\/\/blogs.thesocialmedia.com\/leblogmoto\/2007\/08\/20\/mondial-du-deux-2\/","twitter_card":"summary_large_image","twitter_title":"Mondial du Deux Roues 2007 : Village-ecotechnic - leblogmoto.com","twitter_description":"Le Mondial du deux roues approche \u00e0 grands pas et son lot de nouveaut\u00e9s aussi. C&rsquo;est d&rsquo;ailleurs \u00e0 ce salon qu&rsquo;il y aura pour la premi\u00e8re fois un Village Ecotechnic, village qui sera parain\u00e9 par David Douillet. Il sera mat\u00e9rialis\u00e9 par une tente de 1 600 m\u00b2 implant\u00e9e sur la terrasse D4 du Parc des [&hellip;]","twitter_image":"http:\/\/www.leblogmoto.com\/images\/2007\/08\/20\/mondial_2roues_2007.jpg","twitter_misc":{"\u00c9crit par":"gregory boucaud","Dur\u00e9e de lecture estim\u00e9e":"1 minute"},"schema":{"@context":"https:\/\/schema.org","@graph":[{"@type":"WebPage","@id":"https:\/\/blogs.thesocialmedia.com\/leblogmoto\/2007\/08\/20\/mondial-du-deux-2\/","url":"https:\/\/blogs.thesocialmedia.com\/leblogmoto\/2007\/08\/20\/mondial-du-deux-2\/","name":"Mondial du Deux Roues 2007 : Village-ecotechnic - leblogmoto.com","isPartOf":{"@id":"https:\/\/blogs.thesocialmedia.com\/leblogmoto\/#website"},"primaryImageOfPage":{"@id":"https:\/\/blogs.thesocialmedia.com\/leblogmoto\/2007\/08\/20\/mondial-du-deux-2\/#primaryimage"},"image":{"@id":"https:\/\/blogs.thesocialmedia.com\/leblogmoto\/2007\/08\/20\/mondial-du-deux-2\/#primaryimage"},"thumbnailUrl":"http:\/\/www.leblogmoto.com\/images\/2007\/08\/20\/mondial_2roues_2007.jpg","datePublished":"2007-08-20T16:46:39+00:00","dateModified":"2012-07-11T14:42:30+00:00","author":{"@id":"https:\/\/blogs.thesocialmedia.com\/leblogmoto\/#\/schema\/person\/769623f89741cc3381675029a37764f8"},"breadcrumb":{"@id":"https:\/\/blogs.thesocialmedia.com\/leblogmoto\/2007\/08\/20\/mondial-du-deux-2\/#breadcrumb"},"inLanguage":"fr-FR","potentialAction":[{"@type":"ReadAction","target":["https:\/\/blogs.thesocialmedia.com\/leblogmoto\/2007\/08\/20\/mondial-du-deux-2\/"]}]},{"@type":"ImageObject","inLanguage":"fr-FR","@id":"https:\/\/blogs.thesocialmedia.com\/leblogmoto\/2007\/08\/20\/mondial-du-deux-2\/#primaryimage","url":"http:\/\/www.leblogmoto.com\/images\/2007\/08\/20\/mondial_2roues_2007.jpg","contentUrl":"http:\/\/www.leblogmoto.com\/images\/2007\/08\/20\/mondial_2roues_2007.jpg"},{"@type":"BreadcrumbList","@id":"https:\/\/blogs.thesocialmedia.com\/leblogmoto\/2007\/08\/20\/mondial-du-deux-2\/#breadcrumb","itemListElement":[{"@type":"ListItem","position":1,"name":"Accueil","item":"https:\/\/blogs.thesocialmedia.com\/leblogmoto\/"},{"@type":"ListItem","position":2,"name":"Mondial du Deux Roues 2007 : Village-ecotechnic"}]},{"@type":"WebSite","@id":"https:\/\/blogs.thesocialmedia.com\/leblogmoto\/#website","url":"https:\/\/blogs.thesocialmedia.com\/leblogmoto\/","name":"leblogmoto","description":"Toute l&#039;actualit\u00e9 des 2 roues","potentialAction":[{"@type":"SearchAction","target":{"@type":"EntryPoint","urlTemplate":"https:\/\/blogs.thesocialmedia.com\/leblogmoto\/?s={search_term_string}"},"query-input":{"@type":"PropertyValueSpecification","valueRequired":true,"valueName":"search_term_string"}}],"inLanguage":"fr-FR"},{"@type":"Person","@id":"https:\/\/blogs.thesocialmedia.com\/leblogmoto\/#\/schema\/person\/769623f89741cc3381675029a37764f8","name":"gregory boucaud","image":{"@type":"ImageObject","inLanguage":"fr-FR","@id":"https:\/\/blogs.thesocialmedia.com\/leblogmoto\/#\/schema\/person\/image\/","url":"https:\/\/secure.gravatar.com\/avatar\/?s=96&d=mm&r=g","contentUrl":"https:\/\/secure.gravatar.com\/avatar\/?s=96&d=mm&r=g","caption":"gregory boucaud"},"url":"https:\/\/blogs.thesocialmedia.com\/leblogmoto\/author\/gregory-boucaud\/"}]}},"_links":{"self":[{"href":"https:\/\/blogs.thesocialmedia.com\/leblogmoto\/wp-json\/wp\/v2\/posts\/1290","targetHints":{"allow":["GET"]}}],"collection":[{"href":"https:\/\/blogs.thesocialmedia.com\/leblogmoto\/wp-json\/wp\/v2\/posts"}],"about":[{"href":"https:\/\/blogs.thesocialmedia.com\/leblogmoto\/wp-json\/wp\/v2\/types\/post"}],"author":[{"embeddable":true,"href":"https:\/\/blogs.thesocialmedia.com\/leblogmoto\/wp-json\/wp\/v2\/users\/329"}],"replies":[{"embeddable":true,"href":"https:\/\/blogs.thesocialmedia.com\/leblogmoto\/wp-json\/wp\/v2\/comments?post=1290"}],"version-history":[{"count":2,"href":"https:\/\/blogs.thesocialmedia.com\/leblogmoto\/wp-json\/wp\/v2\/posts\/1290\/revisions"}],"predecessor-version":[{"id":8584,"href":"https:\/\/blogs.thesocialmedia.com\/leblogmoto\/wp-json\/wp\/v2\/posts\/1290\/revisions\/8584"}],"wp:attachment":[{"href":"https:\/\/blogs.thesocialmedia.com\/leblogmoto\/wp-json\/wp\/v2\/media?parent=1290"}],"wp:term":[{"taxonomy":"category","embeddable":true,"href":"https:\/\/blogs.thesocialmedia.com\/leblogmoto\/wp-json\/wp\/v2\/categories?post=1290"},{"taxonomy":"post_tag","embeddable":true,"href":"https:\/\/blogs.thesocialmedia.com\/leblogmoto\/wp-json\/wp\/v2\/tags?post=1290"}],"curies":[{"name":"wp","href":"https:\/\/api.w.org\/{rel}","templated":true}]}}