{"id":1291,"date":"2007-08-20T16:32:12","date_gmt":"2007-08-20T16:32:12","guid":{"rendered":"http:\/\/blogs.thesocialmedia.com\/leblogmoto\/2007\/08\/20\/post-2\/"},"modified":"2012-07-11T14:42:28","modified_gmt":"2012-07-11T14:42:28","slug":"post-2","status":"publish","type":"post","link":"https:\/\/blogs.thesocialmedia.com\/leblogmoto\/2007\/08\/20\/post-2\/","title":{"rendered":"S\u00e9curit\u00e9 routi\u00e8re : Mortalit\u00e9 en hausse en juillet"},"content":{"rendered":"<p><a href=\"http:\/\/blogs.thesocialmedia.com\/leblogmoto\/files\/2012\/07\/securout1.jpg\"><img loading=\"lazy\" decoding=\"async\" height=\"243\" alt=\"Securout\" src=\"http:\/\/www.leblogmoto.com\/images\/2007\/08\/20\/securout.jpg\" width=\"250\"  \/><\/a>En juillet dernier, 478 personnes ont trouv\u00e9 la mort sur la route contre 471 au mois de juillet 2006 soit une augmentation de 1,5%. Il en va de m\u00eame pour les accidents corporels et le nombre de bless\u00e9s qui augmentent respectivement de 0,7% et 2%. Mais pourquoi cette augmentation alors que quelques mois auparavant, une <a href=\"http:\/\/www.leblogmoto.com\/2007\/07\/scurit-routire-.html\">baisse g\u00e9n\u00e9rale<\/a> du nombre de bless\u00e9s avait \u00e9t\u00e9 annonc\u00e9 ?<br \/>Tout simplement, \u00e0 cause du dramatique accident de car en Is\u00e8re, qui a fait 26 morts et de nombreux bless\u00e9s ce qui a contribu\u00e9 d\u2019une mani\u00e8re d\u00e9terminante \u00e0 cette hausse. <\/p>\n<p>Face \u00e0 ce drame, Jean-Louis BORLOO t\u00e9moigne \u00e0 nouveau de sa compassion vis-\u00e0-vis des victimes et de leur famille. Il suivra de pr\u00e8s la mise en oeuvre des mesures de renforcement de la s\u00e9curit\u00e9 des sections \u00e0 tr\u00e8s forte d\u00e9clivit\u00e9 d\u00e9cid\u00e9es avec le Premier ministre le 25 juillet dernier. <br \/>De plus, le ministre &quot;rappelle avec insistance \u00e0 tous les conducteurs qui prennent la route de faire preuve de grande vigilance, et de respecter scrupuleusement les r\u00e8gles du code de la route, sp\u00e9cifiquement en cette p\u00e9riode de vacances o\u00f9 les d\u00e9placements sont plus importants &quot;. <br \/>A bon entendeur&#8230; \ud83d\ude42<\/p>\n<p>Source : <a href=\"http:\/\/www.securiteroutiere.equipement.gouv.fr\/\">S\u00e9curit\u00e9 Routi\u00e8re<\/a><\/p>\n","protected":false},"excerpt":{"rendered":"<p>En juillet dernier, 478 personnes ont trouv\u00e9 la mort sur la route contre 471 au mois de juillet 2006 soit une augmentation de 1,5%. Il en va de m\u00eame pour les accidents corporels et le nombre de bless\u00e9s qui augmentent respectivement de 0,7% et 2%. Mais pourquoi cette augmentation alors que quelques mois auparavant, une [&hellip;]<\/p>\n","protected":false},"author":329,"featured_media":0,"comment_status":"open","ping_status":"open","sticky":false,"template":"","format":"standard","meta":{"footnotes":""},"categories":[27],"tags":[],"class_list":["post-1291","post","type-post","status-publish","format-standard","hentry","category-securite"],"yoast_head":"<!-- This site is optimized with the Yoast SEO plugin v26.0 - https:\/\/yoast.com\/wordpress\/plugins\/seo\/ -->\n<title>S\u00e9curit\u00e9 routi\u00e8re : Mortalit\u00e9 en hausse en juillet - leblogmoto.com<\/title>\n<meta name=\"robots\" content=\"index, follow, max-snippet:-1, max-image-preview:large, max-video-preview:-1\" \/>\n<link rel=\"canonical\" href=\"https:\/\/blogs.thesocialmedia.com\/leblogmoto\/2007\/08\/20\/post-2\/\" \/>\n<meta name=\"twitter:card\" content=\"summary_large_image\" \/>\n<meta name=\"twitter:title\" content=\"S\u00e9curit\u00e9 routi\u00e8re : Mortalit\u00e9 en hausse en juillet - leblogmoto.com\" \/>\n<meta name=\"twitter:description\" content=\"En juillet dernier, 478 personnes ont trouv\u00e9 la mort sur la route contre 471 au mois de juillet 2006 soit une augmentation de 1,5%. Il en va de m\u00eame pour les accidents corporels et le nombre de bless\u00e9s qui augmentent respectivement de 0,7% et 2%. Mais pourquoi cette augmentation alors que quelques mois auparavant, une [&hellip;]\" \/>\n<meta name=\"twitter:image\" content=\"http:\/\/www.leblogmoto.com\/images\/2007\/08\/20\/securout.jpg\" \/>\n<meta name=\"twitter:label1\" content=\"\u00c9crit par\" \/>\n\t<meta name=\"twitter:data1\" content=\"gregory boucaud\" \/>\n\t<meta name=\"twitter:label2\" content=\"Dur\u00e9e de lecture estim\u00e9e\" \/>\n\t<meta name=\"twitter:data2\" content=\"1 minute\" \/>\n<script type=\"application\/ld+json\" class=\"yoast-schema-graph\">{\"@context\":\"https:\/\/schema.org\",\"@graph\":[{\"@type\":\"WebPage\",\"@id\":\"https:\/\/blogs.thesocialmedia.com\/leblogmoto\/2007\/08\/20\/post-2\/\",\"url\":\"https:\/\/blogs.thesocialmedia.com\/leblogmoto\/2007\/08\/20\/post-2\/\",\"name\":\"S\u00e9curit\u00e9 routi\u00e8re : Mortalit\u00e9 en hausse en juillet - leblogmoto.com\",\"isPartOf\":{\"@id\":\"https:\/\/blogs.thesocialmedia.com\/leblogmoto\/#website\"},\"primaryImageOfPage\":{\"@id\":\"https:\/\/blogs.thesocialmedia.com\/leblogmoto\/2007\/08\/20\/post-2\/#primaryimage\"},\"image\":{\"@id\":\"https:\/\/blogs.thesocialmedia.com\/leblogmoto\/2007\/08\/20\/post-2\/#primaryimage\"},\"thumbnailUrl\":\"http:\/\/www.leblogmoto.com\/images\/2007\/08\/20\/securout.jpg\",\"datePublished\":\"2007-08-20T16:32:12+00:00\",\"dateModified\":\"2012-07-11T14:42:28+00:00\",\"author\":{\"@id\":\"https:\/\/blogs.thesocialmedia.com\/leblogmoto\/#\/schema\/person\/769623f89741cc3381675029a37764f8\"},\"breadcrumb\":{\"@id\":\"https:\/\/blogs.thesocialmedia.com\/leblogmoto\/2007\/08\/20\/post-2\/#breadcrumb\"},\"inLanguage\":\"fr-FR\",\"potentialAction\":[{\"@type\":\"ReadAction\",\"target\":[\"https:\/\/blogs.thesocialmedia.com\/leblogmoto\/2007\/08\/20\/post-2\/\"]}]},{\"@type\":\"ImageObject\",\"inLanguage\":\"fr-FR\",\"@id\":\"https:\/\/blogs.thesocialmedia.com\/leblogmoto\/2007\/08\/20\/post-2\/#primaryimage\",\"url\":\"http:\/\/www.leblogmoto.com\/images\/2007\/08\/20\/securout.jpg\",\"contentUrl\":\"http:\/\/www.leblogmoto.com\/images\/2007\/08\/20\/securout.jpg\"},{\"@type\":\"BreadcrumbList\",\"@id\":\"https:\/\/blogs.thesocialmedia.com\/leblogmoto\/2007\/08\/20\/post-2\/#breadcrumb\",\"itemListElement\":[{\"@type\":\"ListItem\",\"position\":1,\"name\":\"Accueil\",\"item\":\"https:\/\/blogs.thesocialmedia.com\/leblogmoto\/\"},{\"@type\":\"ListItem\",\"position\":2,\"name\":\"S\u00e9curit\u00e9 routi\u00e8re : Mortalit\u00e9 en hausse en juillet\"}]},{\"@type\":\"WebSite\",\"@id\":\"https:\/\/blogs.thesocialmedia.com\/leblogmoto\/#website\",\"url\":\"https:\/\/blogs.thesocialmedia.com\/leblogmoto\/\",\"name\":\"leblogmoto\",\"description\":\"Toute l&#039;actualit\u00e9 des 2 roues\",\"potentialAction\":[{\"@type\":\"SearchAction\",\"target\":{\"@type\":\"EntryPoint\",\"urlTemplate\":\"https:\/\/blogs.thesocialmedia.com\/leblogmoto\/?s={search_term_string}\"},\"query-input\":{\"@type\":\"PropertyValueSpecification\",\"valueRequired\":true,\"valueName\":\"search_term_string\"}}],\"inLanguage\":\"fr-FR\"},{\"@type\":\"Person\",\"@id\":\"https:\/\/blogs.thesocialmedia.com\/leblogmoto\/#\/schema\/person\/769623f89741cc3381675029a37764f8\",\"name\":\"gregory boucaud\",\"image\":{\"@type\":\"ImageObject\",\"inLanguage\":\"fr-FR\",\"@id\":\"https:\/\/blogs.thesocialmedia.com\/leblogmoto\/#\/schema\/person\/image\/\",\"url\":\"https:\/\/secure.gravatar.com\/avatar\/?s=96&d=mm&r=g\",\"contentUrl\":\"https:\/\/secure.gravatar.com\/avatar\/?s=96&d=mm&r=g\",\"caption\":\"gregory boucaud\"},\"url\":\"https:\/\/blogs.thesocialmedia.com\/leblogmoto\/author\/gregory-boucaud\/\"}]}<\/script>\n<!-- \/ Yoast SEO plugin. -->","yoast_head_json":{"title":"S\u00e9curit\u00e9 routi\u00e8re : Mortalit\u00e9 en hausse en juillet - leblogmoto.com","robots":{"index":"index","follow":"follow","max-snippet":"max-snippet:-1","max-image-preview":"max-image-preview:large","max-video-preview":"max-video-preview:-1"},"canonical":"https:\/\/blogs.thesocialmedia.com\/leblogmoto\/2007\/08\/20\/post-2\/","twitter_card":"summary_large_image","twitter_title":"S\u00e9curit\u00e9 routi\u00e8re : Mortalit\u00e9 en hausse en juillet - leblogmoto.com","twitter_description":"En juillet dernier, 478 personnes ont trouv\u00e9 la mort sur la route contre 471 au mois de juillet 2006 soit une augmentation de 1,5%. Il en va de m\u00eame pour les accidents corporels et le nombre de bless\u00e9s qui augmentent respectivement de 0,7% et 2%. Mais pourquoi cette augmentation alors que quelques mois auparavant, une [&hellip;]","twitter_image":"http:\/\/www.leblogmoto.com\/images\/2007\/08\/20\/securout.jpg","twitter_misc":{"\u00c9crit par":"gregory boucaud","Dur\u00e9e de lecture estim\u00e9e":"1 minute"},"schema":{"@context":"https:\/\/schema.org","@graph":[{"@type":"WebPage","@id":"https:\/\/blogs.thesocialmedia.com\/leblogmoto\/2007\/08\/20\/post-2\/","url":"https:\/\/blogs.thesocialmedia.com\/leblogmoto\/2007\/08\/20\/post-2\/","name":"S\u00e9curit\u00e9 routi\u00e8re : Mortalit\u00e9 en hausse en juillet - leblogmoto.com","isPartOf":{"@id":"https:\/\/blogs.thesocialmedia.com\/leblogmoto\/#website"},"primaryImageOfPage":{"@id":"https:\/\/blogs.thesocialmedia.com\/leblogmoto\/2007\/08\/20\/post-2\/#primaryimage"},"image":{"@id":"https:\/\/blogs.thesocialmedia.com\/leblogmoto\/2007\/08\/20\/post-2\/#primaryimage"},"thumbnailUrl":"http:\/\/www.leblogmoto.com\/images\/2007\/08\/20\/securout.jpg","datePublished":"2007-08-20T16:32:12+00:00","dateModified":"2012-07-11T14:42:28+00:00","author":{"@id":"https:\/\/blogs.thesocialmedia.com\/leblogmoto\/#\/schema\/person\/769623f89741cc3381675029a37764f8"},"breadcrumb":{"@id":"https:\/\/blogs.thesocialmedia.com\/leblogmoto\/2007\/08\/20\/post-2\/#breadcrumb"},"inLanguage":"fr-FR","potentialAction":[{"@type":"ReadAction","target":["https:\/\/blogs.thesocialmedia.com\/leblogmoto\/2007\/08\/20\/post-2\/"]}]},{"@type":"ImageObject","inLanguage":"fr-FR","@id":"https:\/\/blogs.thesocialmedia.com\/leblogmoto\/2007\/08\/20\/post-2\/#primaryimage","url":"http:\/\/www.leblogmoto.com\/images\/2007\/08\/20\/securout.jpg","contentUrl":"http:\/\/www.leblogmoto.com\/images\/2007\/08\/20\/securout.jpg"},{"@type":"BreadcrumbList","@id":"https:\/\/blogs.thesocialmedia.com\/leblogmoto\/2007\/08\/20\/post-2\/#breadcrumb","itemListElement":[{"@type":"ListItem","position":1,"name":"Accueil","item":"https:\/\/blogs.thesocialmedia.com\/leblogmoto\/"},{"@type":"ListItem","position":2,"name":"S\u00e9curit\u00e9 routi\u00e8re : Mortalit\u00e9 en hausse en juillet"}]},{"@type":"WebSite","@id":"https:\/\/blogs.thesocialmedia.com\/leblogmoto\/#website","url":"https:\/\/blogs.thesocialmedia.com\/leblogmoto\/","name":"leblogmoto","description":"Toute l&#039;actualit\u00e9 des 2 roues","potentialAction":[{"@type":"SearchAction","target":{"@type":"EntryPoint","urlTemplate":"https:\/\/blogs.thesocialmedia.com\/leblogmoto\/?s={search_term_string}"},"query-input":{"@type":"PropertyValueSpecification","valueRequired":true,"valueName":"search_term_string"}}],"inLanguage":"fr-FR"},{"@type":"Person","@id":"https:\/\/blogs.thesocialmedia.com\/leblogmoto\/#\/schema\/person\/769623f89741cc3381675029a37764f8","name":"gregory boucaud","image":{"@type":"ImageObject","inLanguage":"fr-FR","@id":"https:\/\/blogs.thesocialmedia.com\/leblogmoto\/#\/schema\/person\/image\/","url":"https:\/\/secure.gravatar.com\/avatar\/?s=96&d=mm&r=g","contentUrl":"https:\/\/secure.gravatar.com\/avatar\/?s=96&d=mm&r=g","caption":"gregory boucaud"},"url":"https:\/\/blogs.thesocialmedia.com\/leblogmoto\/author\/gregory-boucaud\/"}]}},"_links":{"self":[{"href":"https:\/\/blogs.thesocialmedia.com\/leblogmoto\/wp-json\/wp\/v2\/posts\/1291","targetHints":{"allow":["GET"]}}],"collection":[{"href":"https:\/\/blogs.thesocialmedia.com\/leblogmoto\/wp-json\/wp\/v2\/posts"}],"about":[{"href":"https:\/\/blogs.thesocialmedia.com\/leblogmoto\/wp-json\/wp\/v2\/types\/post"}],"author":[{"embeddable":true,"href":"https:\/\/blogs.thesocialmedia.com\/leblogmoto\/wp-json\/wp\/v2\/users\/329"}],"replies":[{"embeddable":true,"href":"https:\/\/blogs.thesocialmedia.com\/leblogmoto\/wp-json\/wp\/v2\/comments?post=1291"}],"version-history":[{"count":2,"href":"https:\/\/blogs.thesocialmedia.com\/leblogmoto\/wp-json\/wp\/v2\/posts\/1291\/revisions"}],"predecessor-version":[{"id":8582,"href":"https:\/\/blogs.thesocialmedia.com\/leblogmoto\/wp-json\/wp\/v2\/posts\/1291\/revisions\/8582"}],"wp:attachment":[{"href":"https:\/\/blogs.thesocialmedia.com\/leblogmoto\/wp-json\/wp\/v2\/media?parent=1291"}],"wp:term":[{"taxonomy":"category","embeddable":true,"href":"https:\/\/blogs.thesocialmedia.com\/leblogmoto\/wp-json\/wp\/v2\/categories?post=1291"},{"taxonomy":"post_tag","embeddable":true,"href":"https:\/\/blogs.thesocialmedia.com\/leblogmoto\/wp-json\/wp\/v2\/tags?post=1291"}],"curies":[{"name":"wp","href":"https:\/\/api.w.org\/{rel}","templated":true}]}}