{"id":1294,"date":"2007-08-18T15:43:29","date_gmt":"2007-08-18T15:43:29","guid":{"rendered":"http:\/\/blogs.thesocialmedia.com\/leblogmoto\/2007\/08\/18\/sidi-vertigo-co\/"},"modified":"2012-07-11T14:42:24","modified_gmt":"2012-07-11T14:42:24","slug":"sidi-vertigo-co","status":"publish","type":"post","link":"https:\/\/blogs.thesocialmedia.com\/leblogmoto\/2007\/08\/18\/sidi-vertigo-co\/","title":{"rendered":"Sidi : Vertigo Corsa"},"content":{"rendered":"<p><a href=\"http:\/\/blogs.thesocialmedia.com\/leblogmoto\/files\/2012\/07\/sidi_vertigo_corsa.jpg\"><img loading=\"lazy\" decoding=\"async\" height=\"228\" alt=\"Sidi_vertigo_corsa\" src=\"http:\/\/www.leblogmoto.com\/images\/2007\/08\/18\/sidi_vertigo_corsa.jpg\" width=\"250\"  \/><\/a> Voici que la marque italienne <a href=\"http:\/\/www.sidisport.com\">Sidi<\/a> nous gratifie d&rsquo;un mod\u00e8le ax\u00e9 sur la vitesse et la performance, la <a href=\"http:\/\/www.sidisport.com\">Vertigo Corsa<\/a>. <br \/>Trois technologies sont utilis\u00e9es dans ces bottes, le syst\u00e8me Tecno VR qui enveloppe le mollet, le Techno II qui emp\u00eache le pied de glisser \u00e0 l\u2019int\u00e9rieur de la botte et enfin un syst\u00e8me anti-torsion de la cheville. <\/p>\n<p><a href=\"http:\/\/clabedan.typepad.com\/.shared\/image.html?\/photos\/uncategorized\/2007\/08\/18\/sidi_vertigo_corsa_2.jpg\"><img loading=\"lazy\" decoding=\"async\" height=\"218\" alt=\"Sidi_vertigo_corsa_2\" src=\"http:\/\/www.leblogmoto.com\/images\/2007\/08\/18\/sidi_vertigo_corsa_2.jpg\" width=\"250\"  \/><\/a> Sur le point de vue technique, cette botte vous offre: <br \/>-Deux absorbeurs de chocs par talon.<br \/>-Ventilation de la botte par une prise d\u2019air ajustable par un simple bouton. <br \/>-Plaque en carbone sur chaque botte au niveau du tibia. <br \/>-Semelle en gomme anti d\u00e9rapante. <br \/>-Les empi\u00e8cements sont en Lorica, mat\u00e9riau assez proche du cuir mais offrant plus de r\u00e9sistance, de confort et d&rsquo;imperm\u00e9abilit\u00e9. <\/p>\n<p>Les coloris disponibles sont noir et anthracite ou blanc et anthracite. Et vous aurez le choix entre les pointures 40 \u00e0 46 (40 \u00e0 45 pour les blanches), tout cela pour un prix de 339\u20ac. Pour plus d&rsquo;informations <a href=\"http:\/\/www.uvson.com\">www.uvson.com<\/a> .<\/p>\n<p>Source : <a href=\"http:\/\/www.motonation.com\">Motonation<\/a><\/p>\n","protected":false},"excerpt":{"rendered":"<p>Voici que la marque italienne Sidi nous gratifie d&rsquo;un mod\u00e8le ax\u00e9 sur la vitesse et la performance, la Vertigo Corsa. Trois technologies sont utilis\u00e9es dans ces bottes, le syst\u00e8me Tecno VR qui enveloppe le mollet, le Techno II qui emp\u00eache le pied de glisser \u00e0 l\u2019int\u00e9rieur de la botte et enfin un syst\u00e8me anti-torsion de [&hellip;]<\/p>\n","protected":false},"author":329,"featured_media":0,"comment_status":"open","ping_status":"open","sticky":false,"template":"","format":"standard","meta":{"footnotes":""},"categories":[27],"tags":[],"class_list":["post-1294","post","type-post","status-publish","format-standard","hentry","category-securite"],"yoast_head":"<!-- This site is optimized with the Yoast SEO plugin v26.0 - https:\/\/yoast.com\/wordpress\/plugins\/seo\/ -->\n<title>Sidi : Vertigo Corsa - leblogmoto.com<\/title>\n<meta name=\"robots\" content=\"index, follow, max-snippet:-1, max-image-preview:large, max-video-preview:-1\" \/>\n<link rel=\"canonical\" href=\"https:\/\/blogs.thesocialmedia.com\/leblogmoto\/2007\/08\/18\/sidi-vertigo-co\/\" \/>\n<meta name=\"twitter:card\" content=\"summary_large_image\" \/>\n<meta name=\"twitter:title\" content=\"Sidi : Vertigo Corsa - leblogmoto.com\" \/>\n<meta name=\"twitter:description\" content=\"Voici que la marque italienne Sidi nous gratifie d&rsquo;un mod\u00e8le ax\u00e9 sur la vitesse et la performance, la Vertigo Corsa. Trois technologies sont utilis\u00e9es dans ces bottes, le syst\u00e8me Tecno VR qui enveloppe le mollet, le Techno II qui emp\u00eache le pied de glisser \u00e0 l\u2019int\u00e9rieur de la botte et enfin un syst\u00e8me anti-torsion de [&hellip;]\" \/>\n<meta name=\"twitter:image\" content=\"http:\/\/www.leblogmoto.com\/images\/2007\/08\/18\/sidi_vertigo_corsa.jpg\" \/>\n<meta name=\"twitter:label1\" content=\"\u00c9crit par\" \/>\n\t<meta name=\"twitter:data1\" content=\"gregory boucaud\" \/>\n\t<meta name=\"twitter:label2\" content=\"Dur\u00e9e de lecture estim\u00e9e\" \/>\n\t<meta name=\"twitter:data2\" content=\"1 minute\" \/>\n<script type=\"application\/ld+json\" class=\"yoast-schema-graph\">{\"@context\":\"https:\/\/schema.org\",\"@graph\":[{\"@type\":\"WebPage\",\"@id\":\"https:\/\/blogs.thesocialmedia.com\/leblogmoto\/2007\/08\/18\/sidi-vertigo-co\/\",\"url\":\"https:\/\/blogs.thesocialmedia.com\/leblogmoto\/2007\/08\/18\/sidi-vertigo-co\/\",\"name\":\"Sidi : Vertigo Corsa - leblogmoto.com\",\"isPartOf\":{\"@id\":\"https:\/\/blogs.thesocialmedia.com\/leblogmoto\/#website\"},\"primaryImageOfPage\":{\"@id\":\"https:\/\/blogs.thesocialmedia.com\/leblogmoto\/2007\/08\/18\/sidi-vertigo-co\/#primaryimage\"},\"image\":{\"@id\":\"https:\/\/blogs.thesocialmedia.com\/leblogmoto\/2007\/08\/18\/sidi-vertigo-co\/#primaryimage\"},\"thumbnailUrl\":\"http:\/\/www.leblogmoto.com\/images\/2007\/08\/18\/sidi_vertigo_corsa.jpg\",\"datePublished\":\"2007-08-18T15:43:29+00:00\",\"dateModified\":\"2012-07-11T14:42:24+00:00\",\"author\":{\"@id\":\"https:\/\/blogs.thesocialmedia.com\/leblogmoto\/#\/schema\/person\/769623f89741cc3381675029a37764f8\"},\"breadcrumb\":{\"@id\":\"https:\/\/blogs.thesocialmedia.com\/leblogmoto\/2007\/08\/18\/sidi-vertigo-co\/#breadcrumb\"},\"inLanguage\":\"fr-FR\",\"potentialAction\":[{\"@type\":\"ReadAction\",\"target\":[\"https:\/\/blogs.thesocialmedia.com\/leblogmoto\/2007\/08\/18\/sidi-vertigo-co\/\"]}]},{\"@type\":\"ImageObject\",\"inLanguage\":\"fr-FR\",\"@id\":\"https:\/\/blogs.thesocialmedia.com\/leblogmoto\/2007\/08\/18\/sidi-vertigo-co\/#primaryimage\",\"url\":\"http:\/\/www.leblogmoto.com\/images\/2007\/08\/18\/sidi_vertigo_corsa.jpg\",\"contentUrl\":\"http:\/\/www.leblogmoto.com\/images\/2007\/08\/18\/sidi_vertigo_corsa.jpg\"},{\"@type\":\"BreadcrumbList\",\"@id\":\"https:\/\/blogs.thesocialmedia.com\/leblogmoto\/2007\/08\/18\/sidi-vertigo-co\/#breadcrumb\",\"itemListElement\":[{\"@type\":\"ListItem\",\"position\":1,\"name\":\"Accueil\",\"item\":\"https:\/\/blogs.thesocialmedia.com\/leblogmoto\/\"},{\"@type\":\"ListItem\",\"position\":2,\"name\":\"Sidi : Vertigo Corsa\"}]},{\"@type\":\"WebSite\",\"@id\":\"https:\/\/blogs.thesocialmedia.com\/leblogmoto\/#website\",\"url\":\"https:\/\/blogs.thesocialmedia.com\/leblogmoto\/\",\"name\":\"leblogmoto\",\"description\":\"Toute l&#039;actualit\u00e9 des 2 roues\",\"potentialAction\":[{\"@type\":\"SearchAction\",\"target\":{\"@type\":\"EntryPoint\",\"urlTemplate\":\"https:\/\/blogs.thesocialmedia.com\/leblogmoto\/?s={search_term_string}\"},\"query-input\":{\"@type\":\"PropertyValueSpecification\",\"valueRequired\":true,\"valueName\":\"search_term_string\"}}],\"inLanguage\":\"fr-FR\"},{\"@type\":\"Person\",\"@id\":\"https:\/\/blogs.thesocialmedia.com\/leblogmoto\/#\/schema\/person\/769623f89741cc3381675029a37764f8\",\"name\":\"gregory boucaud\",\"image\":{\"@type\":\"ImageObject\",\"inLanguage\":\"fr-FR\",\"@id\":\"https:\/\/blogs.thesocialmedia.com\/leblogmoto\/#\/schema\/person\/image\/\",\"url\":\"https:\/\/secure.gravatar.com\/avatar\/?s=96&d=mm&r=g\",\"contentUrl\":\"https:\/\/secure.gravatar.com\/avatar\/?s=96&d=mm&r=g\",\"caption\":\"gregory boucaud\"},\"url\":\"https:\/\/blogs.thesocialmedia.com\/leblogmoto\/author\/gregory-boucaud\/\"}]}<\/script>\n<!-- \/ Yoast SEO plugin. -->","yoast_head_json":{"title":"Sidi : Vertigo Corsa - leblogmoto.com","robots":{"index":"index","follow":"follow","max-snippet":"max-snippet:-1","max-image-preview":"max-image-preview:large","max-video-preview":"max-video-preview:-1"},"canonical":"https:\/\/blogs.thesocialmedia.com\/leblogmoto\/2007\/08\/18\/sidi-vertigo-co\/","twitter_card":"summary_large_image","twitter_title":"Sidi : Vertigo Corsa - leblogmoto.com","twitter_description":"Voici que la marque italienne Sidi nous gratifie d&rsquo;un mod\u00e8le ax\u00e9 sur la vitesse et la performance, la Vertigo Corsa. Trois technologies sont utilis\u00e9es dans ces bottes, le syst\u00e8me Tecno VR qui enveloppe le mollet, le Techno II qui emp\u00eache le pied de glisser \u00e0 l\u2019int\u00e9rieur de la botte et enfin un syst\u00e8me anti-torsion de [&hellip;]","twitter_image":"http:\/\/www.leblogmoto.com\/images\/2007\/08\/18\/sidi_vertigo_corsa.jpg","twitter_misc":{"\u00c9crit par":"gregory boucaud","Dur\u00e9e de lecture estim\u00e9e":"1 minute"},"schema":{"@context":"https:\/\/schema.org","@graph":[{"@type":"WebPage","@id":"https:\/\/blogs.thesocialmedia.com\/leblogmoto\/2007\/08\/18\/sidi-vertigo-co\/","url":"https:\/\/blogs.thesocialmedia.com\/leblogmoto\/2007\/08\/18\/sidi-vertigo-co\/","name":"Sidi : Vertigo Corsa - leblogmoto.com","isPartOf":{"@id":"https:\/\/blogs.thesocialmedia.com\/leblogmoto\/#website"},"primaryImageOfPage":{"@id":"https:\/\/blogs.thesocialmedia.com\/leblogmoto\/2007\/08\/18\/sidi-vertigo-co\/#primaryimage"},"image":{"@id":"https:\/\/blogs.thesocialmedia.com\/leblogmoto\/2007\/08\/18\/sidi-vertigo-co\/#primaryimage"},"thumbnailUrl":"http:\/\/www.leblogmoto.com\/images\/2007\/08\/18\/sidi_vertigo_corsa.jpg","datePublished":"2007-08-18T15:43:29+00:00","dateModified":"2012-07-11T14:42:24+00:00","author":{"@id":"https:\/\/blogs.thesocialmedia.com\/leblogmoto\/#\/schema\/person\/769623f89741cc3381675029a37764f8"},"breadcrumb":{"@id":"https:\/\/blogs.thesocialmedia.com\/leblogmoto\/2007\/08\/18\/sidi-vertigo-co\/#breadcrumb"},"inLanguage":"fr-FR","potentialAction":[{"@type":"ReadAction","target":["https:\/\/blogs.thesocialmedia.com\/leblogmoto\/2007\/08\/18\/sidi-vertigo-co\/"]}]},{"@type":"ImageObject","inLanguage":"fr-FR","@id":"https:\/\/blogs.thesocialmedia.com\/leblogmoto\/2007\/08\/18\/sidi-vertigo-co\/#primaryimage","url":"http:\/\/www.leblogmoto.com\/images\/2007\/08\/18\/sidi_vertigo_corsa.jpg","contentUrl":"http:\/\/www.leblogmoto.com\/images\/2007\/08\/18\/sidi_vertigo_corsa.jpg"},{"@type":"BreadcrumbList","@id":"https:\/\/blogs.thesocialmedia.com\/leblogmoto\/2007\/08\/18\/sidi-vertigo-co\/#breadcrumb","itemListElement":[{"@type":"ListItem","position":1,"name":"Accueil","item":"https:\/\/blogs.thesocialmedia.com\/leblogmoto\/"},{"@type":"ListItem","position":2,"name":"Sidi : Vertigo Corsa"}]},{"@type":"WebSite","@id":"https:\/\/blogs.thesocialmedia.com\/leblogmoto\/#website","url":"https:\/\/blogs.thesocialmedia.com\/leblogmoto\/","name":"leblogmoto","description":"Toute l&#039;actualit\u00e9 des 2 roues","potentialAction":[{"@type":"SearchAction","target":{"@type":"EntryPoint","urlTemplate":"https:\/\/blogs.thesocialmedia.com\/leblogmoto\/?s={search_term_string}"},"query-input":{"@type":"PropertyValueSpecification","valueRequired":true,"valueName":"search_term_string"}}],"inLanguage":"fr-FR"},{"@type":"Person","@id":"https:\/\/blogs.thesocialmedia.com\/leblogmoto\/#\/schema\/person\/769623f89741cc3381675029a37764f8","name":"gregory boucaud","image":{"@type":"ImageObject","inLanguage":"fr-FR","@id":"https:\/\/blogs.thesocialmedia.com\/leblogmoto\/#\/schema\/person\/image\/","url":"https:\/\/secure.gravatar.com\/avatar\/?s=96&d=mm&r=g","contentUrl":"https:\/\/secure.gravatar.com\/avatar\/?s=96&d=mm&r=g","caption":"gregory boucaud"},"url":"https:\/\/blogs.thesocialmedia.com\/leblogmoto\/author\/gregory-boucaud\/"}]}},"_links":{"self":[{"href":"https:\/\/blogs.thesocialmedia.com\/leblogmoto\/wp-json\/wp\/v2\/posts\/1294","targetHints":{"allow":["GET"]}}],"collection":[{"href":"https:\/\/blogs.thesocialmedia.com\/leblogmoto\/wp-json\/wp\/v2\/posts"}],"about":[{"href":"https:\/\/blogs.thesocialmedia.com\/leblogmoto\/wp-json\/wp\/v2\/types\/post"}],"author":[{"embeddable":true,"href":"https:\/\/blogs.thesocialmedia.com\/leblogmoto\/wp-json\/wp\/v2\/users\/329"}],"replies":[{"embeddable":true,"href":"https:\/\/blogs.thesocialmedia.com\/leblogmoto\/wp-json\/wp\/v2\/comments?post=1294"}],"version-history":[{"count":2,"href":"https:\/\/blogs.thesocialmedia.com\/leblogmoto\/wp-json\/wp\/v2\/posts\/1294\/revisions"}],"predecessor-version":[{"id":8576,"href":"https:\/\/blogs.thesocialmedia.com\/leblogmoto\/wp-json\/wp\/v2\/posts\/1294\/revisions\/8576"}],"wp:attachment":[{"href":"https:\/\/blogs.thesocialmedia.com\/leblogmoto\/wp-json\/wp\/v2\/media?parent=1294"}],"wp:term":[{"taxonomy":"category","embeddable":true,"href":"https:\/\/blogs.thesocialmedia.com\/leblogmoto\/wp-json\/wp\/v2\/categories?post=1294"},{"taxonomy":"post_tag","embeddable":true,"href":"https:\/\/blogs.thesocialmedia.com\/leblogmoto\/wp-json\/wp\/v2\/tags?post=1294"}],"curies":[{"name":"wp","href":"https:\/\/api.w.org\/{rel}","templated":true}]}}