{"id":1295,"date":"2007-08-18T12:31:05","date_gmt":"2007-08-18T12:31:05","guid":{"rendered":"http:\/\/blogs.thesocialmedia.com\/leblogmoto\/2007\/08\/18\/rossi-et-capiro\/"},"modified":"2012-07-11T14:42:23","modified_gmt":"2012-07-11T14:42:23","slug":"rossi-et-capiro","status":"publish","type":"post","link":"https:\/\/blogs.thesocialmedia.com\/leblogmoto\/2007\/08\/18\/rossi-et-capiro\/","title":{"rendered":"Rossi et Capirossi poursuivis par le fisc italien"},"content":{"rendered":"<p><a href=\"http:\/\/blogs.thesocialmedia.com\/leblogmoto\/files\/2012\/07\/rossi_2.jpg\"><img loading=\"lazy\" decoding=\"async\" height=\"333\" alt=\"Rossi_2\" src=\"http:\/\/www.leblogmoto.com\/images\/2007\/08\/18\/rossi_2.jpg\" width=\"250\"  \/><\/a> Apparement, certains pilotes de Moto GP auraient fait des erreurs en remplissant leur d\u00e9claration de revenus&#8230;<br \/>A ce titre l\u00e0, on apprend que Valentino <a href=\"http:\/\/fr.wikipedia.org\/wiki\/Valentino_Rossi\">Rossi<\/a> serait soup\u00e7onn\u00e9 par le fisc italien de ne pas avoir d\u00e9clar\u00e9 60 millions d&rsquo;euros entre 2000 et 2004. <br \/>La direction des imp\u00f4ts de la r\u00e9gion des Marche (centre) reprocherait \u00e0 Valentino Rossi, qui a transf\u00e9r\u00e9 en 2000 sa r\u00e9sidence en Grande-Bretagne, de ne pas avoir d\u00e9clar\u00e9 une bonne part de ses revenus tir\u00e9s de ses activit\u00e9s en Italie, notamment ceux de la publicit\u00e9 et du sponsoring. <br \/>Ainsi, int\u00e9r\u00eats ajout\u00e9s, il ne devrait pas moins de 112 millions d&rsquo;euros au fisc et pourrait se voir condamn\u00e9 \u00e0 un an de prison s&rsquo;il \u00e9tait reconnu coupable de fausse d\u00e9claration&#8230;<\/p>\n<p><a href=\"http:\/\/clabedan.typepad.com\/.shared\/image.html?\/photos\/uncategorized\/2007\/08\/18\/ducati_gp4_capirossi.jpg\"><img loading=\"lazy\" decoding=\"async\" height=\"175\" alt=\"Ducati_gp4_capirossi\" src=\"http:\/\/www.leblogmoto.com\/images\/2007\/08\/18\/ducati_gp4_capirossi.jpg\" width=\"250\"  \/><\/a> Toujours au chapitre des &quot;mauvais d\u00e9clareurs&quot;, c&rsquo;est maintenant \u00e0 Loris <a href=\"http:\/\/www.loriscapirossi.net\/\">Capirossi<\/a> que nous allons nous int\u00e9resser puisqu&rsquo;apparement, le pilote Ducati devrait 12 millions d&rsquo;euros, toujours au fisc italien. Et cela pour la p\u00e9riode allant de 1995 \u00e0 2002 alors que le pilote italien aurait \u00e9tabli sa r\u00e9sidence fiscal \u00e0 Monte-Carlo&#8230;<br \/>&quot;C&rsquo;est absolument absurde. Loris r\u00e9side v\u00e9ritablement \u00e0 Monte Carlo. Je ne comprends pas ce qu&rsquo;on peut lui contester. Il n&rsquo;est propri\u00e9taire de rien en Italie&quot;, a d\u00e9clar\u00e9 dans plusieurs m\u00e9dias le manager de Capirossi, Carlo Pernat. <br \/>Bref, affaire \u00e0 suivre&#8230;<\/p>\n<p>Source : <a href=\"http:\/\/www.tsr.ch\">TSR<\/a><\/p>\n","protected":false},"excerpt":{"rendered":"<p>Apparement, certains pilotes de Moto GP auraient fait des erreurs en remplissant leur d\u00e9claration de revenus&#8230;A ce titre l\u00e0, on apprend que Valentino Rossi serait soup\u00e7onn\u00e9 par le fisc italien de ne pas avoir d\u00e9clar\u00e9 60 millions d&rsquo;euros entre 2000 et 2004. La direction des imp\u00f4ts de la r\u00e9gion des Marche (centre) reprocherait \u00e0 Valentino [&hellip;]<\/p>\n","protected":false},"author":329,"featured_media":0,"comment_status":"open","ping_status":"open","sticky":false,"template":"","format":"standard","meta":{"footnotes":""},"categories":[3],"tags":[],"class_list":["post-1295","post","type-post","status-publish","format-standard","hentry","category-actualite"],"yoast_head":"<!-- This site is optimized with the Yoast SEO plugin v26.0 - https:\/\/yoast.com\/wordpress\/plugins\/seo\/ -->\n<title>Rossi et Capirossi poursuivis par le fisc italien - leblogmoto.com<\/title>\n<meta name=\"robots\" content=\"index, follow, max-snippet:-1, max-image-preview:large, max-video-preview:-1\" \/>\n<link rel=\"canonical\" href=\"https:\/\/blogs.thesocialmedia.com\/leblogmoto\/2007\/08\/18\/rossi-et-capiro\/\" \/>\n<meta name=\"twitter:card\" content=\"summary_large_image\" \/>\n<meta name=\"twitter:title\" content=\"Rossi et Capirossi poursuivis par le fisc italien - leblogmoto.com\" \/>\n<meta name=\"twitter:description\" content=\"Apparement, certains pilotes de Moto GP auraient fait des erreurs en remplissant leur d\u00e9claration de revenus&#8230;A ce titre l\u00e0, on apprend que Valentino Rossi serait soup\u00e7onn\u00e9 par le fisc italien de ne pas avoir d\u00e9clar\u00e9 60 millions d&rsquo;euros entre 2000 et 2004. La direction des imp\u00f4ts de la r\u00e9gion des Marche (centre) reprocherait \u00e0 Valentino [&hellip;]\" \/>\n<meta name=\"twitter:image\" content=\"http:\/\/www.leblogmoto.com\/images\/2007\/08\/18\/rossi_2.jpg\" \/>\n<meta name=\"twitter:label1\" content=\"\u00c9crit par\" \/>\n\t<meta name=\"twitter:data1\" content=\"gregory boucaud\" \/>\n\t<meta name=\"twitter:label2\" content=\"Dur\u00e9e de lecture estim\u00e9e\" \/>\n\t<meta name=\"twitter:data2\" content=\"1 minute\" \/>\n<script type=\"application\/ld+json\" class=\"yoast-schema-graph\">{\"@context\":\"https:\/\/schema.org\",\"@graph\":[{\"@type\":\"WebPage\",\"@id\":\"https:\/\/blogs.thesocialmedia.com\/leblogmoto\/2007\/08\/18\/rossi-et-capiro\/\",\"url\":\"https:\/\/blogs.thesocialmedia.com\/leblogmoto\/2007\/08\/18\/rossi-et-capiro\/\",\"name\":\"Rossi et Capirossi poursuivis par le fisc italien - leblogmoto.com\",\"isPartOf\":{\"@id\":\"https:\/\/blogs.thesocialmedia.com\/leblogmoto\/#website\"},\"primaryImageOfPage\":{\"@id\":\"https:\/\/blogs.thesocialmedia.com\/leblogmoto\/2007\/08\/18\/rossi-et-capiro\/#primaryimage\"},\"image\":{\"@id\":\"https:\/\/blogs.thesocialmedia.com\/leblogmoto\/2007\/08\/18\/rossi-et-capiro\/#primaryimage\"},\"thumbnailUrl\":\"http:\/\/www.leblogmoto.com\/images\/2007\/08\/18\/rossi_2.jpg\",\"datePublished\":\"2007-08-18T12:31:05+00:00\",\"dateModified\":\"2012-07-11T14:42:23+00:00\",\"author\":{\"@id\":\"https:\/\/blogs.thesocialmedia.com\/leblogmoto\/#\/schema\/person\/769623f89741cc3381675029a37764f8\"},\"breadcrumb\":{\"@id\":\"https:\/\/blogs.thesocialmedia.com\/leblogmoto\/2007\/08\/18\/rossi-et-capiro\/#breadcrumb\"},\"inLanguage\":\"fr-FR\",\"potentialAction\":[{\"@type\":\"ReadAction\",\"target\":[\"https:\/\/blogs.thesocialmedia.com\/leblogmoto\/2007\/08\/18\/rossi-et-capiro\/\"]}]},{\"@type\":\"ImageObject\",\"inLanguage\":\"fr-FR\",\"@id\":\"https:\/\/blogs.thesocialmedia.com\/leblogmoto\/2007\/08\/18\/rossi-et-capiro\/#primaryimage\",\"url\":\"http:\/\/www.leblogmoto.com\/images\/2007\/08\/18\/rossi_2.jpg\",\"contentUrl\":\"http:\/\/www.leblogmoto.com\/images\/2007\/08\/18\/rossi_2.jpg\"},{\"@type\":\"BreadcrumbList\",\"@id\":\"https:\/\/blogs.thesocialmedia.com\/leblogmoto\/2007\/08\/18\/rossi-et-capiro\/#breadcrumb\",\"itemListElement\":[{\"@type\":\"ListItem\",\"position\":1,\"name\":\"Accueil\",\"item\":\"https:\/\/blogs.thesocialmedia.com\/leblogmoto\/\"},{\"@type\":\"ListItem\",\"position\":2,\"name\":\"Rossi et Capirossi poursuivis par le fisc italien\"}]},{\"@type\":\"WebSite\",\"@id\":\"https:\/\/blogs.thesocialmedia.com\/leblogmoto\/#website\",\"url\":\"https:\/\/blogs.thesocialmedia.com\/leblogmoto\/\",\"name\":\"leblogmoto\",\"description\":\"Toute l&#039;actualit\u00e9 des 2 roues\",\"potentialAction\":[{\"@type\":\"SearchAction\",\"target\":{\"@type\":\"EntryPoint\",\"urlTemplate\":\"https:\/\/blogs.thesocialmedia.com\/leblogmoto\/?s={search_term_string}\"},\"query-input\":{\"@type\":\"PropertyValueSpecification\",\"valueRequired\":true,\"valueName\":\"search_term_string\"}}],\"inLanguage\":\"fr-FR\"},{\"@type\":\"Person\",\"@id\":\"https:\/\/blogs.thesocialmedia.com\/leblogmoto\/#\/schema\/person\/769623f89741cc3381675029a37764f8\",\"name\":\"gregory boucaud\",\"image\":{\"@type\":\"ImageObject\",\"inLanguage\":\"fr-FR\",\"@id\":\"https:\/\/blogs.thesocialmedia.com\/leblogmoto\/#\/schema\/person\/image\/\",\"url\":\"https:\/\/secure.gravatar.com\/avatar\/?s=96&d=mm&r=g\",\"contentUrl\":\"https:\/\/secure.gravatar.com\/avatar\/?s=96&d=mm&r=g\",\"caption\":\"gregory boucaud\"},\"url\":\"https:\/\/blogs.thesocialmedia.com\/leblogmoto\/author\/gregory-boucaud\/\"}]}<\/script>\n<!-- \/ Yoast SEO plugin. -->","yoast_head_json":{"title":"Rossi et Capirossi poursuivis par le fisc italien - leblogmoto.com","robots":{"index":"index","follow":"follow","max-snippet":"max-snippet:-1","max-image-preview":"max-image-preview:large","max-video-preview":"max-video-preview:-1"},"canonical":"https:\/\/blogs.thesocialmedia.com\/leblogmoto\/2007\/08\/18\/rossi-et-capiro\/","twitter_card":"summary_large_image","twitter_title":"Rossi et Capirossi poursuivis par le fisc italien - leblogmoto.com","twitter_description":"Apparement, certains pilotes de Moto GP auraient fait des erreurs en remplissant leur d\u00e9claration de revenus&#8230;A ce titre l\u00e0, on apprend que Valentino Rossi serait soup\u00e7onn\u00e9 par le fisc italien de ne pas avoir d\u00e9clar\u00e9 60 millions d&rsquo;euros entre 2000 et 2004. La direction des imp\u00f4ts de la r\u00e9gion des Marche (centre) reprocherait \u00e0 Valentino [&hellip;]","twitter_image":"http:\/\/www.leblogmoto.com\/images\/2007\/08\/18\/rossi_2.jpg","twitter_misc":{"\u00c9crit par":"gregory boucaud","Dur\u00e9e de lecture estim\u00e9e":"1 minute"},"schema":{"@context":"https:\/\/schema.org","@graph":[{"@type":"WebPage","@id":"https:\/\/blogs.thesocialmedia.com\/leblogmoto\/2007\/08\/18\/rossi-et-capiro\/","url":"https:\/\/blogs.thesocialmedia.com\/leblogmoto\/2007\/08\/18\/rossi-et-capiro\/","name":"Rossi et Capirossi poursuivis par le fisc italien - leblogmoto.com","isPartOf":{"@id":"https:\/\/blogs.thesocialmedia.com\/leblogmoto\/#website"},"primaryImageOfPage":{"@id":"https:\/\/blogs.thesocialmedia.com\/leblogmoto\/2007\/08\/18\/rossi-et-capiro\/#primaryimage"},"image":{"@id":"https:\/\/blogs.thesocialmedia.com\/leblogmoto\/2007\/08\/18\/rossi-et-capiro\/#primaryimage"},"thumbnailUrl":"http:\/\/www.leblogmoto.com\/images\/2007\/08\/18\/rossi_2.jpg","datePublished":"2007-08-18T12:31:05+00:00","dateModified":"2012-07-11T14:42:23+00:00","author":{"@id":"https:\/\/blogs.thesocialmedia.com\/leblogmoto\/#\/schema\/person\/769623f89741cc3381675029a37764f8"},"breadcrumb":{"@id":"https:\/\/blogs.thesocialmedia.com\/leblogmoto\/2007\/08\/18\/rossi-et-capiro\/#breadcrumb"},"inLanguage":"fr-FR","potentialAction":[{"@type":"ReadAction","target":["https:\/\/blogs.thesocialmedia.com\/leblogmoto\/2007\/08\/18\/rossi-et-capiro\/"]}]},{"@type":"ImageObject","inLanguage":"fr-FR","@id":"https:\/\/blogs.thesocialmedia.com\/leblogmoto\/2007\/08\/18\/rossi-et-capiro\/#primaryimage","url":"http:\/\/www.leblogmoto.com\/images\/2007\/08\/18\/rossi_2.jpg","contentUrl":"http:\/\/www.leblogmoto.com\/images\/2007\/08\/18\/rossi_2.jpg"},{"@type":"BreadcrumbList","@id":"https:\/\/blogs.thesocialmedia.com\/leblogmoto\/2007\/08\/18\/rossi-et-capiro\/#breadcrumb","itemListElement":[{"@type":"ListItem","position":1,"name":"Accueil","item":"https:\/\/blogs.thesocialmedia.com\/leblogmoto\/"},{"@type":"ListItem","position":2,"name":"Rossi et Capirossi poursuivis par le fisc italien"}]},{"@type":"WebSite","@id":"https:\/\/blogs.thesocialmedia.com\/leblogmoto\/#website","url":"https:\/\/blogs.thesocialmedia.com\/leblogmoto\/","name":"leblogmoto","description":"Toute l&#039;actualit\u00e9 des 2 roues","potentialAction":[{"@type":"SearchAction","target":{"@type":"EntryPoint","urlTemplate":"https:\/\/blogs.thesocialmedia.com\/leblogmoto\/?s={search_term_string}"},"query-input":{"@type":"PropertyValueSpecification","valueRequired":true,"valueName":"search_term_string"}}],"inLanguage":"fr-FR"},{"@type":"Person","@id":"https:\/\/blogs.thesocialmedia.com\/leblogmoto\/#\/schema\/person\/769623f89741cc3381675029a37764f8","name":"gregory boucaud","image":{"@type":"ImageObject","inLanguage":"fr-FR","@id":"https:\/\/blogs.thesocialmedia.com\/leblogmoto\/#\/schema\/person\/image\/","url":"https:\/\/secure.gravatar.com\/avatar\/?s=96&d=mm&r=g","contentUrl":"https:\/\/secure.gravatar.com\/avatar\/?s=96&d=mm&r=g","caption":"gregory boucaud"},"url":"https:\/\/blogs.thesocialmedia.com\/leblogmoto\/author\/gregory-boucaud\/"}]}},"_links":{"self":[{"href":"https:\/\/blogs.thesocialmedia.com\/leblogmoto\/wp-json\/wp\/v2\/posts\/1295","targetHints":{"allow":["GET"]}}],"collection":[{"href":"https:\/\/blogs.thesocialmedia.com\/leblogmoto\/wp-json\/wp\/v2\/posts"}],"about":[{"href":"https:\/\/blogs.thesocialmedia.com\/leblogmoto\/wp-json\/wp\/v2\/types\/post"}],"author":[{"embeddable":true,"href":"https:\/\/blogs.thesocialmedia.com\/leblogmoto\/wp-json\/wp\/v2\/users\/329"}],"replies":[{"embeddable":true,"href":"https:\/\/blogs.thesocialmedia.com\/leblogmoto\/wp-json\/wp\/v2\/comments?post=1295"}],"version-history":[{"count":2,"href":"https:\/\/blogs.thesocialmedia.com\/leblogmoto\/wp-json\/wp\/v2\/posts\/1295\/revisions"}],"predecessor-version":[{"id":8574,"href":"https:\/\/blogs.thesocialmedia.com\/leblogmoto\/wp-json\/wp\/v2\/posts\/1295\/revisions\/8574"}],"wp:attachment":[{"href":"https:\/\/blogs.thesocialmedia.com\/leblogmoto\/wp-json\/wp\/v2\/media?parent=1295"}],"wp:term":[{"taxonomy":"category","embeddable":true,"href":"https:\/\/blogs.thesocialmedia.com\/leblogmoto\/wp-json\/wp\/v2\/categories?post=1295"},{"taxonomy":"post_tag","embeddable":true,"href":"https:\/\/blogs.thesocialmedia.com\/leblogmoto\/wp-json\/wp\/v2\/tags?post=1295"}],"curies":[{"name":"wp","href":"https:\/\/api.w.org\/{rel}","templated":true}]}}