{"id":1297,"date":"2007-08-08T23:09:12","date_gmt":"2007-08-08T23:09:12","guid":{"rendered":"http:\/\/blogs.thesocialmedia.com\/leblogmoto\/2007\/08\/08\/ducati-et-oakle\/"},"modified":"2012-07-11T14:42:19","modified_gmt":"2012-07-11T14:42:19","slug":"ducati-et-oakle","status":"publish","type":"post","link":"https:\/\/blogs.thesocialmedia.com\/leblogmoto\/2007\/08\/08\/ducati-et-oakle\/","title":{"rendered":"Ducati et Oakley"},"content":{"rendered":"<p><a href=\"http:\/\/blogs.thesocialmedia.com\/leblogmoto\/files\/2012\/07\/ducati_oakley.jpg\"><\/a><a href=\"http:\/\/clabedan.typepad.com\/.shared\/image.html?\/photos\/uncategorized\/2007\/08\/08\/ducati_oakley_2.jpg\"><img loading=\"lazy\" decoding=\"async\" height=\"220\" alt=\"Ducati_oakley_2\" src=\"http:\/\/www.leblogmoto.com\/images\/2007\/08\/08\/ducati_oakley_2.jpg\" width=\"470\"  \/><\/a> D\u00e9cid\u00e9ment les amateurs de la marque italienne <a href=\"http:\/\/www.ducati.com\/\">Ducati<\/a> ont de la chance. Le 26 juillet dernier, la c\u00e9l\u00e8bre marque de lunette <a href=\"http:\/\/oakley.com\/\">Oakley<\/a> a annonc\u00e9 qu\u2019elle renouvelait son accord de partenariat avec la soci\u00e9t\u00e9 <a href=\"http:\/\/www.ducati.com\/\">Ducati<\/a> Motor Holding pour trois ann\u00e9es suppl\u00e9mentaires. De quoi r\u00e9jouir les fans de produits d\u00e9riv\u00e9s&#8230;<\/p>\n<p><a href=\"http:\/\/clabedan.typepad.com\/.shared\/image.html?\/photos\/uncategorized\/2007\/08\/08\/ducati_oakley_1.jpg\"><img loading=\"lazy\" decoding=\"async\" height=\"117\" alt=\"Ducati_oakley_1\" src=\"http:\/\/www.leblogmoto.com\/images\/2007\/08\/08\/ducati_oakley_1.jpg\" width=\"250\"  \/><\/a> Cette collabaration, cr\u00e9\u00e9e en 2003, et a permis a la marque Oakley de produire des mod\u00e8les en tous genres montrant la passion des deux entreprises pour la technologie, l&rsquo;innovation et le design.<br \/>Exemple, la nouveaut\u00e9 2007 la <a href=\"http:\/\/oakley.com\/pd\/4807\">Ducati Oil Drum<\/a> aux couleurs de <a href=\"http:\/\/www.ducati.com\/\">Ducati<\/a> et aux branches portant l\u2019embl\u00e8me du pilote Champion du Monde, <a href=\"http:\/\/www.loriscapirossi.net\/\">Loris Capirossi<\/a>. <\/p>\n<p><a href=\"http:\/\/clabedan.typepad.com\/.shared\/image.html?\/photos\/uncategorized\/2007\/08\/08\/ducati_oakley_2_2.jpg\"><img loading=\"lazy\" decoding=\"async\" height=\"117\" alt=\"Ducati_oakley_2_2\" src=\"http:\/\/www.leblogmoto.com\/images\/2007\/08\/08\/ducati_oakley_2_2.jpg\" width=\"250\"  \/><\/a> Colin Baden, pr\u00e9sident d\u2019Oakley raconte : &quot;Notre partenariat avec <a href=\"http:\/\/www.ducati.com\/\">Ducati<\/a> s\u2019est achev\u00e9 avec un \u00e9norme succ\u00e8s sur les produits pass\u00e9s, et nous sommes tr\u00e8s excit\u00e9s de continuer cette colaboration tr\u00e8s fructueuse. Nos deux compagnies partagent aussi bien le savoir-faire en mati\u00e8re de produits avec un design agressif et innovant, que la facult\u00e9 d\u2019explorer des modes de pens\u00e9e tr\u00e8s originaux. Les motos <a href=\"http:\/\/www.ducati.com\/\">Ducati <\/a>ont remport\u00e9 plus de victoires en courses que tous les autres comp\u00e9titeurs r\u00e9unis, et nous sommes honor\u00e9s de porter leur embl\u00e8me et leur couleur sur des inventions en optique uniques, qui transforme la science en art.&quot; <\/p>\n<p><a href=\"http:\/\/clabedan.typepad.com\/.shared\/image.html?\/photos\/uncategorized\/2007\/08\/08\/ducati_oakley_3.jpg\"><img loading=\"lazy\" decoding=\"async\" height=\"117\" alt=\"Ducati_oakley_3\" src=\"http:\/\/www.leblogmoto.com\/images\/2007\/08\/08\/ducati_oakley_3.jpg\" width=\"250\"  \/><\/a> Gabriele Del Torchio, directeur de <a href=\"http:\/\/www.ducati.com\/\">Ducati Motor<\/a> rajoute : &quot;Oakley \u00e9l\u00e8ve toujours la barre de la performance de ses lunettes et le design innovant de la compagnie continue d\u2019\u00eatre les favorites des pilotes Ducati. Oakley est une marque dynamique qui r\u00e9ussit en combinant le meilleur de la technologie et du design, et leur id\u00e9al d\u2019excellence refl\u00e8te les standards in\u00e9branlables des ing\u00e9nieurs et designers de Ducati. Nous saisissons cette opportunit\u00e9 de construire un partenariat qui enrichit le r\u00e9seau global de Ducati avec des produits qui rendent hommage au meilleur des deux entreprises.&quot; <\/p>\n<p>Sachez que sur ces lunettes, le logo Ducati est grav\u00e9 au laser en bas du verre gauche, verre qui combine les technologies Plutonite Anti UV et XYZ pour une vue plus claire. La nouvelle ligne des \u00e9ditions limit\u00e9es comporte aussi d\u2019autres mod\u00e8les : les Ducati FIVES (90$), les Ducati GASCAN (110$), les Ducati JULIET (330$), les Ducati MONSTER DOG (110$), et les Ducati SQUARE WIRE (175$) que vous pourrez voir sur le site d&rsquo;Oakley.<\/p>\n<p>Sources : <a href=\"http:\/\/www.ducati.com\/\">Ducati<\/a>, <a href=\"http:\/\/oakley.com\/\">Oakley<\/a><\/p>\n","protected":false},"excerpt":{"rendered":"<p>D\u00e9cid\u00e9ment les amateurs de la marque italienne Ducati ont de la chance. Le 26 juillet dernier, la c\u00e9l\u00e8bre marque de lunette Oakley a annonc\u00e9 qu\u2019elle renouvelait son accord de partenariat avec la soci\u00e9t\u00e9 Ducati Motor Holding pour trois ann\u00e9es suppl\u00e9mentaires. De quoi r\u00e9jouir les fans de produits d\u00e9riv\u00e9s&#8230; Cette collabaration, cr\u00e9\u00e9e en 2003, et a [&hellip;]<\/p>\n","protected":false},"author":329,"featured_media":0,"comment_status":"open","ping_status":"open","sticky":false,"template":"","format":"standard","meta":{"footnotes":""},"categories":[41],"tags":[],"class_list":["post-1297","post","type-post","status-publish","format-standard","hentry","category-ducati"],"yoast_head":"<!-- This site is optimized with the Yoast SEO plugin v26.0 - https:\/\/yoast.com\/wordpress\/plugins\/seo\/ -->\n<title>Ducati et Oakley - leblogmoto.com<\/title>\n<meta name=\"robots\" content=\"index, follow, max-snippet:-1, max-image-preview:large, max-video-preview:-1\" \/>\n<link rel=\"canonical\" href=\"https:\/\/blogs.thesocialmedia.com\/leblogmoto\/2007\/08\/08\/ducati-et-oakle\/\" \/>\n<meta name=\"twitter:card\" content=\"summary_large_image\" \/>\n<meta name=\"twitter:title\" content=\"Ducati et Oakley - leblogmoto.com\" \/>\n<meta name=\"twitter:description\" content=\"D\u00e9cid\u00e9ment les amateurs de la marque italienne Ducati ont de la chance. Le 26 juillet dernier, la c\u00e9l\u00e8bre marque de lunette Oakley a annonc\u00e9 qu\u2019elle renouvelait son accord de partenariat avec la soci\u00e9t\u00e9 Ducati Motor Holding pour trois ann\u00e9es suppl\u00e9mentaires. De quoi r\u00e9jouir les fans de produits d\u00e9riv\u00e9s&#8230; Cette collabaration, cr\u00e9\u00e9e en 2003, et a [&hellip;]\" \/>\n<meta name=\"twitter:image\" content=\"http:\/\/www.leblogmoto.com\/images\/2007\/08\/08\/ducati_oakley_2.jpg\" \/>\n<meta name=\"twitter:label1\" content=\"\u00c9crit par\" \/>\n\t<meta name=\"twitter:data1\" content=\"gregory boucaud\" \/>\n\t<meta name=\"twitter:label2\" content=\"Dur\u00e9e de lecture estim\u00e9e\" \/>\n\t<meta name=\"twitter:data2\" content=\"2 minutes\" \/>\n<script type=\"application\/ld+json\" class=\"yoast-schema-graph\">{\"@context\":\"https:\/\/schema.org\",\"@graph\":[{\"@type\":\"WebPage\",\"@id\":\"https:\/\/blogs.thesocialmedia.com\/leblogmoto\/2007\/08\/08\/ducati-et-oakle\/\",\"url\":\"https:\/\/blogs.thesocialmedia.com\/leblogmoto\/2007\/08\/08\/ducati-et-oakle\/\",\"name\":\"Ducati et Oakley - leblogmoto.com\",\"isPartOf\":{\"@id\":\"https:\/\/blogs.thesocialmedia.com\/leblogmoto\/#website\"},\"primaryImageOfPage\":{\"@id\":\"https:\/\/blogs.thesocialmedia.com\/leblogmoto\/2007\/08\/08\/ducati-et-oakle\/#primaryimage\"},\"image\":{\"@id\":\"https:\/\/blogs.thesocialmedia.com\/leblogmoto\/2007\/08\/08\/ducati-et-oakle\/#primaryimage\"},\"thumbnailUrl\":\"http:\/\/www.leblogmoto.com\/images\/2007\/08\/08\/ducati_oakley_2.jpg\",\"datePublished\":\"2007-08-08T23:09:12+00:00\",\"dateModified\":\"2012-07-11T14:42:19+00:00\",\"author\":{\"@id\":\"https:\/\/blogs.thesocialmedia.com\/leblogmoto\/#\/schema\/person\/769623f89741cc3381675029a37764f8\"},\"breadcrumb\":{\"@id\":\"https:\/\/blogs.thesocialmedia.com\/leblogmoto\/2007\/08\/08\/ducati-et-oakle\/#breadcrumb\"},\"inLanguage\":\"fr-FR\",\"potentialAction\":[{\"@type\":\"ReadAction\",\"target\":[\"https:\/\/blogs.thesocialmedia.com\/leblogmoto\/2007\/08\/08\/ducati-et-oakle\/\"]}]},{\"@type\":\"ImageObject\",\"inLanguage\":\"fr-FR\",\"@id\":\"https:\/\/blogs.thesocialmedia.com\/leblogmoto\/2007\/08\/08\/ducati-et-oakle\/#primaryimage\",\"url\":\"http:\/\/www.leblogmoto.com\/images\/2007\/08\/08\/ducati_oakley_2.jpg\",\"contentUrl\":\"http:\/\/www.leblogmoto.com\/images\/2007\/08\/08\/ducati_oakley_2.jpg\"},{\"@type\":\"BreadcrumbList\",\"@id\":\"https:\/\/blogs.thesocialmedia.com\/leblogmoto\/2007\/08\/08\/ducati-et-oakle\/#breadcrumb\",\"itemListElement\":[{\"@type\":\"ListItem\",\"position\":1,\"name\":\"Accueil\",\"item\":\"https:\/\/blogs.thesocialmedia.com\/leblogmoto\/\"},{\"@type\":\"ListItem\",\"position\":2,\"name\":\"Ducati et Oakley\"}]},{\"@type\":\"WebSite\",\"@id\":\"https:\/\/blogs.thesocialmedia.com\/leblogmoto\/#website\",\"url\":\"https:\/\/blogs.thesocialmedia.com\/leblogmoto\/\",\"name\":\"leblogmoto\",\"description\":\"Toute l&#039;actualit\u00e9 des 2 roues\",\"potentialAction\":[{\"@type\":\"SearchAction\",\"target\":{\"@type\":\"EntryPoint\",\"urlTemplate\":\"https:\/\/blogs.thesocialmedia.com\/leblogmoto\/?s={search_term_string}\"},\"query-input\":{\"@type\":\"PropertyValueSpecification\",\"valueRequired\":true,\"valueName\":\"search_term_string\"}}],\"inLanguage\":\"fr-FR\"},{\"@type\":\"Person\",\"@id\":\"https:\/\/blogs.thesocialmedia.com\/leblogmoto\/#\/schema\/person\/769623f89741cc3381675029a37764f8\",\"name\":\"gregory boucaud\",\"image\":{\"@type\":\"ImageObject\",\"inLanguage\":\"fr-FR\",\"@id\":\"https:\/\/blogs.thesocialmedia.com\/leblogmoto\/#\/schema\/person\/image\/\",\"url\":\"https:\/\/secure.gravatar.com\/avatar\/?s=96&d=mm&r=g\",\"contentUrl\":\"https:\/\/secure.gravatar.com\/avatar\/?s=96&d=mm&r=g\",\"caption\":\"gregory boucaud\"},\"url\":\"https:\/\/blogs.thesocialmedia.com\/leblogmoto\/author\/gregory-boucaud\/\"}]}<\/script>\n<!-- \/ Yoast SEO plugin. -->","yoast_head_json":{"title":"Ducati et Oakley - leblogmoto.com","robots":{"index":"index","follow":"follow","max-snippet":"max-snippet:-1","max-image-preview":"max-image-preview:large","max-video-preview":"max-video-preview:-1"},"canonical":"https:\/\/blogs.thesocialmedia.com\/leblogmoto\/2007\/08\/08\/ducati-et-oakle\/","twitter_card":"summary_large_image","twitter_title":"Ducati et Oakley - leblogmoto.com","twitter_description":"D\u00e9cid\u00e9ment les amateurs de la marque italienne Ducati ont de la chance. Le 26 juillet dernier, la c\u00e9l\u00e8bre marque de lunette Oakley a annonc\u00e9 qu\u2019elle renouvelait son accord de partenariat avec la soci\u00e9t\u00e9 Ducati Motor Holding pour trois ann\u00e9es suppl\u00e9mentaires. De quoi r\u00e9jouir les fans de produits d\u00e9riv\u00e9s&#8230; Cette collabaration, cr\u00e9\u00e9e en 2003, et a [&hellip;]","twitter_image":"http:\/\/www.leblogmoto.com\/images\/2007\/08\/08\/ducati_oakley_2.jpg","twitter_misc":{"\u00c9crit par":"gregory boucaud","Dur\u00e9e de lecture estim\u00e9e":"2 minutes"},"schema":{"@context":"https:\/\/schema.org","@graph":[{"@type":"WebPage","@id":"https:\/\/blogs.thesocialmedia.com\/leblogmoto\/2007\/08\/08\/ducati-et-oakle\/","url":"https:\/\/blogs.thesocialmedia.com\/leblogmoto\/2007\/08\/08\/ducati-et-oakle\/","name":"Ducati et Oakley - leblogmoto.com","isPartOf":{"@id":"https:\/\/blogs.thesocialmedia.com\/leblogmoto\/#website"},"primaryImageOfPage":{"@id":"https:\/\/blogs.thesocialmedia.com\/leblogmoto\/2007\/08\/08\/ducati-et-oakle\/#primaryimage"},"image":{"@id":"https:\/\/blogs.thesocialmedia.com\/leblogmoto\/2007\/08\/08\/ducati-et-oakle\/#primaryimage"},"thumbnailUrl":"http:\/\/www.leblogmoto.com\/images\/2007\/08\/08\/ducati_oakley_2.jpg","datePublished":"2007-08-08T23:09:12+00:00","dateModified":"2012-07-11T14:42:19+00:00","author":{"@id":"https:\/\/blogs.thesocialmedia.com\/leblogmoto\/#\/schema\/person\/769623f89741cc3381675029a37764f8"},"breadcrumb":{"@id":"https:\/\/blogs.thesocialmedia.com\/leblogmoto\/2007\/08\/08\/ducati-et-oakle\/#breadcrumb"},"inLanguage":"fr-FR","potentialAction":[{"@type":"ReadAction","target":["https:\/\/blogs.thesocialmedia.com\/leblogmoto\/2007\/08\/08\/ducati-et-oakle\/"]}]},{"@type":"ImageObject","inLanguage":"fr-FR","@id":"https:\/\/blogs.thesocialmedia.com\/leblogmoto\/2007\/08\/08\/ducati-et-oakle\/#primaryimage","url":"http:\/\/www.leblogmoto.com\/images\/2007\/08\/08\/ducati_oakley_2.jpg","contentUrl":"http:\/\/www.leblogmoto.com\/images\/2007\/08\/08\/ducati_oakley_2.jpg"},{"@type":"BreadcrumbList","@id":"https:\/\/blogs.thesocialmedia.com\/leblogmoto\/2007\/08\/08\/ducati-et-oakle\/#breadcrumb","itemListElement":[{"@type":"ListItem","position":1,"name":"Accueil","item":"https:\/\/blogs.thesocialmedia.com\/leblogmoto\/"},{"@type":"ListItem","position":2,"name":"Ducati et Oakley"}]},{"@type":"WebSite","@id":"https:\/\/blogs.thesocialmedia.com\/leblogmoto\/#website","url":"https:\/\/blogs.thesocialmedia.com\/leblogmoto\/","name":"leblogmoto","description":"Toute l&#039;actualit\u00e9 des 2 roues","potentialAction":[{"@type":"SearchAction","target":{"@type":"EntryPoint","urlTemplate":"https:\/\/blogs.thesocialmedia.com\/leblogmoto\/?s={search_term_string}"},"query-input":{"@type":"PropertyValueSpecification","valueRequired":true,"valueName":"search_term_string"}}],"inLanguage":"fr-FR"},{"@type":"Person","@id":"https:\/\/blogs.thesocialmedia.com\/leblogmoto\/#\/schema\/person\/769623f89741cc3381675029a37764f8","name":"gregory boucaud","image":{"@type":"ImageObject","inLanguage":"fr-FR","@id":"https:\/\/blogs.thesocialmedia.com\/leblogmoto\/#\/schema\/person\/image\/","url":"https:\/\/secure.gravatar.com\/avatar\/?s=96&d=mm&r=g","contentUrl":"https:\/\/secure.gravatar.com\/avatar\/?s=96&d=mm&r=g","caption":"gregory boucaud"},"url":"https:\/\/blogs.thesocialmedia.com\/leblogmoto\/author\/gregory-boucaud\/"}]}},"_links":{"self":[{"href":"https:\/\/blogs.thesocialmedia.com\/leblogmoto\/wp-json\/wp\/v2\/posts\/1297","targetHints":{"allow":["GET"]}}],"collection":[{"href":"https:\/\/blogs.thesocialmedia.com\/leblogmoto\/wp-json\/wp\/v2\/posts"}],"about":[{"href":"https:\/\/blogs.thesocialmedia.com\/leblogmoto\/wp-json\/wp\/v2\/types\/post"}],"author":[{"embeddable":true,"href":"https:\/\/blogs.thesocialmedia.com\/leblogmoto\/wp-json\/wp\/v2\/users\/329"}],"replies":[{"embeddable":true,"href":"https:\/\/blogs.thesocialmedia.com\/leblogmoto\/wp-json\/wp\/v2\/comments?post=1297"}],"version-history":[{"count":2,"href":"https:\/\/blogs.thesocialmedia.com\/leblogmoto\/wp-json\/wp\/v2\/posts\/1297\/revisions"}],"predecessor-version":[{"id":8570,"href":"https:\/\/blogs.thesocialmedia.com\/leblogmoto\/wp-json\/wp\/v2\/posts\/1297\/revisions\/8570"}],"wp:attachment":[{"href":"https:\/\/blogs.thesocialmedia.com\/leblogmoto\/wp-json\/wp\/v2\/media?parent=1297"}],"wp:term":[{"taxonomy":"category","embeddable":true,"href":"https:\/\/blogs.thesocialmedia.com\/leblogmoto\/wp-json\/wp\/v2\/categories?post=1297"},{"taxonomy":"post_tag","embeddable":true,"href":"https:\/\/blogs.thesocialmedia.com\/leblogmoto\/wp-json\/wp\/v2\/tags?post=1297"}],"curies":[{"name":"wp","href":"https:\/\/api.w.org\/{rel}","templated":true}]}}