{"id":130,"date":"2009-05-21T22:33:52","date_gmt":"2009-05-21T22:33:52","guid":{"rendered":"http:\/\/blogs.thesocialmedia.com\/leblogmoto\/2009\/05\/21\/ttxgp\/"},"modified":"2012-07-11T17:27:40","modified_gmt":"2012-07-11T17:27:40","slug":"ttxgp","status":"publish","type":"post","link":"https:\/\/blogs.thesocialmedia.com\/leblogmoto\/2009\/05\/21\/ttxgp\/","title":{"rendered":"Vid\u00e9o du premier prototype TTXGP"},"content":{"rendered":"<p><a href=\"http:\/\/blogs.thesocialmedia.com\/leblogmoto\/files\/2012\/07\/6a00d83451b18369e201156fa7c8ea970c-popup.png\"><img decoding=\"async\" alt=\"TTXGP\" class=\"at-xid-6a00d83451b18369e201156fa7c8ea970c \" src=\"http:\/\/blogs.thesocialmedia.com\/leblogmoto\/files\/2012\/07\/6a00d83451b18369e201156fa7c8ea970c-500wi.jpg\" style=\"width: 470px;height: 275px\" \/><\/a> <br \/>Le 12 juin prochain aura lieu la <a href=\"http:\/\/www.leblogmoto.com\/2009\/04\/ttxgp-silence-on-roule.html\" target=\"_blank\">premi\u00e8re course \u00e9lectrique de l&#039;histoire<\/a> sur l&#039;<a href=\"http:\/\/www.leblogmoto.com\/2009\/05\/la-vid%C3%A9o-du-jour-tourist-trophy-2007-.html\" target=\"_blank\">\u00eele de Man<\/a>. Le 7 mai dernier un des premiers prototypes <a href=\"http:\/\/www.leblogmoto.com\/2009\/04\/ttxgp-silence-on-roule.html\" target=\"_blank\">TTXGP<\/a> a fait ses premiers tours de roue sur le circuit de Zolder en Belgique aux mains des exp\u00e9riment\u00e9s Werner Daemen (BMW motorrad) et Didier de Radigu\u00e8s&#8230; <\/p>\n<\/p>\n<p>Malheureusement les batteries ont \u00e9t\u00e9 abim\u00e9 par des chocs pendant le transport et ne fournissait que 70% de leurs capacit\u00e9s.<\/p>\n<p>Bonne surprise, le plaisir semble \u00eatre \u00e0 la hauteur m\u00eame s&#039;il reste encore \u00e0 trouver quelques chevaux suppl\u00e9mentaires pour pouvoir rivaliser avec les motos carburant au sans plomb&#8230; <\/p>\n<p><object height=\"360\" width=\"490\"><param name=\"movie\" value=\"http:\/\/www.youtube.com\/v\/A3FC7TIdwWs&amp;hl=en&amp;fs=1\" \/><param name=\"allowFullScreen\" value=\"true\" \/><param name=\"allowscriptaccess\" value=\"always\" \/><embed height=\"340\" src=\"http:\/\/www.youtube.com\/v\/A3FC7TIdwWs&amp;hl=en&amp;fs=1\" type=\"application\/x-shockwave-flash\" width=\"490\" \/><\/object><\/p>\n<p> <\/p>\n<p>Un reportage r\u00e9alis\u00e9 par la cha\u00eene <strong>CNBC<\/strong> \u00e0 la fin de l&#039;ann\u00e9e 2008 sur l&#039;organisation de la premi\u00e8re \u00e9dition \u00e0 venir du TTXGP.&#160; <\/p>\n<p><object height=\"344\" width=\"425\"><param name=\"movie\" value=\"http:\/\/www.youtube.com\/v\/ndywqpYYrGw&amp;hl=fr&amp;fs=1\" \/><param name=\"allowFullScreen\" value=\"true\" \/><param name=\"allowscriptaccess\" value=\"always\" \/><embed height=\"364\" src=\"http:\/\/www.youtube.com\/v\/ndywqpYYrGw&amp;hl=fr&amp;fs=1\" type=\"application\/x-shockwave-flash\" width=\"489\" \/><\/object><\/p>\n<\/p>\n<p>Plus d&#039;infos sur les machines et participants sur le site officiel de l&#039;\u00e9preuve <a href=\"http:\/\/ttxgp.com\" target=\"_blank\">TTXGP <\/a><\/p>\n","protected":false},"excerpt":{"rendered":"<p>Le 12 juin prochain aura lieu la premi\u00e8re course \u00e9lectrique de l&#039;histoire sur l&#039;\u00eele de Man. Le 7 mai dernier un des premiers prototypes TTXGP a fait ses premiers tours de roue sur le circuit de Zolder en Belgique aux mains des exp\u00e9riment\u00e9s Werner Daemen (BMW motorrad) et Didier de Radigu\u00e8s&#8230; Malheureusement les batteries ont [&hellip;]<\/p>\n","protected":false},"author":323,"featured_media":13630,"comment_status":"open","ping_status":"open","sticky":false,"template":"","format":"standard","meta":{"footnotes":""},"categories":[3,30,37,48],"tags":[],"class_list":["post-130","post","type-post","status-publish","format-standard","has-post-thumbnail","hentry","category-actualite","category-bio-carburantsvehicules-propres","category-essais","category-science"],"yoast_head":"<!-- This site is optimized with the Yoast SEO plugin v26.0 - https:\/\/yoast.com\/wordpress\/plugins\/seo\/ -->\n<title>Vid\u00e9o du premier prototype TTXGP - leblogmoto.com<\/title>\n<meta name=\"robots\" content=\"index, follow, max-snippet:-1, max-image-preview:large, max-video-preview:-1\" \/>\n<link rel=\"canonical\" href=\"https:\/\/blogs.thesocialmedia.com\/leblogmoto\/2009\/05\/21\/ttxgp\/\" \/>\n<meta name=\"twitter:card\" content=\"summary_large_image\" \/>\n<meta name=\"twitter:title\" content=\"Vid\u00e9o du premier prototype TTXGP - leblogmoto.com\" \/>\n<meta name=\"twitter:description\" content=\"Le 12 juin prochain aura lieu la premi\u00e8re course \u00e9lectrique de l&#039;histoire sur l&#039;\u00eele de Man. Le 7 mai dernier un des premiers prototypes TTXGP a fait ses premiers tours de roue sur le circuit de Zolder en Belgique aux mains des exp\u00e9riment\u00e9s Werner Daemen (BMW motorrad) et Didier de Radigu\u00e8s&#8230; Malheureusement les batteries ont [&hellip;]\" \/>\n<meta name=\"twitter:image\" content=\"https:\/\/blogs.thesocialmedia.com\/leblogmoto\/files\/2012\/07\/6a00d83451b18369e201156fa7c8ea970c-500wi.jpg\" \/>\n<meta name=\"twitter:label1\" content=\"\u00c9crit par\" \/>\n\t<meta name=\"twitter:data1\" content=\"albin le guyader\" \/>\n\t<meta name=\"twitter:label2\" content=\"Dur\u00e9e de lecture estim\u00e9e\" \/>\n\t<meta name=\"twitter:data2\" content=\"1 minute\" \/>\n<script type=\"application\/ld+json\" class=\"yoast-schema-graph\">{\"@context\":\"https:\/\/schema.org\",\"@graph\":[{\"@type\":\"WebPage\",\"@id\":\"https:\/\/blogs.thesocialmedia.com\/leblogmoto\/2009\/05\/21\/ttxgp\/\",\"url\":\"https:\/\/blogs.thesocialmedia.com\/leblogmoto\/2009\/05\/21\/ttxgp\/\",\"name\":\"Vid\u00e9o du premier prototype TTXGP - leblogmoto.com\",\"isPartOf\":{\"@id\":\"https:\/\/blogs.thesocialmedia.com\/leblogmoto\/#website\"},\"primaryImageOfPage\":{\"@id\":\"https:\/\/blogs.thesocialmedia.com\/leblogmoto\/2009\/05\/21\/ttxgp\/#primaryimage\"},\"image\":{\"@id\":\"https:\/\/blogs.thesocialmedia.com\/leblogmoto\/2009\/05\/21\/ttxgp\/#primaryimage\"},\"thumbnailUrl\":\"https:\/\/blogs.thesocialmedia.com\/leblogmoto\/files\/2012\/07\/6a00d83451b18369e201156fa7c8ea970c-500wi.jpg\",\"datePublished\":\"2009-05-21T22:33:52+00:00\",\"dateModified\":\"2012-07-11T17:27:40+00:00\",\"author\":{\"@id\":\"https:\/\/blogs.thesocialmedia.com\/leblogmoto\/#\/schema\/person\/b496d27c898c29a39678e2425cafb9ae\"},\"breadcrumb\":{\"@id\":\"https:\/\/blogs.thesocialmedia.com\/leblogmoto\/2009\/05\/21\/ttxgp\/#breadcrumb\"},\"inLanguage\":\"fr-FR\",\"potentialAction\":[{\"@type\":\"ReadAction\",\"target\":[\"https:\/\/blogs.thesocialmedia.com\/leblogmoto\/2009\/05\/21\/ttxgp\/\"]}]},{\"@type\":\"ImageObject\",\"inLanguage\":\"fr-FR\",\"@id\":\"https:\/\/blogs.thesocialmedia.com\/leblogmoto\/2009\/05\/21\/ttxgp\/#primaryimage\",\"url\":\"https:\/\/blogs.thesocialmedia.com\/leblogmoto\/files\/2012\/07\/6a00d83451b18369e201156fa7c8ea970c-500wi.jpg\",\"contentUrl\":\"https:\/\/blogs.thesocialmedia.com\/leblogmoto\/files\/2012\/07\/6a00d83451b18369e201156fa7c8ea970c-500wi.jpg\",\"width\":\"500\",\"height\":\"293\"},{\"@type\":\"BreadcrumbList\",\"@id\":\"https:\/\/blogs.thesocialmedia.com\/leblogmoto\/2009\/05\/21\/ttxgp\/#breadcrumb\",\"itemListElement\":[{\"@type\":\"ListItem\",\"position\":1,\"name\":\"Accueil\",\"item\":\"https:\/\/blogs.thesocialmedia.com\/leblogmoto\/\"},{\"@type\":\"ListItem\",\"position\":2,\"name\":\"Vid\u00e9o du premier prototype TTXGP\"}]},{\"@type\":\"WebSite\",\"@id\":\"https:\/\/blogs.thesocialmedia.com\/leblogmoto\/#website\",\"url\":\"https:\/\/blogs.thesocialmedia.com\/leblogmoto\/\",\"name\":\"leblogmoto\",\"description\":\"Toute l&#039;actualit\u00e9 des 2 roues\",\"potentialAction\":[{\"@type\":\"SearchAction\",\"target\":{\"@type\":\"EntryPoint\",\"urlTemplate\":\"https:\/\/blogs.thesocialmedia.com\/leblogmoto\/?s={search_term_string}\"},\"query-input\":{\"@type\":\"PropertyValueSpecification\",\"valueRequired\":true,\"valueName\":\"search_term_string\"}}],\"inLanguage\":\"fr-FR\"},{\"@type\":\"Person\",\"@id\":\"https:\/\/blogs.thesocialmedia.com\/leblogmoto\/#\/schema\/person\/b496d27c898c29a39678e2425cafb9ae\",\"name\":\"albin le guyader\",\"image\":{\"@type\":\"ImageObject\",\"inLanguage\":\"fr-FR\",\"@id\":\"https:\/\/blogs.thesocialmedia.com\/leblogmoto\/#\/schema\/person\/image\/\",\"url\":\"https:\/\/secure.gravatar.com\/avatar\/?s=96&d=mm&r=g\",\"contentUrl\":\"https:\/\/secure.gravatar.com\/avatar\/?s=96&d=mm&r=g\",\"caption\":\"albin le guyader\"},\"url\":\"https:\/\/blogs.thesocialmedia.com\/leblogmoto\/author\/albin-le-guyader\/\"}]}<\/script>\n<!-- \/ Yoast SEO plugin. -->","yoast_head_json":{"title":"Vid\u00e9o du premier prototype TTXGP - leblogmoto.com","robots":{"index":"index","follow":"follow","max-snippet":"max-snippet:-1","max-image-preview":"max-image-preview:large","max-video-preview":"max-video-preview:-1"},"canonical":"https:\/\/blogs.thesocialmedia.com\/leblogmoto\/2009\/05\/21\/ttxgp\/","twitter_card":"summary_large_image","twitter_title":"Vid\u00e9o du premier prototype TTXGP - leblogmoto.com","twitter_description":"Le 12 juin prochain aura lieu la premi\u00e8re course \u00e9lectrique de l&#039;histoire sur l&#039;\u00eele de Man. Le 7 mai dernier un des premiers prototypes TTXGP a fait ses premiers tours de roue sur le circuit de Zolder en Belgique aux mains des exp\u00e9riment\u00e9s Werner Daemen (BMW motorrad) et Didier de Radigu\u00e8s&#8230; Malheureusement les batteries ont [&hellip;]","twitter_image":"https:\/\/blogs.thesocialmedia.com\/leblogmoto\/files\/2012\/07\/6a00d83451b18369e201156fa7c8ea970c-500wi.jpg","twitter_misc":{"\u00c9crit par":"albin le guyader","Dur\u00e9e de lecture estim\u00e9e":"1 minute"},"schema":{"@context":"https:\/\/schema.org","@graph":[{"@type":"WebPage","@id":"https:\/\/blogs.thesocialmedia.com\/leblogmoto\/2009\/05\/21\/ttxgp\/","url":"https:\/\/blogs.thesocialmedia.com\/leblogmoto\/2009\/05\/21\/ttxgp\/","name":"Vid\u00e9o du premier prototype TTXGP - leblogmoto.com","isPartOf":{"@id":"https:\/\/blogs.thesocialmedia.com\/leblogmoto\/#website"},"primaryImageOfPage":{"@id":"https:\/\/blogs.thesocialmedia.com\/leblogmoto\/2009\/05\/21\/ttxgp\/#primaryimage"},"image":{"@id":"https:\/\/blogs.thesocialmedia.com\/leblogmoto\/2009\/05\/21\/ttxgp\/#primaryimage"},"thumbnailUrl":"https:\/\/blogs.thesocialmedia.com\/leblogmoto\/files\/2012\/07\/6a00d83451b18369e201156fa7c8ea970c-500wi.jpg","datePublished":"2009-05-21T22:33:52+00:00","dateModified":"2012-07-11T17:27:40+00:00","author":{"@id":"https:\/\/blogs.thesocialmedia.com\/leblogmoto\/#\/schema\/person\/b496d27c898c29a39678e2425cafb9ae"},"breadcrumb":{"@id":"https:\/\/blogs.thesocialmedia.com\/leblogmoto\/2009\/05\/21\/ttxgp\/#breadcrumb"},"inLanguage":"fr-FR","potentialAction":[{"@type":"ReadAction","target":["https:\/\/blogs.thesocialmedia.com\/leblogmoto\/2009\/05\/21\/ttxgp\/"]}]},{"@type":"ImageObject","inLanguage":"fr-FR","@id":"https:\/\/blogs.thesocialmedia.com\/leblogmoto\/2009\/05\/21\/ttxgp\/#primaryimage","url":"https:\/\/blogs.thesocialmedia.com\/leblogmoto\/files\/2012\/07\/6a00d83451b18369e201156fa7c8ea970c-500wi.jpg","contentUrl":"https:\/\/blogs.thesocialmedia.com\/leblogmoto\/files\/2012\/07\/6a00d83451b18369e201156fa7c8ea970c-500wi.jpg","width":"500","height":"293"},{"@type":"BreadcrumbList","@id":"https:\/\/blogs.thesocialmedia.com\/leblogmoto\/2009\/05\/21\/ttxgp\/#breadcrumb","itemListElement":[{"@type":"ListItem","position":1,"name":"Accueil","item":"https:\/\/blogs.thesocialmedia.com\/leblogmoto\/"},{"@type":"ListItem","position":2,"name":"Vid\u00e9o du premier prototype TTXGP"}]},{"@type":"WebSite","@id":"https:\/\/blogs.thesocialmedia.com\/leblogmoto\/#website","url":"https:\/\/blogs.thesocialmedia.com\/leblogmoto\/","name":"leblogmoto","description":"Toute l&#039;actualit\u00e9 des 2 roues","potentialAction":[{"@type":"SearchAction","target":{"@type":"EntryPoint","urlTemplate":"https:\/\/blogs.thesocialmedia.com\/leblogmoto\/?s={search_term_string}"},"query-input":{"@type":"PropertyValueSpecification","valueRequired":true,"valueName":"search_term_string"}}],"inLanguage":"fr-FR"},{"@type":"Person","@id":"https:\/\/blogs.thesocialmedia.com\/leblogmoto\/#\/schema\/person\/b496d27c898c29a39678e2425cafb9ae","name":"albin le guyader","image":{"@type":"ImageObject","inLanguage":"fr-FR","@id":"https:\/\/blogs.thesocialmedia.com\/leblogmoto\/#\/schema\/person\/image\/","url":"https:\/\/secure.gravatar.com\/avatar\/?s=96&d=mm&r=g","contentUrl":"https:\/\/secure.gravatar.com\/avatar\/?s=96&d=mm&r=g","caption":"albin le guyader"},"url":"https:\/\/blogs.thesocialmedia.com\/leblogmoto\/author\/albin-le-guyader\/"}]}},"_links":{"self":[{"href":"https:\/\/blogs.thesocialmedia.com\/leblogmoto\/wp-json\/wp\/v2\/posts\/130","targetHints":{"allow":["GET"]}}],"collection":[{"href":"https:\/\/blogs.thesocialmedia.com\/leblogmoto\/wp-json\/wp\/v2\/posts"}],"about":[{"href":"https:\/\/blogs.thesocialmedia.com\/leblogmoto\/wp-json\/wp\/v2\/types\/post"}],"author":[{"embeddable":true,"href":"https:\/\/blogs.thesocialmedia.com\/leblogmoto\/wp-json\/wp\/v2\/users\/323"}],"replies":[{"embeddable":true,"href":"https:\/\/blogs.thesocialmedia.com\/leblogmoto\/wp-json\/wp\/v2\/comments?post=130"}],"version-history":[{"count":2,"href":"https:\/\/blogs.thesocialmedia.com\/leblogmoto\/wp-json\/wp\/v2\/posts\/130\/revisions"}],"predecessor-version":[{"id":13632,"href":"https:\/\/blogs.thesocialmedia.com\/leblogmoto\/wp-json\/wp\/v2\/posts\/130\/revisions\/13632"}],"wp:featuredmedia":[{"embeddable":true,"href":"https:\/\/blogs.thesocialmedia.com\/leblogmoto\/wp-json\/wp\/v2\/media\/13630"}],"wp:attachment":[{"href":"https:\/\/blogs.thesocialmedia.com\/leblogmoto\/wp-json\/wp\/v2\/media?parent=130"}],"wp:term":[{"taxonomy":"category","embeddable":true,"href":"https:\/\/blogs.thesocialmedia.com\/leblogmoto\/wp-json\/wp\/v2\/categories?post=130"},{"taxonomy":"post_tag","embeddable":true,"href":"https:\/\/blogs.thesocialmedia.com\/leblogmoto\/wp-json\/wp\/v2\/tags?post=130"}],"curies":[{"name":"wp","href":"https:\/\/api.w.org\/{rel}","templated":true}]}}