{"id":1301,"date":"2007-07-27T05:52:14","date_gmt":"2007-07-27T05:52:14","guid":{"rendered":"http:\/\/blogs.thesocialmedia.com\/leblogmoto\/2007\/07\/27\/piaggio-dvelopp\/"},"modified":"2012-07-11T14:42:12","modified_gmt":"2012-07-11T14:42:12","slug":"piaggio-dvelopp","status":"publish","type":"post","link":"https:\/\/blogs.thesocialmedia.com\/leblogmoto\/2007\/07\/27\/piaggio-dvelopp\/","title":{"rendered":"Piaggio d\u00e9veloppe un MP3 Hybride"},"content":{"rendered":"<p><a href=\"http:\/\/blogs.thesocialmedia.com\/leblogmoto\/files\/2012\/07\/piaggio_hybride_3_2.jpg\"><img loading=\"lazy\" decoding=\"async\" width=\"470\" height=\"312\"  src=\"http:\/\/www.leblogmoto.com\/images\/2007\/07\/26\/piaggio_hybride_3_2.jpg\" alt=\"Piaggio_hybride_3_2\" \/><\/a> <a href=\"http:\/\/blogs.thesocialmedia.com\/leblogmoto\/files\/2012\/07\/piaggio_hybride_3.jpg\"><br \/><\/a> <\/p>\n<p>Depuis 2 ans Piaggio teste des <a href=\"http:\/\/www.leblogmoto.com\/2006\/04\/mme_si_le_scoot.html\">scooters hybrides<\/a>. En ce moment ont lieu les premiers tests d&rsquo;un prototype de <a href=\"http:\/\/www.leblogmoto.com\/2006\/12\/piaggio_125_250.html\">MP3<\/a> Hybride&#8230; <\/p>\n<p>Sur le m\u00eame principe que pour les voitures la combinaison de ces deux moteurs a pour effet d&rsquo;augmenter les performances et les acc\u00e9l\u00e9rations. Et surtout de r\u00e9duire la consommation d&rsquo;essence.<\/p>\n<p>Le moteur \u00e9lectrique est int\u00e9gr\u00e9 dans le variateur du scooter. Quand l&rsquo;acc\u00e9lerateur n&rsquo;est pas \u00e0 fond ou lors de descente, les batteries \u00e9lectriques sont recharg\u00e9es. <a href=\"http:\/\/blogs.thesocialmedia.com\/leblogmoto\/files\/2012\/07\/piaggio_hybride_3.jpg\"><br \/><\/a> <\/p>\n<p><a href=\"http:\/\/clabedan.typepad.com\/.shared\/image.html?\/photos\/uncategorized\/2007\/07\/26\/piaggio_hybride_2.jpg\"><img loading=\"lazy\" decoding=\"async\" width=\"470\" height=\"314\"  src=\"http:\/\/www.leblogmoto.com\/images\/2007\/07\/26\/piaggio_hybride_2.jpg\" alt=\"Piaggio_hybride_2\" \/><\/a><\/p>\n<p>Les batteries des versions hybrides peuvent aussi \u00eatre recharg\u00e9es sur secteur en compl\u00e9ment et sont stock\u00e9es sous la selle.<\/p>\n<p><a href=\"http:\/\/blogs.thesocialmedia.com\/leblogmoto\/files\/2012\/07\/piaggio_hybride_3.jpg\"><img loading=\"lazy\" decoding=\"async\" width=\"470\" height=\"311\"  src=\"http:\/\/www.leblogmoto.com\/images\/2007\/07\/26\/piaggio_hybride_3.jpg\" alt=\"Piaggio_hybride_3\" \/><\/a><\/p>\n<p> <\/p>\n<p>Gr\u00e2ce \u00e0 l&rsquo;ajout d&rsquo;un moteur \u00e9lectrique, la puissance augmente environ de 25%. Les performances sont meilleures et le MP3 acc\u00e9l\u00e8re plus vite \u00e0 basse vitesse et notamment d\u00e9part arr\u00eat\u00e9. La consommation baisse de 20%. Autant d&rsquo;argent \u00e9conomis\u00e9 et de particules de CO2 en moins de rejett\u00e9es dans l&rsquo;atmosph\u00e8re&#8230;<\/p>\n<p> <embed width=\"410\" height=\"400\" src=\"http:\/\/www.vsocial.com\/ups\/583022b867e3a3b6de682dd34027e1ce\"><\/embed> <\/p>\n<p><a href=\"http:\/\/blogs.thesocialmedia.com\/leblogmoto\/files\/2012\/07\/piaggio_hybride_3.jpg\"><br \/><\/a><\/p>\n<p><a href=\"http:\/\/clabedan.typepad.com\/.shared\/image.html?\/photos\/uncategorized\/2007\/07\/26\/piaggio_hybride_4.jpg\"><img loading=\"lazy\" decoding=\"async\" width=\"470\" height=\"314\"  src=\"http:\/\/www.leblogmoto.com\/images\/2007\/07\/26\/piaggio_hybride_4.jpg\" alt=\"Piaggio_hybride_4\" \/><\/a> <\/p>\n","protected":false},"excerpt":{"rendered":"<p>Depuis 2 ans Piaggio teste des scooters hybrides. En ce moment ont lieu les premiers tests d&rsquo;un prototype de MP3 Hybride&#8230; Sur le m\u00eame principe que pour les voitures la combinaison de ces deux moteurs a pour effet d&rsquo;augmenter les performances et les acc\u00e9l\u00e9rations. Et surtout de r\u00e9duire la consommation d&rsquo;essence. Le moteur \u00e9lectrique est [&hellip;]<\/p>\n","protected":false},"author":323,"featured_media":0,"comment_status":"open","ping_status":"open","sticky":false,"template":"","format":"standard","meta":{"footnotes":""},"categories":[18],"tags":[],"class_list":["post-1301","post","type-post","status-publish","format-standard","hentry","category-piaggio"],"yoast_head":"<!-- This site is optimized with the Yoast SEO plugin v26.0 - https:\/\/yoast.com\/wordpress\/plugins\/seo\/ -->\n<title>Piaggio d\u00e9veloppe un MP3 Hybride - leblogmoto.com<\/title>\n<meta name=\"robots\" content=\"index, follow, max-snippet:-1, max-image-preview:large, max-video-preview:-1\" \/>\n<link rel=\"canonical\" href=\"https:\/\/blogs.thesocialmedia.com\/leblogmoto\/2007\/07\/27\/piaggio-dvelopp\/\" \/>\n<meta name=\"twitter:card\" content=\"summary_large_image\" \/>\n<meta name=\"twitter:title\" content=\"Piaggio d\u00e9veloppe un MP3 Hybride - leblogmoto.com\" \/>\n<meta name=\"twitter:description\" content=\"Depuis 2 ans Piaggio teste des scooters hybrides. En ce moment ont lieu les premiers tests d&rsquo;un prototype de MP3 Hybride&#8230; Sur le m\u00eame principe que pour les voitures la combinaison de ces deux moteurs a pour effet d&rsquo;augmenter les performances et les acc\u00e9l\u00e9rations. Et surtout de r\u00e9duire la consommation d&rsquo;essence. Le moteur \u00e9lectrique est [&hellip;]\" \/>\n<meta name=\"twitter:image\" content=\"http:\/\/www.leblogmoto.com\/images\/2007\/07\/26\/piaggio_hybride_3_2.jpg\" \/>\n<meta name=\"twitter:label1\" content=\"\u00c9crit par\" \/>\n\t<meta name=\"twitter:data1\" content=\"albin le guyader\" \/>\n\t<meta name=\"twitter:label2\" content=\"Dur\u00e9e de lecture estim\u00e9e\" \/>\n\t<meta name=\"twitter:data2\" content=\"1 minute\" \/>\n<script type=\"application\/ld+json\" class=\"yoast-schema-graph\">{\"@context\":\"https:\/\/schema.org\",\"@graph\":[{\"@type\":\"WebPage\",\"@id\":\"https:\/\/blogs.thesocialmedia.com\/leblogmoto\/2007\/07\/27\/piaggio-dvelopp\/\",\"url\":\"https:\/\/blogs.thesocialmedia.com\/leblogmoto\/2007\/07\/27\/piaggio-dvelopp\/\",\"name\":\"Piaggio d\u00e9veloppe un MP3 Hybride - leblogmoto.com\",\"isPartOf\":{\"@id\":\"https:\/\/blogs.thesocialmedia.com\/leblogmoto\/#website\"},\"primaryImageOfPage\":{\"@id\":\"https:\/\/blogs.thesocialmedia.com\/leblogmoto\/2007\/07\/27\/piaggio-dvelopp\/#primaryimage\"},\"image\":{\"@id\":\"https:\/\/blogs.thesocialmedia.com\/leblogmoto\/2007\/07\/27\/piaggio-dvelopp\/#primaryimage\"},\"thumbnailUrl\":\"http:\/\/www.leblogmoto.com\/images\/2007\/07\/26\/piaggio_hybride_3_2.jpg\",\"datePublished\":\"2007-07-27T05:52:14+00:00\",\"dateModified\":\"2012-07-11T14:42:12+00:00\",\"author\":{\"@id\":\"https:\/\/blogs.thesocialmedia.com\/leblogmoto\/#\/schema\/person\/b496d27c898c29a39678e2425cafb9ae\"},\"breadcrumb\":{\"@id\":\"https:\/\/blogs.thesocialmedia.com\/leblogmoto\/2007\/07\/27\/piaggio-dvelopp\/#breadcrumb\"},\"inLanguage\":\"fr-FR\",\"potentialAction\":[{\"@type\":\"ReadAction\",\"target\":[\"https:\/\/blogs.thesocialmedia.com\/leblogmoto\/2007\/07\/27\/piaggio-dvelopp\/\"]}]},{\"@type\":\"ImageObject\",\"inLanguage\":\"fr-FR\",\"@id\":\"https:\/\/blogs.thesocialmedia.com\/leblogmoto\/2007\/07\/27\/piaggio-dvelopp\/#primaryimage\",\"url\":\"http:\/\/www.leblogmoto.com\/images\/2007\/07\/26\/piaggio_hybride_3_2.jpg\",\"contentUrl\":\"http:\/\/www.leblogmoto.com\/images\/2007\/07\/26\/piaggio_hybride_3_2.jpg\"},{\"@type\":\"BreadcrumbList\",\"@id\":\"https:\/\/blogs.thesocialmedia.com\/leblogmoto\/2007\/07\/27\/piaggio-dvelopp\/#breadcrumb\",\"itemListElement\":[{\"@type\":\"ListItem\",\"position\":1,\"name\":\"Accueil\",\"item\":\"https:\/\/blogs.thesocialmedia.com\/leblogmoto\/\"},{\"@type\":\"ListItem\",\"position\":2,\"name\":\"Piaggio d\u00e9veloppe un MP3 Hybride\"}]},{\"@type\":\"WebSite\",\"@id\":\"https:\/\/blogs.thesocialmedia.com\/leblogmoto\/#website\",\"url\":\"https:\/\/blogs.thesocialmedia.com\/leblogmoto\/\",\"name\":\"leblogmoto\",\"description\":\"Toute l&#039;actualit\u00e9 des 2 roues\",\"potentialAction\":[{\"@type\":\"SearchAction\",\"target\":{\"@type\":\"EntryPoint\",\"urlTemplate\":\"https:\/\/blogs.thesocialmedia.com\/leblogmoto\/?s={search_term_string}\"},\"query-input\":{\"@type\":\"PropertyValueSpecification\",\"valueRequired\":true,\"valueName\":\"search_term_string\"}}],\"inLanguage\":\"fr-FR\"},{\"@type\":\"Person\",\"@id\":\"https:\/\/blogs.thesocialmedia.com\/leblogmoto\/#\/schema\/person\/b496d27c898c29a39678e2425cafb9ae\",\"name\":\"albin le guyader\",\"image\":{\"@type\":\"ImageObject\",\"inLanguage\":\"fr-FR\",\"@id\":\"https:\/\/blogs.thesocialmedia.com\/leblogmoto\/#\/schema\/person\/image\/\",\"url\":\"https:\/\/secure.gravatar.com\/avatar\/?s=96&d=mm&r=g\",\"contentUrl\":\"https:\/\/secure.gravatar.com\/avatar\/?s=96&d=mm&r=g\",\"caption\":\"albin le guyader\"},\"url\":\"https:\/\/blogs.thesocialmedia.com\/leblogmoto\/author\/albin-le-guyader\/\"}]}<\/script>\n<!-- \/ Yoast SEO plugin. -->","yoast_head_json":{"title":"Piaggio d\u00e9veloppe un MP3 Hybride - leblogmoto.com","robots":{"index":"index","follow":"follow","max-snippet":"max-snippet:-1","max-image-preview":"max-image-preview:large","max-video-preview":"max-video-preview:-1"},"canonical":"https:\/\/blogs.thesocialmedia.com\/leblogmoto\/2007\/07\/27\/piaggio-dvelopp\/","twitter_card":"summary_large_image","twitter_title":"Piaggio d\u00e9veloppe un MP3 Hybride - leblogmoto.com","twitter_description":"Depuis 2 ans Piaggio teste des scooters hybrides. En ce moment ont lieu les premiers tests d&rsquo;un prototype de MP3 Hybride&#8230; Sur le m\u00eame principe que pour les voitures la combinaison de ces deux moteurs a pour effet d&rsquo;augmenter les performances et les acc\u00e9l\u00e9rations. Et surtout de r\u00e9duire la consommation d&rsquo;essence. Le moteur \u00e9lectrique est [&hellip;]","twitter_image":"http:\/\/www.leblogmoto.com\/images\/2007\/07\/26\/piaggio_hybride_3_2.jpg","twitter_misc":{"\u00c9crit par":"albin le guyader","Dur\u00e9e de lecture estim\u00e9e":"1 minute"},"schema":{"@context":"https:\/\/schema.org","@graph":[{"@type":"WebPage","@id":"https:\/\/blogs.thesocialmedia.com\/leblogmoto\/2007\/07\/27\/piaggio-dvelopp\/","url":"https:\/\/blogs.thesocialmedia.com\/leblogmoto\/2007\/07\/27\/piaggio-dvelopp\/","name":"Piaggio d\u00e9veloppe un MP3 Hybride - leblogmoto.com","isPartOf":{"@id":"https:\/\/blogs.thesocialmedia.com\/leblogmoto\/#website"},"primaryImageOfPage":{"@id":"https:\/\/blogs.thesocialmedia.com\/leblogmoto\/2007\/07\/27\/piaggio-dvelopp\/#primaryimage"},"image":{"@id":"https:\/\/blogs.thesocialmedia.com\/leblogmoto\/2007\/07\/27\/piaggio-dvelopp\/#primaryimage"},"thumbnailUrl":"http:\/\/www.leblogmoto.com\/images\/2007\/07\/26\/piaggio_hybride_3_2.jpg","datePublished":"2007-07-27T05:52:14+00:00","dateModified":"2012-07-11T14:42:12+00:00","author":{"@id":"https:\/\/blogs.thesocialmedia.com\/leblogmoto\/#\/schema\/person\/b496d27c898c29a39678e2425cafb9ae"},"breadcrumb":{"@id":"https:\/\/blogs.thesocialmedia.com\/leblogmoto\/2007\/07\/27\/piaggio-dvelopp\/#breadcrumb"},"inLanguage":"fr-FR","potentialAction":[{"@type":"ReadAction","target":["https:\/\/blogs.thesocialmedia.com\/leblogmoto\/2007\/07\/27\/piaggio-dvelopp\/"]}]},{"@type":"ImageObject","inLanguage":"fr-FR","@id":"https:\/\/blogs.thesocialmedia.com\/leblogmoto\/2007\/07\/27\/piaggio-dvelopp\/#primaryimage","url":"http:\/\/www.leblogmoto.com\/images\/2007\/07\/26\/piaggio_hybride_3_2.jpg","contentUrl":"http:\/\/www.leblogmoto.com\/images\/2007\/07\/26\/piaggio_hybride_3_2.jpg"},{"@type":"BreadcrumbList","@id":"https:\/\/blogs.thesocialmedia.com\/leblogmoto\/2007\/07\/27\/piaggio-dvelopp\/#breadcrumb","itemListElement":[{"@type":"ListItem","position":1,"name":"Accueil","item":"https:\/\/blogs.thesocialmedia.com\/leblogmoto\/"},{"@type":"ListItem","position":2,"name":"Piaggio d\u00e9veloppe un MP3 Hybride"}]},{"@type":"WebSite","@id":"https:\/\/blogs.thesocialmedia.com\/leblogmoto\/#website","url":"https:\/\/blogs.thesocialmedia.com\/leblogmoto\/","name":"leblogmoto","description":"Toute l&#039;actualit\u00e9 des 2 roues","potentialAction":[{"@type":"SearchAction","target":{"@type":"EntryPoint","urlTemplate":"https:\/\/blogs.thesocialmedia.com\/leblogmoto\/?s={search_term_string}"},"query-input":{"@type":"PropertyValueSpecification","valueRequired":true,"valueName":"search_term_string"}}],"inLanguage":"fr-FR"},{"@type":"Person","@id":"https:\/\/blogs.thesocialmedia.com\/leblogmoto\/#\/schema\/person\/b496d27c898c29a39678e2425cafb9ae","name":"albin le guyader","image":{"@type":"ImageObject","inLanguage":"fr-FR","@id":"https:\/\/blogs.thesocialmedia.com\/leblogmoto\/#\/schema\/person\/image\/","url":"https:\/\/secure.gravatar.com\/avatar\/?s=96&d=mm&r=g","contentUrl":"https:\/\/secure.gravatar.com\/avatar\/?s=96&d=mm&r=g","caption":"albin le guyader"},"url":"https:\/\/blogs.thesocialmedia.com\/leblogmoto\/author\/albin-le-guyader\/"}]}},"_links":{"self":[{"href":"https:\/\/blogs.thesocialmedia.com\/leblogmoto\/wp-json\/wp\/v2\/posts\/1301","targetHints":{"allow":["GET"]}}],"collection":[{"href":"https:\/\/blogs.thesocialmedia.com\/leblogmoto\/wp-json\/wp\/v2\/posts"}],"about":[{"href":"https:\/\/blogs.thesocialmedia.com\/leblogmoto\/wp-json\/wp\/v2\/types\/post"}],"author":[{"embeddable":true,"href":"https:\/\/blogs.thesocialmedia.com\/leblogmoto\/wp-json\/wp\/v2\/users\/323"}],"replies":[{"embeddable":true,"href":"https:\/\/blogs.thesocialmedia.com\/leblogmoto\/wp-json\/wp\/v2\/comments?post=1301"}],"version-history":[{"count":2,"href":"https:\/\/blogs.thesocialmedia.com\/leblogmoto\/wp-json\/wp\/v2\/posts\/1301\/revisions"}],"predecessor-version":[{"id":8564,"href":"https:\/\/blogs.thesocialmedia.com\/leblogmoto\/wp-json\/wp\/v2\/posts\/1301\/revisions\/8564"}],"wp:attachment":[{"href":"https:\/\/blogs.thesocialmedia.com\/leblogmoto\/wp-json\/wp\/v2\/media?parent=1301"}],"wp:term":[{"taxonomy":"category","embeddable":true,"href":"https:\/\/blogs.thesocialmedia.com\/leblogmoto\/wp-json\/wp\/v2\/categories?post=1301"},{"taxonomy":"post_tag","embeddable":true,"href":"https:\/\/blogs.thesocialmedia.com\/leblogmoto\/wp-json\/wp\/v2\/tags?post=1301"}],"curies":[{"name":"wp","href":"https:\/\/api.w.org\/{rel}","templated":true}]}}