{"id":1302,"date":"2007-07-26T07:15:34","date_gmt":"2007-07-26T07:15:34","guid":{"rendered":"http:\/\/blogs.thesocialmedia.com\/leblogmoto\/2007\/07\/26\/bmw-hp2-pikes-p\/"},"modified":"2012-07-11T14:42:05","modified_gmt":"2012-07-11T14:42:05","slug":"bmw-hp2-pikes-p","status":"publish","type":"post","link":"https:\/\/blogs.thesocialmedia.com\/leblogmoto\/2007\/07\/26\/bmw-hp2-pikes-p\/","title":{"rendered":"La BMW HP2 \u00e0 Pikes Peak en vid\u00e9o"},"content":{"rendered":"<p><a href=\"http:\/\/blogs.thesocialmedia.com\/leblogmoto\/files\/2012\/07\/bmw_hp2.jpg\"><img loading=\"lazy\" decoding=\"async\" width=\"470\" height=\"285\"  src=\"http:\/\/www.leblogmoto.com\/images\/2007\/07\/25\/bmw_hp2.jpg\" alt=\"Bmw_hp2\" style=\"margin: 0px 5px 5px 0px;float: left\" \/><\/a>Des records de vitesse ont \u00e9t\u00e9 \u00e9tabli par 7 des 20 cat\u00e9gories au cours de la 85\u00e8me \u00e9dition de la course de Pikes Peak&nbsp; qui s&rsquo;est d\u00e9roul\u00e9e la semaine derni\u00e8re&#8230;<\/p>\n<p>En moto les deux surprises de l&rsquo;\u00e9preuve cette ann\u00e9e sont une <a href=\"http:\/\/blogs.thesocialmedia.com\/leblogmoto\/files\/2012\/07\/index.html_45.png\">Triumph<\/a> de 1969 avec 13 min 23 s et une <a href=\"http:\/\/www.leblogmoto.com\/honda\/index.html\">Honda<\/a> CR250 en 12 min 42 \u00e0 presque 100 km\/h de moyenne&#8230; La pente est de 7%, la mont\u00e9e est longue de plus de 20 km pour 4300 m de d\u00e9nivel\u00e9e. La piste alterne graviers, asphalte et terre et comporte 160 virages.<br \/>En cat\u00e9gorie 1200cc Gary Trachy sur une BMW HP2 \u00e9tablit un nouveau record en 11 min 46, \u00e0 5 secondes du meilleur temps toutes cat\u00e9gories en moto.<br \/>Le vainqueur toutes cat\u00e9gories est Davey Durell qui \u00e9tablit un nouveau record en 11 min 41 avec une moto artisanale \u00e9quip\u00e9e d&rsquo;un moteur Rotax de 750 cm3. Le deuxi\u00e8me est \u00e0 36 s derri\u00e8re&#8230;<strong> <br \/><\/strong><\/p>\n<p> <embed width=\"410\" height=\"400\" src=\"http:\/\/www.vsocial.com\/ups\/641d6dca06ff2771b1081aebe5e8f372\"><\/embed> <\/p>\n<p><strong><br \/><\/strong><\/p>\n<p><strong><a href=\"http:\/\/clabedan.typepad.com\/.shared\/image.html?\/photos\/uncategorized\/2007\/07\/25\/bmw_hp2_2_3.jpg\"><img loading=\"lazy\" decoding=\"async\" width=\"470\" height=\"616\"  alt=\"Bmw_hp2_2_3\" src=\"http:\/\/www.leblogmoto.com\/images\/2007\/07\/25\/bmw_hp2_2_3.jpg\" style=\"margin: 0px 5px 5px 0px;float: left\" \/><\/a><br \/><\/strong><\/p>\n<p><strong> Les r\u00e9sultats officiels<\/strong><\/p>\n<p><strong>Sidecar<\/strong><br \/> David Hennessy, VMC Sidecar, 15:36.971 <br \/> Allan Wenzel, 16:15.184 <br \/> Stephen Hennessy, Wasp MX Sidecar, Abandon <\/p>\n<p><strong>Collections<\/strong><br \/> Eddie Mulder, 1969 Triumph Bonneville, 13:23.250 <br \/> Mickey Alzola, 1966 Triumph EM, 13:40.924 <br \/> Keith Speir, 1969 Triumph Eddie Mulder Replica, 13:42.508 <br \/> Robert Poole, 1968 Triumph 750 Twin, 14:08.065 <br \/> Kelly Shane, 1970 Norton\/Cheney, 15:06.464 <br \/> Randy Hall, 1967 Triumph, 15:29.665 <br \/> Michael Pearlman, 1969 Triumph Hindel, 15:53.867 <br \/> Joe Blackwell, 1970 Yamaha Trackmaster, 16:04.383 <br \/> Mark Stuckert, 1957 BSA Goldstar, 16:19.603 <br \/> David Cheney, 1964 Triumph Bonneville, 16:36.270 <br \/> Dennis Moore, 1957 BSA Goldstar, 16:39.241 <br \/> Theodore Hubbard, Yamaha Eddie Mulder Special, 16:41.121 <br \/> Dave Gibson, 1972 Yamaha, 19:52.400 <br \/> Marc Lanoue, 1974 Triumph, DNS <\/p>\n<p><strong>250 cm3<\/strong><br \/> Chuck Lee, Honda CR250R, 12:42.736 <br \/> Jonathon Baird, Yamaha YZ250, 12:46.873 <br \/> Kevin Magner, Honda CR250, 13:43.353 <br \/> James Buchner, Honda CR250R, 14:21.251 <br \/> Jimi Heyder, Heyder\/Suzuki HRM250, 14:26.003 <br \/> Dan Ryan, Kawasaki KX250F, 14:27.873 <br \/> Derek McLeish, Honda CR250, 15:17.367 <br \/> Zachary Williams, Suzuki RMX250, 15:46.706 <br \/> Scot Lee, Honda CR250R, DNF <\/p>\n<p><strong>450 cm3<\/strong><br \/> Greg Chicoine, Kawasaki KX450SPPR, 12:35.896 <br \/> Darryl Lujan, Honda CR500R, 12:48.975 <br \/> Scott Sears, Honda CRF 450X, 12:59.463 <br \/> Mark Woodward, Kawasaki KX 500, 13:05.843 <br \/> Doug Chestnutt, Yamaha WR-500, 13:08.366 <br \/> Mike Ingle, Yamaha CRF 450, 13:23.051 <br \/> Mark Bartle, Yamaha YZF, 13:58.257 <br \/> John Scollon, Kawasaki 500, 14:04.938 <br \/> Scott Williams, 14:18.096 <br \/> Donald Rhodes, Honda CR 500, 14:41.678 <br \/> Alan Heffernan, Honda CRF 450R, 14:41.913 <br \/> Kevin Iden, Honda CRF 450, 15:02.590 <br \/> Michael Kassebaum, Honda CRF450R, 15:16.364 <\/p>\n<p><strong>Supermotard<\/strong><br \/> Scott Hoffman, Honda CRF450, 12:47.486 <br \/> Jeffrey Freeman, Honda CRF450R, 12:54.589 <br \/> Scott Forward, Honda CRF 450R, 13:07.112 <br \/> Tom Specht, Honda CRF 450, 13:19.216 <br \/> Jeffrey Rodriguez, Husqvarna 450SMR, 13:25.267 <br \/> Brian Scollon, Honda CRF450, 13:34.827 <br \/> Don G. Wolf, Honda 450, 13:38.995 <br \/> Michael Fogarty, KTM 450 Exc, 13:48.326 <br \/> Joel Williamson, 14:03.252 <br \/> Michael Cusack, Honda CRFR, 15:18.560 <br \/> Trent Johnson, Honda CRF 450, DNF <\/p>\n<p><strong>750 cm3<\/strong><br \/> Davey Durelle, Rotax, 11:41.756 <br \/> Marco Belli, KTM 525, 12:17.285 <br \/> Jeff Grace, KTM 610 SMR, 12:19.518 <br \/> Joe Prussiano, Husqvarna SMR, 12:34.557 <br \/> Gary Hudson, Aprilla SXV 550, 12:40.879 <br \/> Walker Pew, KTM, 12:46.357 <br \/> Glenn Cox, KTM SMR610, 12:57.175 <br \/> William Dotson, KTM 525, 13:28.192 <br \/> Robin Russell, Honda CRF450, 13:38.122 <br \/> Rick Gunby, KTM 616 Supermoto, 13:43.074 <br \/> Barry Brickner, KTM 560 SMR, 13:59.830 <br \/> Daniel Harmon, KTM 525 SMR, 14:20.683 <br \/> Thomas Haas, KTM 625, 14:46.363 <br \/> Fernando Hernandez, Honda XR 650, 15:18.430 <br \/> Loren Penland, KTM EXC, DNF <\/p>\n<p><strong>1200 cm3<\/strong><br \/> Gary Trachy, BMW HP2 Megamoto, 11:46.473 <br \/> Casey Yarrow, BMW HP2 Megamoto, 11:49.473 <br \/> Micky Dymond, BMW HP2 Megamoto, 11:52.300 <br \/> Greg Tracy, BMW HP2 Megamoto, 11:59.056 <br \/> Markus Barth, BMW HP2 Megamoto, 12:44.700 <br \/> Gordon Mullavey, BMW HP2 Enduro, 13:25.932 <br \/> Max Statton, BMW HP2 Enduro, 14:31.919<\/p>\n<p>Pour la cat\u00e9gorie voiture, c&rsquo;est <a href=\"http:\/\/www.leblogauto.com\/2007\/07\/la-montee-de-monster-tajima-en-video.html\">Nobuhiro Tajami<\/a> qui \u00e9tablit un nouveau record en un peu plus de 10 min.<\/p>\n","protected":false},"excerpt":{"rendered":"<p>Des records de vitesse ont \u00e9t\u00e9 \u00e9tabli par 7 des 20 cat\u00e9gories au cours de la 85\u00e8me \u00e9dition de la course de Pikes Peak&nbsp; qui s&rsquo;est d\u00e9roul\u00e9e la semaine derni\u00e8re&#8230; En moto les deux surprises de l&rsquo;\u00e9preuve cette ann\u00e9e sont une Triumph de 1969 avec 13 min 23 s et une Honda CR250 en 12 [&hellip;]<\/p>\n","protected":false},"author":323,"featured_media":0,"comment_status":"open","ping_status":"open","sticky":false,"template":"","format":"standard","meta":{"footnotes":""},"categories":[3,7,41,14,54,12],"tags":[],"class_list":["post-1302","post","type-post","status-publish","format-standard","hentry","category-actualite","category-bmw","category-ducati","category-honda","category-triumph","category-videos"],"yoast_head":"<!-- This site is optimized with the Yoast SEO plugin v26.0 - https:\/\/yoast.com\/wordpress\/plugins\/seo\/ -->\n<title>La BMW HP2 \u00e0 Pikes Peak en vid\u00e9o - leblogmoto.com<\/title>\n<meta name=\"robots\" content=\"index, follow, max-snippet:-1, max-image-preview:large, max-video-preview:-1\" \/>\n<link rel=\"canonical\" href=\"https:\/\/blogs.thesocialmedia.com\/leblogmoto\/2007\/07\/26\/bmw-hp2-pikes-p\/\" \/>\n<meta name=\"twitter:card\" content=\"summary_large_image\" \/>\n<meta name=\"twitter:title\" content=\"La BMW HP2 \u00e0 Pikes Peak en vid\u00e9o - leblogmoto.com\" \/>\n<meta name=\"twitter:description\" content=\"Des records de vitesse ont \u00e9t\u00e9 \u00e9tabli par 7 des 20 cat\u00e9gories au cours de la 85\u00e8me \u00e9dition de la course de Pikes Peak&nbsp; qui s&rsquo;est d\u00e9roul\u00e9e la semaine derni\u00e8re&#8230; En moto les deux surprises de l&rsquo;\u00e9preuve cette ann\u00e9e sont une Triumph de 1969 avec 13 min 23 s et une Honda CR250 en 12 [&hellip;]\" \/>\n<meta name=\"twitter:image\" content=\"http:\/\/www.leblogmoto.com\/images\/2007\/07\/25\/bmw_hp2.jpg\" \/>\n<meta name=\"twitter:label1\" content=\"\u00c9crit par\" \/>\n\t<meta name=\"twitter:data1\" content=\"albin le guyader\" \/>\n\t<meta name=\"twitter:label2\" content=\"Dur\u00e9e de lecture estim\u00e9e\" \/>\n\t<meta name=\"twitter:data2\" content=\"2 minutes\" \/>\n<script type=\"application\/ld+json\" class=\"yoast-schema-graph\">{\"@context\":\"https:\/\/schema.org\",\"@graph\":[{\"@type\":\"WebPage\",\"@id\":\"https:\/\/blogs.thesocialmedia.com\/leblogmoto\/2007\/07\/26\/bmw-hp2-pikes-p\/\",\"url\":\"https:\/\/blogs.thesocialmedia.com\/leblogmoto\/2007\/07\/26\/bmw-hp2-pikes-p\/\",\"name\":\"La BMW HP2 \u00e0 Pikes Peak en vid\u00e9o - leblogmoto.com\",\"isPartOf\":{\"@id\":\"https:\/\/blogs.thesocialmedia.com\/leblogmoto\/#website\"},\"primaryImageOfPage\":{\"@id\":\"https:\/\/blogs.thesocialmedia.com\/leblogmoto\/2007\/07\/26\/bmw-hp2-pikes-p\/#primaryimage\"},\"image\":{\"@id\":\"https:\/\/blogs.thesocialmedia.com\/leblogmoto\/2007\/07\/26\/bmw-hp2-pikes-p\/#primaryimage\"},\"thumbnailUrl\":\"http:\/\/www.leblogmoto.com\/images\/2007\/07\/25\/bmw_hp2.jpg\",\"datePublished\":\"2007-07-26T07:15:34+00:00\",\"dateModified\":\"2012-07-11T14:42:05+00:00\",\"author\":{\"@id\":\"https:\/\/blogs.thesocialmedia.com\/leblogmoto\/#\/schema\/person\/b496d27c898c29a39678e2425cafb9ae\"},\"breadcrumb\":{\"@id\":\"https:\/\/blogs.thesocialmedia.com\/leblogmoto\/2007\/07\/26\/bmw-hp2-pikes-p\/#breadcrumb\"},\"inLanguage\":\"fr-FR\",\"potentialAction\":[{\"@type\":\"ReadAction\",\"target\":[\"https:\/\/blogs.thesocialmedia.com\/leblogmoto\/2007\/07\/26\/bmw-hp2-pikes-p\/\"]}]},{\"@type\":\"ImageObject\",\"inLanguage\":\"fr-FR\",\"@id\":\"https:\/\/blogs.thesocialmedia.com\/leblogmoto\/2007\/07\/26\/bmw-hp2-pikes-p\/#primaryimage\",\"url\":\"http:\/\/www.leblogmoto.com\/images\/2007\/07\/25\/bmw_hp2.jpg\",\"contentUrl\":\"http:\/\/www.leblogmoto.com\/images\/2007\/07\/25\/bmw_hp2.jpg\"},{\"@type\":\"BreadcrumbList\",\"@id\":\"https:\/\/blogs.thesocialmedia.com\/leblogmoto\/2007\/07\/26\/bmw-hp2-pikes-p\/#breadcrumb\",\"itemListElement\":[{\"@type\":\"ListItem\",\"position\":1,\"name\":\"Accueil\",\"item\":\"https:\/\/blogs.thesocialmedia.com\/leblogmoto\/\"},{\"@type\":\"ListItem\",\"position\":2,\"name\":\"La BMW HP2 \u00e0 Pikes Peak en vid\u00e9o\"}]},{\"@type\":\"WebSite\",\"@id\":\"https:\/\/blogs.thesocialmedia.com\/leblogmoto\/#website\",\"url\":\"https:\/\/blogs.thesocialmedia.com\/leblogmoto\/\",\"name\":\"leblogmoto\",\"description\":\"Toute l&#039;actualit\u00e9 des 2 roues\",\"potentialAction\":[{\"@type\":\"SearchAction\",\"target\":{\"@type\":\"EntryPoint\",\"urlTemplate\":\"https:\/\/blogs.thesocialmedia.com\/leblogmoto\/?s={search_term_string}\"},\"query-input\":{\"@type\":\"PropertyValueSpecification\",\"valueRequired\":true,\"valueName\":\"search_term_string\"}}],\"inLanguage\":\"fr-FR\"},{\"@type\":\"Person\",\"@id\":\"https:\/\/blogs.thesocialmedia.com\/leblogmoto\/#\/schema\/person\/b496d27c898c29a39678e2425cafb9ae\",\"name\":\"albin le guyader\",\"image\":{\"@type\":\"ImageObject\",\"inLanguage\":\"fr-FR\",\"@id\":\"https:\/\/blogs.thesocialmedia.com\/leblogmoto\/#\/schema\/person\/image\/\",\"url\":\"https:\/\/secure.gravatar.com\/avatar\/?s=96&d=mm&r=g\",\"contentUrl\":\"https:\/\/secure.gravatar.com\/avatar\/?s=96&d=mm&r=g\",\"caption\":\"albin le guyader\"},\"url\":\"https:\/\/blogs.thesocialmedia.com\/leblogmoto\/author\/albin-le-guyader\/\"}]}<\/script>\n<!-- \/ Yoast SEO plugin. -->","yoast_head_json":{"title":"La BMW HP2 \u00e0 Pikes Peak en vid\u00e9o - leblogmoto.com","robots":{"index":"index","follow":"follow","max-snippet":"max-snippet:-1","max-image-preview":"max-image-preview:large","max-video-preview":"max-video-preview:-1"},"canonical":"https:\/\/blogs.thesocialmedia.com\/leblogmoto\/2007\/07\/26\/bmw-hp2-pikes-p\/","twitter_card":"summary_large_image","twitter_title":"La BMW HP2 \u00e0 Pikes Peak en vid\u00e9o - leblogmoto.com","twitter_description":"Des records de vitesse ont \u00e9t\u00e9 \u00e9tabli par 7 des 20 cat\u00e9gories au cours de la 85\u00e8me \u00e9dition de la course de Pikes Peak&nbsp; qui s&rsquo;est d\u00e9roul\u00e9e la semaine derni\u00e8re&#8230; En moto les deux surprises de l&rsquo;\u00e9preuve cette ann\u00e9e sont une Triumph de 1969 avec 13 min 23 s et une Honda CR250 en 12 [&hellip;]","twitter_image":"http:\/\/www.leblogmoto.com\/images\/2007\/07\/25\/bmw_hp2.jpg","twitter_misc":{"\u00c9crit par":"albin le guyader","Dur\u00e9e de lecture estim\u00e9e":"2 minutes"},"schema":{"@context":"https:\/\/schema.org","@graph":[{"@type":"WebPage","@id":"https:\/\/blogs.thesocialmedia.com\/leblogmoto\/2007\/07\/26\/bmw-hp2-pikes-p\/","url":"https:\/\/blogs.thesocialmedia.com\/leblogmoto\/2007\/07\/26\/bmw-hp2-pikes-p\/","name":"La BMW HP2 \u00e0 Pikes Peak en vid\u00e9o - leblogmoto.com","isPartOf":{"@id":"https:\/\/blogs.thesocialmedia.com\/leblogmoto\/#website"},"primaryImageOfPage":{"@id":"https:\/\/blogs.thesocialmedia.com\/leblogmoto\/2007\/07\/26\/bmw-hp2-pikes-p\/#primaryimage"},"image":{"@id":"https:\/\/blogs.thesocialmedia.com\/leblogmoto\/2007\/07\/26\/bmw-hp2-pikes-p\/#primaryimage"},"thumbnailUrl":"http:\/\/www.leblogmoto.com\/images\/2007\/07\/25\/bmw_hp2.jpg","datePublished":"2007-07-26T07:15:34+00:00","dateModified":"2012-07-11T14:42:05+00:00","author":{"@id":"https:\/\/blogs.thesocialmedia.com\/leblogmoto\/#\/schema\/person\/b496d27c898c29a39678e2425cafb9ae"},"breadcrumb":{"@id":"https:\/\/blogs.thesocialmedia.com\/leblogmoto\/2007\/07\/26\/bmw-hp2-pikes-p\/#breadcrumb"},"inLanguage":"fr-FR","potentialAction":[{"@type":"ReadAction","target":["https:\/\/blogs.thesocialmedia.com\/leblogmoto\/2007\/07\/26\/bmw-hp2-pikes-p\/"]}]},{"@type":"ImageObject","inLanguage":"fr-FR","@id":"https:\/\/blogs.thesocialmedia.com\/leblogmoto\/2007\/07\/26\/bmw-hp2-pikes-p\/#primaryimage","url":"http:\/\/www.leblogmoto.com\/images\/2007\/07\/25\/bmw_hp2.jpg","contentUrl":"http:\/\/www.leblogmoto.com\/images\/2007\/07\/25\/bmw_hp2.jpg"},{"@type":"BreadcrumbList","@id":"https:\/\/blogs.thesocialmedia.com\/leblogmoto\/2007\/07\/26\/bmw-hp2-pikes-p\/#breadcrumb","itemListElement":[{"@type":"ListItem","position":1,"name":"Accueil","item":"https:\/\/blogs.thesocialmedia.com\/leblogmoto\/"},{"@type":"ListItem","position":2,"name":"La BMW HP2 \u00e0 Pikes Peak en vid\u00e9o"}]},{"@type":"WebSite","@id":"https:\/\/blogs.thesocialmedia.com\/leblogmoto\/#website","url":"https:\/\/blogs.thesocialmedia.com\/leblogmoto\/","name":"leblogmoto","description":"Toute l&#039;actualit\u00e9 des 2 roues","potentialAction":[{"@type":"SearchAction","target":{"@type":"EntryPoint","urlTemplate":"https:\/\/blogs.thesocialmedia.com\/leblogmoto\/?s={search_term_string}"},"query-input":{"@type":"PropertyValueSpecification","valueRequired":true,"valueName":"search_term_string"}}],"inLanguage":"fr-FR"},{"@type":"Person","@id":"https:\/\/blogs.thesocialmedia.com\/leblogmoto\/#\/schema\/person\/b496d27c898c29a39678e2425cafb9ae","name":"albin le guyader","image":{"@type":"ImageObject","inLanguage":"fr-FR","@id":"https:\/\/blogs.thesocialmedia.com\/leblogmoto\/#\/schema\/person\/image\/","url":"https:\/\/secure.gravatar.com\/avatar\/?s=96&d=mm&r=g","contentUrl":"https:\/\/secure.gravatar.com\/avatar\/?s=96&d=mm&r=g","caption":"albin le guyader"},"url":"https:\/\/blogs.thesocialmedia.com\/leblogmoto\/author\/albin-le-guyader\/"}]}},"_links":{"self":[{"href":"https:\/\/blogs.thesocialmedia.com\/leblogmoto\/wp-json\/wp\/v2\/posts\/1302","targetHints":{"allow":["GET"]}}],"collection":[{"href":"https:\/\/blogs.thesocialmedia.com\/leblogmoto\/wp-json\/wp\/v2\/posts"}],"about":[{"href":"https:\/\/blogs.thesocialmedia.com\/leblogmoto\/wp-json\/wp\/v2\/types\/post"}],"author":[{"embeddable":true,"href":"https:\/\/blogs.thesocialmedia.com\/leblogmoto\/wp-json\/wp\/v2\/users\/323"}],"replies":[{"embeddable":true,"href":"https:\/\/blogs.thesocialmedia.com\/leblogmoto\/wp-json\/wp\/v2\/comments?post=1302"}],"version-history":[{"count":2,"href":"https:\/\/blogs.thesocialmedia.com\/leblogmoto\/wp-json\/wp\/v2\/posts\/1302\/revisions"}],"predecessor-version":[{"id":8559,"href":"https:\/\/blogs.thesocialmedia.com\/leblogmoto\/wp-json\/wp\/v2\/posts\/1302\/revisions\/8559"}],"wp:attachment":[{"href":"https:\/\/blogs.thesocialmedia.com\/leblogmoto\/wp-json\/wp\/v2\/media?parent=1302"}],"wp:term":[{"taxonomy":"category","embeddable":true,"href":"https:\/\/blogs.thesocialmedia.com\/leblogmoto\/wp-json\/wp\/v2\/categories?post=1302"},{"taxonomy":"post_tag","embeddable":true,"href":"https:\/\/blogs.thesocialmedia.com\/leblogmoto\/wp-json\/wp\/v2\/tags?post=1302"}],"curies":[{"name":"wp","href":"https:\/\/api.w.org\/{rel}","templated":true}]}}