{"id":1303,"date":"2007-07-26T00:12:24","date_gmt":"2007-07-26T00:12:24","guid":{"rendered":"http:\/\/blogs.thesocialmedia.com\/leblogmoto\/2007\/07\/26\/moto-gp-2008-un\/"},"modified":"2012-07-11T14:42:03","modified_gmt":"2012-07-11T14:42:03","slug":"moto-gp-2008-un","status":"publish","type":"post","link":"https:\/\/blogs.thesocialmedia.com\/leblogmoto\/2007\/07\/26\/moto-gp-2008-un\/","title":{"rendered":"Moto GP 2008: Un doubl\u00e9 Rossi \/ Lorenzo?"},"content":{"rendered":"<p><a href=\"http:\/\/blogs.thesocialmedia.com\/leblogmoto\/files\/2012\/07\/lorenzo.jpg\"><img loading=\"lazy\" decoding=\"async\" width=\"470\" height=\"379\"  src=\"http:\/\/www.leblogmoto.com\/images\/2007\/07\/25\/lorenzo.jpg\" alt=\"Lorenzo\" style=\"margin: 0px 5px 5px 0px;float: left\" \/><\/a> <\/p>\n<p>La confirmation du transfert du jeune pilote 250 cc <a href=\"http:\/\/www.google.fr\/url?sa=t&amp;ct=res&amp;cd=3&amp;url=http%3A%2F%2Fwww.lorenzo48.com%2F&amp;ei=JsWnRvbzJ5OgnQOqwMCgCg&amp;usg=AFQjCNE6ji1WwVE94vsKAWyoFMWZgsg8SA&amp;sig2=fAU5zv_IWyAT7WD5gkd5Jw\">Jorge Lorenzo<\/a> (Aprilia N\u00b01) vers l&rsquo;\u00e9curie Yamaha vient d&rsquo;\u00eatre donn\u00e9e. Lorenzo, champion du monde 250 cm3 en 2006 et leader cette ann\u00e9e encore, acc\u00e8dera donc \u00e0 la cat\u00e9gorie reine l&rsquo;ann\u00e9e prochaine, \u00e0 l&rsquo;\u00e2ge de 20 ans.<\/p>\n<p>Quand a ce qui est annonc\u00e9 un peu partout \u00e0 propos d&rsquo;un probable duo Lorenzo \/ Rossi, sachez que rien n&rsquo;est encore vraiment fait, les communiqu\u00e9s de presse restant encore un peu dans le flou&#8230;<\/p>\n<p>En effet, d&rsquo;apr\u00e8s les d\u00e9clarations de Yamaha, rien ne prouve vraiment que Lorenzo int\u00e8grera l&rsquo;\u00e9quipe d&rsquo;usine aux c\u00f4t\u00e9s de Valentino Rossi. De plus, tel qu&rsquo;on connait le Doctor, nul doute qu&rsquo;il aura assur\u00e9ment son mot a donner dans cette histoire, et sa notori\u00e9t\u00e9 acquise au fur et \u00e0 mesure des titres qu&rsquo;il engrange fait qu&rsquo;il est souvent \u00e9cout\u00e9 par son team. Il aime beaucoup son co\u00e9quipier actuel Colin Edwards, et fera peut \u00eatre tout pour rester \u00e0 ses c\u00f4t\u00e9s. Dans un cas comme celui ci, plusieurs solutions sont \u00e0 envisager:<br \/>1) Un team de 3 motos Rossi &#8211; Edwards &#8211; Lorenzo?<br \/>2) Rossi et Edwards restent pilotes d&rsquo;usine, Lorenzo irait plut\u00f4t vers le team Yamaha Tech 3?<br \/>3) Une nouvelle team va naitre, avec Lorenzo comme seul pilote?<\/p>\n<p><a href=\"http:\/\/clabedan.typepad.com\/.shared\/image.html?\/photos\/uncategorized\/2007\/07\/25\/lorenzo_hayden.jpg\"><img loading=\"lazy\" decoding=\"async\" width=\"470\" height=\"312\"  alt=\"Lorenzo_hayden\" src=\"http:\/\/www.leblogmoto.com\/images\/2007\/07\/25\/lorenzo_hayden.jpg\" style=\"margin: 0px 5px 5px 0px;float: left\" \/><\/a>Ci dessus, les 3 champions du monde moto GP 2006 (125cc, 250cc et 800cc)<\/p>\n<p>Beaucoup de questions qui restent \u00e0 ce jour sans r\u00e9ponses, mais le grand secret devrait \u00eatre d\u00e9voil\u00e9 tr\u00e8s prochainement&#8230;<\/p>\n","protected":false},"excerpt":{"rendered":"<p>La confirmation du transfert du jeune pilote 250 cc Jorge Lorenzo (Aprilia N\u00b01) vers l&rsquo;\u00e9curie Yamaha vient d&rsquo;\u00eatre donn\u00e9e. Lorenzo, champion du monde 250 cm3 en 2006 et leader cette ann\u00e9e encore, acc\u00e8dera donc \u00e0 la cat\u00e9gorie reine l&rsquo;ann\u00e9e prochaine, \u00e0 l&rsquo;\u00e2ge de 20 ans. Quand a ce qui est annonc\u00e9 un peu partout \u00e0 [&hellip;]<\/p>\n","protected":false},"author":330,"featured_media":0,"comment_status":"open","ping_status":"open","sticky":false,"template":"","format":"standard","meta":{"footnotes":""},"categories":[22],"tags":[],"class_list":["post-1303","post","type-post","status-publish","format-standard","hentry","category-motogp"],"yoast_head":"<!-- This site is optimized with the Yoast SEO plugin v26.0 - https:\/\/yoast.com\/wordpress\/plugins\/seo\/ -->\n<title>Moto GP 2008: Un doubl\u00e9 Rossi \/ Lorenzo? - leblogmoto.com<\/title>\n<meta name=\"robots\" content=\"index, follow, max-snippet:-1, max-image-preview:large, max-video-preview:-1\" \/>\n<link rel=\"canonical\" href=\"https:\/\/blogs.thesocialmedia.com\/leblogmoto\/2007\/07\/26\/moto-gp-2008-un\/\" \/>\n<meta name=\"twitter:card\" content=\"summary_large_image\" \/>\n<meta name=\"twitter:title\" content=\"Moto GP 2008: Un doubl\u00e9 Rossi \/ Lorenzo? - leblogmoto.com\" \/>\n<meta name=\"twitter:description\" content=\"La confirmation du transfert du jeune pilote 250 cc Jorge Lorenzo (Aprilia N\u00b01) vers l&rsquo;\u00e9curie Yamaha vient d&rsquo;\u00eatre donn\u00e9e. Lorenzo, champion du monde 250 cm3 en 2006 et leader cette ann\u00e9e encore, acc\u00e8dera donc \u00e0 la cat\u00e9gorie reine l&rsquo;ann\u00e9e prochaine, \u00e0 l&rsquo;\u00e2ge de 20 ans. Quand a ce qui est annonc\u00e9 un peu partout \u00e0 [&hellip;]\" \/>\n<meta name=\"twitter:image\" content=\"http:\/\/www.leblogmoto.com\/images\/2007\/07\/25\/lorenzo.jpg\" \/>\n<meta name=\"twitter:label1\" content=\"\u00c9crit par\" \/>\n\t<meta name=\"twitter:data1\" content=\"thierry marsal\" \/>\n\t<meta name=\"twitter:label2\" content=\"Dur\u00e9e de lecture estim\u00e9e\" \/>\n\t<meta name=\"twitter:data2\" content=\"1 minute\" \/>\n<script type=\"application\/ld+json\" class=\"yoast-schema-graph\">{\"@context\":\"https:\/\/schema.org\",\"@graph\":[{\"@type\":\"WebPage\",\"@id\":\"https:\/\/blogs.thesocialmedia.com\/leblogmoto\/2007\/07\/26\/moto-gp-2008-un\/\",\"url\":\"https:\/\/blogs.thesocialmedia.com\/leblogmoto\/2007\/07\/26\/moto-gp-2008-un\/\",\"name\":\"Moto GP 2008: Un doubl\u00e9 Rossi \/ Lorenzo? - leblogmoto.com\",\"isPartOf\":{\"@id\":\"https:\/\/blogs.thesocialmedia.com\/leblogmoto\/#website\"},\"primaryImageOfPage\":{\"@id\":\"https:\/\/blogs.thesocialmedia.com\/leblogmoto\/2007\/07\/26\/moto-gp-2008-un\/#primaryimage\"},\"image\":{\"@id\":\"https:\/\/blogs.thesocialmedia.com\/leblogmoto\/2007\/07\/26\/moto-gp-2008-un\/#primaryimage\"},\"thumbnailUrl\":\"http:\/\/www.leblogmoto.com\/images\/2007\/07\/25\/lorenzo.jpg\",\"datePublished\":\"2007-07-26T00:12:24+00:00\",\"dateModified\":\"2012-07-11T14:42:03+00:00\",\"author\":{\"@id\":\"https:\/\/blogs.thesocialmedia.com\/leblogmoto\/#\/schema\/person\/d20f219f162e8b5de4ea78c909c5be45\"},\"breadcrumb\":{\"@id\":\"https:\/\/blogs.thesocialmedia.com\/leblogmoto\/2007\/07\/26\/moto-gp-2008-un\/#breadcrumb\"},\"inLanguage\":\"fr-FR\",\"potentialAction\":[{\"@type\":\"ReadAction\",\"target\":[\"https:\/\/blogs.thesocialmedia.com\/leblogmoto\/2007\/07\/26\/moto-gp-2008-un\/\"]}]},{\"@type\":\"ImageObject\",\"inLanguage\":\"fr-FR\",\"@id\":\"https:\/\/blogs.thesocialmedia.com\/leblogmoto\/2007\/07\/26\/moto-gp-2008-un\/#primaryimage\",\"url\":\"http:\/\/www.leblogmoto.com\/images\/2007\/07\/25\/lorenzo.jpg\",\"contentUrl\":\"http:\/\/www.leblogmoto.com\/images\/2007\/07\/25\/lorenzo.jpg\"},{\"@type\":\"BreadcrumbList\",\"@id\":\"https:\/\/blogs.thesocialmedia.com\/leblogmoto\/2007\/07\/26\/moto-gp-2008-un\/#breadcrumb\",\"itemListElement\":[{\"@type\":\"ListItem\",\"position\":1,\"name\":\"Accueil\",\"item\":\"https:\/\/blogs.thesocialmedia.com\/leblogmoto\/\"},{\"@type\":\"ListItem\",\"position\":2,\"name\":\"Moto GP 2008: Un doubl\u00e9 Rossi \/ Lorenzo?\"}]},{\"@type\":\"WebSite\",\"@id\":\"https:\/\/blogs.thesocialmedia.com\/leblogmoto\/#website\",\"url\":\"https:\/\/blogs.thesocialmedia.com\/leblogmoto\/\",\"name\":\"leblogmoto\",\"description\":\"Toute l&#039;actualit\u00e9 des 2 roues\",\"potentialAction\":[{\"@type\":\"SearchAction\",\"target\":{\"@type\":\"EntryPoint\",\"urlTemplate\":\"https:\/\/blogs.thesocialmedia.com\/leblogmoto\/?s={search_term_string}\"},\"query-input\":{\"@type\":\"PropertyValueSpecification\",\"valueRequired\":true,\"valueName\":\"search_term_string\"}}],\"inLanguage\":\"fr-FR\"},{\"@type\":\"Person\",\"@id\":\"https:\/\/blogs.thesocialmedia.com\/leblogmoto\/#\/schema\/person\/d20f219f162e8b5de4ea78c909c5be45\",\"name\":\"thierry marsal\",\"image\":{\"@type\":\"ImageObject\",\"inLanguage\":\"fr-FR\",\"@id\":\"https:\/\/blogs.thesocialmedia.com\/leblogmoto\/#\/schema\/person\/image\/\",\"url\":\"https:\/\/secure.gravatar.com\/avatar\/?s=96&d=mm&r=g\",\"contentUrl\":\"https:\/\/secure.gravatar.com\/avatar\/?s=96&d=mm&r=g\",\"caption\":\"thierry marsal\"},\"url\":\"https:\/\/blogs.thesocialmedia.com\/leblogmoto\/author\/thierry-marsal\/\"}]}<\/script>\n<!-- \/ Yoast SEO plugin. -->","yoast_head_json":{"title":"Moto GP 2008: Un doubl\u00e9 Rossi \/ Lorenzo? - leblogmoto.com","robots":{"index":"index","follow":"follow","max-snippet":"max-snippet:-1","max-image-preview":"max-image-preview:large","max-video-preview":"max-video-preview:-1"},"canonical":"https:\/\/blogs.thesocialmedia.com\/leblogmoto\/2007\/07\/26\/moto-gp-2008-un\/","twitter_card":"summary_large_image","twitter_title":"Moto GP 2008: Un doubl\u00e9 Rossi \/ Lorenzo? - leblogmoto.com","twitter_description":"La confirmation du transfert du jeune pilote 250 cc Jorge Lorenzo (Aprilia N\u00b01) vers l&rsquo;\u00e9curie Yamaha vient d&rsquo;\u00eatre donn\u00e9e. Lorenzo, champion du monde 250 cm3 en 2006 et leader cette ann\u00e9e encore, acc\u00e8dera donc \u00e0 la cat\u00e9gorie reine l&rsquo;ann\u00e9e prochaine, \u00e0 l&rsquo;\u00e2ge de 20 ans. Quand a ce qui est annonc\u00e9 un peu partout \u00e0 [&hellip;]","twitter_image":"http:\/\/www.leblogmoto.com\/images\/2007\/07\/25\/lorenzo.jpg","twitter_misc":{"\u00c9crit par":"thierry marsal","Dur\u00e9e de lecture estim\u00e9e":"1 minute"},"schema":{"@context":"https:\/\/schema.org","@graph":[{"@type":"WebPage","@id":"https:\/\/blogs.thesocialmedia.com\/leblogmoto\/2007\/07\/26\/moto-gp-2008-un\/","url":"https:\/\/blogs.thesocialmedia.com\/leblogmoto\/2007\/07\/26\/moto-gp-2008-un\/","name":"Moto GP 2008: Un doubl\u00e9 Rossi \/ Lorenzo? - leblogmoto.com","isPartOf":{"@id":"https:\/\/blogs.thesocialmedia.com\/leblogmoto\/#website"},"primaryImageOfPage":{"@id":"https:\/\/blogs.thesocialmedia.com\/leblogmoto\/2007\/07\/26\/moto-gp-2008-un\/#primaryimage"},"image":{"@id":"https:\/\/blogs.thesocialmedia.com\/leblogmoto\/2007\/07\/26\/moto-gp-2008-un\/#primaryimage"},"thumbnailUrl":"http:\/\/www.leblogmoto.com\/images\/2007\/07\/25\/lorenzo.jpg","datePublished":"2007-07-26T00:12:24+00:00","dateModified":"2012-07-11T14:42:03+00:00","author":{"@id":"https:\/\/blogs.thesocialmedia.com\/leblogmoto\/#\/schema\/person\/d20f219f162e8b5de4ea78c909c5be45"},"breadcrumb":{"@id":"https:\/\/blogs.thesocialmedia.com\/leblogmoto\/2007\/07\/26\/moto-gp-2008-un\/#breadcrumb"},"inLanguage":"fr-FR","potentialAction":[{"@type":"ReadAction","target":["https:\/\/blogs.thesocialmedia.com\/leblogmoto\/2007\/07\/26\/moto-gp-2008-un\/"]}]},{"@type":"ImageObject","inLanguage":"fr-FR","@id":"https:\/\/blogs.thesocialmedia.com\/leblogmoto\/2007\/07\/26\/moto-gp-2008-un\/#primaryimage","url":"http:\/\/www.leblogmoto.com\/images\/2007\/07\/25\/lorenzo.jpg","contentUrl":"http:\/\/www.leblogmoto.com\/images\/2007\/07\/25\/lorenzo.jpg"},{"@type":"BreadcrumbList","@id":"https:\/\/blogs.thesocialmedia.com\/leblogmoto\/2007\/07\/26\/moto-gp-2008-un\/#breadcrumb","itemListElement":[{"@type":"ListItem","position":1,"name":"Accueil","item":"https:\/\/blogs.thesocialmedia.com\/leblogmoto\/"},{"@type":"ListItem","position":2,"name":"Moto GP 2008: Un doubl\u00e9 Rossi \/ Lorenzo?"}]},{"@type":"WebSite","@id":"https:\/\/blogs.thesocialmedia.com\/leblogmoto\/#website","url":"https:\/\/blogs.thesocialmedia.com\/leblogmoto\/","name":"leblogmoto","description":"Toute l&#039;actualit\u00e9 des 2 roues","potentialAction":[{"@type":"SearchAction","target":{"@type":"EntryPoint","urlTemplate":"https:\/\/blogs.thesocialmedia.com\/leblogmoto\/?s={search_term_string}"},"query-input":{"@type":"PropertyValueSpecification","valueRequired":true,"valueName":"search_term_string"}}],"inLanguage":"fr-FR"},{"@type":"Person","@id":"https:\/\/blogs.thesocialmedia.com\/leblogmoto\/#\/schema\/person\/d20f219f162e8b5de4ea78c909c5be45","name":"thierry marsal","image":{"@type":"ImageObject","inLanguage":"fr-FR","@id":"https:\/\/blogs.thesocialmedia.com\/leblogmoto\/#\/schema\/person\/image\/","url":"https:\/\/secure.gravatar.com\/avatar\/?s=96&d=mm&r=g","contentUrl":"https:\/\/secure.gravatar.com\/avatar\/?s=96&d=mm&r=g","caption":"thierry marsal"},"url":"https:\/\/blogs.thesocialmedia.com\/leblogmoto\/author\/thierry-marsal\/"}]}},"_links":{"self":[{"href":"https:\/\/blogs.thesocialmedia.com\/leblogmoto\/wp-json\/wp\/v2\/posts\/1303","targetHints":{"allow":["GET"]}}],"collection":[{"href":"https:\/\/blogs.thesocialmedia.com\/leblogmoto\/wp-json\/wp\/v2\/posts"}],"about":[{"href":"https:\/\/blogs.thesocialmedia.com\/leblogmoto\/wp-json\/wp\/v2\/types\/post"}],"author":[{"embeddable":true,"href":"https:\/\/blogs.thesocialmedia.com\/leblogmoto\/wp-json\/wp\/v2\/users\/330"}],"replies":[{"embeddable":true,"href":"https:\/\/blogs.thesocialmedia.com\/leblogmoto\/wp-json\/wp\/v2\/comments?post=1303"}],"version-history":[{"count":2,"href":"https:\/\/blogs.thesocialmedia.com\/leblogmoto\/wp-json\/wp\/v2\/posts\/1303\/revisions"}],"predecessor-version":[{"id":8557,"href":"https:\/\/blogs.thesocialmedia.com\/leblogmoto\/wp-json\/wp\/v2\/posts\/1303\/revisions\/8557"}],"wp:attachment":[{"href":"https:\/\/blogs.thesocialmedia.com\/leblogmoto\/wp-json\/wp\/v2\/media?parent=1303"}],"wp:term":[{"taxonomy":"category","embeddable":true,"href":"https:\/\/blogs.thesocialmedia.com\/leblogmoto\/wp-json\/wp\/v2\/categories?post=1303"},{"taxonomy":"post_tag","embeddable":true,"href":"https:\/\/blogs.thesocialmedia.com\/leblogmoto\/wp-json\/wp\/v2\/tags?post=1303"}],"curies":[{"name":"wp","href":"https:\/\/api.w.org\/{rel}","templated":true}]}}