{"id":1304,"date":"2007-07-25T09:56:34","date_gmt":"2007-07-25T09:56:34","guid":{"rendered":"http:\/\/blogs.thesocialmedia.com\/leblogmoto\/2007\/07\/25\/moto-gp-roger-h\/"},"modified":"2012-07-11T14:42:01","modified_gmt":"2012-07-11T14:42:01","slug":"moto-gp-roger-h","status":"publish","type":"post","link":"https:\/\/blogs.thesocialmedia.com\/leblogmoto\/2007\/07\/25\/moto-gp-roger-h\/","title":{"rendered":"Moto GP: Roger Hayden a honor\u00e9 son contrat"},"content":{"rendered":"<p><a href=\"http:\/\/blogs.thesocialmedia.com\/leblogmoto\/files\/2012\/07\/roger_hayden.jpg\"><img loading=\"lazy\" decoding=\"async\" width=\"249\" height=\"166\"  alt=\"Roger_hayden\" src=\"http:\/\/www.leblogmoto.com\/images\/2007\/07\/25\/roger_hayden.jpg\" style=\"margin: 0px 5px 5px 0px;float: left\" \/><\/a> <a href=\"http:\/\/www.flattrack.com\/Roger%20Lee.htm\">Roger Lee Hayden<\/a>, le petit fr\u00e8re du champion du monde en titre Nicky, a r\u00e9alis\u00e9 une belle performance lors du GP de Laguna Seca, sur ses terres. Engag\u00e9 par la team Kawazaki pour courir aux c\u00f4t\u00e9s de <a href=\"http:\/\/www.randydepuniet.net\/\">De Puniet<\/a> et West, le jeune Roger n&rsquo;a pas fait dans la dentelle en accrochant de justesse le top 10. Il marque l\u00e0 de pr\u00e9cieux points chez Kawazaki, qui pourrait bien le rappeler avant la fin de la saison. En effet, la team &quot;verte&quot; n&rsquo;\u00e9carte pas la possibilit\u00e9 d&rsquo;aligner trois motos en permanence pour la saison 2008, et travaille m\u00eame dans ce sens en engageant de temps en temps un pilote novice en moto GP.<\/p>\n<p>De son c\u00f4t\u00e9, Roger Lee Hayden est content de lui, m\u00eame s&rsquo;il pensait pouvoir accrocher la 9e position:<\/p>\n<blockquote>\n<p>Ce fut une bonne course. Mon d\u00e9part ne fut pas parfait car \u00e0 l&rsquo;extinction des feux, je n&rsquo;ai pas r\u00e9agi tout de suite. J&rsquo;ai essay\u00e9 de tourner \u00e0 un rythme r\u00e9gulier. C&rsquo;est dommage que Barros m&rsquo;ait pass\u00e9 dans le dernier virage, mais terminer dans le top 10 est un bon r\u00e9sultat et je pense avoir beaucoup appris. Les pneus Bridgestone \u00e9taient tr\u00e8s efficaces, la moto \u00e9tait excellente et le team a bien travaill\u00e9, ils m&rsquo;ont laiss\u00e9 le temps de m&rsquo;adapter. Ce fut un week-end assez charg\u00e9, mais je me suis fait plaisir, ce fut une belle exp\u00e9rience et je suis ravi d&rsquo;avoir eu une telle opportunit\u00e9, je n&rsquo;\u00e9changerais \u00e7a pour rien au monde. Je tiens \u00e0 remercier l&rsquo;ensemble du team pour m&rsquo;avoir facilit\u00e9 la t\u00e2che. (Source: Eurosport)<\/p>\n<\/blockquote>\n<p><a href=\"http:\/\/clabedan.typepad.com\/.shared\/image.html?\/photos\/uncategorized\/2007\/07\/25\/rogerusa.jpg\"><img loading=\"lazy\" decoding=\"async\" width=\"470\" height=\"352\"  alt=\"Rogerusa\" src=\"http:\/\/www.leblogmoto.com\/images\/2007\/07\/25\/rogerusa.jpg\" style=\"margin: 0px 5px 5px 0px;float: left\" \/><\/a> <\/p>\n<p>Kawazaki r\u00e9alise aussi une tr\u00e8s bonne op\u00e9ration, puisqu&rsquo;elle place ses trois pilotes dans les dix premiers! <a href=\"http:\/\/www.randydepuniet.net\/\">Randy De Punier<\/a> fait 6, Anthony West 7 et Hayden 10. <\/p>\n","protected":false},"excerpt":{"rendered":"<p>Roger Lee Hayden, le petit fr\u00e8re du champion du monde en titre Nicky, a r\u00e9alis\u00e9 une belle performance lors du GP de Laguna Seca, sur ses terres. Engag\u00e9 par la team Kawazaki pour courir aux c\u00f4t\u00e9s de De Puniet et West, le jeune Roger n&rsquo;a pas fait dans la dentelle en accrochant de justesse le [&hellip;]<\/p>\n","protected":false},"author":330,"featured_media":0,"comment_status":"open","ping_status":"open","sticky":false,"template":"","format":"standard","meta":{"footnotes":""},"categories":[45,22],"tags":[],"class_list":["post-1304","post","type-post","status-publish","format-standard","hentry","category-kawasaki","category-motogp"],"yoast_head":"<!-- This site is optimized with the Yoast SEO plugin v26.0 - https:\/\/yoast.com\/wordpress\/plugins\/seo\/ -->\n<title>Moto GP: Roger Hayden a honor\u00e9 son contrat - leblogmoto.com<\/title>\n<meta name=\"robots\" content=\"index, follow, max-snippet:-1, max-image-preview:large, max-video-preview:-1\" \/>\n<link rel=\"canonical\" href=\"https:\/\/blogs.thesocialmedia.com\/leblogmoto\/2007\/07\/25\/moto-gp-roger-h\/\" \/>\n<meta name=\"twitter:card\" content=\"summary_large_image\" \/>\n<meta name=\"twitter:title\" content=\"Moto GP: Roger Hayden a honor\u00e9 son contrat - leblogmoto.com\" \/>\n<meta name=\"twitter:description\" content=\"Roger Lee Hayden, le petit fr\u00e8re du champion du monde en titre Nicky, a r\u00e9alis\u00e9 une belle performance lors du GP de Laguna Seca, sur ses terres. Engag\u00e9 par la team Kawazaki pour courir aux c\u00f4t\u00e9s de De Puniet et West, le jeune Roger n&rsquo;a pas fait dans la dentelle en accrochant de justesse le [&hellip;]\" \/>\n<meta name=\"twitter:image\" content=\"http:\/\/www.leblogmoto.com\/images\/2007\/07\/25\/roger_hayden.jpg\" \/>\n<meta name=\"twitter:label1\" content=\"\u00c9crit par\" \/>\n\t<meta name=\"twitter:data1\" content=\"thierry marsal\" \/>\n\t<meta name=\"twitter:label2\" content=\"Dur\u00e9e de lecture estim\u00e9e\" \/>\n\t<meta name=\"twitter:data2\" content=\"1 minute\" \/>\n<script type=\"application\/ld+json\" class=\"yoast-schema-graph\">{\"@context\":\"https:\/\/schema.org\",\"@graph\":[{\"@type\":\"WebPage\",\"@id\":\"https:\/\/blogs.thesocialmedia.com\/leblogmoto\/2007\/07\/25\/moto-gp-roger-h\/\",\"url\":\"https:\/\/blogs.thesocialmedia.com\/leblogmoto\/2007\/07\/25\/moto-gp-roger-h\/\",\"name\":\"Moto GP: Roger Hayden a honor\u00e9 son contrat - leblogmoto.com\",\"isPartOf\":{\"@id\":\"https:\/\/blogs.thesocialmedia.com\/leblogmoto\/#website\"},\"primaryImageOfPage\":{\"@id\":\"https:\/\/blogs.thesocialmedia.com\/leblogmoto\/2007\/07\/25\/moto-gp-roger-h\/#primaryimage\"},\"image\":{\"@id\":\"https:\/\/blogs.thesocialmedia.com\/leblogmoto\/2007\/07\/25\/moto-gp-roger-h\/#primaryimage\"},\"thumbnailUrl\":\"http:\/\/www.leblogmoto.com\/images\/2007\/07\/25\/roger_hayden.jpg\",\"datePublished\":\"2007-07-25T09:56:34+00:00\",\"dateModified\":\"2012-07-11T14:42:01+00:00\",\"author\":{\"@id\":\"https:\/\/blogs.thesocialmedia.com\/leblogmoto\/#\/schema\/person\/d20f219f162e8b5de4ea78c909c5be45\"},\"breadcrumb\":{\"@id\":\"https:\/\/blogs.thesocialmedia.com\/leblogmoto\/2007\/07\/25\/moto-gp-roger-h\/#breadcrumb\"},\"inLanguage\":\"fr-FR\",\"potentialAction\":[{\"@type\":\"ReadAction\",\"target\":[\"https:\/\/blogs.thesocialmedia.com\/leblogmoto\/2007\/07\/25\/moto-gp-roger-h\/\"]}]},{\"@type\":\"ImageObject\",\"inLanguage\":\"fr-FR\",\"@id\":\"https:\/\/blogs.thesocialmedia.com\/leblogmoto\/2007\/07\/25\/moto-gp-roger-h\/#primaryimage\",\"url\":\"http:\/\/www.leblogmoto.com\/images\/2007\/07\/25\/roger_hayden.jpg\",\"contentUrl\":\"http:\/\/www.leblogmoto.com\/images\/2007\/07\/25\/roger_hayden.jpg\"},{\"@type\":\"BreadcrumbList\",\"@id\":\"https:\/\/blogs.thesocialmedia.com\/leblogmoto\/2007\/07\/25\/moto-gp-roger-h\/#breadcrumb\",\"itemListElement\":[{\"@type\":\"ListItem\",\"position\":1,\"name\":\"Accueil\",\"item\":\"https:\/\/blogs.thesocialmedia.com\/leblogmoto\/\"},{\"@type\":\"ListItem\",\"position\":2,\"name\":\"Moto GP: Roger Hayden a honor\u00e9 son contrat\"}]},{\"@type\":\"WebSite\",\"@id\":\"https:\/\/blogs.thesocialmedia.com\/leblogmoto\/#website\",\"url\":\"https:\/\/blogs.thesocialmedia.com\/leblogmoto\/\",\"name\":\"leblogmoto\",\"description\":\"Toute l&#039;actualit\u00e9 des 2 roues\",\"potentialAction\":[{\"@type\":\"SearchAction\",\"target\":{\"@type\":\"EntryPoint\",\"urlTemplate\":\"https:\/\/blogs.thesocialmedia.com\/leblogmoto\/?s={search_term_string}\"},\"query-input\":{\"@type\":\"PropertyValueSpecification\",\"valueRequired\":true,\"valueName\":\"search_term_string\"}}],\"inLanguage\":\"fr-FR\"},{\"@type\":\"Person\",\"@id\":\"https:\/\/blogs.thesocialmedia.com\/leblogmoto\/#\/schema\/person\/d20f219f162e8b5de4ea78c909c5be45\",\"name\":\"thierry marsal\",\"image\":{\"@type\":\"ImageObject\",\"inLanguage\":\"fr-FR\",\"@id\":\"https:\/\/blogs.thesocialmedia.com\/leblogmoto\/#\/schema\/person\/image\/\",\"url\":\"https:\/\/secure.gravatar.com\/avatar\/?s=96&d=mm&r=g\",\"contentUrl\":\"https:\/\/secure.gravatar.com\/avatar\/?s=96&d=mm&r=g\",\"caption\":\"thierry marsal\"},\"url\":\"https:\/\/blogs.thesocialmedia.com\/leblogmoto\/author\/thierry-marsal\/\"}]}<\/script>\n<!-- \/ Yoast SEO plugin. -->","yoast_head_json":{"title":"Moto GP: Roger Hayden a honor\u00e9 son contrat - leblogmoto.com","robots":{"index":"index","follow":"follow","max-snippet":"max-snippet:-1","max-image-preview":"max-image-preview:large","max-video-preview":"max-video-preview:-1"},"canonical":"https:\/\/blogs.thesocialmedia.com\/leblogmoto\/2007\/07\/25\/moto-gp-roger-h\/","twitter_card":"summary_large_image","twitter_title":"Moto GP: Roger Hayden a honor\u00e9 son contrat - leblogmoto.com","twitter_description":"Roger Lee Hayden, le petit fr\u00e8re du champion du monde en titre Nicky, a r\u00e9alis\u00e9 une belle performance lors du GP de Laguna Seca, sur ses terres. Engag\u00e9 par la team Kawazaki pour courir aux c\u00f4t\u00e9s de De Puniet et West, le jeune Roger n&rsquo;a pas fait dans la dentelle en accrochant de justesse le [&hellip;]","twitter_image":"http:\/\/www.leblogmoto.com\/images\/2007\/07\/25\/roger_hayden.jpg","twitter_misc":{"\u00c9crit par":"thierry marsal","Dur\u00e9e de lecture estim\u00e9e":"1 minute"},"schema":{"@context":"https:\/\/schema.org","@graph":[{"@type":"WebPage","@id":"https:\/\/blogs.thesocialmedia.com\/leblogmoto\/2007\/07\/25\/moto-gp-roger-h\/","url":"https:\/\/blogs.thesocialmedia.com\/leblogmoto\/2007\/07\/25\/moto-gp-roger-h\/","name":"Moto GP: Roger Hayden a honor\u00e9 son contrat - leblogmoto.com","isPartOf":{"@id":"https:\/\/blogs.thesocialmedia.com\/leblogmoto\/#website"},"primaryImageOfPage":{"@id":"https:\/\/blogs.thesocialmedia.com\/leblogmoto\/2007\/07\/25\/moto-gp-roger-h\/#primaryimage"},"image":{"@id":"https:\/\/blogs.thesocialmedia.com\/leblogmoto\/2007\/07\/25\/moto-gp-roger-h\/#primaryimage"},"thumbnailUrl":"http:\/\/www.leblogmoto.com\/images\/2007\/07\/25\/roger_hayden.jpg","datePublished":"2007-07-25T09:56:34+00:00","dateModified":"2012-07-11T14:42:01+00:00","author":{"@id":"https:\/\/blogs.thesocialmedia.com\/leblogmoto\/#\/schema\/person\/d20f219f162e8b5de4ea78c909c5be45"},"breadcrumb":{"@id":"https:\/\/blogs.thesocialmedia.com\/leblogmoto\/2007\/07\/25\/moto-gp-roger-h\/#breadcrumb"},"inLanguage":"fr-FR","potentialAction":[{"@type":"ReadAction","target":["https:\/\/blogs.thesocialmedia.com\/leblogmoto\/2007\/07\/25\/moto-gp-roger-h\/"]}]},{"@type":"ImageObject","inLanguage":"fr-FR","@id":"https:\/\/blogs.thesocialmedia.com\/leblogmoto\/2007\/07\/25\/moto-gp-roger-h\/#primaryimage","url":"http:\/\/www.leblogmoto.com\/images\/2007\/07\/25\/roger_hayden.jpg","contentUrl":"http:\/\/www.leblogmoto.com\/images\/2007\/07\/25\/roger_hayden.jpg"},{"@type":"BreadcrumbList","@id":"https:\/\/blogs.thesocialmedia.com\/leblogmoto\/2007\/07\/25\/moto-gp-roger-h\/#breadcrumb","itemListElement":[{"@type":"ListItem","position":1,"name":"Accueil","item":"https:\/\/blogs.thesocialmedia.com\/leblogmoto\/"},{"@type":"ListItem","position":2,"name":"Moto GP: Roger Hayden a honor\u00e9 son contrat"}]},{"@type":"WebSite","@id":"https:\/\/blogs.thesocialmedia.com\/leblogmoto\/#website","url":"https:\/\/blogs.thesocialmedia.com\/leblogmoto\/","name":"leblogmoto","description":"Toute l&#039;actualit\u00e9 des 2 roues","potentialAction":[{"@type":"SearchAction","target":{"@type":"EntryPoint","urlTemplate":"https:\/\/blogs.thesocialmedia.com\/leblogmoto\/?s={search_term_string}"},"query-input":{"@type":"PropertyValueSpecification","valueRequired":true,"valueName":"search_term_string"}}],"inLanguage":"fr-FR"},{"@type":"Person","@id":"https:\/\/blogs.thesocialmedia.com\/leblogmoto\/#\/schema\/person\/d20f219f162e8b5de4ea78c909c5be45","name":"thierry marsal","image":{"@type":"ImageObject","inLanguage":"fr-FR","@id":"https:\/\/blogs.thesocialmedia.com\/leblogmoto\/#\/schema\/person\/image\/","url":"https:\/\/secure.gravatar.com\/avatar\/?s=96&d=mm&r=g","contentUrl":"https:\/\/secure.gravatar.com\/avatar\/?s=96&d=mm&r=g","caption":"thierry marsal"},"url":"https:\/\/blogs.thesocialmedia.com\/leblogmoto\/author\/thierry-marsal\/"}]}},"_links":{"self":[{"href":"https:\/\/blogs.thesocialmedia.com\/leblogmoto\/wp-json\/wp\/v2\/posts\/1304","targetHints":{"allow":["GET"]}}],"collection":[{"href":"https:\/\/blogs.thesocialmedia.com\/leblogmoto\/wp-json\/wp\/v2\/posts"}],"about":[{"href":"https:\/\/blogs.thesocialmedia.com\/leblogmoto\/wp-json\/wp\/v2\/types\/post"}],"author":[{"embeddable":true,"href":"https:\/\/blogs.thesocialmedia.com\/leblogmoto\/wp-json\/wp\/v2\/users\/330"}],"replies":[{"embeddable":true,"href":"https:\/\/blogs.thesocialmedia.com\/leblogmoto\/wp-json\/wp\/v2\/comments?post=1304"}],"version-history":[{"count":2,"href":"https:\/\/blogs.thesocialmedia.com\/leblogmoto\/wp-json\/wp\/v2\/posts\/1304\/revisions"}],"predecessor-version":[{"id":8555,"href":"https:\/\/blogs.thesocialmedia.com\/leblogmoto\/wp-json\/wp\/v2\/posts\/1304\/revisions\/8555"}],"wp:attachment":[{"href":"https:\/\/blogs.thesocialmedia.com\/leblogmoto\/wp-json\/wp\/v2\/media?parent=1304"}],"wp:term":[{"taxonomy":"category","embeddable":true,"href":"https:\/\/blogs.thesocialmedia.com\/leblogmoto\/wp-json\/wp\/v2\/categories?post=1304"},{"taxonomy":"post_tag","embeddable":true,"href":"https:\/\/blogs.thesocialmedia.com\/leblogmoto\/wp-json\/wp\/v2\/tags?post=1304"}],"curies":[{"name":"wp","href":"https:\/\/api.w.org\/{rel}","templated":true}]}}