{"id":1307,"date":"2007-07-22T01:51:26","date_gmt":"2007-07-22T01:51:26","guid":{"rendered":"http:\/\/blogs.thesocialmedia.com\/leblogmoto\/2007\/07\/22\/husqvarna-motor\/"},"modified":"2012-07-11T14:41:58","modified_gmt":"2012-07-11T14:41:58","slug":"husqvarna-motor","status":"publish","type":"post","link":"https:\/\/blogs.thesocialmedia.com\/leblogmoto\/2007\/07\/22\/husqvarna-motor\/","title":{"rendered":"Husqvarna Motorcycles rachet\u00e9 par BMW Motorrad"},"content":{"rendered":"<p><a href=\"http:\/\/blogs.thesocialmedia.com\/leblogmoto\/files\/2012\/07\/logobmw.jpg\"><\/a><a href=\"http:\/\/clabedan.typepad.com\/.shared\/image.html?\/photos\/uncategorized\/2007\/07\/21\/logo_bmw_husqvarna_2.jpg\"><img loading=\"lazy\" decoding=\"async\" height=\"348\" alt=\"Logo_bmw_husqvarna_2\" src=\"http:\/\/www.leblogmoto.com\/images\/2007\/07\/21\/logo_bmw_husqvarna_2.jpg\" width=\"470\"  \/><\/a> <a href=\"http:\/\/www.bmw-motorrad.com.fr\/fr\/fr\/index.html\">BMW Motorrad<\/a> vient d&rsquo;annoncer officiellement le rachat de la marque su\u00e9doise <a href=\"http:\/\/www.husqvarnamotorcycles.com.au\/welcome\/page1.php\">Husqvarna Motorcycles<\/a>, marque qui appartenait \u00e0 l\u2019industriel italien Claudio Castiglioni qui poss\u00e9dait d\u00e9j\u00e0 <a href=\"http:\/\/fr.wikipedia.org\/wiki\/MV_Agusta\">MV Agusta<\/a> et <a href=\"http:\/\/fr.wikipedia.org\/wiki\/Cagiva\">Cagiva<\/a>.<\/p>\n<p><a href=\"http:\/\/clabedan.typepad.com\/.shared\/image.html?\/photos\/uncategorized\/2007\/07\/21\/husqvarna.jpg\"><\/a> En effet, Claudio Castiglioni veux se recentrer sur les deux marques cit\u00e9es ci-avant en concentrant ses investissements de recherche et d\u00e9veloppement tandis que <a href=\"http:\/\/www.bmw-motorrad.com.fr\/fr\/fr\/index.html\">BMW Motorrad<\/a> voudrait se renforcer dans le domaine du tout-terrains sportif.<\/p>\n<p>Herbert Diess, Directeur g\u00e9n\u00e9ral de <a href=\"http:\/\/www.bmw-motorrad.com.fr\/fr\/fr\/index.html\">BMW Motorrad<\/a>, et l&rsquo;industriel italien Claudio Castiglioni ont sign\u00e9 le contrat montrant l&rsquo;acquisition de Husqvarna Motorcycles par BMW Motorrad le 19 juillet 2007 en Italie. <\/p>\n<p>M. Diess, rajoute que &quot; Gr\u00e2ce aux motos Husqvarna pr\u00e9sentes sur un march\u00e9 plus sportif, nous pourrons \u00e9tendre la gamme de <a href=\"http:\/\/www.bmw-motorrad.com.fr\/fr\/fr\/index.html\">BMW Motorrad<\/a> et viser une client\u00e8le plus jeune, de m\u00eame que tout le secteur off-road et supermoto bien plus rapidement et plus efficacement que nous ne l&rsquo;aurions fait avec notre marque premi\u00e8re. En outre, cette transaction nous offre un acc\u00e8s direct \u00e0 un r\u00e9seau de vente mondial sur le march\u00e9 off-road&quot;.<\/p>\n<p>Il faut savoir que <a href=\"http:\/\/www.husqvarnamotorcycles.com.au\/welcome\/page1.php\">Husqvarna Motorcycles<\/a>, fond\u00e9e en 1903, a produit environ 12.000 motos en 2006 et propose des engins de 125 \u00e0 610 cm3. Son exploitation se fera d\u00e9sormais sous la forme d&rsquo;une entreprise s\u00e9par\u00e9e, le d\u00e9veloppement, la vente et la production restant donc pr\u00e8s de Varese, dans le nord de l\u2019Italie, et le personnel devrait rester en place.<\/p>\n<p>De son c\u00f4t\u00e9, <a href=\"http:\/\/www.bmw-motorrad.com.fr\/fr\/fr\/index.html\">BMW Motorrad<\/a> a produit 103 759 unit\u00e9s et en a livr\u00e9 100 064 l&rsquo;an dernier, des chiffres qui le placent en leader europ\u00e9en sur les motos de plus de 500 cm3. Sachez de plus qu&rsquo;en 2006, le constructeur allemand a r\u00e9alis\u00e9 un chiffre d&rsquo;affaires de 1,265 milliards d&rsquo;euros et un b\u00e9n\u00e9fice avant imp\u00f4ts de 66 millions d&rsquo;euros en employant 2 816 personnes \u00e0 travers le monde. <\/p>\n<p>Apparement peu de changements pour la marque su\u00e9doise, mais attendons de voir ce qu&rsquo;il en advient par la suite&#8230;<\/p>\n<p>Source : <a href=\"http:\/\/www.bmw-motorrad.com.fr\/fr\/fr\/index.html\">BMW Motorrad<\/a><\/p>\n","protected":false},"excerpt":{"rendered":"<p>BMW Motorrad vient d&rsquo;annoncer officiellement le rachat de la marque su\u00e9doise Husqvarna Motorcycles, marque qui appartenait \u00e0 l\u2019industriel italien Claudio Castiglioni qui poss\u00e9dait d\u00e9j\u00e0 MV Agusta et Cagiva. En effet, Claudio Castiglioni veux se recentrer sur les deux marques cit\u00e9es ci-avant en concentrant ses investissements de recherche et d\u00e9veloppement tandis que BMW Motorrad voudrait se [&hellip;]<\/p>\n","protected":false},"author":329,"featured_media":0,"comment_status":"open","ping_status":"open","sticky":false,"template":"","format":"standard","meta":{"footnotes":""},"categories":[3,7],"tags":[],"class_list":["post-1307","post","type-post","status-publish","format-standard","hentry","category-actualite","category-bmw"],"yoast_head":"<!-- This site is optimized with the Yoast SEO plugin v26.0 - https:\/\/yoast.com\/wordpress\/plugins\/seo\/ -->\n<title>Husqvarna Motorcycles rachet\u00e9 par BMW Motorrad - leblogmoto.com<\/title>\n<meta name=\"robots\" content=\"index, follow, max-snippet:-1, max-image-preview:large, max-video-preview:-1\" \/>\n<link rel=\"canonical\" href=\"https:\/\/blogs.thesocialmedia.com\/leblogmoto\/2007\/07\/22\/husqvarna-motor\/\" \/>\n<meta name=\"twitter:card\" content=\"summary_large_image\" \/>\n<meta name=\"twitter:title\" content=\"Husqvarna Motorcycles rachet\u00e9 par BMW Motorrad - leblogmoto.com\" \/>\n<meta name=\"twitter:description\" content=\"BMW Motorrad vient d&rsquo;annoncer officiellement le rachat de la marque su\u00e9doise Husqvarna Motorcycles, marque qui appartenait \u00e0 l\u2019industriel italien Claudio Castiglioni qui poss\u00e9dait d\u00e9j\u00e0 MV Agusta et Cagiva. En effet, Claudio Castiglioni veux se recentrer sur les deux marques cit\u00e9es ci-avant en concentrant ses investissements de recherche et d\u00e9veloppement tandis que BMW Motorrad voudrait se [&hellip;]\" \/>\n<meta name=\"twitter:image\" content=\"http:\/\/www.leblogmoto.com\/images\/2007\/07\/21\/logo_bmw_husqvarna_2.jpg\" \/>\n<meta name=\"twitter:label1\" content=\"\u00c9crit par\" \/>\n\t<meta name=\"twitter:data1\" content=\"gregory boucaud\" \/>\n\t<meta name=\"twitter:label2\" content=\"Dur\u00e9e de lecture estim\u00e9e\" \/>\n\t<meta name=\"twitter:data2\" content=\"2 minutes\" \/>\n<script type=\"application\/ld+json\" class=\"yoast-schema-graph\">{\"@context\":\"https:\/\/schema.org\",\"@graph\":[{\"@type\":\"WebPage\",\"@id\":\"https:\/\/blogs.thesocialmedia.com\/leblogmoto\/2007\/07\/22\/husqvarna-motor\/\",\"url\":\"https:\/\/blogs.thesocialmedia.com\/leblogmoto\/2007\/07\/22\/husqvarna-motor\/\",\"name\":\"Husqvarna Motorcycles rachet\u00e9 par BMW Motorrad - leblogmoto.com\",\"isPartOf\":{\"@id\":\"https:\/\/blogs.thesocialmedia.com\/leblogmoto\/#website\"},\"primaryImageOfPage\":{\"@id\":\"https:\/\/blogs.thesocialmedia.com\/leblogmoto\/2007\/07\/22\/husqvarna-motor\/#primaryimage\"},\"image\":{\"@id\":\"https:\/\/blogs.thesocialmedia.com\/leblogmoto\/2007\/07\/22\/husqvarna-motor\/#primaryimage\"},\"thumbnailUrl\":\"http:\/\/www.leblogmoto.com\/images\/2007\/07\/21\/logo_bmw_husqvarna_2.jpg\",\"datePublished\":\"2007-07-22T01:51:26+00:00\",\"dateModified\":\"2012-07-11T14:41:58+00:00\",\"author\":{\"@id\":\"https:\/\/blogs.thesocialmedia.com\/leblogmoto\/#\/schema\/person\/769623f89741cc3381675029a37764f8\"},\"breadcrumb\":{\"@id\":\"https:\/\/blogs.thesocialmedia.com\/leblogmoto\/2007\/07\/22\/husqvarna-motor\/#breadcrumb\"},\"inLanguage\":\"fr-FR\",\"potentialAction\":[{\"@type\":\"ReadAction\",\"target\":[\"https:\/\/blogs.thesocialmedia.com\/leblogmoto\/2007\/07\/22\/husqvarna-motor\/\"]}]},{\"@type\":\"ImageObject\",\"inLanguage\":\"fr-FR\",\"@id\":\"https:\/\/blogs.thesocialmedia.com\/leblogmoto\/2007\/07\/22\/husqvarna-motor\/#primaryimage\",\"url\":\"http:\/\/www.leblogmoto.com\/images\/2007\/07\/21\/logo_bmw_husqvarna_2.jpg\",\"contentUrl\":\"http:\/\/www.leblogmoto.com\/images\/2007\/07\/21\/logo_bmw_husqvarna_2.jpg\"},{\"@type\":\"BreadcrumbList\",\"@id\":\"https:\/\/blogs.thesocialmedia.com\/leblogmoto\/2007\/07\/22\/husqvarna-motor\/#breadcrumb\",\"itemListElement\":[{\"@type\":\"ListItem\",\"position\":1,\"name\":\"Accueil\",\"item\":\"https:\/\/blogs.thesocialmedia.com\/leblogmoto\/\"},{\"@type\":\"ListItem\",\"position\":2,\"name\":\"Husqvarna Motorcycles rachet\u00e9 par BMW Motorrad\"}]},{\"@type\":\"WebSite\",\"@id\":\"https:\/\/blogs.thesocialmedia.com\/leblogmoto\/#website\",\"url\":\"https:\/\/blogs.thesocialmedia.com\/leblogmoto\/\",\"name\":\"leblogmoto\",\"description\":\"Toute l&#039;actualit\u00e9 des 2 roues\",\"potentialAction\":[{\"@type\":\"SearchAction\",\"target\":{\"@type\":\"EntryPoint\",\"urlTemplate\":\"https:\/\/blogs.thesocialmedia.com\/leblogmoto\/?s={search_term_string}\"},\"query-input\":{\"@type\":\"PropertyValueSpecification\",\"valueRequired\":true,\"valueName\":\"search_term_string\"}}],\"inLanguage\":\"fr-FR\"},{\"@type\":\"Person\",\"@id\":\"https:\/\/blogs.thesocialmedia.com\/leblogmoto\/#\/schema\/person\/769623f89741cc3381675029a37764f8\",\"name\":\"gregory boucaud\",\"image\":{\"@type\":\"ImageObject\",\"inLanguage\":\"fr-FR\",\"@id\":\"https:\/\/blogs.thesocialmedia.com\/leblogmoto\/#\/schema\/person\/image\/\",\"url\":\"https:\/\/secure.gravatar.com\/avatar\/?s=96&d=mm&r=g\",\"contentUrl\":\"https:\/\/secure.gravatar.com\/avatar\/?s=96&d=mm&r=g\",\"caption\":\"gregory boucaud\"},\"url\":\"https:\/\/blogs.thesocialmedia.com\/leblogmoto\/author\/gregory-boucaud\/\"}]}<\/script>\n<!-- \/ Yoast SEO plugin. -->","yoast_head_json":{"title":"Husqvarna Motorcycles rachet\u00e9 par BMW Motorrad - leblogmoto.com","robots":{"index":"index","follow":"follow","max-snippet":"max-snippet:-1","max-image-preview":"max-image-preview:large","max-video-preview":"max-video-preview:-1"},"canonical":"https:\/\/blogs.thesocialmedia.com\/leblogmoto\/2007\/07\/22\/husqvarna-motor\/","twitter_card":"summary_large_image","twitter_title":"Husqvarna Motorcycles rachet\u00e9 par BMW Motorrad - leblogmoto.com","twitter_description":"BMW Motorrad vient d&rsquo;annoncer officiellement le rachat de la marque su\u00e9doise Husqvarna Motorcycles, marque qui appartenait \u00e0 l\u2019industriel italien Claudio Castiglioni qui poss\u00e9dait d\u00e9j\u00e0 MV Agusta et Cagiva. En effet, Claudio Castiglioni veux se recentrer sur les deux marques cit\u00e9es ci-avant en concentrant ses investissements de recherche et d\u00e9veloppement tandis que BMW Motorrad voudrait se [&hellip;]","twitter_image":"http:\/\/www.leblogmoto.com\/images\/2007\/07\/21\/logo_bmw_husqvarna_2.jpg","twitter_misc":{"\u00c9crit par":"gregory boucaud","Dur\u00e9e de lecture estim\u00e9e":"2 minutes"},"schema":{"@context":"https:\/\/schema.org","@graph":[{"@type":"WebPage","@id":"https:\/\/blogs.thesocialmedia.com\/leblogmoto\/2007\/07\/22\/husqvarna-motor\/","url":"https:\/\/blogs.thesocialmedia.com\/leblogmoto\/2007\/07\/22\/husqvarna-motor\/","name":"Husqvarna Motorcycles rachet\u00e9 par BMW Motorrad - leblogmoto.com","isPartOf":{"@id":"https:\/\/blogs.thesocialmedia.com\/leblogmoto\/#website"},"primaryImageOfPage":{"@id":"https:\/\/blogs.thesocialmedia.com\/leblogmoto\/2007\/07\/22\/husqvarna-motor\/#primaryimage"},"image":{"@id":"https:\/\/blogs.thesocialmedia.com\/leblogmoto\/2007\/07\/22\/husqvarna-motor\/#primaryimage"},"thumbnailUrl":"http:\/\/www.leblogmoto.com\/images\/2007\/07\/21\/logo_bmw_husqvarna_2.jpg","datePublished":"2007-07-22T01:51:26+00:00","dateModified":"2012-07-11T14:41:58+00:00","author":{"@id":"https:\/\/blogs.thesocialmedia.com\/leblogmoto\/#\/schema\/person\/769623f89741cc3381675029a37764f8"},"breadcrumb":{"@id":"https:\/\/blogs.thesocialmedia.com\/leblogmoto\/2007\/07\/22\/husqvarna-motor\/#breadcrumb"},"inLanguage":"fr-FR","potentialAction":[{"@type":"ReadAction","target":["https:\/\/blogs.thesocialmedia.com\/leblogmoto\/2007\/07\/22\/husqvarna-motor\/"]}]},{"@type":"ImageObject","inLanguage":"fr-FR","@id":"https:\/\/blogs.thesocialmedia.com\/leblogmoto\/2007\/07\/22\/husqvarna-motor\/#primaryimage","url":"http:\/\/www.leblogmoto.com\/images\/2007\/07\/21\/logo_bmw_husqvarna_2.jpg","contentUrl":"http:\/\/www.leblogmoto.com\/images\/2007\/07\/21\/logo_bmw_husqvarna_2.jpg"},{"@type":"BreadcrumbList","@id":"https:\/\/blogs.thesocialmedia.com\/leblogmoto\/2007\/07\/22\/husqvarna-motor\/#breadcrumb","itemListElement":[{"@type":"ListItem","position":1,"name":"Accueil","item":"https:\/\/blogs.thesocialmedia.com\/leblogmoto\/"},{"@type":"ListItem","position":2,"name":"Husqvarna Motorcycles rachet\u00e9 par BMW Motorrad"}]},{"@type":"WebSite","@id":"https:\/\/blogs.thesocialmedia.com\/leblogmoto\/#website","url":"https:\/\/blogs.thesocialmedia.com\/leblogmoto\/","name":"leblogmoto","description":"Toute l&#039;actualit\u00e9 des 2 roues","potentialAction":[{"@type":"SearchAction","target":{"@type":"EntryPoint","urlTemplate":"https:\/\/blogs.thesocialmedia.com\/leblogmoto\/?s={search_term_string}"},"query-input":{"@type":"PropertyValueSpecification","valueRequired":true,"valueName":"search_term_string"}}],"inLanguage":"fr-FR"},{"@type":"Person","@id":"https:\/\/blogs.thesocialmedia.com\/leblogmoto\/#\/schema\/person\/769623f89741cc3381675029a37764f8","name":"gregory boucaud","image":{"@type":"ImageObject","inLanguage":"fr-FR","@id":"https:\/\/blogs.thesocialmedia.com\/leblogmoto\/#\/schema\/person\/image\/","url":"https:\/\/secure.gravatar.com\/avatar\/?s=96&d=mm&r=g","contentUrl":"https:\/\/secure.gravatar.com\/avatar\/?s=96&d=mm&r=g","caption":"gregory boucaud"},"url":"https:\/\/blogs.thesocialmedia.com\/leblogmoto\/author\/gregory-boucaud\/"}]}},"_links":{"self":[{"href":"https:\/\/blogs.thesocialmedia.com\/leblogmoto\/wp-json\/wp\/v2\/posts\/1307","targetHints":{"allow":["GET"]}}],"collection":[{"href":"https:\/\/blogs.thesocialmedia.com\/leblogmoto\/wp-json\/wp\/v2\/posts"}],"about":[{"href":"https:\/\/blogs.thesocialmedia.com\/leblogmoto\/wp-json\/wp\/v2\/types\/post"}],"author":[{"embeddable":true,"href":"https:\/\/blogs.thesocialmedia.com\/leblogmoto\/wp-json\/wp\/v2\/users\/329"}],"replies":[{"embeddable":true,"href":"https:\/\/blogs.thesocialmedia.com\/leblogmoto\/wp-json\/wp\/v2\/comments?post=1307"}],"version-history":[{"count":2,"href":"https:\/\/blogs.thesocialmedia.com\/leblogmoto\/wp-json\/wp\/v2\/posts\/1307\/revisions"}],"predecessor-version":[{"id":8551,"href":"https:\/\/blogs.thesocialmedia.com\/leblogmoto\/wp-json\/wp\/v2\/posts\/1307\/revisions\/8551"}],"wp:attachment":[{"href":"https:\/\/blogs.thesocialmedia.com\/leblogmoto\/wp-json\/wp\/v2\/media?parent=1307"}],"wp:term":[{"taxonomy":"category","embeddable":true,"href":"https:\/\/blogs.thesocialmedia.com\/leblogmoto\/wp-json\/wp\/v2\/categories?post=1307"},{"taxonomy":"post_tag","embeddable":true,"href":"https:\/\/blogs.thesocialmedia.com\/leblogmoto\/wp-json\/wp\/v2\/tags?post=1307"}],"curies":[{"name":"wp","href":"https:\/\/api.w.org\/{rel}","templated":true}]}}