{"id":1308,"date":"2007-07-22T01:08:00","date_gmt":"2007-07-22T01:08:00","guid":{"rendered":"http:\/\/blogs.thesocialmedia.com\/leblogmoto\/2007\/07\/22\/sandisk-et-duca\/"},"modified":"2012-07-11T14:41:57","modified_gmt":"2012-07-11T14:41:57","slug":"sandisk-et-duca","status":"publish","type":"post","link":"https:\/\/blogs.thesocialmedia.com\/leblogmoto\/2007\/07\/22\/sandisk-et-duca\/","title":{"rendered":"SanDisk et Ducati"},"content":{"rendered":"<p><a href=\"http:\/\/blogs.thesocialmedia.com\/leblogmoto\/files\/2012\/07\/sandiskducati.jpg\"><img loading=\"lazy\" decoding=\"async\" height=\"147\" alt=\"Sandiskducati\" src=\"http:\/\/www.leblogmoto.com\/images\/2007\/07\/21\/sandiskducati.jpg\" width=\"250\"  \/><\/a> <a href=\"http:\/\/www.sandisk.com\/\">SanDisk<\/a>, leader de la m\u00e9moire flash, s&rsquo;est associ\u00e9 avec<a href=\"http:\/\/www.ducati.com\/od\/ducatifrance\/\"> Ducati<\/a>, une marque que l&rsquo;on ne pr\u00e9sente plus, pour sortir une nouvelle clef USB de 4 Go, des cartes m\u00e9moire SDHC 4 Go et Compact Flash de 4 ou 8 Go. Disponible en rouge, la clef a un design d&rsquo;inspirant des r\u00e9servoirs d&rsquo;essence de la <a href=\"http:\/\/www.ducati.com\/od\/ducatifrance\/\">marque italienne<\/a>. Pour <a href=\"http:\/\/www.sandisk.com\/\">SanDisk<\/a>, &quot;les cartes Ducati Edition symbolisent la performance et l&rsquo;\u00e9l\u00e9gance du fabricant italien de motos de performance&quot;.<\/p>\n<p><a href=\"http:\/\/clabedan.typepad.com\/.shared\/image.html?\/photos\/uncategorized\/2007\/07\/21\/extremeducatisdplus.jpg\"><img loading=\"lazy\" decoding=\"async\" height=\"226\" alt=\"Extremeducatisdplus\" src=\"http:\/\/www.leblogmoto.com\/images\/2007\/07\/21\/extremeducatisdplus.jpg\" width=\"250\"  \/><\/a>Disponible ce mois d\u2019ao\u00fbt comptez 125 $( 95\u20ac environ) pour la clef USB, 129 $(100\u20ac environ) pour la SDHC de 4 Go, 130 $(100\u20ac environ) pour la Compact Flash 4 Go et 315 $ (240\u20ac environ) pour la Compact Flash de 8 Go. <\/p>\n<p>Bref, pour les amoureux de la <a href=\"http:\/\/www.ducati.com\/od\/ducatifrance\/\">marque italienne<\/a> qui n&rsquo;ont pas les moyens de s&rsquo;acheter une 1098, ces accessoires pourraient s&rsquo;av\u00e9rer \u00eatre une bonne alternative&#8230; \ud83d\ude42<\/p>\n","protected":false},"excerpt":{"rendered":"<p>SanDisk, leader de la m\u00e9moire flash, s&rsquo;est associ\u00e9 avec Ducati, une marque que l&rsquo;on ne pr\u00e9sente plus, pour sortir une nouvelle clef USB de 4 Go, des cartes m\u00e9moire SDHC 4 Go et Compact Flash de 4 ou 8 Go. Disponible en rouge, la clef a un design d&rsquo;inspirant des r\u00e9servoirs d&rsquo;essence de la marque [&hellip;]<\/p>\n","protected":false},"author":329,"featured_media":0,"comment_status":"open","ping_status":"open","sticky":false,"template":"","format":"standard","meta":{"footnotes":""},"categories":[3,41],"tags":[],"class_list":["post-1308","post","type-post","status-publish","format-standard","hentry","category-actualite","category-ducati"],"yoast_head":"<!-- This site is optimized with the Yoast SEO plugin v26.0 - https:\/\/yoast.com\/wordpress\/plugins\/seo\/ -->\n<title>SanDisk et Ducati - leblogmoto.com<\/title>\n<meta name=\"robots\" content=\"index, follow, max-snippet:-1, max-image-preview:large, max-video-preview:-1\" \/>\n<link rel=\"canonical\" href=\"https:\/\/blogs.thesocialmedia.com\/leblogmoto\/2007\/07\/22\/sandisk-et-duca\/\" \/>\n<meta name=\"twitter:card\" content=\"summary_large_image\" \/>\n<meta name=\"twitter:title\" content=\"SanDisk et Ducati - leblogmoto.com\" \/>\n<meta name=\"twitter:description\" content=\"SanDisk, leader de la m\u00e9moire flash, s&rsquo;est associ\u00e9 avec Ducati, une marque que l&rsquo;on ne pr\u00e9sente plus, pour sortir une nouvelle clef USB de 4 Go, des cartes m\u00e9moire SDHC 4 Go et Compact Flash de 4 ou 8 Go. Disponible en rouge, la clef a un design d&rsquo;inspirant des r\u00e9servoirs d&rsquo;essence de la marque [&hellip;]\" \/>\n<meta name=\"twitter:image\" content=\"http:\/\/www.leblogmoto.com\/images\/2007\/07\/21\/sandiskducati.jpg\" \/>\n<meta name=\"twitter:label1\" content=\"\u00c9crit par\" \/>\n\t<meta name=\"twitter:data1\" content=\"gregory boucaud\" \/>\n\t<meta name=\"twitter:label2\" content=\"Dur\u00e9e de lecture estim\u00e9e\" \/>\n\t<meta name=\"twitter:data2\" content=\"1 minute\" \/>\n<script type=\"application\/ld+json\" class=\"yoast-schema-graph\">{\"@context\":\"https:\/\/schema.org\",\"@graph\":[{\"@type\":\"WebPage\",\"@id\":\"https:\/\/blogs.thesocialmedia.com\/leblogmoto\/2007\/07\/22\/sandisk-et-duca\/\",\"url\":\"https:\/\/blogs.thesocialmedia.com\/leblogmoto\/2007\/07\/22\/sandisk-et-duca\/\",\"name\":\"SanDisk et Ducati - leblogmoto.com\",\"isPartOf\":{\"@id\":\"https:\/\/blogs.thesocialmedia.com\/leblogmoto\/#website\"},\"primaryImageOfPage\":{\"@id\":\"https:\/\/blogs.thesocialmedia.com\/leblogmoto\/2007\/07\/22\/sandisk-et-duca\/#primaryimage\"},\"image\":{\"@id\":\"https:\/\/blogs.thesocialmedia.com\/leblogmoto\/2007\/07\/22\/sandisk-et-duca\/#primaryimage\"},\"thumbnailUrl\":\"http:\/\/www.leblogmoto.com\/images\/2007\/07\/21\/sandiskducati.jpg\",\"datePublished\":\"2007-07-22T01:08:00+00:00\",\"dateModified\":\"2012-07-11T14:41:57+00:00\",\"author\":{\"@id\":\"https:\/\/blogs.thesocialmedia.com\/leblogmoto\/#\/schema\/person\/769623f89741cc3381675029a37764f8\"},\"breadcrumb\":{\"@id\":\"https:\/\/blogs.thesocialmedia.com\/leblogmoto\/2007\/07\/22\/sandisk-et-duca\/#breadcrumb\"},\"inLanguage\":\"fr-FR\",\"potentialAction\":[{\"@type\":\"ReadAction\",\"target\":[\"https:\/\/blogs.thesocialmedia.com\/leblogmoto\/2007\/07\/22\/sandisk-et-duca\/\"]}]},{\"@type\":\"ImageObject\",\"inLanguage\":\"fr-FR\",\"@id\":\"https:\/\/blogs.thesocialmedia.com\/leblogmoto\/2007\/07\/22\/sandisk-et-duca\/#primaryimage\",\"url\":\"http:\/\/www.leblogmoto.com\/images\/2007\/07\/21\/sandiskducati.jpg\",\"contentUrl\":\"http:\/\/www.leblogmoto.com\/images\/2007\/07\/21\/sandiskducati.jpg\"},{\"@type\":\"BreadcrumbList\",\"@id\":\"https:\/\/blogs.thesocialmedia.com\/leblogmoto\/2007\/07\/22\/sandisk-et-duca\/#breadcrumb\",\"itemListElement\":[{\"@type\":\"ListItem\",\"position\":1,\"name\":\"Accueil\",\"item\":\"https:\/\/blogs.thesocialmedia.com\/leblogmoto\/\"},{\"@type\":\"ListItem\",\"position\":2,\"name\":\"SanDisk et Ducati\"}]},{\"@type\":\"WebSite\",\"@id\":\"https:\/\/blogs.thesocialmedia.com\/leblogmoto\/#website\",\"url\":\"https:\/\/blogs.thesocialmedia.com\/leblogmoto\/\",\"name\":\"leblogmoto\",\"description\":\"Toute l&#039;actualit\u00e9 des 2 roues\",\"potentialAction\":[{\"@type\":\"SearchAction\",\"target\":{\"@type\":\"EntryPoint\",\"urlTemplate\":\"https:\/\/blogs.thesocialmedia.com\/leblogmoto\/?s={search_term_string}\"},\"query-input\":{\"@type\":\"PropertyValueSpecification\",\"valueRequired\":true,\"valueName\":\"search_term_string\"}}],\"inLanguage\":\"fr-FR\"},{\"@type\":\"Person\",\"@id\":\"https:\/\/blogs.thesocialmedia.com\/leblogmoto\/#\/schema\/person\/769623f89741cc3381675029a37764f8\",\"name\":\"gregory boucaud\",\"image\":{\"@type\":\"ImageObject\",\"inLanguage\":\"fr-FR\",\"@id\":\"https:\/\/blogs.thesocialmedia.com\/leblogmoto\/#\/schema\/person\/image\/\",\"url\":\"https:\/\/secure.gravatar.com\/avatar\/?s=96&d=mm&r=g\",\"contentUrl\":\"https:\/\/secure.gravatar.com\/avatar\/?s=96&d=mm&r=g\",\"caption\":\"gregory boucaud\"},\"url\":\"https:\/\/blogs.thesocialmedia.com\/leblogmoto\/author\/gregory-boucaud\/\"}]}<\/script>\n<!-- \/ Yoast SEO plugin. -->","yoast_head_json":{"title":"SanDisk et Ducati - leblogmoto.com","robots":{"index":"index","follow":"follow","max-snippet":"max-snippet:-1","max-image-preview":"max-image-preview:large","max-video-preview":"max-video-preview:-1"},"canonical":"https:\/\/blogs.thesocialmedia.com\/leblogmoto\/2007\/07\/22\/sandisk-et-duca\/","twitter_card":"summary_large_image","twitter_title":"SanDisk et Ducati - leblogmoto.com","twitter_description":"SanDisk, leader de la m\u00e9moire flash, s&rsquo;est associ\u00e9 avec Ducati, une marque que l&rsquo;on ne pr\u00e9sente plus, pour sortir une nouvelle clef USB de 4 Go, des cartes m\u00e9moire SDHC 4 Go et Compact Flash de 4 ou 8 Go. Disponible en rouge, la clef a un design d&rsquo;inspirant des r\u00e9servoirs d&rsquo;essence de la marque [&hellip;]","twitter_image":"http:\/\/www.leblogmoto.com\/images\/2007\/07\/21\/sandiskducati.jpg","twitter_misc":{"\u00c9crit par":"gregory boucaud","Dur\u00e9e de lecture estim\u00e9e":"1 minute"},"schema":{"@context":"https:\/\/schema.org","@graph":[{"@type":"WebPage","@id":"https:\/\/blogs.thesocialmedia.com\/leblogmoto\/2007\/07\/22\/sandisk-et-duca\/","url":"https:\/\/blogs.thesocialmedia.com\/leblogmoto\/2007\/07\/22\/sandisk-et-duca\/","name":"SanDisk et Ducati - leblogmoto.com","isPartOf":{"@id":"https:\/\/blogs.thesocialmedia.com\/leblogmoto\/#website"},"primaryImageOfPage":{"@id":"https:\/\/blogs.thesocialmedia.com\/leblogmoto\/2007\/07\/22\/sandisk-et-duca\/#primaryimage"},"image":{"@id":"https:\/\/blogs.thesocialmedia.com\/leblogmoto\/2007\/07\/22\/sandisk-et-duca\/#primaryimage"},"thumbnailUrl":"http:\/\/www.leblogmoto.com\/images\/2007\/07\/21\/sandiskducati.jpg","datePublished":"2007-07-22T01:08:00+00:00","dateModified":"2012-07-11T14:41:57+00:00","author":{"@id":"https:\/\/blogs.thesocialmedia.com\/leblogmoto\/#\/schema\/person\/769623f89741cc3381675029a37764f8"},"breadcrumb":{"@id":"https:\/\/blogs.thesocialmedia.com\/leblogmoto\/2007\/07\/22\/sandisk-et-duca\/#breadcrumb"},"inLanguage":"fr-FR","potentialAction":[{"@type":"ReadAction","target":["https:\/\/blogs.thesocialmedia.com\/leblogmoto\/2007\/07\/22\/sandisk-et-duca\/"]}]},{"@type":"ImageObject","inLanguage":"fr-FR","@id":"https:\/\/blogs.thesocialmedia.com\/leblogmoto\/2007\/07\/22\/sandisk-et-duca\/#primaryimage","url":"http:\/\/www.leblogmoto.com\/images\/2007\/07\/21\/sandiskducati.jpg","contentUrl":"http:\/\/www.leblogmoto.com\/images\/2007\/07\/21\/sandiskducati.jpg"},{"@type":"BreadcrumbList","@id":"https:\/\/blogs.thesocialmedia.com\/leblogmoto\/2007\/07\/22\/sandisk-et-duca\/#breadcrumb","itemListElement":[{"@type":"ListItem","position":1,"name":"Accueil","item":"https:\/\/blogs.thesocialmedia.com\/leblogmoto\/"},{"@type":"ListItem","position":2,"name":"SanDisk et Ducati"}]},{"@type":"WebSite","@id":"https:\/\/blogs.thesocialmedia.com\/leblogmoto\/#website","url":"https:\/\/blogs.thesocialmedia.com\/leblogmoto\/","name":"leblogmoto","description":"Toute l&#039;actualit\u00e9 des 2 roues","potentialAction":[{"@type":"SearchAction","target":{"@type":"EntryPoint","urlTemplate":"https:\/\/blogs.thesocialmedia.com\/leblogmoto\/?s={search_term_string}"},"query-input":{"@type":"PropertyValueSpecification","valueRequired":true,"valueName":"search_term_string"}}],"inLanguage":"fr-FR"},{"@type":"Person","@id":"https:\/\/blogs.thesocialmedia.com\/leblogmoto\/#\/schema\/person\/769623f89741cc3381675029a37764f8","name":"gregory boucaud","image":{"@type":"ImageObject","inLanguage":"fr-FR","@id":"https:\/\/blogs.thesocialmedia.com\/leblogmoto\/#\/schema\/person\/image\/","url":"https:\/\/secure.gravatar.com\/avatar\/?s=96&d=mm&r=g","contentUrl":"https:\/\/secure.gravatar.com\/avatar\/?s=96&d=mm&r=g","caption":"gregory boucaud"},"url":"https:\/\/blogs.thesocialmedia.com\/leblogmoto\/author\/gregory-boucaud\/"}]}},"_links":{"self":[{"href":"https:\/\/blogs.thesocialmedia.com\/leblogmoto\/wp-json\/wp\/v2\/posts\/1308","targetHints":{"allow":["GET"]}}],"collection":[{"href":"https:\/\/blogs.thesocialmedia.com\/leblogmoto\/wp-json\/wp\/v2\/posts"}],"about":[{"href":"https:\/\/blogs.thesocialmedia.com\/leblogmoto\/wp-json\/wp\/v2\/types\/post"}],"author":[{"embeddable":true,"href":"https:\/\/blogs.thesocialmedia.com\/leblogmoto\/wp-json\/wp\/v2\/users\/329"}],"replies":[{"embeddable":true,"href":"https:\/\/blogs.thesocialmedia.com\/leblogmoto\/wp-json\/wp\/v2\/comments?post=1308"}],"version-history":[{"count":2,"href":"https:\/\/blogs.thesocialmedia.com\/leblogmoto\/wp-json\/wp\/v2\/posts\/1308\/revisions"}],"predecessor-version":[{"id":8549,"href":"https:\/\/blogs.thesocialmedia.com\/leblogmoto\/wp-json\/wp\/v2\/posts\/1308\/revisions\/8549"}],"wp:attachment":[{"href":"https:\/\/blogs.thesocialmedia.com\/leblogmoto\/wp-json\/wp\/v2\/media?parent=1308"}],"wp:term":[{"taxonomy":"category","embeddable":true,"href":"https:\/\/blogs.thesocialmedia.com\/leblogmoto\/wp-json\/wp\/v2\/categories?post=1308"},{"taxonomy":"post_tag","embeddable":true,"href":"https:\/\/blogs.thesocialmedia.com\/leblogmoto\/wp-json\/wp\/v2\/tags?post=1308"}],"curies":[{"name":"wp","href":"https:\/\/api.w.org\/{rel}","templated":true}]}}