{"id":1310,"date":"2007-07-22T00:02:05","date_gmt":"2007-07-22T00:02:05","guid":{"rendered":"http:\/\/blogs.thesocialmedia.com\/leblogmoto\/2007\/07\/22\/la-premire-para\/"},"modified":"2012-07-11T14:41:54","modified_gmt":"2012-07-11T14:41:54","slug":"la-premire-para","status":"publish","type":"post","link":"https:\/\/blogs.thesocialmedia.com\/leblogmoto\/2007\/07\/22\/la-premire-para\/","title":{"rendered":"La parade des Ruff Ryders d\u00e9rape \u00e0 Los Angeles"},"content":{"rendered":"<p><a href=\"http:\/\/blogs.thesocialmedia.com\/leblogmoto\/files\/2012\/07\/ruff_ryders_parade_3.jpg\"><img loading=\"lazy\" decoding=\"async\" width=\"250\" height=\"161\"  src=\"http:\/\/www.leblogmoto.com\/images\/2007\/07\/21\/ruff_ryders_parade_3.jpg\" alt=\"Ruff_ryders_parade_3\" style=\"margin: 0px 5px 5px 0px;float: left\" \/><\/a> Le week end dernier presque un millier de motards de Californie s&rsquo;\u00e9tait donn\u00e9 rendez vous pour c\u00e9l\u00e9brer la parade annuelle de leur association, les Ruff Ryders. <\/p>\n<p>La police californienne s&rsquo;est d\u00e9clar\u00e9e incomp\u00e9tente d\u00e8s le matin apr\u00e8s des centaines d&rsquo;appels d&rsquo;automobilistes apeur\u00e9s.<\/p>\n<p>A l&rsquo;origine, les Ruff Ryders sont une association de promotion d&rsquo;un label de musique Hip Hop New Yorkais cr\u00e9e en 1988. Avec les ann\u00e9es la mode s&rsquo;est \u00e9tendu \u00e0 tout le pays et derri\u00e8re ce d\u00e9ploiement de force il faut voir une op\u00e9ration marketing tr\u00e8s bien organis\u00e9e pour le lancement d&rsquo;une nouvelle gamme de v\u00eatements. <\/p>\n<p><embed width=\"410\" height=\"400\" src=\"http:\/\/www.vsocial.com\/ups\/b196755754ae1e4308117776d87a06c3\"><\/embed> <embed width=\"410\" height=\"400\" src=\"http:\/\/www.vsocial.com\/ups\/613ae3aa842be1dd97ce67e4e412a464\"><\/embed> <embed width=\"410\" height=\"400\" src=\"http:\/\/www.vsocial.com\/ups\/8cdeab05c8c21217f8e6c9b0b7cc8edb\"><\/embed> <embed width=\"410\" height=\"400\" src=\"http:\/\/www.vsocial.com\/ups\/881997b1bc5f24dbbee6ba4ffee0da56\"><\/embed> <embed width=\"410\" height=\"400\" src=\"http:\/\/www.vsocial.com\/ups\/f9beb5e27ab67c324e3ee028a490875d\"><\/embed> <\/p>\n<p>En mars dernier, c&rsquo;est une autre op\u00e9ration commerciale qui avait vu le d\u00e9ferlement d&rsquo;une horde de 300 motos cross dans les rues de Baltimore&#8230; et l&rsquo;arrestation d&rsquo;un enfant de 7 ans sur une Honda CR 250&#8230; <\/p>\n<p><embed width=\"410\" height=\"400\" src=\"http:\/\/www.vsocial.com\/ups\/31869c4d71650ef2131f1657628a1904\"><\/embed> <\/p>\n","protected":false},"excerpt":{"rendered":"<p>Le week end dernier presque un millier de motards de Californie s&rsquo;\u00e9tait donn\u00e9 rendez vous pour c\u00e9l\u00e9brer la parade annuelle de leur association, les Ruff Ryders. La police californienne s&rsquo;est d\u00e9clar\u00e9e incomp\u00e9tente d\u00e8s le matin apr\u00e8s des centaines d&rsquo;appels d&rsquo;automobilistes apeur\u00e9s. A l&rsquo;origine, les Ruff Ryders sont une association de promotion d&rsquo;un label de musique [&hellip;]<\/p>\n","protected":false},"author":323,"featured_media":0,"comment_status":"open","ping_status":"open","sticky":false,"template":"","format":"standard","meta":{"footnotes":""},"categories":[3],"tags":[],"class_list":["post-1310","post","type-post","status-publish","format-standard","hentry","category-actualite"],"yoast_head":"<!-- This site is optimized with the Yoast SEO plugin v26.0 - https:\/\/yoast.com\/wordpress\/plugins\/seo\/ -->\n<title>La parade des Ruff Ryders d\u00e9rape \u00e0 Los Angeles - leblogmoto.com<\/title>\n<meta name=\"robots\" content=\"index, follow, max-snippet:-1, max-image-preview:large, max-video-preview:-1\" \/>\n<link rel=\"canonical\" href=\"https:\/\/blogs.thesocialmedia.com\/leblogmoto\/2007\/07\/22\/la-premire-para\/\" \/>\n<meta name=\"twitter:card\" content=\"summary_large_image\" \/>\n<meta name=\"twitter:title\" content=\"La parade des Ruff Ryders d\u00e9rape \u00e0 Los Angeles - leblogmoto.com\" \/>\n<meta name=\"twitter:description\" content=\"Le week end dernier presque un millier de motards de Californie s&rsquo;\u00e9tait donn\u00e9 rendez vous pour c\u00e9l\u00e9brer la parade annuelle de leur association, les Ruff Ryders. La police californienne s&rsquo;est d\u00e9clar\u00e9e incomp\u00e9tente d\u00e8s le matin apr\u00e8s des centaines d&rsquo;appels d&rsquo;automobilistes apeur\u00e9s. A l&rsquo;origine, les Ruff Ryders sont une association de promotion d&rsquo;un label de musique [&hellip;]\" \/>\n<meta name=\"twitter:image\" content=\"http:\/\/www.leblogmoto.com\/images\/2007\/07\/21\/ruff_ryders_parade_3.jpg\" \/>\n<meta name=\"twitter:label1\" content=\"\u00c9crit par\" \/>\n\t<meta name=\"twitter:data1\" content=\"albin le guyader\" \/>\n\t<meta name=\"twitter:label2\" content=\"Dur\u00e9e de lecture estim\u00e9e\" \/>\n\t<meta name=\"twitter:data2\" content=\"1 minute\" \/>\n<script type=\"application\/ld+json\" class=\"yoast-schema-graph\">{\"@context\":\"https:\/\/schema.org\",\"@graph\":[{\"@type\":\"WebPage\",\"@id\":\"https:\/\/blogs.thesocialmedia.com\/leblogmoto\/2007\/07\/22\/la-premire-para\/\",\"url\":\"https:\/\/blogs.thesocialmedia.com\/leblogmoto\/2007\/07\/22\/la-premire-para\/\",\"name\":\"La parade des Ruff Ryders d\u00e9rape \u00e0 Los Angeles - leblogmoto.com\",\"isPartOf\":{\"@id\":\"https:\/\/blogs.thesocialmedia.com\/leblogmoto\/#website\"},\"primaryImageOfPage\":{\"@id\":\"https:\/\/blogs.thesocialmedia.com\/leblogmoto\/2007\/07\/22\/la-premire-para\/#primaryimage\"},\"image\":{\"@id\":\"https:\/\/blogs.thesocialmedia.com\/leblogmoto\/2007\/07\/22\/la-premire-para\/#primaryimage\"},\"thumbnailUrl\":\"http:\/\/www.leblogmoto.com\/images\/2007\/07\/21\/ruff_ryders_parade_3.jpg\",\"datePublished\":\"2007-07-22T00:02:05+00:00\",\"dateModified\":\"2012-07-11T14:41:54+00:00\",\"author\":{\"@id\":\"https:\/\/blogs.thesocialmedia.com\/leblogmoto\/#\/schema\/person\/b496d27c898c29a39678e2425cafb9ae\"},\"breadcrumb\":{\"@id\":\"https:\/\/blogs.thesocialmedia.com\/leblogmoto\/2007\/07\/22\/la-premire-para\/#breadcrumb\"},\"inLanguage\":\"fr-FR\",\"potentialAction\":[{\"@type\":\"ReadAction\",\"target\":[\"https:\/\/blogs.thesocialmedia.com\/leblogmoto\/2007\/07\/22\/la-premire-para\/\"]}]},{\"@type\":\"ImageObject\",\"inLanguage\":\"fr-FR\",\"@id\":\"https:\/\/blogs.thesocialmedia.com\/leblogmoto\/2007\/07\/22\/la-premire-para\/#primaryimage\",\"url\":\"http:\/\/www.leblogmoto.com\/images\/2007\/07\/21\/ruff_ryders_parade_3.jpg\",\"contentUrl\":\"http:\/\/www.leblogmoto.com\/images\/2007\/07\/21\/ruff_ryders_parade_3.jpg\"},{\"@type\":\"BreadcrumbList\",\"@id\":\"https:\/\/blogs.thesocialmedia.com\/leblogmoto\/2007\/07\/22\/la-premire-para\/#breadcrumb\",\"itemListElement\":[{\"@type\":\"ListItem\",\"position\":1,\"name\":\"Accueil\",\"item\":\"https:\/\/blogs.thesocialmedia.com\/leblogmoto\/\"},{\"@type\":\"ListItem\",\"position\":2,\"name\":\"La parade des Ruff Ryders d\u00e9rape \u00e0 Los Angeles\"}]},{\"@type\":\"WebSite\",\"@id\":\"https:\/\/blogs.thesocialmedia.com\/leblogmoto\/#website\",\"url\":\"https:\/\/blogs.thesocialmedia.com\/leblogmoto\/\",\"name\":\"leblogmoto\",\"description\":\"Toute l&#039;actualit\u00e9 des 2 roues\",\"potentialAction\":[{\"@type\":\"SearchAction\",\"target\":{\"@type\":\"EntryPoint\",\"urlTemplate\":\"https:\/\/blogs.thesocialmedia.com\/leblogmoto\/?s={search_term_string}\"},\"query-input\":{\"@type\":\"PropertyValueSpecification\",\"valueRequired\":true,\"valueName\":\"search_term_string\"}}],\"inLanguage\":\"fr-FR\"},{\"@type\":\"Person\",\"@id\":\"https:\/\/blogs.thesocialmedia.com\/leblogmoto\/#\/schema\/person\/b496d27c898c29a39678e2425cafb9ae\",\"name\":\"albin le guyader\",\"image\":{\"@type\":\"ImageObject\",\"inLanguage\":\"fr-FR\",\"@id\":\"https:\/\/blogs.thesocialmedia.com\/leblogmoto\/#\/schema\/person\/image\/\",\"url\":\"https:\/\/secure.gravatar.com\/avatar\/?s=96&d=mm&r=g\",\"contentUrl\":\"https:\/\/secure.gravatar.com\/avatar\/?s=96&d=mm&r=g\",\"caption\":\"albin le guyader\"},\"url\":\"https:\/\/blogs.thesocialmedia.com\/leblogmoto\/author\/albin-le-guyader\/\"}]}<\/script>\n<!-- \/ Yoast SEO plugin. -->","yoast_head_json":{"title":"La parade des Ruff Ryders d\u00e9rape \u00e0 Los Angeles - leblogmoto.com","robots":{"index":"index","follow":"follow","max-snippet":"max-snippet:-1","max-image-preview":"max-image-preview:large","max-video-preview":"max-video-preview:-1"},"canonical":"https:\/\/blogs.thesocialmedia.com\/leblogmoto\/2007\/07\/22\/la-premire-para\/","twitter_card":"summary_large_image","twitter_title":"La parade des Ruff Ryders d\u00e9rape \u00e0 Los Angeles - leblogmoto.com","twitter_description":"Le week end dernier presque un millier de motards de Californie s&rsquo;\u00e9tait donn\u00e9 rendez vous pour c\u00e9l\u00e9brer la parade annuelle de leur association, les Ruff Ryders. La police californienne s&rsquo;est d\u00e9clar\u00e9e incomp\u00e9tente d\u00e8s le matin apr\u00e8s des centaines d&rsquo;appels d&rsquo;automobilistes apeur\u00e9s. A l&rsquo;origine, les Ruff Ryders sont une association de promotion d&rsquo;un label de musique [&hellip;]","twitter_image":"http:\/\/www.leblogmoto.com\/images\/2007\/07\/21\/ruff_ryders_parade_3.jpg","twitter_misc":{"\u00c9crit par":"albin le guyader","Dur\u00e9e de lecture estim\u00e9e":"1 minute"},"schema":{"@context":"https:\/\/schema.org","@graph":[{"@type":"WebPage","@id":"https:\/\/blogs.thesocialmedia.com\/leblogmoto\/2007\/07\/22\/la-premire-para\/","url":"https:\/\/blogs.thesocialmedia.com\/leblogmoto\/2007\/07\/22\/la-premire-para\/","name":"La parade des Ruff Ryders d\u00e9rape \u00e0 Los Angeles - leblogmoto.com","isPartOf":{"@id":"https:\/\/blogs.thesocialmedia.com\/leblogmoto\/#website"},"primaryImageOfPage":{"@id":"https:\/\/blogs.thesocialmedia.com\/leblogmoto\/2007\/07\/22\/la-premire-para\/#primaryimage"},"image":{"@id":"https:\/\/blogs.thesocialmedia.com\/leblogmoto\/2007\/07\/22\/la-premire-para\/#primaryimage"},"thumbnailUrl":"http:\/\/www.leblogmoto.com\/images\/2007\/07\/21\/ruff_ryders_parade_3.jpg","datePublished":"2007-07-22T00:02:05+00:00","dateModified":"2012-07-11T14:41:54+00:00","author":{"@id":"https:\/\/blogs.thesocialmedia.com\/leblogmoto\/#\/schema\/person\/b496d27c898c29a39678e2425cafb9ae"},"breadcrumb":{"@id":"https:\/\/blogs.thesocialmedia.com\/leblogmoto\/2007\/07\/22\/la-premire-para\/#breadcrumb"},"inLanguage":"fr-FR","potentialAction":[{"@type":"ReadAction","target":["https:\/\/blogs.thesocialmedia.com\/leblogmoto\/2007\/07\/22\/la-premire-para\/"]}]},{"@type":"ImageObject","inLanguage":"fr-FR","@id":"https:\/\/blogs.thesocialmedia.com\/leblogmoto\/2007\/07\/22\/la-premire-para\/#primaryimage","url":"http:\/\/www.leblogmoto.com\/images\/2007\/07\/21\/ruff_ryders_parade_3.jpg","contentUrl":"http:\/\/www.leblogmoto.com\/images\/2007\/07\/21\/ruff_ryders_parade_3.jpg"},{"@type":"BreadcrumbList","@id":"https:\/\/blogs.thesocialmedia.com\/leblogmoto\/2007\/07\/22\/la-premire-para\/#breadcrumb","itemListElement":[{"@type":"ListItem","position":1,"name":"Accueil","item":"https:\/\/blogs.thesocialmedia.com\/leblogmoto\/"},{"@type":"ListItem","position":2,"name":"La parade des Ruff Ryders d\u00e9rape \u00e0 Los Angeles"}]},{"@type":"WebSite","@id":"https:\/\/blogs.thesocialmedia.com\/leblogmoto\/#website","url":"https:\/\/blogs.thesocialmedia.com\/leblogmoto\/","name":"leblogmoto","description":"Toute l&#039;actualit\u00e9 des 2 roues","potentialAction":[{"@type":"SearchAction","target":{"@type":"EntryPoint","urlTemplate":"https:\/\/blogs.thesocialmedia.com\/leblogmoto\/?s={search_term_string}"},"query-input":{"@type":"PropertyValueSpecification","valueRequired":true,"valueName":"search_term_string"}}],"inLanguage":"fr-FR"},{"@type":"Person","@id":"https:\/\/blogs.thesocialmedia.com\/leblogmoto\/#\/schema\/person\/b496d27c898c29a39678e2425cafb9ae","name":"albin le guyader","image":{"@type":"ImageObject","inLanguage":"fr-FR","@id":"https:\/\/blogs.thesocialmedia.com\/leblogmoto\/#\/schema\/person\/image\/","url":"https:\/\/secure.gravatar.com\/avatar\/?s=96&d=mm&r=g","contentUrl":"https:\/\/secure.gravatar.com\/avatar\/?s=96&d=mm&r=g","caption":"albin le guyader"},"url":"https:\/\/blogs.thesocialmedia.com\/leblogmoto\/author\/albin-le-guyader\/"}]}},"_links":{"self":[{"href":"https:\/\/blogs.thesocialmedia.com\/leblogmoto\/wp-json\/wp\/v2\/posts\/1310","targetHints":{"allow":["GET"]}}],"collection":[{"href":"https:\/\/blogs.thesocialmedia.com\/leblogmoto\/wp-json\/wp\/v2\/posts"}],"about":[{"href":"https:\/\/blogs.thesocialmedia.com\/leblogmoto\/wp-json\/wp\/v2\/types\/post"}],"author":[{"embeddable":true,"href":"https:\/\/blogs.thesocialmedia.com\/leblogmoto\/wp-json\/wp\/v2\/users\/323"}],"replies":[{"embeddable":true,"href":"https:\/\/blogs.thesocialmedia.com\/leblogmoto\/wp-json\/wp\/v2\/comments?post=1310"}],"version-history":[{"count":2,"href":"https:\/\/blogs.thesocialmedia.com\/leblogmoto\/wp-json\/wp\/v2\/posts\/1310\/revisions"}],"predecessor-version":[{"id":8545,"href":"https:\/\/blogs.thesocialmedia.com\/leblogmoto\/wp-json\/wp\/v2\/posts\/1310\/revisions\/8545"}],"wp:attachment":[{"href":"https:\/\/blogs.thesocialmedia.com\/leblogmoto\/wp-json\/wp\/v2\/media?parent=1310"}],"wp:term":[{"taxonomy":"category","embeddable":true,"href":"https:\/\/blogs.thesocialmedia.com\/leblogmoto\/wp-json\/wp\/v2\/categories?post=1310"},{"taxonomy":"post_tag","embeddable":true,"href":"https:\/\/blogs.thesocialmedia.com\/leblogmoto\/wp-json\/wp\/v2\/tags?post=1310"}],"curies":[{"name":"wp","href":"https:\/\/api.w.org\/{rel}","templated":true}]}}