{"id":1312,"date":"2007-07-18T23:54:05","date_gmt":"2007-07-18T23:54:05","guid":{"rendered":"http:\/\/blogs.thesocialmedia.com\/leblogmoto\/2007\/07\/18\/vido-voyons-les\/"},"modified":"2012-07-11T14:41:52","modified_gmt":"2012-07-11T14:41:52","slug":"vido-voyons-les","status":"publish","type":"post","link":"https:\/\/blogs.thesocialmedia.com\/leblogmoto\/2007\/07\/18\/vido-voyons-les\/","title":{"rendered":"Vid\u00e9o : Voyons les choses en grand !"},"content":{"rendered":"<p><a href=\"http:\/\/blogs.thesocialmedia.com\/leblogmoto\/files\/2012\/07\/largest_motorbike.jpg\"><img loading=\"lazy\" decoding=\"async\" height=\"181\" alt=\"Largest_motorbike\" src=\"http:\/\/www.leblogmoto.com\/images\/2007\/07\/18\/largest_motorbike.jpg\" width=\"250\"  \/><\/a> De <a href=\"http:\/\/fr.wikipedia.org\/wiki\/Etats_unis\">l&rsquo;autre c\u00f4t\u00e9<\/a> de l&rsquo;Atlantique on a l&rsquo;habitude de voir les choses en grand. En voici l&rsquo;exemple avec cette moto de 3,35 m\u00e8tres de hauteur pour 6 m\u00e8tres de longueur qui co\u00fbte la bagatelle de 300 000$&#8230; Elle a \u00e9t\u00e9 invent\u00e9 par Greg Dunham et devient ainsi la plus grande moto du monde.<br \/>Je vous laisse donc d\u00e9couvrir <a href=\"http:\/\/uk.youtube.com\/watch?v=E90oOf7YIvI\">une vid\u00e9o<\/a> qui retrace bri\u00e8vement sa cr\u00e9ation.<\/p>\n<p>   <embed src=\"http:\/\/www.youtube.com\/v\/E90oOf7YIvI\" width=\"470\" height=\"350\" type=\"application\/x-shockwave-flash\"><\/embed><\/p>\n<p>La vid\u00e9o est diponible <a href=\"http:\/\/uk.youtube.com\/watch?v=E90oOf7YIvI\">ici<\/a>.<\/p>\n","protected":false},"excerpt":{"rendered":"<p>De l&rsquo;autre c\u00f4t\u00e9 de l&rsquo;Atlantique on a l&rsquo;habitude de voir les choses en grand. En voici l&rsquo;exemple avec cette moto de 3,35 m\u00e8tres de hauteur pour 6 m\u00e8tres de longueur qui co\u00fbte la bagatelle de 300 000$&#8230; Elle a \u00e9t\u00e9 invent\u00e9 par Greg Dunham et devient ainsi la plus grande moto du monde.Je vous laisse [&hellip;]<\/p>\n","protected":false},"author":329,"featured_media":0,"comment_status":"open","ping_status":"open","sticky":false,"template":"","format":"standard","meta":{"footnotes":""},"categories":[12],"tags":[],"class_list":["post-1312","post","type-post","status-publish","format-standard","hentry","category-videos"],"yoast_head":"<!-- This site is optimized with the Yoast SEO plugin v26.0 - https:\/\/yoast.com\/wordpress\/plugins\/seo\/ -->\n<title>Vid\u00e9o : Voyons les choses en grand ! - leblogmoto.com<\/title>\n<meta name=\"robots\" content=\"index, follow, max-snippet:-1, max-image-preview:large, max-video-preview:-1\" \/>\n<link rel=\"canonical\" href=\"https:\/\/blogs.thesocialmedia.com\/leblogmoto\/2007\/07\/18\/vido-voyons-les\/\" \/>\n<meta name=\"twitter:card\" content=\"summary_large_image\" \/>\n<meta name=\"twitter:title\" content=\"Vid\u00e9o : Voyons les choses en grand ! - leblogmoto.com\" \/>\n<meta name=\"twitter:description\" content=\"De l&rsquo;autre c\u00f4t\u00e9 de l&rsquo;Atlantique on a l&rsquo;habitude de voir les choses en grand. En voici l&rsquo;exemple avec cette moto de 3,35 m\u00e8tres de hauteur pour 6 m\u00e8tres de longueur qui co\u00fbte la bagatelle de 300 000$&#8230; Elle a \u00e9t\u00e9 invent\u00e9 par Greg Dunham et devient ainsi la plus grande moto du monde.Je vous laisse [&hellip;]\" \/>\n<meta name=\"twitter:image\" content=\"http:\/\/www.leblogmoto.com\/images\/2007\/07\/18\/largest_motorbike.jpg\" \/>\n<meta name=\"twitter:label1\" content=\"\u00c9crit par\" \/>\n\t<meta name=\"twitter:data1\" content=\"gregory boucaud\" \/>\n<script type=\"application\/ld+json\" class=\"yoast-schema-graph\">{\"@context\":\"https:\/\/schema.org\",\"@graph\":[{\"@type\":\"WebPage\",\"@id\":\"https:\/\/blogs.thesocialmedia.com\/leblogmoto\/2007\/07\/18\/vido-voyons-les\/\",\"url\":\"https:\/\/blogs.thesocialmedia.com\/leblogmoto\/2007\/07\/18\/vido-voyons-les\/\",\"name\":\"Vid\u00e9o : Voyons les choses en grand ! - leblogmoto.com\",\"isPartOf\":{\"@id\":\"https:\/\/blogs.thesocialmedia.com\/leblogmoto\/#website\"},\"primaryImageOfPage\":{\"@id\":\"https:\/\/blogs.thesocialmedia.com\/leblogmoto\/2007\/07\/18\/vido-voyons-les\/#primaryimage\"},\"image\":{\"@id\":\"https:\/\/blogs.thesocialmedia.com\/leblogmoto\/2007\/07\/18\/vido-voyons-les\/#primaryimage\"},\"thumbnailUrl\":\"http:\/\/www.leblogmoto.com\/images\/2007\/07\/18\/largest_motorbike.jpg\",\"datePublished\":\"2007-07-18T23:54:05+00:00\",\"dateModified\":\"2012-07-11T14:41:52+00:00\",\"author\":{\"@id\":\"https:\/\/blogs.thesocialmedia.com\/leblogmoto\/#\/schema\/person\/769623f89741cc3381675029a37764f8\"},\"breadcrumb\":{\"@id\":\"https:\/\/blogs.thesocialmedia.com\/leblogmoto\/2007\/07\/18\/vido-voyons-les\/#breadcrumb\"},\"inLanguage\":\"fr-FR\",\"potentialAction\":[{\"@type\":\"ReadAction\",\"target\":[\"https:\/\/blogs.thesocialmedia.com\/leblogmoto\/2007\/07\/18\/vido-voyons-les\/\"]}]},{\"@type\":\"ImageObject\",\"inLanguage\":\"fr-FR\",\"@id\":\"https:\/\/blogs.thesocialmedia.com\/leblogmoto\/2007\/07\/18\/vido-voyons-les\/#primaryimage\",\"url\":\"http:\/\/www.leblogmoto.com\/images\/2007\/07\/18\/largest_motorbike.jpg\",\"contentUrl\":\"http:\/\/www.leblogmoto.com\/images\/2007\/07\/18\/largest_motorbike.jpg\"},{\"@type\":\"BreadcrumbList\",\"@id\":\"https:\/\/blogs.thesocialmedia.com\/leblogmoto\/2007\/07\/18\/vido-voyons-les\/#breadcrumb\",\"itemListElement\":[{\"@type\":\"ListItem\",\"position\":1,\"name\":\"Accueil\",\"item\":\"https:\/\/blogs.thesocialmedia.com\/leblogmoto\/\"},{\"@type\":\"ListItem\",\"position\":2,\"name\":\"Vid\u00e9o : Voyons les choses en grand !\"}]},{\"@type\":\"WebSite\",\"@id\":\"https:\/\/blogs.thesocialmedia.com\/leblogmoto\/#website\",\"url\":\"https:\/\/blogs.thesocialmedia.com\/leblogmoto\/\",\"name\":\"leblogmoto\",\"description\":\"Toute l&#039;actualit\u00e9 des 2 roues\",\"potentialAction\":[{\"@type\":\"SearchAction\",\"target\":{\"@type\":\"EntryPoint\",\"urlTemplate\":\"https:\/\/blogs.thesocialmedia.com\/leblogmoto\/?s={search_term_string}\"},\"query-input\":{\"@type\":\"PropertyValueSpecification\",\"valueRequired\":true,\"valueName\":\"search_term_string\"}}],\"inLanguage\":\"fr-FR\"},{\"@type\":\"Person\",\"@id\":\"https:\/\/blogs.thesocialmedia.com\/leblogmoto\/#\/schema\/person\/769623f89741cc3381675029a37764f8\",\"name\":\"gregory boucaud\",\"image\":{\"@type\":\"ImageObject\",\"inLanguage\":\"fr-FR\",\"@id\":\"https:\/\/blogs.thesocialmedia.com\/leblogmoto\/#\/schema\/person\/image\/\",\"url\":\"https:\/\/secure.gravatar.com\/avatar\/?s=96&d=mm&r=g\",\"contentUrl\":\"https:\/\/secure.gravatar.com\/avatar\/?s=96&d=mm&r=g\",\"caption\":\"gregory boucaud\"},\"url\":\"https:\/\/blogs.thesocialmedia.com\/leblogmoto\/author\/gregory-boucaud\/\"}]}<\/script>\n<!-- \/ Yoast SEO plugin. -->","yoast_head_json":{"title":"Vid\u00e9o : Voyons les choses en grand ! - leblogmoto.com","robots":{"index":"index","follow":"follow","max-snippet":"max-snippet:-1","max-image-preview":"max-image-preview:large","max-video-preview":"max-video-preview:-1"},"canonical":"https:\/\/blogs.thesocialmedia.com\/leblogmoto\/2007\/07\/18\/vido-voyons-les\/","twitter_card":"summary_large_image","twitter_title":"Vid\u00e9o : Voyons les choses en grand ! - leblogmoto.com","twitter_description":"De l&rsquo;autre c\u00f4t\u00e9 de l&rsquo;Atlantique on a l&rsquo;habitude de voir les choses en grand. En voici l&rsquo;exemple avec cette moto de 3,35 m\u00e8tres de hauteur pour 6 m\u00e8tres de longueur qui co\u00fbte la bagatelle de 300 000$&#8230; Elle a \u00e9t\u00e9 invent\u00e9 par Greg Dunham et devient ainsi la plus grande moto du monde.Je vous laisse [&hellip;]","twitter_image":"http:\/\/www.leblogmoto.com\/images\/2007\/07\/18\/largest_motorbike.jpg","twitter_misc":{"\u00c9crit par":"gregory boucaud"},"schema":{"@context":"https:\/\/schema.org","@graph":[{"@type":"WebPage","@id":"https:\/\/blogs.thesocialmedia.com\/leblogmoto\/2007\/07\/18\/vido-voyons-les\/","url":"https:\/\/blogs.thesocialmedia.com\/leblogmoto\/2007\/07\/18\/vido-voyons-les\/","name":"Vid\u00e9o : Voyons les choses en grand ! - leblogmoto.com","isPartOf":{"@id":"https:\/\/blogs.thesocialmedia.com\/leblogmoto\/#website"},"primaryImageOfPage":{"@id":"https:\/\/blogs.thesocialmedia.com\/leblogmoto\/2007\/07\/18\/vido-voyons-les\/#primaryimage"},"image":{"@id":"https:\/\/blogs.thesocialmedia.com\/leblogmoto\/2007\/07\/18\/vido-voyons-les\/#primaryimage"},"thumbnailUrl":"http:\/\/www.leblogmoto.com\/images\/2007\/07\/18\/largest_motorbike.jpg","datePublished":"2007-07-18T23:54:05+00:00","dateModified":"2012-07-11T14:41:52+00:00","author":{"@id":"https:\/\/blogs.thesocialmedia.com\/leblogmoto\/#\/schema\/person\/769623f89741cc3381675029a37764f8"},"breadcrumb":{"@id":"https:\/\/blogs.thesocialmedia.com\/leblogmoto\/2007\/07\/18\/vido-voyons-les\/#breadcrumb"},"inLanguage":"fr-FR","potentialAction":[{"@type":"ReadAction","target":["https:\/\/blogs.thesocialmedia.com\/leblogmoto\/2007\/07\/18\/vido-voyons-les\/"]}]},{"@type":"ImageObject","inLanguage":"fr-FR","@id":"https:\/\/blogs.thesocialmedia.com\/leblogmoto\/2007\/07\/18\/vido-voyons-les\/#primaryimage","url":"http:\/\/www.leblogmoto.com\/images\/2007\/07\/18\/largest_motorbike.jpg","contentUrl":"http:\/\/www.leblogmoto.com\/images\/2007\/07\/18\/largest_motorbike.jpg"},{"@type":"BreadcrumbList","@id":"https:\/\/blogs.thesocialmedia.com\/leblogmoto\/2007\/07\/18\/vido-voyons-les\/#breadcrumb","itemListElement":[{"@type":"ListItem","position":1,"name":"Accueil","item":"https:\/\/blogs.thesocialmedia.com\/leblogmoto\/"},{"@type":"ListItem","position":2,"name":"Vid\u00e9o : Voyons les choses en grand !"}]},{"@type":"WebSite","@id":"https:\/\/blogs.thesocialmedia.com\/leblogmoto\/#website","url":"https:\/\/blogs.thesocialmedia.com\/leblogmoto\/","name":"leblogmoto","description":"Toute l&#039;actualit\u00e9 des 2 roues","potentialAction":[{"@type":"SearchAction","target":{"@type":"EntryPoint","urlTemplate":"https:\/\/blogs.thesocialmedia.com\/leblogmoto\/?s={search_term_string}"},"query-input":{"@type":"PropertyValueSpecification","valueRequired":true,"valueName":"search_term_string"}}],"inLanguage":"fr-FR"},{"@type":"Person","@id":"https:\/\/blogs.thesocialmedia.com\/leblogmoto\/#\/schema\/person\/769623f89741cc3381675029a37764f8","name":"gregory boucaud","image":{"@type":"ImageObject","inLanguage":"fr-FR","@id":"https:\/\/blogs.thesocialmedia.com\/leblogmoto\/#\/schema\/person\/image\/","url":"https:\/\/secure.gravatar.com\/avatar\/?s=96&d=mm&r=g","contentUrl":"https:\/\/secure.gravatar.com\/avatar\/?s=96&d=mm&r=g","caption":"gregory boucaud"},"url":"https:\/\/blogs.thesocialmedia.com\/leblogmoto\/author\/gregory-boucaud\/"}]}},"_links":{"self":[{"href":"https:\/\/blogs.thesocialmedia.com\/leblogmoto\/wp-json\/wp\/v2\/posts\/1312","targetHints":{"allow":["GET"]}}],"collection":[{"href":"https:\/\/blogs.thesocialmedia.com\/leblogmoto\/wp-json\/wp\/v2\/posts"}],"about":[{"href":"https:\/\/blogs.thesocialmedia.com\/leblogmoto\/wp-json\/wp\/v2\/types\/post"}],"author":[{"embeddable":true,"href":"https:\/\/blogs.thesocialmedia.com\/leblogmoto\/wp-json\/wp\/v2\/users\/329"}],"replies":[{"embeddable":true,"href":"https:\/\/blogs.thesocialmedia.com\/leblogmoto\/wp-json\/wp\/v2\/comments?post=1312"}],"version-history":[{"count":2,"href":"https:\/\/blogs.thesocialmedia.com\/leblogmoto\/wp-json\/wp\/v2\/posts\/1312\/revisions"}],"predecessor-version":[{"id":8541,"href":"https:\/\/blogs.thesocialmedia.com\/leblogmoto\/wp-json\/wp\/v2\/posts\/1312\/revisions\/8541"}],"wp:attachment":[{"href":"https:\/\/blogs.thesocialmedia.com\/leblogmoto\/wp-json\/wp\/v2\/media?parent=1312"}],"wp:term":[{"taxonomy":"category","embeddable":true,"href":"https:\/\/blogs.thesocialmedia.com\/leblogmoto\/wp-json\/wp\/v2\/categories?post=1312"},{"taxonomy":"post_tag","embeddable":true,"href":"https:\/\/blogs.thesocialmedia.com\/leblogmoto\/wp-json\/wp\/v2\/tags?post=1312"}],"curies":[{"name":"wp","href":"https:\/\/api.w.org\/{rel}","templated":true}]}}