{"id":1313,"date":"2007-07-18T23:04:10","date_gmt":"2007-07-18T23:04:10","guid":{"rendered":"http:\/\/blogs.thesocialmedia.com\/leblogmoto\/2007\/07\/18\/vido-la-gtr-140\/"},"modified":"2012-07-11T14:41:51","modified_gmt":"2012-07-11T14:41:51","slug":"vido-la-gtr-140","status":"publish","type":"post","link":"https:\/\/blogs.thesocialmedia.com\/leblogmoto\/2007\/07\/18\/vido-la-gtr-140\/","title":{"rendered":"Vid\u00e9o : La GTR 1400 comme vous ne l&rsquo;avez jamais vue&#8230;"},"content":{"rendered":"<p><a href=\"http:\/\/blogs.thesocialmedia.com\/leblogmoto\/files\/2012\/07\/1400gtr2007.jpg\"><img loading=\"lazy\" decoding=\"async\" height=\"191\" alt=\"1400gtr2007\" src=\"http:\/\/www.leblogmoto.com\/images\/2007\/07\/18\/1400gtr2007.jpg\" width=\"249\"  \/><\/a> La derni\u00e8re GT de chez <a href=\"http:\/\/www.kawasaki.fr\/\">Kawasaki<\/a> a fait couler beaucoup d&rsquo;encre sur elle. Chassis et moteur de la ZZR, transmission par cardan et ABS sont les ma\u00eetres mots de cette moto. De plus, vous aurez droit \u00e0 un d\u00e9luge d&rsquo;\u00e9lectronique comme par exemple le <a href=\"http:\/\/www.leblogmoto.com\/2007\/05\/kawasaki_1400gt.html\">syst\u00e8me Ki-Pass<\/a> pr\u00e9sent\u00e9 par Nicolas, ou alors le contr\u00f4le de pression des pneus etc&#8230;<br \/>Mais si vous voulez en savoir plus sur cette moto, je vous propose de d\u00e9couvrir cette vid\u00e9o produite par le magazine <a href=\"http:\/\/www.moto-journal.fr\/accueilBoutique.jsp?lg=fr&amp;id=1\">Moto-Journal<\/a> qui vous montre cette moto&#8230;sous un autre angle.<\/p>\n<p>N&rsquo;h\u00e9sitez pas \u00e0 intervenir&#8230; \ud83d\ude42<\/p>\n<div><embed src=\"http:\/\/www.dailymotion.com\/swf\/57FVC03RlBH2ehlZU\" width=\"470\" height=\"335\" type=\"application\/x-shockwave-flash\"><\/embed><\/p>\n<p>Source : <a href=\"http:\/\/www.dailymotion.com\/video\/x2gngq_turbeauf-lemission-impossible_fun\">Turbeauf, l&rsquo;\u00e9mission impossible<\/a> <em>envoy\u00e9 par <a href=\"http:\/\/www.dailymotion.com\/moto-journal\">moto-journal<\/a><\/em><\/div>\n","protected":false},"excerpt":{"rendered":"<p>La derni\u00e8re GT de chez Kawasaki a fait couler beaucoup d&rsquo;encre sur elle. Chassis et moteur de la ZZR, transmission par cardan et ABS sont les ma\u00eetres mots de cette moto. De plus, vous aurez droit \u00e0 un d\u00e9luge d&rsquo;\u00e9lectronique comme par exemple le syst\u00e8me Ki-Pass pr\u00e9sent\u00e9 par Nicolas, ou alors le contr\u00f4le de pression [&hellip;]<\/p>\n","protected":false},"author":329,"featured_media":0,"comment_status":"open","ping_status":"open","sticky":false,"template":"","format":"standard","meta":{"footnotes":""},"categories":[45,12],"tags":[],"class_list":["post-1313","post","type-post","status-publish","format-standard","hentry","category-kawasaki","category-videos"],"yoast_head":"<!-- This site is optimized with the Yoast SEO plugin v26.0 - https:\/\/yoast.com\/wordpress\/plugins\/seo\/ -->\n<title>Vid\u00e9o : La GTR 1400 comme vous ne l&#039;avez jamais vue... - leblogmoto.com<\/title>\n<meta name=\"robots\" content=\"index, follow, max-snippet:-1, max-image-preview:large, max-video-preview:-1\" \/>\n<link rel=\"canonical\" href=\"https:\/\/blogs.thesocialmedia.com\/leblogmoto\/2007\/07\/18\/vido-la-gtr-140\/\" \/>\n<meta name=\"twitter:card\" content=\"summary_large_image\" \/>\n<meta name=\"twitter:title\" content=\"Vid\u00e9o : La GTR 1400 comme vous ne l&#039;avez jamais vue... - leblogmoto.com\" \/>\n<meta name=\"twitter:description\" content=\"La derni\u00e8re GT de chez Kawasaki a fait couler beaucoup d&rsquo;encre sur elle. Chassis et moteur de la ZZR, transmission par cardan et ABS sont les ma\u00eetres mots de cette moto. De plus, vous aurez droit \u00e0 un d\u00e9luge d&rsquo;\u00e9lectronique comme par exemple le syst\u00e8me Ki-Pass pr\u00e9sent\u00e9 par Nicolas, ou alors le contr\u00f4le de pression [&hellip;]\" \/>\n<meta name=\"twitter:image\" content=\"http:\/\/www.leblogmoto.com\/images\/2007\/07\/18\/1400gtr2007.jpg\" \/>\n<meta name=\"twitter:label1\" content=\"\u00c9crit par\" \/>\n\t<meta name=\"twitter:data1\" content=\"gregory boucaud\" \/>\n\t<meta name=\"twitter:label2\" content=\"Dur\u00e9e de lecture estim\u00e9e\" \/>\n\t<meta name=\"twitter:data2\" content=\"1 minute\" \/>\n<script type=\"application\/ld+json\" class=\"yoast-schema-graph\">{\"@context\":\"https:\/\/schema.org\",\"@graph\":[{\"@type\":\"WebPage\",\"@id\":\"https:\/\/blogs.thesocialmedia.com\/leblogmoto\/2007\/07\/18\/vido-la-gtr-140\/\",\"url\":\"https:\/\/blogs.thesocialmedia.com\/leblogmoto\/2007\/07\/18\/vido-la-gtr-140\/\",\"name\":\"Vid\u00e9o : La GTR 1400 comme vous ne l'avez jamais vue... - leblogmoto.com\",\"isPartOf\":{\"@id\":\"https:\/\/blogs.thesocialmedia.com\/leblogmoto\/#website\"},\"primaryImageOfPage\":{\"@id\":\"https:\/\/blogs.thesocialmedia.com\/leblogmoto\/2007\/07\/18\/vido-la-gtr-140\/#primaryimage\"},\"image\":{\"@id\":\"https:\/\/blogs.thesocialmedia.com\/leblogmoto\/2007\/07\/18\/vido-la-gtr-140\/#primaryimage\"},\"thumbnailUrl\":\"http:\/\/www.leblogmoto.com\/images\/2007\/07\/18\/1400gtr2007.jpg\",\"datePublished\":\"2007-07-18T23:04:10+00:00\",\"dateModified\":\"2012-07-11T14:41:51+00:00\",\"author\":{\"@id\":\"https:\/\/blogs.thesocialmedia.com\/leblogmoto\/#\/schema\/person\/769623f89741cc3381675029a37764f8\"},\"breadcrumb\":{\"@id\":\"https:\/\/blogs.thesocialmedia.com\/leblogmoto\/2007\/07\/18\/vido-la-gtr-140\/#breadcrumb\"},\"inLanguage\":\"fr-FR\",\"potentialAction\":[{\"@type\":\"ReadAction\",\"target\":[\"https:\/\/blogs.thesocialmedia.com\/leblogmoto\/2007\/07\/18\/vido-la-gtr-140\/\"]}]},{\"@type\":\"ImageObject\",\"inLanguage\":\"fr-FR\",\"@id\":\"https:\/\/blogs.thesocialmedia.com\/leblogmoto\/2007\/07\/18\/vido-la-gtr-140\/#primaryimage\",\"url\":\"http:\/\/www.leblogmoto.com\/images\/2007\/07\/18\/1400gtr2007.jpg\",\"contentUrl\":\"http:\/\/www.leblogmoto.com\/images\/2007\/07\/18\/1400gtr2007.jpg\"},{\"@type\":\"BreadcrumbList\",\"@id\":\"https:\/\/blogs.thesocialmedia.com\/leblogmoto\/2007\/07\/18\/vido-la-gtr-140\/#breadcrumb\",\"itemListElement\":[{\"@type\":\"ListItem\",\"position\":1,\"name\":\"Accueil\",\"item\":\"https:\/\/blogs.thesocialmedia.com\/leblogmoto\/\"},{\"@type\":\"ListItem\",\"position\":2,\"name\":\"Vid\u00e9o : La GTR 1400 comme vous ne l&rsquo;avez jamais vue&#8230;\"}]},{\"@type\":\"WebSite\",\"@id\":\"https:\/\/blogs.thesocialmedia.com\/leblogmoto\/#website\",\"url\":\"https:\/\/blogs.thesocialmedia.com\/leblogmoto\/\",\"name\":\"leblogmoto\",\"description\":\"Toute l&#039;actualit\u00e9 des 2 roues\",\"potentialAction\":[{\"@type\":\"SearchAction\",\"target\":{\"@type\":\"EntryPoint\",\"urlTemplate\":\"https:\/\/blogs.thesocialmedia.com\/leblogmoto\/?s={search_term_string}\"},\"query-input\":{\"@type\":\"PropertyValueSpecification\",\"valueRequired\":true,\"valueName\":\"search_term_string\"}}],\"inLanguage\":\"fr-FR\"},{\"@type\":\"Person\",\"@id\":\"https:\/\/blogs.thesocialmedia.com\/leblogmoto\/#\/schema\/person\/769623f89741cc3381675029a37764f8\",\"name\":\"gregory boucaud\",\"image\":{\"@type\":\"ImageObject\",\"inLanguage\":\"fr-FR\",\"@id\":\"https:\/\/blogs.thesocialmedia.com\/leblogmoto\/#\/schema\/person\/image\/\",\"url\":\"https:\/\/secure.gravatar.com\/avatar\/?s=96&d=mm&r=g\",\"contentUrl\":\"https:\/\/secure.gravatar.com\/avatar\/?s=96&d=mm&r=g\",\"caption\":\"gregory boucaud\"},\"url\":\"https:\/\/blogs.thesocialmedia.com\/leblogmoto\/author\/gregory-boucaud\/\"}]}<\/script>\n<!-- \/ Yoast SEO plugin. -->","yoast_head_json":{"title":"Vid\u00e9o : La GTR 1400 comme vous ne l'avez jamais vue... - leblogmoto.com","robots":{"index":"index","follow":"follow","max-snippet":"max-snippet:-1","max-image-preview":"max-image-preview:large","max-video-preview":"max-video-preview:-1"},"canonical":"https:\/\/blogs.thesocialmedia.com\/leblogmoto\/2007\/07\/18\/vido-la-gtr-140\/","twitter_card":"summary_large_image","twitter_title":"Vid\u00e9o : La GTR 1400 comme vous ne l'avez jamais vue... - leblogmoto.com","twitter_description":"La derni\u00e8re GT de chez Kawasaki a fait couler beaucoup d&rsquo;encre sur elle. Chassis et moteur de la ZZR, transmission par cardan et ABS sont les ma\u00eetres mots de cette moto. De plus, vous aurez droit \u00e0 un d\u00e9luge d&rsquo;\u00e9lectronique comme par exemple le syst\u00e8me Ki-Pass pr\u00e9sent\u00e9 par Nicolas, ou alors le contr\u00f4le de pression [&hellip;]","twitter_image":"http:\/\/www.leblogmoto.com\/images\/2007\/07\/18\/1400gtr2007.jpg","twitter_misc":{"\u00c9crit par":"gregory boucaud","Dur\u00e9e de lecture estim\u00e9e":"1 minute"},"schema":{"@context":"https:\/\/schema.org","@graph":[{"@type":"WebPage","@id":"https:\/\/blogs.thesocialmedia.com\/leblogmoto\/2007\/07\/18\/vido-la-gtr-140\/","url":"https:\/\/blogs.thesocialmedia.com\/leblogmoto\/2007\/07\/18\/vido-la-gtr-140\/","name":"Vid\u00e9o : La GTR 1400 comme vous ne l'avez jamais vue... - leblogmoto.com","isPartOf":{"@id":"https:\/\/blogs.thesocialmedia.com\/leblogmoto\/#website"},"primaryImageOfPage":{"@id":"https:\/\/blogs.thesocialmedia.com\/leblogmoto\/2007\/07\/18\/vido-la-gtr-140\/#primaryimage"},"image":{"@id":"https:\/\/blogs.thesocialmedia.com\/leblogmoto\/2007\/07\/18\/vido-la-gtr-140\/#primaryimage"},"thumbnailUrl":"http:\/\/www.leblogmoto.com\/images\/2007\/07\/18\/1400gtr2007.jpg","datePublished":"2007-07-18T23:04:10+00:00","dateModified":"2012-07-11T14:41:51+00:00","author":{"@id":"https:\/\/blogs.thesocialmedia.com\/leblogmoto\/#\/schema\/person\/769623f89741cc3381675029a37764f8"},"breadcrumb":{"@id":"https:\/\/blogs.thesocialmedia.com\/leblogmoto\/2007\/07\/18\/vido-la-gtr-140\/#breadcrumb"},"inLanguage":"fr-FR","potentialAction":[{"@type":"ReadAction","target":["https:\/\/blogs.thesocialmedia.com\/leblogmoto\/2007\/07\/18\/vido-la-gtr-140\/"]}]},{"@type":"ImageObject","inLanguage":"fr-FR","@id":"https:\/\/blogs.thesocialmedia.com\/leblogmoto\/2007\/07\/18\/vido-la-gtr-140\/#primaryimage","url":"http:\/\/www.leblogmoto.com\/images\/2007\/07\/18\/1400gtr2007.jpg","contentUrl":"http:\/\/www.leblogmoto.com\/images\/2007\/07\/18\/1400gtr2007.jpg"},{"@type":"BreadcrumbList","@id":"https:\/\/blogs.thesocialmedia.com\/leblogmoto\/2007\/07\/18\/vido-la-gtr-140\/#breadcrumb","itemListElement":[{"@type":"ListItem","position":1,"name":"Accueil","item":"https:\/\/blogs.thesocialmedia.com\/leblogmoto\/"},{"@type":"ListItem","position":2,"name":"Vid\u00e9o : La GTR 1400 comme vous ne l&rsquo;avez jamais vue&#8230;"}]},{"@type":"WebSite","@id":"https:\/\/blogs.thesocialmedia.com\/leblogmoto\/#website","url":"https:\/\/blogs.thesocialmedia.com\/leblogmoto\/","name":"leblogmoto","description":"Toute l&#039;actualit\u00e9 des 2 roues","potentialAction":[{"@type":"SearchAction","target":{"@type":"EntryPoint","urlTemplate":"https:\/\/blogs.thesocialmedia.com\/leblogmoto\/?s={search_term_string}"},"query-input":{"@type":"PropertyValueSpecification","valueRequired":true,"valueName":"search_term_string"}}],"inLanguage":"fr-FR"},{"@type":"Person","@id":"https:\/\/blogs.thesocialmedia.com\/leblogmoto\/#\/schema\/person\/769623f89741cc3381675029a37764f8","name":"gregory boucaud","image":{"@type":"ImageObject","inLanguage":"fr-FR","@id":"https:\/\/blogs.thesocialmedia.com\/leblogmoto\/#\/schema\/person\/image\/","url":"https:\/\/secure.gravatar.com\/avatar\/?s=96&d=mm&r=g","contentUrl":"https:\/\/secure.gravatar.com\/avatar\/?s=96&d=mm&r=g","caption":"gregory boucaud"},"url":"https:\/\/blogs.thesocialmedia.com\/leblogmoto\/author\/gregory-boucaud\/"}]}},"_links":{"self":[{"href":"https:\/\/blogs.thesocialmedia.com\/leblogmoto\/wp-json\/wp\/v2\/posts\/1313","targetHints":{"allow":["GET"]}}],"collection":[{"href":"https:\/\/blogs.thesocialmedia.com\/leblogmoto\/wp-json\/wp\/v2\/posts"}],"about":[{"href":"https:\/\/blogs.thesocialmedia.com\/leblogmoto\/wp-json\/wp\/v2\/types\/post"}],"author":[{"embeddable":true,"href":"https:\/\/blogs.thesocialmedia.com\/leblogmoto\/wp-json\/wp\/v2\/users\/329"}],"replies":[{"embeddable":true,"href":"https:\/\/blogs.thesocialmedia.com\/leblogmoto\/wp-json\/wp\/v2\/comments?post=1313"}],"version-history":[{"count":2,"href":"https:\/\/blogs.thesocialmedia.com\/leblogmoto\/wp-json\/wp\/v2\/posts\/1313\/revisions"}],"predecessor-version":[{"id":8539,"href":"https:\/\/blogs.thesocialmedia.com\/leblogmoto\/wp-json\/wp\/v2\/posts\/1313\/revisions\/8539"}],"wp:attachment":[{"href":"https:\/\/blogs.thesocialmedia.com\/leblogmoto\/wp-json\/wp\/v2\/media?parent=1313"}],"wp:term":[{"taxonomy":"category","embeddable":true,"href":"https:\/\/blogs.thesocialmedia.com\/leblogmoto\/wp-json\/wp\/v2\/categories?post=1313"},{"taxonomy":"post_tag","embeddable":true,"href":"https:\/\/blogs.thesocialmedia.com\/leblogmoto\/wp-json\/wp\/v2\/tags?post=1313"}],"curies":[{"name":"wp","href":"https:\/\/api.w.org\/{rel}","templated":true}]}}