{"id":1314,"date":"2007-07-17T01:39:45","date_gmt":"2007-07-17T01:39:45","guid":{"rendered":"http:\/\/blogs.thesocialmedia.com\/leblogmoto\/2007\/07\/17\/la-chute-de-val\/"},"modified":"2012-07-11T14:41:49","modified_gmt":"2012-07-11T14:41:49","slug":"la-chute-de-val","status":"publish","type":"post","link":"https:\/\/blogs.thesocialmedia.com\/leblogmoto\/2007\/07\/17\/la-chute-de-val\/","title":{"rendered":"GP d&rsquo;Allemagne: Pedrosa l&#8217;emporte, Rossi chute&#8230;"},"content":{"rendered":"<p><a href=\"http:\/\/blogs.thesocialmedia.com\/leblogmoto\/files\/2012\/07\/rossi_chute.jpg\"><img loading=\"lazy\" decoding=\"async\" width=\"470\" height=\"343\"  alt=\"Rossi_chute\" src=\"http:\/\/www.leblogmoto.com\/images\/2007\/07\/16\/rossi_chute.jpg\" \/><\/a> <\/p>\n<p>Cela faisait un an que Dany Pedrosa n&rsquo;avait pas gagn\u00e9 en MotoGP, depuis l&rsquo;\u00e9preuve de Donington en 2006&#8230; <\/p>\n<p>Il offre \u00e0 Honda la premi\u00e8re victoire de la saison devant Loris Capirossi et Nicky Hayden. Valentino Rossi chute au 6\u00e8me tour, Casey Stoner est 5\u00e8me et Randy de Puniet abandonne au dernier tour. <\/p>\n<p>Casey Stoner est toujours en t\u00eate avec 196 points devant Valentino Rossi 164 et Dany Pedrosa 144.<\/p>\n<p> Valentino Rossi de payer tr\u00e8s cher sa chute \u00e0 la fin du championnat&#8230;<\/p>\n<p> <embed width=\"410\" height=\"400\" src=\"http:\/\/www.vsocial.com\/ups\/20a7ef4efd96719171df8850bd12e50a\"><\/embed> <embed src=\"http:\/\/www.vsocial.com\/ups\/2bea5fc1210483e27e9d9645c0aa332a\" height=\"400\" width=\"410\"><\/embed> <\/p>\n","protected":false},"excerpt":{"rendered":"<p>Cela faisait un an que Dany Pedrosa n&rsquo;avait pas gagn\u00e9 en MotoGP, depuis l&rsquo;\u00e9preuve de Donington en 2006&#8230; Il offre \u00e0 Honda la premi\u00e8re victoire de la saison devant Loris Capirossi et Nicky Hayden. Valentino Rossi chute au 6\u00e8me tour, Casey Stoner est 5\u00e8me et Randy de Puniet abandonne au dernier tour. Casey Stoner est [&hellip;]<\/p>\n","protected":false},"author":323,"featured_media":0,"comment_status":"open","ping_status":"open","sticky":false,"template":"","format":"standard","meta":{"footnotes":""},"categories":[22],"tags":[],"class_list":["post-1314","post","type-post","status-publish","format-standard","hentry","category-motogp"],"yoast_head":"<!-- This site is optimized with the Yoast SEO plugin v26.0 - https:\/\/yoast.com\/wordpress\/plugins\/seo\/ -->\n<title>GP d&#039;Allemagne: Pedrosa l&#039;emporte, Rossi chute... - leblogmoto.com<\/title>\n<meta name=\"robots\" content=\"index, follow, max-snippet:-1, max-image-preview:large, max-video-preview:-1\" \/>\n<link rel=\"canonical\" href=\"https:\/\/blogs.thesocialmedia.com\/leblogmoto\/2007\/07\/17\/la-chute-de-val\/\" \/>\n<meta name=\"twitter:card\" content=\"summary_large_image\" \/>\n<meta name=\"twitter:title\" content=\"GP d&#039;Allemagne: Pedrosa l&#039;emporte, Rossi chute... - leblogmoto.com\" \/>\n<meta name=\"twitter:description\" content=\"Cela faisait un an que Dany Pedrosa n&rsquo;avait pas gagn\u00e9 en MotoGP, depuis l&rsquo;\u00e9preuve de Donington en 2006&#8230; Il offre \u00e0 Honda la premi\u00e8re victoire de la saison devant Loris Capirossi et Nicky Hayden. Valentino Rossi chute au 6\u00e8me tour, Casey Stoner est 5\u00e8me et Randy de Puniet abandonne au dernier tour. Casey Stoner est [&hellip;]\" \/>\n<meta name=\"twitter:image\" content=\"http:\/\/www.leblogmoto.com\/images\/2007\/07\/16\/rossi_chute.jpg\" \/>\n<meta name=\"twitter:label1\" content=\"\u00c9crit par\" \/>\n\t<meta name=\"twitter:data1\" content=\"albin le guyader\" \/>\n<script type=\"application\/ld+json\" class=\"yoast-schema-graph\">{\"@context\":\"https:\/\/schema.org\",\"@graph\":[{\"@type\":\"WebPage\",\"@id\":\"https:\/\/blogs.thesocialmedia.com\/leblogmoto\/2007\/07\/17\/la-chute-de-val\/\",\"url\":\"https:\/\/blogs.thesocialmedia.com\/leblogmoto\/2007\/07\/17\/la-chute-de-val\/\",\"name\":\"GP d'Allemagne: Pedrosa l'emporte, Rossi chute... - leblogmoto.com\",\"isPartOf\":{\"@id\":\"https:\/\/blogs.thesocialmedia.com\/leblogmoto\/#website\"},\"primaryImageOfPage\":{\"@id\":\"https:\/\/blogs.thesocialmedia.com\/leblogmoto\/2007\/07\/17\/la-chute-de-val\/#primaryimage\"},\"image\":{\"@id\":\"https:\/\/blogs.thesocialmedia.com\/leblogmoto\/2007\/07\/17\/la-chute-de-val\/#primaryimage\"},\"thumbnailUrl\":\"http:\/\/www.leblogmoto.com\/images\/2007\/07\/16\/rossi_chute.jpg\",\"datePublished\":\"2007-07-17T01:39:45+00:00\",\"dateModified\":\"2012-07-11T14:41:49+00:00\",\"author\":{\"@id\":\"https:\/\/blogs.thesocialmedia.com\/leblogmoto\/#\/schema\/person\/b496d27c898c29a39678e2425cafb9ae\"},\"breadcrumb\":{\"@id\":\"https:\/\/blogs.thesocialmedia.com\/leblogmoto\/2007\/07\/17\/la-chute-de-val\/#breadcrumb\"},\"inLanguage\":\"fr-FR\",\"potentialAction\":[{\"@type\":\"ReadAction\",\"target\":[\"https:\/\/blogs.thesocialmedia.com\/leblogmoto\/2007\/07\/17\/la-chute-de-val\/\"]}]},{\"@type\":\"ImageObject\",\"inLanguage\":\"fr-FR\",\"@id\":\"https:\/\/blogs.thesocialmedia.com\/leblogmoto\/2007\/07\/17\/la-chute-de-val\/#primaryimage\",\"url\":\"http:\/\/www.leblogmoto.com\/images\/2007\/07\/16\/rossi_chute.jpg\",\"contentUrl\":\"http:\/\/www.leblogmoto.com\/images\/2007\/07\/16\/rossi_chute.jpg\"},{\"@type\":\"BreadcrumbList\",\"@id\":\"https:\/\/blogs.thesocialmedia.com\/leblogmoto\/2007\/07\/17\/la-chute-de-val\/#breadcrumb\",\"itemListElement\":[{\"@type\":\"ListItem\",\"position\":1,\"name\":\"Accueil\",\"item\":\"https:\/\/blogs.thesocialmedia.com\/leblogmoto\/\"},{\"@type\":\"ListItem\",\"position\":2,\"name\":\"GP d&rsquo;Allemagne: Pedrosa l&#8217;emporte, Rossi chute&#8230;\"}]},{\"@type\":\"WebSite\",\"@id\":\"https:\/\/blogs.thesocialmedia.com\/leblogmoto\/#website\",\"url\":\"https:\/\/blogs.thesocialmedia.com\/leblogmoto\/\",\"name\":\"leblogmoto\",\"description\":\"Toute l&#039;actualit\u00e9 des 2 roues\",\"potentialAction\":[{\"@type\":\"SearchAction\",\"target\":{\"@type\":\"EntryPoint\",\"urlTemplate\":\"https:\/\/blogs.thesocialmedia.com\/leblogmoto\/?s={search_term_string}\"},\"query-input\":{\"@type\":\"PropertyValueSpecification\",\"valueRequired\":true,\"valueName\":\"search_term_string\"}}],\"inLanguage\":\"fr-FR\"},{\"@type\":\"Person\",\"@id\":\"https:\/\/blogs.thesocialmedia.com\/leblogmoto\/#\/schema\/person\/b496d27c898c29a39678e2425cafb9ae\",\"name\":\"albin le guyader\",\"image\":{\"@type\":\"ImageObject\",\"inLanguage\":\"fr-FR\",\"@id\":\"https:\/\/blogs.thesocialmedia.com\/leblogmoto\/#\/schema\/person\/image\/\",\"url\":\"https:\/\/secure.gravatar.com\/avatar\/?s=96&d=mm&r=g\",\"contentUrl\":\"https:\/\/secure.gravatar.com\/avatar\/?s=96&d=mm&r=g\",\"caption\":\"albin le guyader\"},\"url\":\"https:\/\/blogs.thesocialmedia.com\/leblogmoto\/author\/albin-le-guyader\/\"}]}<\/script>\n<!-- \/ Yoast SEO plugin. -->","yoast_head_json":{"title":"GP d'Allemagne: Pedrosa l'emporte, Rossi chute... - leblogmoto.com","robots":{"index":"index","follow":"follow","max-snippet":"max-snippet:-1","max-image-preview":"max-image-preview:large","max-video-preview":"max-video-preview:-1"},"canonical":"https:\/\/blogs.thesocialmedia.com\/leblogmoto\/2007\/07\/17\/la-chute-de-val\/","twitter_card":"summary_large_image","twitter_title":"GP d'Allemagne: Pedrosa l'emporte, Rossi chute... - leblogmoto.com","twitter_description":"Cela faisait un an que Dany Pedrosa n&rsquo;avait pas gagn\u00e9 en MotoGP, depuis l&rsquo;\u00e9preuve de Donington en 2006&#8230; Il offre \u00e0 Honda la premi\u00e8re victoire de la saison devant Loris Capirossi et Nicky Hayden. Valentino Rossi chute au 6\u00e8me tour, Casey Stoner est 5\u00e8me et Randy de Puniet abandonne au dernier tour. Casey Stoner est [&hellip;]","twitter_image":"http:\/\/www.leblogmoto.com\/images\/2007\/07\/16\/rossi_chute.jpg","twitter_misc":{"\u00c9crit par":"albin le guyader"},"schema":{"@context":"https:\/\/schema.org","@graph":[{"@type":"WebPage","@id":"https:\/\/blogs.thesocialmedia.com\/leblogmoto\/2007\/07\/17\/la-chute-de-val\/","url":"https:\/\/blogs.thesocialmedia.com\/leblogmoto\/2007\/07\/17\/la-chute-de-val\/","name":"GP d'Allemagne: Pedrosa l'emporte, Rossi chute... - leblogmoto.com","isPartOf":{"@id":"https:\/\/blogs.thesocialmedia.com\/leblogmoto\/#website"},"primaryImageOfPage":{"@id":"https:\/\/blogs.thesocialmedia.com\/leblogmoto\/2007\/07\/17\/la-chute-de-val\/#primaryimage"},"image":{"@id":"https:\/\/blogs.thesocialmedia.com\/leblogmoto\/2007\/07\/17\/la-chute-de-val\/#primaryimage"},"thumbnailUrl":"http:\/\/www.leblogmoto.com\/images\/2007\/07\/16\/rossi_chute.jpg","datePublished":"2007-07-17T01:39:45+00:00","dateModified":"2012-07-11T14:41:49+00:00","author":{"@id":"https:\/\/blogs.thesocialmedia.com\/leblogmoto\/#\/schema\/person\/b496d27c898c29a39678e2425cafb9ae"},"breadcrumb":{"@id":"https:\/\/blogs.thesocialmedia.com\/leblogmoto\/2007\/07\/17\/la-chute-de-val\/#breadcrumb"},"inLanguage":"fr-FR","potentialAction":[{"@type":"ReadAction","target":["https:\/\/blogs.thesocialmedia.com\/leblogmoto\/2007\/07\/17\/la-chute-de-val\/"]}]},{"@type":"ImageObject","inLanguage":"fr-FR","@id":"https:\/\/blogs.thesocialmedia.com\/leblogmoto\/2007\/07\/17\/la-chute-de-val\/#primaryimage","url":"http:\/\/www.leblogmoto.com\/images\/2007\/07\/16\/rossi_chute.jpg","contentUrl":"http:\/\/www.leblogmoto.com\/images\/2007\/07\/16\/rossi_chute.jpg"},{"@type":"BreadcrumbList","@id":"https:\/\/blogs.thesocialmedia.com\/leblogmoto\/2007\/07\/17\/la-chute-de-val\/#breadcrumb","itemListElement":[{"@type":"ListItem","position":1,"name":"Accueil","item":"https:\/\/blogs.thesocialmedia.com\/leblogmoto\/"},{"@type":"ListItem","position":2,"name":"GP d&rsquo;Allemagne: Pedrosa l&#8217;emporte, Rossi chute&#8230;"}]},{"@type":"WebSite","@id":"https:\/\/blogs.thesocialmedia.com\/leblogmoto\/#website","url":"https:\/\/blogs.thesocialmedia.com\/leblogmoto\/","name":"leblogmoto","description":"Toute l&#039;actualit\u00e9 des 2 roues","potentialAction":[{"@type":"SearchAction","target":{"@type":"EntryPoint","urlTemplate":"https:\/\/blogs.thesocialmedia.com\/leblogmoto\/?s={search_term_string}"},"query-input":{"@type":"PropertyValueSpecification","valueRequired":true,"valueName":"search_term_string"}}],"inLanguage":"fr-FR"},{"@type":"Person","@id":"https:\/\/blogs.thesocialmedia.com\/leblogmoto\/#\/schema\/person\/b496d27c898c29a39678e2425cafb9ae","name":"albin le guyader","image":{"@type":"ImageObject","inLanguage":"fr-FR","@id":"https:\/\/blogs.thesocialmedia.com\/leblogmoto\/#\/schema\/person\/image\/","url":"https:\/\/secure.gravatar.com\/avatar\/?s=96&d=mm&r=g","contentUrl":"https:\/\/secure.gravatar.com\/avatar\/?s=96&d=mm&r=g","caption":"albin le guyader"},"url":"https:\/\/blogs.thesocialmedia.com\/leblogmoto\/author\/albin-le-guyader\/"}]}},"_links":{"self":[{"href":"https:\/\/blogs.thesocialmedia.com\/leblogmoto\/wp-json\/wp\/v2\/posts\/1314","targetHints":{"allow":["GET"]}}],"collection":[{"href":"https:\/\/blogs.thesocialmedia.com\/leblogmoto\/wp-json\/wp\/v2\/posts"}],"about":[{"href":"https:\/\/blogs.thesocialmedia.com\/leblogmoto\/wp-json\/wp\/v2\/types\/post"}],"author":[{"embeddable":true,"href":"https:\/\/blogs.thesocialmedia.com\/leblogmoto\/wp-json\/wp\/v2\/users\/323"}],"replies":[{"embeddable":true,"href":"https:\/\/blogs.thesocialmedia.com\/leblogmoto\/wp-json\/wp\/v2\/comments?post=1314"}],"version-history":[{"count":2,"href":"https:\/\/blogs.thesocialmedia.com\/leblogmoto\/wp-json\/wp\/v2\/posts\/1314\/revisions"}],"predecessor-version":[{"id":8537,"href":"https:\/\/blogs.thesocialmedia.com\/leblogmoto\/wp-json\/wp\/v2\/posts\/1314\/revisions\/8537"}],"wp:attachment":[{"href":"https:\/\/blogs.thesocialmedia.com\/leblogmoto\/wp-json\/wp\/v2\/media?parent=1314"}],"wp:term":[{"taxonomy":"category","embeddable":true,"href":"https:\/\/blogs.thesocialmedia.com\/leblogmoto\/wp-json\/wp\/v2\/categories?post=1314"},{"taxonomy":"post_tag","embeddable":true,"href":"https:\/\/blogs.thesocialmedia.com\/leblogmoto\/wp-json\/wp\/v2\/tags?post=1314"}],"curies":[{"name":"wp","href":"https:\/\/api.w.org\/{rel}","templated":true}]}}