{"id":1315,"date":"2007-07-13T03:48:06","date_gmt":"2007-07-13T03:48:06","guid":{"rendered":"http:\/\/blogs.thesocialmedia.com\/leblogmoto\/2007\/07\/13\/harley-davidson-9\/"},"modified":"2012-07-11T14:41:47","modified_gmt":"2012-07-11T14:41:47","slug":"harley-davidson-9","status":"publish","type":"post","link":"https:\/\/blogs.thesocialmedia.com\/leblogmoto\/2007\/07\/13\/harley-davidson-9\/","title":{"rendered":"Harley-Davidson : Nouveaut\u00e9s 2008"},"content":{"rendered":"<p><a href=\"http:\/\/blogs.thesocialmedia.com\/leblogmoto\/files\/2012\/07\/harley_davidson_fxcw_rocker_2.jpg\"><\/a><a href=\"http:\/\/clabedan.typepad.com\/.shared\/image.html?\/photos\/uncategorized\/2007\/07\/12\/harley_davidson_fxcw_rocker_3.jpg\"><img loading=\"lazy\" decoding=\"async\" width=\"250\" height=\"166\"  alt=\"Harley_davidson_fxcw_rocker_3\" src=\"http:\/\/www.leblogmoto.com\/images\/2007\/07\/12\/harley_davidson_fxcw_rocker_3.jpg\" style=\"margin: 0px 5px 5px 0px;float: left\" \/><\/a>&nbsp; Apr\u00e8s Suzuki, voici que la marque de Wilwaukee <a href=\"http:\/\/www.harley-davidson.com\/wcm\/content\/pages\/home.jsp?locale=fr_FR&amp;bmLocale=fr_FR\">Harley &#8211; Davidson <\/a>pr\u00e9sente ses nouveaut\u00e9s pour l&rsquo;ann\u00e9e 2008.<br \/>A commencer par un nouveau-n\u00e9 dans la cat\u00e9gorie Softail, la Rocker, qui sera d\u00e9clin\u00e9e en deux mod\u00e8les dot\u00e9s d&rsquo;un nouvelle arri\u00e8re baptis\u00e9 Rockertail. Ce nouvel arri\u00e8re a la particularit\u00e9 de rattacher directement le garde-boue enveloppant au bras oscillant, au-dessus d\u2019un pneu de 240mm.<\/p>\n<p>&nbsp; La Rocker standard aura une selle solo et une finition monochrome tandis que la Rocker C aura droit \u00e0 plus de chromes et \u00e0 un Trick Seat qui permettra d&rsquo;avoir une selle biplace.<\/p>\n<p><a href=\"http:\/\/clabedan.typepad.com\/.shared\/image.html?\/photos\/uncategorized\/2007\/07\/12\/harley_davidson_dyna_fat_bob_2.jpg\"><img loading=\"lazy\" decoding=\"async\" width=\"250\" height=\"166\"  alt=\"Harley_davidson_dyna_fat_bob_2\" src=\"http:\/\/www.leblogmoto.com\/images\/2007\/07\/12\/harley_davidson_dyna_fat_bob_2.jpg\" style=\"margin: 0px 5px 5px 0px;float: left\" \/><\/a> Passons ensuite \u00e0 la Dyna Fat Bob qui sera dot\u00e9e d&rsquo;un optique double, un peu \u00e0 la fa\u00e7on des Triumph, d&rsquo;une fourche de 49 mm de diam\u00e8tre et d&rsquo;un nouvel \u00e9chappement Tommy Gun, un peu comme celui de la VROD.<br \/>De nouveaux pneus de 130 mm \u00e0 l&rsquo;avant et de 180 mm \u00e0 l&rsquo;arri\u00e8re feront aussi leur apparition.<\/p>\n<p><a href=\"http:\/\/blogs.thesocialmedia.com\/leblogmoto\/files\/2012\/07\/harley_davidson_sportster_nightst_2.jpg\"><img loading=\"lazy\" decoding=\"async\" width=\"250\" height=\"166\"  alt=\"Harley_davidson_sportster_nightst_2\" src=\"http:\/\/www.leblogmoto.com\/images\/2007\/07\/12\/harley_davidson_sportster_nightst_2.jpg\" style=\"margin: 0px 5px 5px 0px;float: left\" \/><\/a> Et pour terminer, voici la Sportster XL 1200N Nightster qui aura droit \u00e0 une suspension arri\u00e8re \u00e0 course rallong\u00e9e pour une meilleure garde au sol dans sa version europ\u00e9enne. D&rsquo;autres petites modifications de finitions seront effectu\u00e9es comme pour les diff\u00e9rents feux par exemple.<\/p>\n<p>Mais ce n&rsquo;est pas tout c\u00f4t\u00e9 nouveaut\u00e9s chez <a href=\"http:\/\/www.harley-davidson.com\/wcm\/content\/pages\/home.jsp?locale=fr_FR&amp;bmLocale=fr_FR\">HD<\/a> puisque les mod\u00e8les Touring seront dot\u00e9s de l&rsquo;ABS de s\u00e9rie. Comme quoi, cet \u00e9l\u00e9ment de s\u00e9curit\u00e9 tend \u00e0 se d\u00e9mocratiser de plus en plus&#8230;<\/p>\n<p>Source : <a href=\"http:\/\/www.vroom.be\">Vroom.be<\/a><\/p>\n","protected":false},"excerpt":{"rendered":"<p>&nbsp; Apr\u00e8s Suzuki, voici que la marque de Wilwaukee Harley &#8211; Davidson pr\u00e9sente ses nouveaut\u00e9s pour l&rsquo;ann\u00e9e 2008.A commencer par un nouveau-n\u00e9 dans la cat\u00e9gorie Softail, la Rocker, qui sera d\u00e9clin\u00e9e en deux mod\u00e8les dot\u00e9s d&rsquo;un nouvelle arri\u00e8re baptis\u00e9 Rockertail. Ce nouvel arri\u00e8re a la particularit\u00e9 de rattacher directement le garde-boue enveloppant au bras oscillant, [&hellip;]<\/p>\n","protected":false},"author":329,"featured_media":0,"comment_status":"open","ping_status":"open","sticky":false,"template":"","format":"standard","meta":{"footnotes":""},"categories":[3,29],"tags":[],"class_list":["post-1315","post","type-post","status-publish","format-standard","hentry","category-actualite","category-harley-davidson"],"yoast_head":"<!-- This site is optimized with the Yoast SEO plugin v26.0 - https:\/\/yoast.com\/wordpress\/plugins\/seo\/ -->\n<title>Harley-Davidson : Nouveaut\u00e9s 2008 - leblogmoto.com<\/title>\n<meta name=\"robots\" content=\"index, follow, max-snippet:-1, max-image-preview:large, max-video-preview:-1\" \/>\n<link rel=\"canonical\" href=\"https:\/\/blogs.thesocialmedia.com\/leblogmoto\/2007\/07\/13\/harley-davidson-9\/\" \/>\n<meta name=\"twitter:card\" content=\"summary_large_image\" \/>\n<meta name=\"twitter:title\" content=\"Harley-Davidson : Nouveaut\u00e9s 2008 - leblogmoto.com\" \/>\n<meta name=\"twitter:description\" content=\"&nbsp; Apr\u00e8s Suzuki, voici que la marque de Wilwaukee Harley &#8211; Davidson pr\u00e9sente ses nouveaut\u00e9s pour l&rsquo;ann\u00e9e 2008.A commencer par un nouveau-n\u00e9 dans la cat\u00e9gorie Softail, la Rocker, qui sera d\u00e9clin\u00e9e en deux mod\u00e8les dot\u00e9s d&rsquo;un nouvelle arri\u00e8re baptis\u00e9 Rockertail. Ce nouvel arri\u00e8re a la particularit\u00e9 de rattacher directement le garde-boue enveloppant au bras oscillant, [&hellip;]\" \/>\n<meta name=\"twitter:image\" content=\"http:\/\/www.leblogmoto.com\/images\/2007\/07\/12\/harley_davidson_fxcw_rocker_3.jpg\" \/>\n<meta name=\"twitter:label1\" content=\"\u00c9crit par\" \/>\n\t<meta name=\"twitter:data1\" content=\"gregory boucaud\" \/>\n\t<meta name=\"twitter:label2\" content=\"Dur\u00e9e de lecture estim\u00e9e\" \/>\n\t<meta name=\"twitter:data2\" content=\"1 minute\" \/>\n<script type=\"application\/ld+json\" class=\"yoast-schema-graph\">{\"@context\":\"https:\/\/schema.org\",\"@graph\":[{\"@type\":\"WebPage\",\"@id\":\"https:\/\/blogs.thesocialmedia.com\/leblogmoto\/2007\/07\/13\/harley-davidson-9\/\",\"url\":\"https:\/\/blogs.thesocialmedia.com\/leblogmoto\/2007\/07\/13\/harley-davidson-9\/\",\"name\":\"Harley-Davidson : Nouveaut\u00e9s 2008 - leblogmoto.com\",\"isPartOf\":{\"@id\":\"https:\/\/blogs.thesocialmedia.com\/leblogmoto\/#website\"},\"primaryImageOfPage\":{\"@id\":\"https:\/\/blogs.thesocialmedia.com\/leblogmoto\/2007\/07\/13\/harley-davidson-9\/#primaryimage\"},\"image\":{\"@id\":\"https:\/\/blogs.thesocialmedia.com\/leblogmoto\/2007\/07\/13\/harley-davidson-9\/#primaryimage\"},\"thumbnailUrl\":\"http:\/\/www.leblogmoto.com\/images\/2007\/07\/12\/harley_davidson_fxcw_rocker_3.jpg\",\"datePublished\":\"2007-07-13T03:48:06+00:00\",\"dateModified\":\"2012-07-11T14:41:47+00:00\",\"author\":{\"@id\":\"https:\/\/blogs.thesocialmedia.com\/leblogmoto\/#\/schema\/person\/769623f89741cc3381675029a37764f8\"},\"breadcrumb\":{\"@id\":\"https:\/\/blogs.thesocialmedia.com\/leblogmoto\/2007\/07\/13\/harley-davidson-9\/#breadcrumb\"},\"inLanguage\":\"fr-FR\",\"potentialAction\":[{\"@type\":\"ReadAction\",\"target\":[\"https:\/\/blogs.thesocialmedia.com\/leblogmoto\/2007\/07\/13\/harley-davidson-9\/\"]}]},{\"@type\":\"ImageObject\",\"inLanguage\":\"fr-FR\",\"@id\":\"https:\/\/blogs.thesocialmedia.com\/leblogmoto\/2007\/07\/13\/harley-davidson-9\/#primaryimage\",\"url\":\"http:\/\/www.leblogmoto.com\/images\/2007\/07\/12\/harley_davidson_fxcw_rocker_3.jpg\",\"contentUrl\":\"http:\/\/www.leblogmoto.com\/images\/2007\/07\/12\/harley_davidson_fxcw_rocker_3.jpg\"},{\"@type\":\"BreadcrumbList\",\"@id\":\"https:\/\/blogs.thesocialmedia.com\/leblogmoto\/2007\/07\/13\/harley-davidson-9\/#breadcrumb\",\"itemListElement\":[{\"@type\":\"ListItem\",\"position\":1,\"name\":\"Accueil\",\"item\":\"https:\/\/blogs.thesocialmedia.com\/leblogmoto\/\"},{\"@type\":\"ListItem\",\"position\":2,\"name\":\"Harley-Davidson : Nouveaut\u00e9s 2008\"}]},{\"@type\":\"WebSite\",\"@id\":\"https:\/\/blogs.thesocialmedia.com\/leblogmoto\/#website\",\"url\":\"https:\/\/blogs.thesocialmedia.com\/leblogmoto\/\",\"name\":\"leblogmoto\",\"description\":\"Toute l&#039;actualit\u00e9 des 2 roues\",\"potentialAction\":[{\"@type\":\"SearchAction\",\"target\":{\"@type\":\"EntryPoint\",\"urlTemplate\":\"https:\/\/blogs.thesocialmedia.com\/leblogmoto\/?s={search_term_string}\"},\"query-input\":{\"@type\":\"PropertyValueSpecification\",\"valueRequired\":true,\"valueName\":\"search_term_string\"}}],\"inLanguage\":\"fr-FR\"},{\"@type\":\"Person\",\"@id\":\"https:\/\/blogs.thesocialmedia.com\/leblogmoto\/#\/schema\/person\/769623f89741cc3381675029a37764f8\",\"name\":\"gregory boucaud\",\"image\":{\"@type\":\"ImageObject\",\"inLanguage\":\"fr-FR\",\"@id\":\"https:\/\/blogs.thesocialmedia.com\/leblogmoto\/#\/schema\/person\/image\/\",\"url\":\"https:\/\/secure.gravatar.com\/avatar\/?s=96&d=mm&r=g\",\"contentUrl\":\"https:\/\/secure.gravatar.com\/avatar\/?s=96&d=mm&r=g\",\"caption\":\"gregory boucaud\"},\"url\":\"https:\/\/blogs.thesocialmedia.com\/leblogmoto\/author\/gregory-boucaud\/\"}]}<\/script>\n<!-- \/ Yoast SEO plugin. -->","yoast_head_json":{"title":"Harley-Davidson : Nouveaut\u00e9s 2008 - leblogmoto.com","robots":{"index":"index","follow":"follow","max-snippet":"max-snippet:-1","max-image-preview":"max-image-preview:large","max-video-preview":"max-video-preview:-1"},"canonical":"https:\/\/blogs.thesocialmedia.com\/leblogmoto\/2007\/07\/13\/harley-davidson-9\/","twitter_card":"summary_large_image","twitter_title":"Harley-Davidson : Nouveaut\u00e9s 2008 - leblogmoto.com","twitter_description":"&nbsp; Apr\u00e8s Suzuki, voici que la marque de Wilwaukee Harley &#8211; Davidson pr\u00e9sente ses nouveaut\u00e9s pour l&rsquo;ann\u00e9e 2008.A commencer par un nouveau-n\u00e9 dans la cat\u00e9gorie Softail, la Rocker, qui sera d\u00e9clin\u00e9e en deux mod\u00e8les dot\u00e9s d&rsquo;un nouvelle arri\u00e8re baptis\u00e9 Rockertail. Ce nouvel arri\u00e8re a la particularit\u00e9 de rattacher directement le garde-boue enveloppant au bras oscillant, [&hellip;]","twitter_image":"http:\/\/www.leblogmoto.com\/images\/2007\/07\/12\/harley_davidson_fxcw_rocker_3.jpg","twitter_misc":{"\u00c9crit par":"gregory boucaud","Dur\u00e9e de lecture estim\u00e9e":"1 minute"},"schema":{"@context":"https:\/\/schema.org","@graph":[{"@type":"WebPage","@id":"https:\/\/blogs.thesocialmedia.com\/leblogmoto\/2007\/07\/13\/harley-davidson-9\/","url":"https:\/\/blogs.thesocialmedia.com\/leblogmoto\/2007\/07\/13\/harley-davidson-9\/","name":"Harley-Davidson : Nouveaut\u00e9s 2008 - leblogmoto.com","isPartOf":{"@id":"https:\/\/blogs.thesocialmedia.com\/leblogmoto\/#website"},"primaryImageOfPage":{"@id":"https:\/\/blogs.thesocialmedia.com\/leblogmoto\/2007\/07\/13\/harley-davidson-9\/#primaryimage"},"image":{"@id":"https:\/\/blogs.thesocialmedia.com\/leblogmoto\/2007\/07\/13\/harley-davidson-9\/#primaryimage"},"thumbnailUrl":"http:\/\/www.leblogmoto.com\/images\/2007\/07\/12\/harley_davidson_fxcw_rocker_3.jpg","datePublished":"2007-07-13T03:48:06+00:00","dateModified":"2012-07-11T14:41:47+00:00","author":{"@id":"https:\/\/blogs.thesocialmedia.com\/leblogmoto\/#\/schema\/person\/769623f89741cc3381675029a37764f8"},"breadcrumb":{"@id":"https:\/\/blogs.thesocialmedia.com\/leblogmoto\/2007\/07\/13\/harley-davidson-9\/#breadcrumb"},"inLanguage":"fr-FR","potentialAction":[{"@type":"ReadAction","target":["https:\/\/blogs.thesocialmedia.com\/leblogmoto\/2007\/07\/13\/harley-davidson-9\/"]}]},{"@type":"ImageObject","inLanguage":"fr-FR","@id":"https:\/\/blogs.thesocialmedia.com\/leblogmoto\/2007\/07\/13\/harley-davidson-9\/#primaryimage","url":"http:\/\/www.leblogmoto.com\/images\/2007\/07\/12\/harley_davidson_fxcw_rocker_3.jpg","contentUrl":"http:\/\/www.leblogmoto.com\/images\/2007\/07\/12\/harley_davidson_fxcw_rocker_3.jpg"},{"@type":"BreadcrumbList","@id":"https:\/\/blogs.thesocialmedia.com\/leblogmoto\/2007\/07\/13\/harley-davidson-9\/#breadcrumb","itemListElement":[{"@type":"ListItem","position":1,"name":"Accueil","item":"https:\/\/blogs.thesocialmedia.com\/leblogmoto\/"},{"@type":"ListItem","position":2,"name":"Harley-Davidson : Nouveaut\u00e9s 2008"}]},{"@type":"WebSite","@id":"https:\/\/blogs.thesocialmedia.com\/leblogmoto\/#website","url":"https:\/\/blogs.thesocialmedia.com\/leblogmoto\/","name":"leblogmoto","description":"Toute l&#039;actualit\u00e9 des 2 roues","potentialAction":[{"@type":"SearchAction","target":{"@type":"EntryPoint","urlTemplate":"https:\/\/blogs.thesocialmedia.com\/leblogmoto\/?s={search_term_string}"},"query-input":{"@type":"PropertyValueSpecification","valueRequired":true,"valueName":"search_term_string"}}],"inLanguage":"fr-FR"},{"@type":"Person","@id":"https:\/\/blogs.thesocialmedia.com\/leblogmoto\/#\/schema\/person\/769623f89741cc3381675029a37764f8","name":"gregory boucaud","image":{"@type":"ImageObject","inLanguage":"fr-FR","@id":"https:\/\/blogs.thesocialmedia.com\/leblogmoto\/#\/schema\/person\/image\/","url":"https:\/\/secure.gravatar.com\/avatar\/?s=96&d=mm&r=g","contentUrl":"https:\/\/secure.gravatar.com\/avatar\/?s=96&d=mm&r=g","caption":"gregory boucaud"},"url":"https:\/\/blogs.thesocialmedia.com\/leblogmoto\/author\/gregory-boucaud\/"}]}},"_links":{"self":[{"href":"https:\/\/blogs.thesocialmedia.com\/leblogmoto\/wp-json\/wp\/v2\/posts\/1315","targetHints":{"allow":["GET"]}}],"collection":[{"href":"https:\/\/blogs.thesocialmedia.com\/leblogmoto\/wp-json\/wp\/v2\/posts"}],"about":[{"href":"https:\/\/blogs.thesocialmedia.com\/leblogmoto\/wp-json\/wp\/v2\/types\/post"}],"author":[{"embeddable":true,"href":"https:\/\/blogs.thesocialmedia.com\/leblogmoto\/wp-json\/wp\/v2\/users\/329"}],"replies":[{"embeddable":true,"href":"https:\/\/blogs.thesocialmedia.com\/leblogmoto\/wp-json\/wp\/v2\/comments?post=1315"}],"version-history":[{"count":2,"href":"https:\/\/blogs.thesocialmedia.com\/leblogmoto\/wp-json\/wp\/v2\/posts\/1315\/revisions"}],"predecessor-version":[{"id":8535,"href":"https:\/\/blogs.thesocialmedia.com\/leblogmoto\/wp-json\/wp\/v2\/posts\/1315\/revisions\/8535"}],"wp:attachment":[{"href":"https:\/\/blogs.thesocialmedia.com\/leblogmoto\/wp-json\/wp\/v2\/media?parent=1315"}],"wp:term":[{"taxonomy":"category","embeddable":true,"href":"https:\/\/blogs.thesocialmedia.com\/leblogmoto\/wp-json\/wp\/v2\/categories?post=1315"},{"taxonomy":"post_tag","embeddable":true,"href":"https:\/\/blogs.thesocialmedia.com\/leblogmoto\/wp-json\/wp\/v2\/tags?post=1315"}],"curies":[{"name":"wp","href":"https:\/\/api.w.org\/{rel}","templated":true}]}}