{"id":1317,"date":"2007-07-12T03:51:05","date_gmt":"2007-07-12T03:51:05","guid":{"rendered":"http:\/\/blogs.thesocialmedia.com\/leblogmoto\/2007\/07\/12\/motostra-2007-l\/"},"modified":"2012-07-11T14:41:43","modified_gmt":"2012-07-11T14:41:43","slug":"motostra-2007-l","status":"publish","type":"post","link":"https:\/\/blogs.thesocialmedia.com\/leblogmoto\/2007\/07\/12\/motostra-2007-l\/","title":{"rendered":"Motostra 2007 : Les r\u00e9sultats"},"content":{"rendered":"<p><a href=\"http:\/\/blogs.thesocialmedia.com\/leblogmoto\/files\/2012\/07\/motostra_20071.jpg\"><img loading=\"lazy\" decoding=\"async\" width=\"250\" height=\"347\"  src=\"http:\/\/www.leblogmoto.com\/images\/2007\/07\/11\/motostra_2007.jpg\" alt=\"Motostra_2007\" style=\"margin: 0px 5px 5px 0px;float: left\" \/><\/a> Le week-end du 7 et 9 juillet dernier s&rsquo;est d\u00e9roul\u00e9 le 7\u00e8me festival du court-m\u00e9trage moto <a href=\"www.motostra.com\">Motostra<\/a>, festival qui a eu environ 800 entr\u00e9es . <br \/>Deux prix ont \u00e9t\u00e9 d\u00e9cern\u00e9s, celui de la meilleure id\u00e9e originale pour &quot;Mike The Reporter Moto&quot; de&nbsp; Philippe Lucchese ( Souvenez-vous de &quot;<a href=\"http:\/\/www.leblogmoto.com\/2007\/03\/voyage_sur_un_a.html\">Voyage sur un Aigle<\/a>&quot;, c&rsquo;\u00e9tait aussi lui), et celui du meilleur documentaire pour &quot;L&rsquo;Homme a la Jawa&quot; de Philippe Jean.<br \/>Sans oublier la mention sp\u00e9ciale du jury pour Thierry Baudier et ses clips humoristiques entre les courts-m\u00e9trages.<br \/>Ces diff\u00e9rents courts-m\u00e9trages devraient \u00eatre bient\u00f4t disponibles pour ceux qui n&rsquo;ont pas pu y \u00eatre.<\/p>\n<p>Source : <a href=\"www.motomag.com\">Motomag<\/a><\/p>\n","protected":false},"excerpt":{"rendered":"<p>Le week-end du 7 et 9 juillet dernier s&rsquo;est d\u00e9roul\u00e9 le 7\u00e8me festival du court-m\u00e9trage moto Motostra, festival qui a eu environ 800 entr\u00e9es . Deux prix ont \u00e9t\u00e9 d\u00e9cern\u00e9s, celui de la meilleure id\u00e9e originale pour &quot;Mike The Reporter Moto&quot; de&nbsp; Philippe Lucchese ( Souvenez-vous de &quot;Voyage sur un Aigle&quot;, c&rsquo;\u00e9tait aussi lui), et [&hellip;]<\/p>\n","protected":false},"author":329,"featured_media":0,"comment_status":"open","ping_status":"open","sticky":false,"template":"","format":"standard","meta":{"footnotes":""},"categories":[3,12],"tags":[],"class_list":["post-1317","post","type-post","status-publish","format-standard","hentry","category-actualite","category-videos"],"yoast_head":"<!-- This site is optimized with the Yoast SEO plugin v26.0 - https:\/\/yoast.com\/wordpress\/plugins\/seo\/ -->\n<title>Motostra 2007 : Les r\u00e9sultats - leblogmoto.com<\/title>\n<meta name=\"robots\" content=\"index, follow, max-snippet:-1, max-image-preview:large, max-video-preview:-1\" \/>\n<link rel=\"canonical\" href=\"https:\/\/blogs.thesocialmedia.com\/leblogmoto\/2007\/07\/12\/motostra-2007-l\/\" \/>\n<meta name=\"twitter:card\" content=\"summary_large_image\" \/>\n<meta name=\"twitter:title\" content=\"Motostra 2007 : Les r\u00e9sultats - leblogmoto.com\" \/>\n<meta name=\"twitter:description\" content=\"Le week-end du 7 et 9 juillet dernier s&rsquo;est d\u00e9roul\u00e9 le 7\u00e8me festival du court-m\u00e9trage moto Motostra, festival qui a eu environ 800 entr\u00e9es . Deux prix ont \u00e9t\u00e9 d\u00e9cern\u00e9s, celui de la meilleure id\u00e9e originale pour &quot;Mike The Reporter Moto&quot; de&nbsp; Philippe Lucchese ( Souvenez-vous de &quot;Voyage sur un Aigle&quot;, c&rsquo;\u00e9tait aussi lui), et [&hellip;]\" \/>\n<meta name=\"twitter:image\" content=\"http:\/\/www.leblogmoto.com\/images\/2007\/07\/11\/motostra_2007.jpg\" \/>\n<meta name=\"twitter:label1\" content=\"\u00c9crit par\" \/>\n\t<meta name=\"twitter:data1\" content=\"gregory boucaud\" \/>\n\t<meta name=\"twitter:label2\" content=\"Dur\u00e9e de lecture estim\u00e9e\" \/>\n\t<meta name=\"twitter:data2\" content=\"1 minute\" \/>\n<script type=\"application\/ld+json\" class=\"yoast-schema-graph\">{\"@context\":\"https:\/\/schema.org\",\"@graph\":[{\"@type\":\"WebPage\",\"@id\":\"https:\/\/blogs.thesocialmedia.com\/leblogmoto\/2007\/07\/12\/motostra-2007-l\/\",\"url\":\"https:\/\/blogs.thesocialmedia.com\/leblogmoto\/2007\/07\/12\/motostra-2007-l\/\",\"name\":\"Motostra 2007 : Les r\u00e9sultats - leblogmoto.com\",\"isPartOf\":{\"@id\":\"https:\/\/blogs.thesocialmedia.com\/leblogmoto\/#website\"},\"primaryImageOfPage\":{\"@id\":\"https:\/\/blogs.thesocialmedia.com\/leblogmoto\/2007\/07\/12\/motostra-2007-l\/#primaryimage\"},\"image\":{\"@id\":\"https:\/\/blogs.thesocialmedia.com\/leblogmoto\/2007\/07\/12\/motostra-2007-l\/#primaryimage\"},\"thumbnailUrl\":\"http:\/\/www.leblogmoto.com\/images\/2007\/07\/11\/motostra_2007.jpg\",\"datePublished\":\"2007-07-12T03:51:05+00:00\",\"dateModified\":\"2012-07-11T14:41:43+00:00\",\"author\":{\"@id\":\"https:\/\/blogs.thesocialmedia.com\/leblogmoto\/#\/schema\/person\/769623f89741cc3381675029a37764f8\"},\"breadcrumb\":{\"@id\":\"https:\/\/blogs.thesocialmedia.com\/leblogmoto\/2007\/07\/12\/motostra-2007-l\/#breadcrumb\"},\"inLanguage\":\"fr-FR\",\"potentialAction\":[{\"@type\":\"ReadAction\",\"target\":[\"https:\/\/blogs.thesocialmedia.com\/leblogmoto\/2007\/07\/12\/motostra-2007-l\/\"]}]},{\"@type\":\"ImageObject\",\"inLanguage\":\"fr-FR\",\"@id\":\"https:\/\/blogs.thesocialmedia.com\/leblogmoto\/2007\/07\/12\/motostra-2007-l\/#primaryimage\",\"url\":\"http:\/\/www.leblogmoto.com\/images\/2007\/07\/11\/motostra_2007.jpg\",\"contentUrl\":\"http:\/\/www.leblogmoto.com\/images\/2007\/07\/11\/motostra_2007.jpg\"},{\"@type\":\"BreadcrumbList\",\"@id\":\"https:\/\/blogs.thesocialmedia.com\/leblogmoto\/2007\/07\/12\/motostra-2007-l\/#breadcrumb\",\"itemListElement\":[{\"@type\":\"ListItem\",\"position\":1,\"name\":\"Accueil\",\"item\":\"https:\/\/blogs.thesocialmedia.com\/leblogmoto\/\"},{\"@type\":\"ListItem\",\"position\":2,\"name\":\"Motostra 2007 : Les r\u00e9sultats\"}]},{\"@type\":\"WebSite\",\"@id\":\"https:\/\/blogs.thesocialmedia.com\/leblogmoto\/#website\",\"url\":\"https:\/\/blogs.thesocialmedia.com\/leblogmoto\/\",\"name\":\"leblogmoto\",\"description\":\"Toute l&#039;actualit\u00e9 des 2 roues\",\"potentialAction\":[{\"@type\":\"SearchAction\",\"target\":{\"@type\":\"EntryPoint\",\"urlTemplate\":\"https:\/\/blogs.thesocialmedia.com\/leblogmoto\/?s={search_term_string}\"},\"query-input\":{\"@type\":\"PropertyValueSpecification\",\"valueRequired\":true,\"valueName\":\"search_term_string\"}}],\"inLanguage\":\"fr-FR\"},{\"@type\":\"Person\",\"@id\":\"https:\/\/blogs.thesocialmedia.com\/leblogmoto\/#\/schema\/person\/769623f89741cc3381675029a37764f8\",\"name\":\"gregory boucaud\",\"image\":{\"@type\":\"ImageObject\",\"inLanguage\":\"fr-FR\",\"@id\":\"https:\/\/blogs.thesocialmedia.com\/leblogmoto\/#\/schema\/person\/image\/\",\"url\":\"https:\/\/secure.gravatar.com\/avatar\/?s=96&d=mm&r=g\",\"contentUrl\":\"https:\/\/secure.gravatar.com\/avatar\/?s=96&d=mm&r=g\",\"caption\":\"gregory boucaud\"},\"url\":\"https:\/\/blogs.thesocialmedia.com\/leblogmoto\/author\/gregory-boucaud\/\"}]}<\/script>\n<!-- \/ Yoast SEO plugin. -->","yoast_head_json":{"title":"Motostra 2007 : Les r\u00e9sultats - leblogmoto.com","robots":{"index":"index","follow":"follow","max-snippet":"max-snippet:-1","max-image-preview":"max-image-preview:large","max-video-preview":"max-video-preview:-1"},"canonical":"https:\/\/blogs.thesocialmedia.com\/leblogmoto\/2007\/07\/12\/motostra-2007-l\/","twitter_card":"summary_large_image","twitter_title":"Motostra 2007 : Les r\u00e9sultats - leblogmoto.com","twitter_description":"Le week-end du 7 et 9 juillet dernier s&rsquo;est d\u00e9roul\u00e9 le 7\u00e8me festival du court-m\u00e9trage moto Motostra, festival qui a eu environ 800 entr\u00e9es . Deux prix ont \u00e9t\u00e9 d\u00e9cern\u00e9s, celui de la meilleure id\u00e9e originale pour &quot;Mike The Reporter Moto&quot; de&nbsp; Philippe Lucchese ( Souvenez-vous de &quot;Voyage sur un Aigle&quot;, c&rsquo;\u00e9tait aussi lui), et [&hellip;]","twitter_image":"http:\/\/www.leblogmoto.com\/images\/2007\/07\/11\/motostra_2007.jpg","twitter_misc":{"\u00c9crit par":"gregory boucaud","Dur\u00e9e de lecture estim\u00e9e":"1 minute"},"schema":{"@context":"https:\/\/schema.org","@graph":[{"@type":"WebPage","@id":"https:\/\/blogs.thesocialmedia.com\/leblogmoto\/2007\/07\/12\/motostra-2007-l\/","url":"https:\/\/blogs.thesocialmedia.com\/leblogmoto\/2007\/07\/12\/motostra-2007-l\/","name":"Motostra 2007 : Les r\u00e9sultats - leblogmoto.com","isPartOf":{"@id":"https:\/\/blogs.thesocialmedia.com\/leblogmoto\/#website"},"primaryImageOfPage":{"@id":"https:\/\/blogs.thesocialmedia.com\/leblogmoto\/2007\/07\/12\/motostra-2007-l\/#primaryimage"},"image":{"@id":"https:\/\/blogs.thesocialmedia.com\/leblogmoto\/2007\/07\/12\/motostra-2007-l\/#primaryimage"},"thumbnailUrl":"http:\/\/www.leblogmoto.com\/images\/2007\/07\/11\/motostra_2007.jpg","datePublished":"2007-07-12T03:51:05+00:00","dateModified":"2012-07-11T14:41:43+00:00","author":{"@id":"https:\/\/blogs.thesocialmedia.com\/leblogmoto\/#\/schema\/person\/769623f89741cc3381675029a37764f8"},"breadcrumb":{"@id":"https:\/\/blogs.thesocialmedia.com\/leblogmoto\/2007\/07\/12\/motostra-2007-l\/#breadcrumb"},"inLanguage":"fr-FR","potentialAction":[{"@type":"ReadAction","target":["https:\/\/blogs.thesocialmedia.com\/leblogmoto\/2007\/07\/12\/motostra-2007-l\/"]}]},{"@type":"ImageObject","inLanguage":"fr-FR","@id":"https:\/\/blogs.thesocialmedia.com\/leblogmoto\/2007\/07\/12\/motostra-2007-l\/#primaryimage","url":"http:\/\/www.leblogmoto.com\/images\/2007\/07\/11\/motostra_2007.jpg","contentUrl":"http:\/\/www.leblogmoto.com\/images\/2007\/07\/11\/motostra_2007.jpg"},{"@type":"BreadcrumbList","@id":"https:\/\/blogs.thesocialmedia.com\/leblogmoto\/2007\/07\/12\/motostra-2007-l\/#breadcrumb","itemListElement":[{"@type":"ListItem","position":1,"name":"Accueil","item":"https:\/\/blogs.thesocialmedia.com\/leblogmoto\/"},{"@type":"ListItem","position":2,"name":"Motostra 2007 : Les r\u00e9sultats"}]},{"@type":"WebSite","@id":"https:\/\/blogs.thesocialmedia.com\/leblogmoto\/#website","url":"https:\/\/blogs.thesocialmedia.com\/leblogmoto\/","name":"leblogmoto","description":"Toute l&#039;actualit\u00e9 des 2 roues","potentialAction":[{"@type":"SearchAction","target":{"@type":"EntryPoint","urlTemplate":"https:\/\/blogs.thesocialmedia.com\/leblogmoto\/?s={search_term_string}"},"query-input":{"@type":"PropertyValueSpecification","valueRequired":true,"valueName":"search_term_string"}}],"inLanguage":"fr-FR"},{"@type":"Person","@id":"https:\/\/blogs.thesocialmedia.com\/leblogmoto\/#\/schema\/person\/769623f89741cc3381675029a37764f8","name":"gregory boucaud","image":{"@type":"ImageObject","inLanguage":"fr-FR","@id":"https:\/\/blogs.thesocialmedia.com\/leblogmoto\/#\/schema\/person\/image\/","url":"https:\/\/secure.gravatar.com\/avatar\/?s=96&d=mm&r=g","contentUrl":"https:\/\/secure.gravatar.com\/avatar\/?s=96&d=mm&r=g","caption":"gregory boucaud"},"url":"https:\/\/blogs.thesocialmedia.com\/leblogmoto\/author\/gregory-boucaud\/"}]}},"_links":{"self":[{"href":"https:\/\/blogs.thesocialmedia.com\/leblogmoto\/wp-json\/wp\/v2\/posts\/1317","targetHints":{"allow":["GET"]}}],"collection":[{"href":"https:\/\/blogs.thesocialmedia.com\/leblogmoto\/wp-json\/wp\/v2\/posts"}],"about":[{"href":"https:\/\/blogs.thesocialmedia.com\/leblogmoto\/wp-json\/wp\/v2\/types\/post"}],"author":[{"embeddable":true,"href":"https:\/\/blogs.thesocialmedia.com\/leblogmoto\/wp-json\/wp\/v2\/users\/329"}],"replies":[{"embeddable":true,"href":"https:\/\/blogs.thesocialmedia.com\/leblogmoto\/wp-json\/wp\/v2\/comments?post=1317"}],"version-history":[{"count":2,"href":"https:\/\/blogs.thesocialmedia.com\/leblogmoto\/wp-json\/wp\/v2\/posts\/1317\/revisions"}],"predecessor-version":[{"id":8530,"href":"https:\/\/blogs.thesocialmedia.com\/leblogmoto\/wp-json\/wp\/v2\/posts\/1317\/revisions\/8530"}],"wp:attachment":[{"href":"https:\/\/blogs.thesocialmedia.com\/leblogmoto\/wp-json\/wp\/v2\/media?parent=1317"}],"wp:term":[{"taxonomy":"category","embeddable":true,"href":"https:\/\/blogs.thesocialmedia.com\/leblogmoto\/wp-json\/wp\/v2\/categories?post=1317"},{"taxonomy":"post_tag","embeddable":true,"href":"https:\/\/blogs.thesocialmedia.com\/leblogmoto\/wp-json\/wp\/v2\/tags?post=1317"}],"curies":[{"name":"wp","href":"https:\/\/api.w.org\/{rel}","templated":true}]}}