{"id":1319,"date":"2007-07-11T05:54:38","date_gmt":"2007-07-11T05:54:38","guid":{"rendered":"http:\/\/blogs.thesocialmedia.com\/leblogmoto\/2007\/07\/11\/belgique-encore\/"},"modified":"2012-07-11T14:41:39","modified_gmt":"2012-07-11T14:41:39","slug":"belgique-encore","status":"publish","type":"post","link":"https:\/\/blogs.thesocialmedia.com\/leblogmoto\/2007\/07\/11\/belgique-encore\/","title":{"rendered":"Belgique : Encore un coup d&rsquo;avance&#8230;"},"content":{"rendered":"<p><a href=\"http:\/\/blogs.thesocialmedia.com\/leblogmoto\/files\/2012\/07\/didier_reynders.jpg\"><img loading=\"lazy\" decoding=\"async\" height=\"318\" alt=\"Didier_reynders\" src=\"http:\/\/www.leblogmoto.com\/images\/2007\/07\/10\/didier_reynders.jpg\" width=\"250\"  \/><\/a> Vous ne connaissez peut-\u00eatre pas cet homme sur la photo mais sachez qu&rsquo;il a \u00e9t\u00e9 nomm\u00e9 informateur en vue de la formation du nouveau gouvernement f\u00e9d\u00e9ral de Belgique. Pour cela, il devra rencontrer les associations de motocyclistes afin de discuter de leurs attentes.<br \/>Des associations comme la F\u00e9d\u00e9ration Motocycliste de Belgique, le <a href=\"http:\/\/www.mag-uk.org\/index2.html\">MAG<\/a> (Motorcycle Action Group), le <a href=\"http:\/\/www.codever.be\/site\/\">Codever Belgique<\/a> (Comit\u00e9 de D\u00e9fense des Loisirs Verts), le <a href=\"http:\/\/www.fedemot.be\/\">Fedemot<\/a>, l&rsquo;<a href=\"http:\/\/www.addrm.be\/\">ADDRM <\/a>(Association pour la D\u00e9fense du Deux Roues Motoris\u00e9s) et bien d&rsquo;autres, discuteront sur des sujets comme l\u2019am\u00e9lioration des infrastructures routi\u00e8res, la diminution de la TVA sur les v\u00eatements de s\u00e9curit\u00e9 et de protection moto et la mise en place de circuits permanents accessibles financi\u00e8rement pour des formations moto, des cours de perfectionnement ou des runs libres sur circuit. <\/p>\n<p>Des sujets qui m\u00e9riteraient d&rsquo;\u00eatre abord\u00e9s en France mais qui ne sont pas encore d&rsquo;actualit\u00e9. Esperons que par la suite ils seront mis sur le devant de la sc\u00e8ne&#8230;<\/p>\n<p>N&rsquo;h\u00e9sitez pas \u00e0 d\u00e9poser vos commentaires \ud83d\ude42<\/p>\n<p>Sources : <a href=\"http:\/\/www.ffmc.asso.fr\/\">FFMC<\/a>, <a href=\"www.7sur7.be\">7 sur 7<\/a><\/p>\n","protected":false},"excerpt":{"rendered":"<p>Vous ne connaissez peut-\u00eatre pas cet homme sur la photo mais sachez qu&rsquo;il a \u00e9t\u00e9 nomm\u00e9 informateur en vue de la formation du nouveau gouvernement f\u00e9d\u00e9ral de Belgique. Pour cela, il devra rencontrer les associations de motocyclistes afin de discuter de leurs attentes.Des associations comme la F\u00e9d\u00e9ration Motocycliste de Belgique, le MAG (Motorcycle Action Group), [&hellip;]<\/p>\n","protected":false},"author":329,"featured_media":0,"comment_status":"open","ping_status":"open","sticky":false,"template":"","format":"standard","meta":{"footnotes":""},"categories":[27],"tags":[],"class_list":["post-1319","post","type-post","status-publish","format-standard","hentry","category-securite"],"yoast_head":"<!-- This site is optimized with the Yoast SEO plugin v26.0 - https:\/\/yoast.com\/wordpress\/plugins\/seo\/ -->\n<title>Belgique : Encore un coup d&#039;avance... - leblogmoto.com<\/title>\n<meta name=\"robots\" content=\"index, follow, max-snippet:-1, max-image-preview:large, max-video-preview:-1\" \/>\n<link rel=\"canonical\" href=\"https:\/\/blogs.thesocialmedia.com\/leblogmoto\/2007\/07\/11\/belgique-encore\/\" \/>\n<meta name=\"twitter:card\" content=\"summary_large_image\" \/>\n<meta name=\"twitter:title\" content=\"Belgique : Encore un coup d&#039;avance... - leblogmoto.com\" \/>\n<meta name=\"twitter:description\" content=\"Vous ne connaissez peut-\u00eatre pas cet homme sur la photo mais sachez qu&rsquo;il a \u00e9t\u00e9 nomm\u00e9 informateur en vue de la formation du nouveau gouvernement f\u00e9d\u00e9ral de Belgique. Pour cela, il devra rencontrer les associations de motocyclistes afin de discuter de leurs attentes.Des associations comme la F\u00e9d\u00e9ration Motocycliste de Belgique, le MAG (Motorcycle Action Group), [&hellip;]\" \/>\n<meta name=\"twitter:image\" content=\"http:\/\/www.leblogmoto.com\/images\/2007\/07\/10\/didier_reynders.jpg\" \/>\n<meta name=\"twitter:label1\" content=\"\u00c9crit par\" \/>\n\t<meta name=\"twitter:data1\" content=\"gregory boucaud\" \/>\n\t<meta name=\"twitter:label2\" content=\"Dur\u00e9e de lecture estim\u00e9e\" \/>\n\t<meta name=\"twitter:data2\" content=\"1 minute\" \/>\n<script type=\"application\/ld+json\" class=\"yoast-schema-graph\">{\"@context\":\"https:\/\/schema.org\",\"@graph\":[{\"@type\":\"WebPage\",\"@id\":\"https:\/\/blogs.thesocialmedia.com\/leblogmoto\/2007\/07\/11\/belgique-encore\/\",\"url\":\"https:\/\/blogs.thesocialmedia.com\/leblogmoto\/2007\/07\/11\/belgique-encore\/\",\"name\":\"Belgique : Encore un coup d'avance... - leblogmoto.com\",\"isPartOf\":{\"@id\":\"https:\/\/blogs.thesocialmedia.com\/leblogmoto\/#website\"},\"primaryImageOfPage\":{\"@id\":\"https:\/\/blogs.thesocialmedia.com\/leblogmoto\/2007\/07\/11\/belgique-encore\/#primaryimage\"},\"image\":{\"@id\":\"https:\/\/blogs.thesocialmedia.com\/leblogmoto\/2007\/07\/11\/belgique-encore\/#primaryimage\"},\"thumbnailUrl\":\"http:\/\/www.leblogmoto.com\/images\/2007\/07\/10\/didier_reynders.jpg\",\"datePublished\":\"2007-07-11T05:54:38+00:00\",\"dateModified\":\"2012-07-11T14:41:39+00:00\",\"author\":{\"@id\":\"https:\/\/blogs.thesocialmedia.com\/leblogmoto\/#\/schema\/person\/769623f89741cc3381675029a37764f8\"},\"breadcrumb\":{\"@id\":\"https:\/\/blogs.thesocialmedia.com\/leblogmoto\/2007\/07\/11\/belgique-encore\/#breadcrumb\"},\"inLanguage\":\"fr-FR\",\"potentialAction\":[{\"@type\":\"ReadAction\",\"target\":[\"https:\/\/blogs.thesocialmedia.com\/leblogmoto\/2007\/07\/11\/belgique-encore\/\"]}]},{\"@type\":\"ImageObject\",\"inLanguage\":\"fr-FR\",\"@id\":\"https:\/\/blogs.thesocialmedia.com\/leblogmoto\/2007\/07\/11\/belgique-encore\/#primaryimage\",\"url\":\"http:\/\/www.leblogmoto.com\/images\/2007\/07\/10\/didier_reynders.jpg\",\"contentUrl\":\"http:\/\/www.leblogmoto.com\/images\/2007\/07\/10\/didier_reynders.jpg\"},{\"@type\":\"BreadcrumbList\",\"@id\":\"https:\/\/blogs.thesocialmedia.com\/leblogmoto\/2007\/07\/11\/belgique-encore\/#breadcrumb\",\"itemListElement\":[{\"@type\":\"ListItem\",\"position\":1,\"name\":\"Accueil\",\"item\":\"https:\/\/blogs.thesocialmedia.com\/leblogmoto\/\"},{\"@type\":\"ListItem\",\"position\":2,\"name\":\"Belgique : Encore un coup d&rsquo;avance&#8230;\"}]},{\"@type\":\"WebSite\",\"@id\":\"https:\/\/blogs.thesocialmedia.com\/leblogmoto\/#website\",\"url\":\"https:\/\/blogs.thesocialmedia.com\/leblogmoto\/\",\"name\":\"leblogmoto\",\"description\":\"Toute l&#039;actualit\u00e9 des 2 roues\",\"potentialAction\":[{\"@type\":\"SearchAction\",\"target\":{\"@type\":\"EntryPoint\",\"urlTemplate\":\"https:\/\/blogs.thesocialmedia.com\/leblogmoto\/?s={search_term_string}\"},\"query-input\":{\"@type\":\"PropertyValueSpecification\",\"valueRequired\":true,\"valueName\":\"search_term_string\"}}],\"inLanguage\":\"fr-FR\"},{\"@type\":\"Person\",\"@id\":\"https:\/\/blogs.thesocialmedia.com\/leblogmoto\/#\/schema\/person\/769623f89741cc3381675029a37764f8\",\"name\":\"gregory boucaud\",\"image\":{\"@type\":\"ImageObject\",\"inLanguage\":\"fr-FR\",\"@id\":\"https:\/\/blogs.thesocialmedia.com\/leblogmoto\/#\/schema\/person\/image\/\",\"url\":\"https:\/\/secure.gravatar.com\/avatar\/?s=96&d=mm&r=g\",\"contentUrl\":\"https:\/\/secure.gravatar.com\/avatar\/?s=96&d=mm&r=g\",\"caption\":\"gregory boucaud\"},\"url\":\"https:\/\/blogs.thesocialmedia.com\/leblogmoto\/author\/gregory-boucaud\/\"}]}<\/script>\n<!-- \/ Yoast SEO plugin. -->","yoast_head_json":{"title":"Belgique : Encore un coup d'avance... - leblogmoto.com","robots":{"index":"index","follow":"follow","max-snippet":"max-snippet:-1","max-image-preview":"max-image-preview:large","max-video-preview":"max-video-preview:-1"},"canonical":"https:\/\/blogs.thesocialmedia.com\/leblogmoto\/2007\/07\/11\/belgique-encore\/","twitter_card":"summary_large_image","twitter_title":"Belgique : Encore un coup d'avance... - leblogmoto.com","twitter_description":"Vous ne connaissez peut-\u00eatre pas cet homme sur la photo mais sachez qu&rsquo;il a \u00e9t\u00e9 nomm\u00e9 informateur en vue de la formation du nouveau gouvernement f\u00e9d\u00e9ral de Belgique. Pour cela, il devra rencontrer les associations de motocyclistes afin de discuter de leurs attentes.Des associations comme la F\u00e9d\u00e9ration Motocycliste de Belgique, le MAG (Motorcycle Action Group), [&hellip;]","twitter_image":"http:\/\/www.leblogmoto.com\/images\/2007\/07\/10\/didier_reynders.jpg","twitter_misc":{"\u00c9crit par":"gregory boucaud","Dur\u00e9e de lecture estim\u00e9e":"1 minute"},"schema":{"@context":"https:\/\/schema.org","@graph":[{"@type":"WebPage","@id":"https:\/\/blogs.thesocialmedia.com\/leblogmoto\/2007\/07\/11\/belgique-encore\/","url":"https:\/\/blogs.thesocialmedia.com\/leblogmoto\/2007\/07\/11\/belgique-encore\/","name":"Belgique : Encore un coup d'avance... - leblogmoto.com","isPartOf":{"@id":"https:\/\/blogs.thesocialmedia.com\/leblogmoto\/#website"},"primaryImageOfPage":{"@id":"https:\/\/blogs.thesocialmedia.com\/leblogmoto\/2007\/07\/11\/belgique-encore\/#primaryimage"},"image":{"@id":"https:\/\/blogs.thesocialmedia.com\/leblogmoto\/2007\/07\/11\/belgique-encore\/#primaryimage"},"thumbnailUrl":"http:\/\/www.leblogmoto.com\/images\/2007\/07\/10\/didier_reynders.jpg","datePublished":"2007-07-11T05:54:38+00:00","dateModified":"2012-07-11T14:41:39+00:00","author":{"@id":"https:\/\/blogs.thesocialmedia.com\/leblogmoto\/#\/schema\/person\/769623f89741cc3381675029a37764f8"},"breadcrumb":{"@id":"https:\/\/blogs.thesocialmedia.com\/leblogmoto\/2007\/07\/11\/belgique-encore\/#breadcrumb"},"inLanguage":"fr-FR","potentialAction":[{"@type":"ReadAction","target":["https:\/\/blogs.thesocialmedia.com\/leblogmoto\/2007\/07\/11\/belgique-encore\/"]}]},{"@type":"ImageObject","inLanguage":"fr-FR","@id":"https:\/\/blogs.thesocialmedia.com\/leblogmoto\/2007\/07\/11\/belgique-encore\/#primaryimage","url":"http:\/\/www.leblogmoto.com\/images\/2007\/07\/10\/didier_reynders.jpg","contentUrl":"http:\/\/www.leblogmoto.com\/images\/2007\/07\/10\/didier_reynders.jpg"},{"@type":"BreadcrumbList","@id":"https:\/\/blogs.thesocialmedia.com\/leblogmoto\/2007\/07\/11\/belgique-encore\/#breadcrumb","itemListElement":[{"@type":"ListItem","position":1,"name":"Accueil","item":"https:\/\/blogs.thesocialmedia.com\/leblogmoto\/"},{"@type":"ListItem","position":2,"name":"Belgique : Encore un coup d&rsquo;avance&#8230;"}]},{"@type":"WebSite","@id":"https:\/\/blogs.thesocialmedia.com\/leblogmoto\/#website","url":"https:\/\/blogs.thesocialmedia.com\/leblogmoto\/","name":"leblogmoto","description":"Toute l&#039;actualit\u00e9 des 2 roues","potentialAction":[{"@type":"SearchAction","target":{"@type":"EntryPoint","urlTemplate":"https:\/\/blogs.thesocialmedia.com\/leblogmoto\/?s={search_term_string}"},"query-input":{"@type":"PropertyValueSpecification","valueRequired":true,"valueName":"search_term_string"}}],"inLanguage":"fr-FR"},{"@type":"Person","@id":"https:\/\/blogs.thesocialmedia.com\/leblogmoto\/#\/schema\/person\/769623f89741cc3381675029a37764f8","name":"gregory boucaud","image":{"@type":"ImageObject","inLanguage":"fr-FR","@id":"https:\/\/blogs.thesocialmedia.com\/leblogmoto\/#\/schema\/person\/image\/","url":"https:\/\/secure.gravatar.com\/avatar\/?s=96&d=mm&r=g","contentUrl":"https:\/\/secure.gravatar.com\/avatar\/?s=96&d=mm&r=g","caption":"gregory boucaud"},"url":"https:\/\/blogs.thesocialmedia.com\/leblogmoto\/author\/gregory-boucaud\/"}]}},"_links":{"self":[{"href":"https:\/\/blogs.thesocialmedia.com\/leblogmoto\/wp-json\/wp\/v2\/posts\/1319","targetHints":{"allow":["GET"]}}],"collection":[{"href":"https:\/\/blogs.thesocialmedia.com\/leblogmoto\/wp-json\/wp\/v2\/posts"}],"about":[{"href":"https:\/\/blogs.thesocialmedia.com\/leblogmoto\/wp-json\/wp\/v2\/types\/post"}],"author":[{"embeddable":true,"href":"https:\/\/blogs.thesocialmedia.com\/leblogmoto\/wp-json\/wp\/v2\/users\/329"}],"replies":[{"embeddable":true,"href":"https:\/\/blogs.thesocialmedia.com\/leblogmoto\/wp-json\/wp\/v2\/comments?post=1319"}],"version-history":[{"count":2,"href":"https:\/\/blogs.thesocialmedia.com\/leblogmoto\/wp-json\/wp\/v2\/posts\/1319\/revisions"}],"predecessor-version":[{"id":8526,"href":"https:\/\/blogs.thesocialmedia.com\/leblogmoto\/wp-json\/wp\/v2\/posts\/1319\/revisions\/8526"}],"wp:attachment":[{"href":"https:\/\/blogs.thesocialmedia.com\/leblogmoto\/wp-json\/wp\/v2\/media?parent=1319"}],"wp:term":[{"taxonomy":"category","embeddable":true,"href":"https:\/\/blogs.thesocialmedia.com\/leblogmoto\/wp-json\/wp\/v2\/categories?post=1319"},{"taxonomy":"post_tag","embeddable":true,"href":"https:\/\/blogs.thesocialmedia.com\/leblogmoto\/wp-json\/wp\/v2\/tags?post=1319"}],"curies":[{"name":"wp","href":"https:\/\/api.w.org\/{rel}","templated":true}]}}