{"id":1320,"date":"2007-07-11T05:33:41","date_gmt":"2007-07-11T05:33:41","guid":{"rendered":"http:\/\/blogs.thesocialmedia.com\/leblogmoto\/2007\/07\/11\/ffmc-plainte-po\/"},"modified":"2012-07-11T14:41:37","modified_gmt":"2012-07-11T14:41:37","slug":"ffmc-plainte-po","status":"publish","type":"post","link":"https:\/\/blogs.thesocialmedia.com\/leblogmoto\/2007\/07\/11\/ffmc-plainte-po\/","title":{"rendered":"FFMC : Plainte port\u00e9e contre l&rsquo;Etat fran\u00e7ais"},"content":{"rendered":"<p><a href=\"http:\/\/blogs.thesocialmedia.com\/leblogmoto\/files\/2012\/07\/ffmc2.gif\"><img loading=\"lazy\" decoding=\"async\" height=\"91\" alt=\"Ffmc\" src=\"http:\/\/www.leblogmoto.com\/images\/2007\/07\/10\/ffmc.gif\" width=\"250\"  \/><\/a> Vous avez surement entendu parler de la p\u00e9tition men\u00e9e par la <a href=\"http:\/\/www.ffmc.asso.fr\">FFMC<\/a> qui circulait contre la loi qui limite la puissance des motos \u00e0 100cv. Bien sachez que la <a href=\"http:\/\/www.ffmc.asso.fr\">FFMC<\/a> a d\u00e9cid\u00e9 de porter plainte contre l&rsquo;Etat fran\u00e7ais.<\/p>\n<p><a href=\"http:\/\/clabedan.typepad.com\/.shared\/image.html?\/photos\/uncategorized\/2007\/07\/10\/ffmc_100cv.jpg\"><img loading=\"lazy\" decoding=\"async\" height=\"335\" alt=\"Ffmc_100cv\" src=\"http:\/\/www.leblogmoto.com\/images\/2007\/07\/10\/ffmc_100cv.jpg\" width=\"250\"  \/><\/a> Dans un de ses communiqu\u00e9s de presse du 10 juillet, elle annonce que : <\/p>\n<p>&quot;En janvier dernier, la <a href=\"http:\/\/www.ffmc.asso.fr\">FFMC<\/a> appelait tous les acteurs du monde motard \u00e0 porter plainte contre l\u2019Etat fran\u00e7ais aupr\u00e8s de la Commission europ\u00e9enne pour non respect du droit communautaire. <br \/>En effet, en imposant le bridage des motos, vendues et immatricul\u00e9es sur son territoire, \u00e0 73,6 kilowatts (soit 100 ch), l\u2019Etat fran\u00e7ais viole le principe fondamental de libre circulation des personnes et des marchandises.&quot;<\/p>\n<p>Dans tous les pays d&rsquo;Europe la puissance des motos n&rsquo;est pas limit\u00e9e \u00e0 100cv, c&rsquo;est pour cela que la FFMC rajoute que <br \/>&quot;Cette limitation de puissance engendre une restriction aux \u00e9changes intracommunautaires et emp\u00eache le fonctionnement de la libre concurrence, portant ainsi pr\u00e9judice aux motards fran\u00e7ais. <br \/>Arguant d\u2019un \u00ab enjeu de s\u00e9curit\u00e9 routi\u00e8re \u00bb pour justifier une telle limitation de nos droits, l\u2019Etat fran\u00e7ais n\u2019a pourtant jamais pu \u00e9tablir de corr\u00e9lation entre la puissance des motos et l\u2019accidentologie des motards. Les chiffres sont sans appel : le nombre de motards tu\u00e9s en France est encore bien sup\u00e9rieur \u00e0 celui d\u2019autres pays europ\u00e9ens qui n\u2019imposent pourtant aucune limitation de puissance. <br \/>L\u2019Etat fran\u00e7ais fait donc fausse route et n\u2019emp\u00eache surtout pas les motards d\u2019\u00eatre tu\u00e9s ! &quot;<\/p>\n<p>Il est vrai qu&rsquo;il y a peut-\u00eatre un autre moyen de faire agir la s\u00e9curit\u00e9 routi\u00e8re, alors que les voitures ne sont pas soumises \u00e0 ce type de bridage. D&rsquo;o\u00f9 la question suivante : O\u00f9 se situe l&rsquo;\u00e9galit\u00e9 qui est une des valeurs de notre pays ?<\/p>\n<p>Enfin la FFMC dit qu&rsquo;&quot;Imposer une restriction mat\u00e9rielle sans fondement sur les v\u00e9hicules, c\u2019est aussi refuser de reconna\u00eetre le r\u00f4le capital du facteur humain dans les accidents. Il est pour le moins paradoxal que des motards fran\u00e7ais se retrouvent en situation d\u2019ill\u00e9galit\u00e9 sur le territoire national avec un v\u00e9hicule homologu\u00e9 en Europe, alors que c\u2019est justement l\u2019Etat fran\u00e7ais qui ne respecte pas la l\u00e9gislation europ\u00e9enne. <br \/>La <a href=\"http:\/\/www.ffmc.asso.fr\">FFMC<\/a> r\u00e9affirme que la baisse du nombre de tu\u00e9s doit passer par la responsabilisation et l\u2019\u00e9ducation des individus et non par un bridage des machines, artificiel et sans effet sur la s\u00e9curit\u00e9 routi\u00e8re. Qu\u2019ils roulent sur une moto de 50 ou de 150 ch., les motards doivent, comme les autres usagers de la route, respecter le Code de la Route. Les motards sont des citoyens comme les autres, conscients de leur vuln\u00e9rabilit\u00e9, et non des irresponsables que l\u2019on doit prot\u00e9ger d\u2019eux-m\u00eames. <\/p>\n<p>C\u2019est sur la base de ces arguments que la <a href=\"http:\/\/www.ffmc.asso.fr\">FFMC<\/a> a d\u00e9cid\u00e9 de saisir la Commission europ\u00e9enne. 15 399 citoyens ont soutenu cette d\u00e9marche et ont exprim\u00e9, en portant eux aussi plainte contre l\u2019Etat fran\u00e7ais, leur ras le bol face \u00e0 une politique de s\u00e9curit\u00e9 routi\u00e8re aussi liberticide qu\u2019inefficace. Ces 15 399 plaintes, auxquelles s\u2019ajoute celle sign\u00e9e par la <a href=\"http:\/\/www.ffmc.asso.fr\">FFMC<\/a>, viennent d\u2019\u00eatre envoy\u00e9es \u00e0 la Commission europ\u00e9enne. En attendant les suites de cette action, la <a href=\"http:\/\/www.ffmc.asso.fr\">FFMC<\/a> remercie tous les signataires de la plainte pour leur soutien et leur solidarit\u00e9.&quot; <\/p>\n<p>Les arguments sont pr\u00e9sents et, \u00e0 mon avis, peu contrables. Esp\u00e9rons que cette plainte porte ses fruits et puisse permettre de s&rsquo;harmoniser avec le reste de l&rsquo;Europe. Rappelons qu&rsquo;il est bien s\u00fbr interdit de rouler avec une moto de plus de 100cv sous peine d&rsquo;amende et\/ou de poursuites judiciaires.<\/p>\n<p>Et vous, cher(e)s lecteurs\/lectrices du Blog Moto qu&rsquo;en pensez-vous ?<\/p>\n<p>Source : <a href=\"http:\/\/www.ffmc.asso.fr\">FFMC<\/a><\/p>\n","protected":false},"excerpt":{"rendered":"<p>Vous avez surement entendu parler de la p\u00e9tition men\u00e9e par la FFMC qui circulait contre la loi qui limite la puissance des motos \u00e0 100cv. Bien sachez que la FFMC a d\u00e9cid\u00e9 de porter plainte contre l&rsquo;Etat fran\u00e7ais. Dans un de ses communiqu\u00e9s de presse du 10 juillet, elle annonce que : &quot;En janvier dernier, [&hellip;]<\/p>\n","protected":false},"author":329,"featured_media":0,"comment_status":"open","ping_status":"open","sticky":false,"template":"","format":"standard","meta":{"footnotes":""},"categories":[3],"tags":[],"class_list":["post-1320","post","type-post","status-publish","format-standard","hentry","category-actualite"],"yoast_head":"<!-- This site is optimized with the Yoast SEO plugin v26.0 - https:\/\/yoast.com\/wordpress\/plugins\/seo\/ -->\n<title>FFMC : Plainte port\u00e9e contre l&#039;Etat fran\u00e7ais - leblogmoto.com<\/title>\n<meta name=\"robots\" content=\"index, follow, max-snippet:-1, max-image-preview:large, max-video-preview:-1\" \/>\n<link rel=\"canonical\" href=\"https:\/\/blogs.thesocialmedia.com\/leblogmoto\/2007\/07\/11\/ffmc-plainte-po\/\" \/>\n<meta name=\"twitter:card\" content=\"summary_large_image\" \/>\n<meta name=\"twitter:title\" content=\"FFMC : Plainte port\u00e9e contre l&#039;Etat fran\u00e7ais - leblogmoto.com\" \/>\n<meta name=\"twitter:description\" content=\"Vous avez surement entendu parler de la p\u00e9tition men\u00e9e par la FFMC qui circulait contre la loi qui limite la puissance des motos \u00e0 100cv. Bien sachez que la FFMC a d\u00e9cid\u00e9 de porter plainte contre l&rsquo;Etat fran\u00e7ais. Dans un de ses communiqu\u00e9s de presse du 10 juillet, elle annonce que : &quot;En janvier dernier, [&hellip;]\" \/>\n<meta name=\"twitter:image\" content=\"http:\/\/www.leblogmoto.com\/images\/2007\/07\/10\/ffmc.gif\" \/>\n<meta name=\"twitter:label1\" content=\"\u00c9crit par\" \/>\n\t<meta name=\"twitter:data1\" content=\"gregory boucaud\" \/>\n\t<meta name=\"twitter:label2\" content=\"Dur\u00e9e de lecture estim\u00e9e\" \/>\n\t<meta name=\"twitter:data2\" content=\"3 minutes\" \/>\n<script type=\"application\/ld+json\" class=\"yoast-schema-graph\">{\"@context\":\"https:\/\/schema.org\",\"@graph\":[{\"@type\":\"WebPage\",\"@id\":\"https:\/\/blogs.thesocialmedia.com\/leblogmoto\/2007\/07\/11\/ffmc-plainte-po\/\",\"url\":\"https:\/\/blogs.thesocialmedia.com\/leblogmoto\/2007\/07\/11\/ffmc-plainte-po\/\",\"name\":\"FFMC : Plainte port\u00e9e contre l'Etat fran\u00e7ais - leblogmoto.com\",\"isPartOf\":{\"@id\":\"https:\/\/blogs.thesocialmedia.com\/leblogmoto\/#website\"},\"primaryImageOfPage\":{\"@id\":\"https:\/\/blogs.thesocialmedia.com\/leblogmoto\/2007\/07\/11\/ffmc-plainte-po\/#primaryimage\"},\"image\":{\"@id\":\"https:\/\/blogs.thesocialmedia.com\/leblogmoto\/2007\/07\/11\/ffmc-plainte-po\/#primaryimage\"},\"thumbnailUrl\":\"http:\/\/www.leblogmoto.com\/images\/2007\/07\/10\/ffmc.gif\",\"datePublished\":\"2007-07-11T05:33:41+00:00\",\"dateModified\":\"2012-07-11T14:41:37+00:00\",\"author\":{\"@id\":\"https:\/\/blogs.thesocialmedia.com\/leblogmoto\/#\/schema\/person\/769623f89741cc3381675029a37764f8\"},\"breadcrumb\":{\"@id\":\"https:\/\/blogs.thesocialmedia.com\/leblogmoto\/2007\/07\/11\/ffmc-plainte-po\/#breadcrumb\"},\"inLanguage\":\"fr-FR\",\"potentialAction\":[{\"@type\":\"ReadAction\",\"target\":[\"https:\/\/blogs.thesocialmedia.com\/leblogmoto\/2007\/07\/11\/ffmc-plainte-po\/\"]}]},{\"@type\":\"ImageObject\",\"inLanguage\":\"fr-FR\",\"@id\":\"https:\/\/blogs.thesocialmedia.com\/leblogmoto\/2007\/07\/11\/ffmc-plainte-po\/#primaryimage\",\"url\":\"http:\/\/www.leblogmoto.com\/images\/2007\/07\/10\/ffmc.gif\",\"contentUrl\":\"http:\/\/www.leblogmoto.com\/images\/2007\/07\/10\/ffmc.gif\"},{\"@type\":\"BreadcrumbList\",\"@id\":\"https:\/\/blogs.thesocialmedia.com\/leblogmoto\/2007\/07\/11\/ffmc-plainte-po\/#breadcrumb\",\"itemListElement\":[{\"@type\":\"ListItem\",\"position\":1,\"name\":\"Accueil\",\"item\":\"https:\/\/blogs.thesocialmedia.com\/leblogmoto\/\"},{\"@type\":\"ListItem\",\"position\":2,\"name\":\"FFMC : Plainte port\u00e9e contre l&rsquo;Etat fran\u00e7ais\"}]},{\"@type\":\"WebSite\",\"@id\":\"https:\/\/blogs.thesocialmedia.com\/leblogmoto\/#website\",\"url\":\"https:\/\/blogs.thesocialmedia.com\/leblogmoto\/\",\"name\":\"leblogmoto\",\"description\":\"Toute l&#039;actualit\u00e9 des 2 roues\",\"potentialAction\":[{\"@type\":\"SearchAction\",\"target\":{\"@type\":\"EntryPoint\",\"urlTemplate\":\"https:\/\/blogs.thesocialmedia.com\/leblogmoto\/?s={search_term_string}\"},\"query-input\":{\"@type\":\"PropertyValueSpecification\",\"valueRequired\":true,\"valueName\":\"search_term_string\"}}],\"inLanguage\":\"fr-FR\"},{\"@type\":\"Person\",\"@id\":\"https:\/\/blogs.thesocialmedia.com\/leblogmoto\/#\/schema\/person\/769623f89741cc3381675029a37764f8\",\"name\":\"gregory boucaud\",\"image\":{\"@type\":\"ImageObject\",\"inLanguage\":\"fr-FR\",\"@id\":\"https:\/\/blogs.thesocialmedia.com\/leblogmoto\/#\/schema\/person\/image\/\",\"url\":\"https:\/\/secure.gravatar.com\/avatar\/?s=96&d=mm&r=g\",\"contentUrl\":\"https:\/\/secure.gravatar.com\/avatar\/?s=96&d=mm&r=g\",\"caption\":\"gregory boucaud\"},\"url\":\"https:\/\/blogs.thesocialmedia.com\/leblogmoto\/author\/gregory-boucaud\/\"}]}<\/script>\n<!-- \/ Yoast SEO plugin. -->","yoast_head_json":{"title":"FFMC : Plainte port\u00e9e contre l'Etat fran\u00e7ais - leblogmoto.com","robots":{"index":"index","follow":"follow","max-snippet":"max-snippet:-1","max-image-preview":"max-image-preview:large","max-video-preview":"max-video-preview:-1"},"canonical":"https:\/\/blogs.thesocialmedia.com\/leblogmoto\/2007\/07\/11\/ffmc-plainte-po\/","twitter_card":"summary_large_image","twitter_title":"FFMC : Plainte port\u00e9e contre l'Etat fran\u00e7ais - leblogmoto.com","twitter_description":"Vous avez surement entendu parler de la p\u00e9tition men\u00e9e par la FFMC qui circulait contre la loi qui limite la puissance des motos \u00e0 100cv. Bien sachez que la FFMC a d\u00e9cid\u00e9 de porter plainte contre l&rsquo;Etat fran\u00e7ais. Dans un de ses communiqu\u00e9s de presse du 10 juillet, elle annonce que : &quot;En janvier dernier, [&hellip;]","twitter_image":"http:\/\/www.leblogmoto.com\/images\/2007\/07\/10\/ffmc.gif","twitter_misc":{"\u00c9crit par":"gregory boucaud","Dur\u00e9e de lecture estim\u00e9e":"3 minutes"},"schema":{"@context":"https:\/\/schema.org","@graph":[{"@type":"WebPage","@id":"https:\/\/blogs.thesocialmedia.com\/leblogmoto\/2007\/07\/11\/ffmc-plainte-po\/","url":"https:\/\/blogs.thesocialmedia.com\/leblogmoto\/2007\/07\/11\/ffmc-plainte-po\/","name":"FFMC : Plainte port\u00e9e contre l'Etat fran\u00e7ais - leblogmoto.com","isPartOf":{"@id":"https:\/\/blogs.thesocialmedia.com\/leblogmoto\/#website"},"primaryImageOfPage":{"@id":"https:\/\/blogs.thesocialmedia.com\/leblogmoto\/2007\/07\/11\/ffmc-plainte-po\/#primaryimage"},"image":{"@id":"https:\/\/blogs.thesocialmedia.com\/leblogmoto\/2007\/07\/11\/ffmc-plainte-po\/#primaryimage"},"thumbnailUrl":"http:\/\/www.leblogmoto.com\/images\/2007\/07\/10\/ffmc.gif","datePublished":"2007-07-11T05:33:41+00:00","dateModified":"2012-07-11T14:41:37+00:00","author":{"@id":"https:\/\/blogs.thesocialmedia.com\/leblogmoto\/#\/schema\/person\/769623f89741cc3381675029a37764f8"},"breadcrumb":{"@id":"https:\/\/blogs.thesocialmedia.com\/leblogmoto\/2007\/07\/11\/ffmc-plainte-po\/#breadcrumb"},"inLanguage":"fr-FR","potentialAction":[{"@type":"ReadAction","target":["https:\/\/blogs.thesocialmedia.com\/leblogmoto\/2007\/07\/11\/ffmc-plainte-po\/"]}]},{"@type":"ImageObject","inLanguage":"fr-FR","@id":"https:\/\/blogs.thesocialmedia.com\/leblogmoto\/2007\/07\/11\/ffmc-plainte-po\/#primaryimage","url":"http:\/\/www.leblogmoto.com\/images\/2007\/07\/10\/ffmc.gif","contentUrl":"http:\/\/www.leblogmoto.com\/images\/2007\/07\/10\/ffmc.gif"},{"@type":"BreadcrumbList","@id":"https:\/\/blogs.thesocialmedia.com\/leblogmoto\/2007\/07\/11\/ffmc-plainte-po\/#breadcrumb","itemListElement":[{"@type":"ListItem","position":1,"name":"Accueil","item":"https:\/\/blogs.thesocialmedia.com\/leblogmoto\/"},{"@type":"ListItem","position":2,"name":"FFMC : Plainte port\u00e9e contre l&rsquo;Etat fran\u00e7ais"}]},{"@type":"WebSite","@id":"https:\/\/blogs.thesocialmedia.com\/leblogmoto\/#website","url":"https:\/\/blogs.thesocialmedia.com\/leblogmoto\/","name":"leblogmoto","description":"Toute l&#039;actualit\u00e9 des 2 roues","potentialAction":[{"@type":"SearchAction","target":{"@type":"EntryPoint","urlTemplate":"https:\/\/blogs.thesocialmedia.com\/leblogmoto\/?s={search_term_string}"},"query-input":{"@type":"PropertyValueSpecification","valueRequired":true,"valueName":"search_term_string"}}],"inLanguage":"fr-FR"},{"@type":"Person","@id":"https:\/\/blogs.thesocialmedia.com\/leblogmoto\/#\/schema\/person\/769623f89741cc3381675029a37764f8","name":"gregory boucaud","image":{"@type":"ImageObject","inLanguage":"fr-FR","@id":"https:\/\/blogs.thesocialmedia.com\/leblogmoto\/#\/schema\/person\/image\/","url":"https:\/\/secure.gravatar.com\/avatar\/?s=96&d=mm&r=g","contentUrl":"https:\/\/secure.gravatar.com\/avatar\/?s=96&d=mm&r=g","caption":"gregory boucaud"},"url":"https:\/\/blogs.thesocialmedia.com\/leblogmoto\/author\/gregory-boucaud\/"}]}},"_links":{"self":[{"href":"https:\/\/blogs.thesocialmedia.com\/leblogmoto\/wp-json\/wp\/v2\/posts\/1320","targetHints":{"allow":["GET"]}}],"collection":[{"href":"https:\/\/blogs.thesocialmedia.com\/leblogmoto\/wp-json\/wp\/v2\/posts"}],"about":[{"href":"https:\/\/blogs.thesocialmedia.com\/leblogmoto\/wp-json\/wp\/v2\/types\/post"}],"author":[{"embeddable":true,"href":"https:\/\/blogs.thesocialmedia.com\/leblogmoto\/wp-json\/wp\/v2\/users\/329"}],"replies":[{"embeddable":true,"href":"https:\/\/blogs.thesocialmedia.com\/leblogmoto\/wp-json\/wp\/v2\/comments?post=1320"}],"version-history":[{"count":2,"href":"https:\/\/blogs.thesocialmedia.com\/leblogmoto\/wp-json\/wp\/v2\/posts\/1320\/revisions"}],"predecessor-version":[{"id":8524,"href":"https:\/\/blogs.thesocialmedia.com\/leblogmoto\/wp-json\/wp\/v2\/posts\/1320\/revisions\/8524"}],"wp:attachment":[{"href":"https:\/\/blogs.thesocialmedia.com\/leblogmoto\/wp-json\/wp\/v2\/media?parent=1320"}],"wp:term":[{"taxonomy":"category","embeddable":true,"href":"https:\/\/blogs.thesocialmedia.com\/leblogmoto\/wp-json\/wp\/v2\/categories?post=1320"},{"taxonomy":"post_tag","embeddable":true,"href":"https:\/\/blogs.thesocialmedia.com\/leblogmoto\/wp-json\/wp\/v2\/tags?post=1320"}],"curies":[{"name":"wp","href":"https:\/\/api.w.org\/{rel}","templated":true}]}}