{"id":1324,"date":"2007-07-06T22:48:43","date_gmt":"2007-07-06T22:48:43","guid":{"rendered":"http:\/\/blogs.thesocialmedia.com\/leblogmoto\/2007\/07\/06\/aprilia-mana-85\/"},"modified":"2012-07-11T14:41:25","modified_gmt":"2012-07-11T14:41:25","slug":"aprilia-mana-85","status":"publish","type":"post","link":"https:\/\/blogs.thesocialmedia.com\/leblogmoto\/2007\/07\/06\/aprilia-mana-85\/","title":{"rendered":"Aprilia : Mana 850 bientot en vente?"},"content":{"rendered":"<p><a href=\"http:\/\/blogs.thesocialmedia.com\/leblogmoto\/files\/2012\/07\/aprilia_850_mana.jpg\"><img loading=\"lazy\" decoding=\"async\" height=\"226\" alt=\"Aprilia_850_mana\" src=\"http:\/\/www.leblogmoto.com\/images\/2007\/07\/06\/aprilia_850_mana.jpg\" width=\"250\"  \/><\/a> Nicolas vous en avait parl\u00e9 <a href=\"http:\/\/www.leblogmoto.com\/2007\/02\/aprilia_850_man.html\">en fevrier<\/a> de la Mana 850. Souvenez vous, cette moto est dot\u00e9e d&rsquo;une boite automatique et d&rsquo;un bi-cylindre en V de 850 cm3 pour 75cv. Trois modes sont disponibles : Touring, Sport et Pluie pour ceux qui veulent utiliser le mode automatique, sinon pour les autres il y aura 7 rapport a passer au guidon ou au selecteur. Petite nouveaut\u00e9, le reservoir se situera sous la selle ce qui vous permettra d&rsquo;avoir un grand coffre dans lequel vous pourrez loger un casque integral.<\/p>\n<p><a href=\"http:\/\/clabedan.typepad.com\/.shared\/image.html?\/photos\/uncategorized\/2007\/07\/06\/aprilia_mana_850.jpg\"><img loading=\"lazy\" decoding=\"async\" height=\"216\" alt=\"Aprilia_mana_850\" src=\"http:\/\/www.leblogmoto.com\/images\/2007\/07\/06\/aprilia_mana_850.jpg\" width=\"250\"  \/><\/a>Sachez donc que cette premi\u00e8re moto de la <a href=\"http:\/\/www.aprilia.com\/\">marque italienne<\/a> a boite automatique sera disponible en novembre 2007 en concession pour un prix aux alentours des 9 200\u20ac. Une moto a boite automatique, concept sympatique mais est-ce cela interessera beaucoup de motards ?<a href=\"http:\/\/clabedan.typepad.com\/.shared\/image.html?\/photos\/uncategorized\/2007\/07\/06\/mana850_2.jpg\"><img loading=\"lazy\" decoding=\"async\" height=\"286\" alt=\"Mana850_2\" src=\"http:\/\/www.leblogmoto.com\/images\/2007\/07\/06\/mana850_2.jpg\" width=\"250\"  \/><\/a> <br \/>N&rsquo;hesitez pas a laisser vos commentaires&#8230;<\/p>\n<p>Source photos : <a href=\"http:\/\/www.maxmoto.co.uk\/\">www.aprilia.com<\/a><\/p>\n<p><a href=\"http:\/\/clabedan.typepad.com\/.shared\/image.html?\/photos\/uncategorized\/2007\/07\/06\/aprilia_mana_sportgear.jpg\"><img loading=\"lazy\" decoding=\"async\" height=\"198\" alt=\"Aprilia_mana_sportgear\" src=\"http:\/\/www.leblogmoto.com\/images\/2007\/07\/06\/aprilia_mana_sportgear.jpg\" width=\"250\"  \/><\/a> <\/p>\n<p><a href=\"http:\/\/blogs.thesocialmedia.com\/leblogmoto\/files\/2012\/07\/aprilia_mana.jpg\"><img loading=\"lazy\" decoding=\"async\" height=\"162\" alt=\"Aprilia_mana\" src=\"http:\/\/www.leblogmoto.com\/images\/2007\/07\/06\/aprilia_mana.jpg\" width=\"250\"  \/><\/a> <\/p>\n","protected":false},"excerpt":{"rendered":"<p>Nicolas vous en avait parl\u00e9 en fevrier de la Mana 850. Souvenez vous, cette moto est dot\u00e9e d&rsquo;une boite automatique et d&rsquo;un bi-cylindre en V de 850 cm3 pour 75cv. Trois modes sont disponibles : Touring, Sport et Pluie pour ceux qui veulent utiliser le mode automatique, sinon pour les autres il y aura 7 [&hellip;]<\/p>\n","protected":false},"author":329,"featured_media":0,"comment_status":"open","ping_status":"open","sticky":false,"template":"","format":"standard","meta":{"footnotes":""},"categories":[3,31],"tags":[],"class_list":["post-1324","post","type-post","status-publish","format-standard","hentry","category-actualite","category-aprilia"],"yoast_head":"<!-- This site is optimized with the Yoast SEO plugin v26.0 - https:\/\/yoast.com\/wordpress\/plugins\/seo\/ -->\n<title>Aprilia : Mana 850 bientot en vente? - leblogmoto.com<\/title>\n<meta name=\"robots\" content=\"index, follow, max-snippet:-1, max-image-preview:large, max-video-preview:-1\" \/>\n<link rel=\"canonical\" href=\"https:\/\/blogs.thesocialmedia.com\/leblogmoto\/2007\/07\/06\/aprilia-mana-85\/\" \/>\n<meta name=\"twitter:card\" content=\"summary_large_image\" \/>\n<meta name=\"twitter:title\" content=\"Aprilia : Mana 850 bientot en vente? - leblogmoto.com\" \/>\n<meta name=\"twitter:description\" content=\"Nicolas vous en avait parl\u00e9 en fevrier de la Mana 850. Souvenez vous, cette moto est dot\u00e9e d&rsquo;une boite automatique et d&rsquo;un bi-cylindre en V de 850 cm3 pour 75cv. Trois modes sont disponibles : Touring, Sport et Pluie pour ceux qui veulent utiliser le mode automatique, sinon pour les autres il y aura 7 [&hellip;]\" \/>\n<meta name=\"twitter:image\" content=\"http:\/\/www.leblogmoto.com\/images\/2007\/07\/06\/aprilia_850_mana.jpg\" \/>\n<meta name=\"twitter:label1\" content=\"\u00c9crit par\" \/>\n\t<meta name=\"twitter:data1\" content=\"gregory boucaud\" \/>\n\t<meta name=\"twitter:label2\" content=\"Dur\u00e9e de lecture estim\u00e9e\" \/>\n\t<meta name=\"twitter:data2\" content=\"1 minute\" \/>\n<script type=\"application\/ld+json\" class=\"yoast-schema-graph\">{\"@context\":\"https:\/\/schema.org\",\"@graph\":[{\"@type\":\"WebPage\",\"@id\":\"https:\/\/blogs.thesocialmedia.com\/leblogmoto\/2007\/07\/06\/aprilia-mana-85\/\",\"url\":\"https:\/\/blogs.thesocialmedia.com\/leblogmoto\/2007\/07\/06\/aprilia-mana-85\/\",\"name\":\"Aprilia : Mana 850 bientot en vente? - leblogmoto.com\",\"isPartOf\":{\"@id\":\"https:\/\/blogs.thesocialmedia.com\/leblogmoto\/#website\"},\"primaryImageOfPage\":{\"@id\":\"https:\/\/blogs.thesocialmedia.com\/leblogmoto\/2007\/07\/06\/aprilia-mana-85\/#primaryimage\"},\"image\":{\"@id\":\"https:\/\/blogs.thesocialmedia.com\/leblogmoto\/2007\/07\/06\/aprilia-mana-85\/#primaryimage\"},\"thumbnailUrl\":\"http:\/\/www.leblogmoto.com\/images\/2007\/07\/06\/aprilia_850_mana.jpg\",\"datePublished\":\"2007-07-06T22:48:43+00:00\",\"dateModified\":\"2012-07-11T14:41:25+00:00\",\"author\":{\"@id\":\"https:\/\/blogs.thesocialmedia.com\/leblogmoto\/#\/schema\/person\/769623f89741cc3381675029a37764f8\"},\"breadcrumb\":{\"@id\":\"https:\/\/blogs.thesocialmedia.com\/leblogmoto\/2007\/07\/06\/aprilia-mana-85\/#breadcrumb\"},\"inLanguage\":\"fr-FR\",\"potentialAction\":[{\"@type\":\"ReadAction\",\"target\":[\"https:\/\/blogs.thesocialmedia.com\/leblogmoto\/2007\/07\/06\/aprilia-mana-85\/\"]}]},{\"@type\":\"ImageObject\",\"inLanguage\":\"fr-FR\",\"@id\":\"https:\/\/blogs.thesocialmedia.com\/leblogmoto\/2007\/07\/06\/aprilia-mana-85\/#primaryimage\",\"url\":\"http:\/\/www.leblogmoto.com\/images\/2007\/07\/06\/aprilia_850_mana.jpg\",\"contentUrl\":\"http:\/\/www.leblogmoto.com\/images\/2007\/07\/06\/aprilia_850_mana.jpg\"},{\"@type\":\"BreadcrumbList\",\"@id\":\"https:\/\/blogs.thesocialmedia.com\/leblogmoto\/2007\/07\/06\/aprilia-mana-85\/#breadcrumb\",\"itemListElement\":[{\"@type\":\"ListItem\",\"position\":1,\"name\":\"Accueil\",\"item\":\"https:\/\/blogs.thesocialmedia.com\/leblogmoto\/\"},{\"@type\":\"ListItem\",\"position\":2,\"name\":\"Aprilia : Mana 850 bientot en vente?\"}]},{\"@type\":\"WebSite\",\"@id\":\"https:\/\/blogs.thesocialmedia.com\/leblogmoto\/#website\",\"url\":\"https:\/\/blogs.thesocialmedia.com\/leblogmoto\/\",\"name\":\"leblogmoto\",\"description\":\"Toute l&#039;actualit\u00e9 des 2 roues\",\"potentialAction\":[{\"@type\":\"SearchAction\",\"target\":{\"@type\":\"EntryPoint\",\"urlTemplate\":\"https:\/\/blogs.thesocialmedia.com\/leblogmoto\/?s={search_term_string}\"},\"query-input\":{\"@type\":\"PropertyValueSpecification\",\"valueRequired\":true,\"valueName\":\"search_term_string\"}}],\"inLanguage\":\"fr-FR\"},{\"@type\":\"Person\",\"@id\":\"https:\/\/blogs.thesocialmedia.com\/leblogmoto\/#\/schema\/person\/769623f89741cc3381675029a37764f8\",\"name\":\"gregory boucaud\",\"image\":{\"@type\":\"ImageObject\",\"inLanguage\":\"fr-FR\",\"@id\":\"https:\/\/blogs.thesocialmedia.com\/leblogmoto\/#\/schema\/person\/image\/\",\"url\":\"https:\/\/secure.gravatar.com\/avatar\/?s=96&d=mm&r=g\",\"contentUrl\":\"https:\/\/secure.gravatar.com\/avatar\/?s=96&d=mm&r=g\",\"caption\":\"gregory boucaud\"},\"url\":\"https:\/\/blogs.thesocialmedia.com\/leblogmoto\/author\/gregory-boucaud\/\"}]}<\/script>\n<!-- \/ Yoast SEO plugin. -->","yoast_head_json":{"title":"Aprilia : Mana 850 bientot en vente? - leblogmoto.com","robots":{"index":"index","follow":"follow","max-snippet":"max-snippet:-1","max-image-preview":"max-image-preview:large","max-video-preview":"max-video-preview:-1"},"canonical":"https:\/\/blogs.thesocialmedia.com\/leblogmoto\/2007\/07\/06\/aprilia-mana-85\/","twitter_card":"summary_large_image","twitter_title":"Aprilia : Mana 850 bientot en vente? - leblogmoto.com","twitter_description":"Nicolas vous en avait parl\u00e9 en fevrier de la Mana 850. Souvenez vous, cette moto est dot\u00e9e d&rsquo;une boite automatique et d&rsquo;un bi-cylindre en V de 850 cm3 pour 75cv. Trois modes sont disponibles : Touring, Sport et Pluie pour ceux qui veulent utiliser le mode automatique, sinon pour les autres il y aura 7 [&hellip;]","twitter_image":"http:\/\/www.leblogmoto.com\/images\/2007\/07\/06\/aprilia_850_mana.jpg","twitter_misc":{"\u00c9crit par":"gregory boucaud","Dur\u00e9e de lecture estim\u00e9e":"1 minute"},"schema":{"@context":"https:\/\/schema.org","@graph":[{"@type":"WebPage","@id":"https:\/\/blogs.thesocialmedia.com\/leblogmoto\/2007\/07\/06\/aprilia-mana-85\/","url":"https:\/\/blogs.thesocialmedia.com\/leblogmoto\/2007\/07\/06\/aprilia-mana-85\/","name":"Aprilia : Mana 850 bientot en vente? - leblogmoto.com","isPartOf":{"@id":"https:\/\/blogs.thesocialmedia.com\/leblogmoto\/#website"},"primaryImageOfPage":{"@id":"https:\/\/blogs.thesocialmedia.com\/leblogmoto\/2007\/07\/06\/aprilia-mana-85\/#primaryimage"},"image":{"@id":"https:\/\/blogs.thesocialmedia.com\/leblogmoto\/2007\/07\/06\/aprilia-mana-85\/#primaryimage"},"thumbnailUrl":"http:\/\/www.leblogmoto.com\/images\/2007\/07\/06\/aprilia_850_mana.jpg","datePublished":"2007-07-06T22:48:43+00:00","dateModified":"2012-07-11T14:41:25+00:00","author":{"@id":"https:\/\/blogs.thesocialmedia.com\/leblogmoto\/#\/schema\/person\/769623f89741cc3381675029a37764f8"},"breadcrumb":{"@id":"https:\/\/blogs.thesocialmedia.com\/leblogmoto\/2007\/07\/06\/aprilia-mana-85\/#breadcrumb"},"inLanguage":"fr-FR","potentialAction":[{"@type":"ReadAction","target":["https:\/\/blogs.thesocialmedia.com\/leblogmoto\/2007\/07\/06\/aprilia-mana-85\/"]}]},{"@type":"ImageObject","inLanguage":"fr-FR","@id":"https:\/\/blogs.thesocialmedia.com\/leblogmoto\/2007\/07\/06\/aprilia-mana-85\/#primaryimage","url":"http:\/\/www.leblogmoto.com\/images\/2007\/07\/06\/aprilia_850_mana.jpg","contentUrl":"http:\/\/www.leblogmoto.com\/images\/2007\/07\/06\/aprilia_850_mana.jpg"},{"@type":"BreadcrumbList","@id":"https:\/\/blogs.thesocialmedia.com\/leblogmoto\/2007\/07\/06\/aprilia-mana-85\/#breadcrumb","itemListElement":[{"@type":"ListItem","position":1,"name":"Accueil","item":"https:\/\/blogs.thesocialmedia.com\/leblogmoto\/"},{"@type":"ListItem","position":2,"name":"Aprilia : Mana 850 bientot en vente?"}]},{"@type":"WebSite","@id":"https:\/\/blogs.thesocialmedia.com\/leblogmoto\/#website","url":"https:\/\/blogs.thesocialmedia.com\/leblogmoto\/","name":"leblogmoto","description":"Toute l&#039;actualit\u00e9 des 2 roues","potentialAction":[{"@type":"SearchAction","target":{"@type":"EntryPoint","urlTemplate":"https:\/\/blogs.thesocialmedia.com\/leblogmoto\/?s={search_term_string}"},"query-input":{"@type":"PropertyValueSpecification","valueRequired":true,"valueName":"search_term_string"}}],"inLanguage":"fr-FR"},{"@type":"Person","@id":"https:\/\/blogs.thesocialmedia.com\/leblogmoto\/#\/schema\/person\/769623f89741cc3381675029a37764f8","name":"gregory boucaud","image":{"@type":"ImageObject","inLanguage":"fr-FR","@id":"https:\/\/blogs.thesocialmedia.com\/leblogmoto\/#\/schema\/person\/image\/","url":"https:\/\/secure.gravatar.com\/avatar\/?s=96&d=mm&r=g","contentUrl":"https:\/\/secure.gravatar.com\/avatar\/?s=96&d=mm&r=g","caption":"gregory boucaud"},"url":"https:\/\/blogs.thesocialmedia.com\/leblogmoto\/author\/gregory-boucaud\/"}]}},"_links":{"self":[{"href":"https:\/\/blogs.thesocialmedia.com\/leblogmoto\/wp-json\/wp\/v2\/posts\/1324","targetHints":{"allow":["GET"]}}],"collection":[{"href":"https:\/\/blogs.thesocialmedia.com\/leblogmoto\/wp-json\/wp\/v2\/posts"}],"about":[{"href":"https:\/\/blogs.thesocialmedia.com\/leblogmoto\/wp-json\/wp\/v2\/types\/post"}],"author":[{"embeddable":true,"href":"https:\/\/blogs.thesocialmedia.com\/leblogmoto\/wp-json\/wp\/v2\/users\/329"}],"replies":[{"embeddable":true,"href":"https:\/\/blogs.thesocialmedia.com\/leblogmoto\/wp-json\/wp\/v2\/comments?post=1324"}],"version-history":[{"count":2,"href":"https:\/\/blogs.thesocialmedia.com\/leblogmoto\/wp-json\/wp\/v2\/posts\/1324\/revisions"}],"predecessor-version":[{"id":8512,"href":"https:\/\/blogs.thesocialmedia.com\/leblogmoto\/wp-json\/wp\/v2\/posts\/1324\/revisions\/8512"}],"wp:attachment":[{"href":"https:\/\/blogs.thesocialmedia.com\/leblogmoto\/wp-json\/wp\/v2\/media?parent=1324"}],"wp:term":[{"taxonomy":"category","embeddable":true,"href":"https:\/\/blogs.thesocialmedia.com\/leblogmoto\/wp-json\/wp\/v2\/categories?post=1324"},{"taxonomy":"post_tag","embeddable":true,"href":"https:\/\/blogs.thesocialmedia.com\/leblogmoto\/wp-json\/wp\/v2\/tags?post=1324"}],"curies":[{"name":"wp","href":"https:\/\/api.w.org\/{rel}","templated":true}]}}