{"id":1325,"date":"2007-07-06T01:13:22","date_gmt":"2007-07-06T01:13:22","guid":{"rendered":"http:\/\/blogs.thesocialmedia.com\/leblogmoto\/2007\/07\/06\/dainese-open-da\/"},"modified":"2012-07-11T14:41:21","modified_gmt":"2012-07-11T14:41:21","slug":"dainese-open-da","status":"publish","type":"post","link":"https:\/\/blogs.thesocialmedia.com\/leblogmoto\/2007\/07\/06\/dainese-open-da\/","title":{"rendered":"Dainese : Open Day"},"content":{"rendered":"<p><a href=\"http:\/\/blogs.thesocialmedia.com\/leblogmoto\/files\/2012\/07\/logo_dainese.jpg\"><img loading=\"lazy\" decoding=\"async\" height=\"250\" alt=\"Logo_dainese\" src=\"http:\/\/www.leblogmoto.com\/images\/2007\/07\/05\/logo_dainese.jpg\" width=\"250\"  \/><\/a> &quot;Fournir \u00e0 ceux qui pratiquent un sport dynamique (moto, v\u00e9lo, sport aquatique et ski) une protection de la t\u00eate aux pieds&quot; (traduction de : &quot;Providing people with head-to-toe dynamic sports protection&quot;), telle est la devise de la marque italienne <a href=\"http:\/\/www.dainese.com\">Dainese<\/a>. Et c&rsquo;est ce qu&rsquo;elle s&rsquo;efforce de faire en concevant ses produits depuis 1972.<br \/>C&rsquo;est pour vous montrer le processus de conception de ses protections que Dainese vous invite les 21 et 22 juillet \u00e0 Vicence au nord de l&rsquo;Italie.<\/p>\n<p>Au programme, une visite guid\u00e9e d&rsquo;une heure et demie dans le quartier g\u00e9n\u00e9ral de la marque puis au nouveau &quot;Black Cube&quot; qui est un centre de logistique et enfin vous irez au Showroom afin que vous sachiez tout de l&rsquo;histoire de la marque, de son actualit\u00e9 et de ses ambitions pour le futur.<br \/>Vous aurez aussi la chance d&rsquo;admirer les combinaisons des pilotes sponsoris\u00e9s par la marque, en partant d&rsquo;Agostini pour arriver \u00e0 Rossi mais aussi d&rsquo;autres \u00e9quipements port\u00e9es par de c\u00e9l\u00e8bres VTTistes comme Philippe Perakis. <br \/>Vous verrez aussi la nouvelle collection de la marque italienne et la pr\u00e9sentation continuera avec la pr\u00e9sentation du projet de recherche D-Tec (Dainese Technology Center) qui est la nouvelle d\u00e9finition de la protection pour le futur.<br \/>Pour terminer, vous irez dans le D-Lounge pour appr\u00e9cier le GrandPrix de Laguna Seca samedi et dimanche.<\/p>\n<p>Bref, si vous \u00eates fan de la <a href=\"http:\/\/www.dainese.com\">marque<\/a> ou simple curieux, et que le voyage ne vous fait pas peur, vous pourrez <a href=\"http:\/\/www.dainese.com\/eng\/35esimo.asp\">vous inscrire<\/a> sur le site de Dainese ou au +39 02 336 143 27. Attention, les places sont limit\u00e9es car il n&rsquo;en reste plus que 46 \u00e0 l&rsquo;heure o\u00f9 je vous parle&#8230;<\/p>\n","protected":false},"excerpt":{"rendered":"<p>&quot;Fournir \u00e0 ceux qui pratiquent un sport dynamique (moto, v\u00e9lo, sport aquatique et ski) une protection de la t\u00eate aux pieds&quot; (traduction de : &quot;Providing people with head-to-toe dynamic sports protection&quot;), telle est la devise de la marque italienne Dainese. Et c&rsquo;est ce qu&rsquo;elle s&rsquo;efforce de faire en concevant ses produits depuis 1972.C&rsquo;est pour vous [&hellip;]<\/p>\n","protected":false},"author":329,"featured_media":0,"comment_status":"open","ping_status":"open","sticky":false,"template":"","format":"standard","meta":{"footnotes":""},"categories":[3],"tags":[],"class_list":["post-1325","post","type-post","status-publish","format-standard","hentry","category-actualite"],"yoast_head":"<!-- This site is optimized with the Yoast SEO plugin v26.0 - https:\/\/yoast.com\/wordpress\/plugins\/seo\/ -->\n<title>Dainese : Open Day - leblogmoto.com<\/title>\n<meta name=\"robots\" content=\"index, follow, max-snippet:-1, max-image-preview:large, max-video-preview:-1\" \/>\n<link rel=\"canonical\" href=\"https:\/\/blogs.thesocialmedia.com\/leblogmoto\/2007\/07\/06\/dainese-open-da\/\" \/>\n<meta name=\"twitter:card\" content=\"summary_large_image\" \/>\n<meta name=\"twitter:title\" content=\"Dainese : Open Day - leblogmoto.com\" \/>\n<meta name=\"twitter:description\" content=\"&quot;Fournir \u00e0 ceux qui pratiquent un sport dynamique (moto, v\u00e9lo, sport aquatique et ski) une protection de la t\u00eate aux pieds&quot; (traduction de : &quot;Providing people with head-to-toe dynamic sports protection&quot;), telle est la devise de la marque italienne Dainese. Et c&rsquo;est ce qu&rsquo;elle s&rsquo;efforce de faire en concevant ses produits depuis 1972.C&rsquo;est pour vous [&hellip;]\" \/>\n<meta name=\"twitter:image\" content=\"http:\/\/www.leblogmoto.com\/images\/2007\/07\/05\/logo_dainese.jpg\" \/>\n<meta name=\"twitter:label1\" content=\"\u00c9crit par\" \/>\n\t<meta name=\"twitter:data1\" content=\"gregory boucaud\" \/>\n\t<meta name=\"twitter:label2\" content=\"Dur\u00e9e de lecture estim\u00e9e\" \/>\n\t<meta name=\"twitter:data2\" content=\"1 minute\" \/>\n<script type=\"application\/ld+json\" class=\"yoast-schema-graph\">{\"@context\":\"https:\/\/schema.org\",\"@graph\":[{\"@type\":\"WebPage\",\"@id\":\"https:\/\/blogs.thesocialmedia.com\/leblogmoto\/2007\/07\/06\/dainese-open-da\/\",\"url\":\"https:\/\/blogs.thesocialmedia.com\/leblogmoto\/2007\/07\/06\/dainese-open-da\/\",\"name\":\"Dainese : Open Day - leblogmoto.com\",\"isPartOf\":{\"@id\":\"https:\/\/blogs.thesocialmedia.com\/leblogmoto\/#website\"},\"primaryImageOfPage\":{\"@id\":\"https:\/\/blogs.thesocialmedia.com\/leblogmoto\/2007\/07\/06\/dainese-open-da\/#primaryimage\"},\"image\":{\"@id\":\"https:\/\/blogs.thesocialmedia.com\/leblogmoto\/2007\/07\/06\/dainese-open-da\/#primaryimage\"},\"thumbnailUrl\":\"http:\/\/www.leblogmoto.com\/images\/2007\/07\/05\/logo_dainese.jpg\",\"datePublished\":\"2007-07-06T01:13:22+00:00\",\"dateModified\":\"2012-07-11T14:41:21+00:00\",\"author\":{\"@id\":\"https:\/\/blogs.thesocialmedia.com\/leblogmoto\/#\/schema\/person\/769623f89741cc3381675029a37764f8\"},\"breadcrumb\":{\"@id\":\"https:\/\/blogs.thesocialmedia.com\/leblogmoto\/2007\/07\/06\/dainese-open-da\/#breadcrumb\"},\"inLanguage\":\"fr-FR\",\"potentialAction\":[{\"@type\":\"ReadAction\",\"target\":[\"https:\/\/blogs.thesocialmedia.com\/leblogmoto\/2007\/07\/06\/dainese-open-da\/\"]}]},{\"@type\":\"ImageObject\",\"inLanguage\":\"fr-FR\",\"@id\":\"https:\/\/blogs.thesocialmedia.com\/leblogmoto\/2007\/07\/06\/dainese-open-da\/#primaryimage\",\"url\":\"http:\/\/www.leblogmoto.com\/images\/2007\/07\/05\/logo_dainese.jpg\",\"contentUrl\":\"http:\/\/www.leblogmoto.com\/images\/2007\/07\/05\/logo_dainese.jpg\"},{\"@type\":\"BreadcrumbList\",\"@id\":\"https:\/\/blogs.thesocialmedia.com\/leblogmoto\/2007\/07\/06\/dainese-open-da\/#breadcrumb\",\"itemListElement\":[{\"@type\":\"ListItem\",\"position\":1,\"name\":\"Accueil\",\"item\":\"https:\/\/blogs.thesocialmedia.com\/leblogmoto\/\"},{\"@type\":\"ListItem\",\"position\":2,\"name\":\"Dainese : Open Day\"}]},{\"@type\":\"WebSite\",\"@id\":\"https:\/\/blogs.thesocialmedia.com\/leblogmoto\/#website\",\"url\":\"https:\/\/blogs.thesocialmedia.com\/leblogmoto\/\",\"name\":\"leblogmoto\",\"description\":\"Toute l&#039;actualit\u00e9 des 2 roues\",\"potentialAction\":[{\"@type\":\"SearchAction\",\"target\":{\"@type\":\"EntryPoint\",\"urlTemplate\":\"https:\/\/blogs.thesocialmedia.com\/leblogmoto\/?s={search_term_string}\"},\"query-input\":{\"@type\":\"PropertyValueSpecification\",\"valueRequired\":true,\"valueName\":\"search_term_string\"}}],\"inLanguage\":\"fr-FR\"},{\"@type\":\"Person\",\"@id\":\"https:\/\/blogs.thesocialmedia.com\/leblogmoto\/#\/schema\/person\/769623f89741cc3381675029a37764f8\",\"name\":\"gregory boucaud\",\"image\":{\"@type\":\"ImageObject\",\"inLanguage\":\"fr-FR\",\"@id\":\"https:\/\/blogs.thesocialmedia.com\/leblogmoto\/#\/schema\/person\/image\/\",\"url\":\"https:\/\/secure.gravatar.com\/avatar\/?s=96&d=mm&r=g\",\"contentUrl\":\"https:\/\/secure.gravatar.com\/avatar\/?s=96&d=mm&r=g\",\"caption\":\"gregory boucaud\"},\"url\":\"https:\/\/blogs.thesocialmedia.com\/leblogmoto\/author\/gregory-boucaud\/\"}]}<\/script>\n<!-- \/ Yoast SEO plugin. -->","yoast_head_json":{"title":"Dainese : Open Day - leblogmoto.com","robots":{"index":"index","follow":"follow","max-snippet":"max-snippet:-1","max-image-preview":"max-image-preview:large","max-video-preview":"max-video-preview:-1"},"canonical":"https:\/\/blogs.thesocialmedia.com\/leblogmoto\/2007\/07\/06\/dainese-open-da\/","twitter_card":"summary_large_image","twitter_title":"Dainese : Open Day - leblogmoto.com","twitter_description":"&quot;Fournir \u00e0 ceux qui pratiquent un sport dynamique (moto, v\u00e9lo, sport aquatique et ski) une protection de la t\u00eate aux pieds&quot; (traduction de : &quot;Providing people with head-to-toe dynamic sports protection&quot;), telle est la devise de la marque italienne Dainese. Et c&rsquo;est ce qu&rsquo;elle s&rsquo;efforce de faire en concevant ses produits depuis 1972.C&rsquo;est pour vous [&hellip;]","twitter_image":"http:\/\/www.leblogmoto.com\/images\/2007\/07\/05\/logo_dainese.jpg","twitter_misc":{"\u00c9crit par":"gregory boucaud","Dur\u00e9e de lecture estim\u00e9e":"1 minute"},"schema":{"@context":"https:\/\/schema.org","@graph":[{"@type":"WebPage","@id":"https:\/\/blogs.thesocialmedia.com\/leblogmoto\/2007\/07\/06\/dainese-open-da\/","url":"https:\/\/blogs.thesocialmedia.com\/leblogmoto\/2007\/07\/06\/dainese-open-da\/","name":"Dainese : Open Day - leblogmoto.com","isPartOf":{"@id":"https:\/\/blogs.thesocialmedia.com\/leblogmoto\/#website"},"primaryImageOfPage":{"@id":"https:\/\/blogs.thesocialmedia.com\/leblogmoto\/2007\/07\/06\/dainese-open-da\/#primaryimage"},"image":{"@id":"https:\/\/blogs.thesocialmedia.com\/leblogmoto\/2007\/07\/06\/dainese-open-da\/#primaryimage"},"thumbnailUrl":"http:\/\/www.leblogmoto.com\/images\/2007\/07\/05\/logo_dainese.jpg","datePublished":"2007-07-06T01:13:22+00:00","dateModified":"2012-07-11T14:41:21+00:00","author":{"@id":"https:\/\/blogs.thesocialmedia.com\/leblogmoto\/#\/schema\/person\/769623f89741cc3381675029a37764f8"},"breadcrumb":{"@id":"https:\/\/blogs.thesocialmedia.com\/leblogmoto\/2007\/07\/06\/dainese-open-da\/#breadcrumb"},"inLanguage":"fr-FR","potentialAction":[{"@type":"ReadAction","target":["https:\/\/blogs.thesocialmedia.com\/leblogmoto\/2007\/07\/06\/dainese-open-da\/"]}]},{"@type":"ImageObject","inLanguage":"fr-FR","@id":"https:\/\/blogs.thesocialmedia.com\/leblogmoto\/2007\/07\/06\/dainese-open-da\/#primaryimage","url":"http:\/\/www.leblogmoto.com\/images\/2007\/07\/05\/logo_dainese.jpg","contentUrl":"http:\/\/www.leblogmoto.com\/images\/2007\/07\/05\/logo_dainese.jpg"},{"@type":"BreadcrumbList","@id":"https:\/\/blogs.thesocialmedia.com\/leblogmoto\/2007\/07\/06\/dainese-open-da\/#breadcrumb","itemListElement":[{"@type":"ListItem","position":1,"name":"Accueil","item":"https:\/\/blogs.thesocialmedia.com\/leblogmoto\/"},{"@type":"ListItem","position":2,"name":"Dainese : Open Day"}]},{"@type":"WebSite","@id":"https:\/\/blogs.thesocialmedia.com\/leblogmoto\/#website","url":"https:\/\/blogs.thesocialmedia.com\/leblogmoto\/","name":"leblogmoto","description":"Toute l&#039;actualit\u00e9 des 2 roues","potentialAction":[{"@type":"SearchAction","target":{"@type":"EntryPoint","urlTemplate":"https:\/\/blogs.thesocialmedia.com\/leblogmoto\/?s={search_term_string}"},"query-input":{"@type":"PropertyValueSpecification","valueRequired":true,"valueName":"search_term_string"}}],"inLanguage":"fr-FR"},{"@type":"Person","@id":"https:\/\/blogs.thesocialmedia.com\/leblogmoto\/#\/schema\/person\/769623f89741cc3381675029a37764f8","name":"gregory boucaud","image":{"@type":"ImageObject","inLanguage":"fr-FR","@id":"https:\/\/blogs.thesocialmedia.com\/leblogmoto\/#\/schema\/person\/image\/","url":"https:\/\/secure.gravatar.com\/avatar\/?s=96&d=mm&r=g","contentUrl":"https:\/\/secure.gravatar.com\/avatar\/?s=96&d=mm&r=g","caption":"gregory boucaud"},"url":"https:\/\/blogs.thesocialmedia.com\/leblogmoto\/author\/gregory-boucaud\/"}]}},"_links":{"self":[{"href":"https:\/\/blogs.thesocialmedia.com\/leblogmoto\/wp-json\/wp\/v2\/posts\/1325","targetHints":{"allow":["GET"]}}],"collection":[{"href":"https:\/\/blogs.thesocialmedia.com\/leblogmoto\/wp-json\/wp\/v2\/posts"}],"about":[{"href":"https:\/\/blogs.thesocialmedia.com\/leblogmoto\/wp-json\/wp\/v2\/types\/post"}],"author":[{"embeddable":true,"href":"https:\/\/blogs.thesocialmedia.com\/leblogmoto\/wp-json\/wp\/v2\/users\/329"}],"replies":[{"embeddable":true,"href":"https:\/\/blogs.thesocialmedia.com\/leblogmoto\/wp-json\/wp\/v2\/comments?post=1325"}],"version-history":[{"count":2,"href":"https:\/\/blogs.thesocialmedia.com\/leblogmoto\/wp-json\/wp\/v2\/posts\/1325\/revisions"}],"predecessor-version":[{"id":8509,"href":"https:\/\/blogs.thesocialmedia.com\/leblogmoto\/wp-json\/wp\/v2\/posts\/1325\/revisions\/8509"}],"wp:attachment":[{"href":"https:\/\/blogs.thesocialmedia.com\/leblogmoto\/wp-json\/wp\/v2\/media?parent=1325"}],"wp:term":[{"taxonomy":"category","embeddable":true,"href":"https:\/\/blogs.thesocialmedia.com\/leblogmoto\/wp-json\/wp\/v2\/categories?post=1325"},{"taxonomy":"post_tag","embeddable":true,"href":"https:\/\/blogs.thesocialmedia.com\/leblogmoto\/wp-json\/wp\/v2\/tags?post=1325"}],"curies":[{"name":"wp","href":"https:\/\/api.w.org\/{rel}","templated":true}]}}