{"id":1328,"date":"2007-07-03T03:39:06","date_gmt":"2007-07-03T03:39:06","guid":{"rendered":"http:\/\/blogs.thesocialmedia.com\/leblogmoto\/2007\/07\/03\/motostra-2007-a\/"},"modified":"2012-07-11T14:41:17","modified_gmt":"2012-07-11T14:41:17","slug":"motostra-2007-a","status":"publish","type":"post","link":"https:\/\/blogs.thesocialmedia.com\/leblogmoto\/2007\/07\/03\/motostra-2007-a\/","title":{"rendered":"Motostra 2007 : Au programme&#8230;"},"content":{"rendered":"<p><a href=\"http:\/\/blogs.thesocialmedia.com\/leblogmoto\/files\/2012\/07\/motostra_2007.jpg\"><img loading=\"lazy\" decoding=\"async\" height=\"347\" alt=\"Motostra_2007\" src=\"http:\/\/www.leblogmoto.com\/images\/2007\/07\/02\/motostra_2007.jpg\" width=\"250\"  \/><\/a> Je vous avais d\u00e9j\u00e0 parl\u00e9 de la <a href=\"http:\/\/www.leblogmoto.com\/2007\/05\/motostra_2007.html\">Motostra 2007<\/a> il y a quelques temps, maintenant vous avez droit au programme des festivit\u00e9s.<br \/>Les projections auront lieu au cin\u00e9ma <em>Les Lumi\u00e8res de la Ville<\/em>, 15, rue de la Condamine, \u00e0 Millau. Elles seront, comme les animations, ouvertes au public et gratuites (dans la limite des places disponibles).<\/p>\n<p><strong>Vendredi 6 juillet 20 h 45 :<\/strong> projection du film \u00ab <a href=\"http:\/\/www.leblogmoto.com\/harleydavidson\/\">Bande de sauvages<\/a>, vieux motards que jamais \u00bb, s\u00e9ance gratuite r\u00e9serv\u00e9e aux habitants de Millau.<br \/><strong>Samedi 7 juillet 13 h 30 :<\/strong> ouverture officielle du festival.<br \/>Projection des courts-m\u00e9trages <a href=\"http:\/\/www.leblogmoto.com\/2007\/05\/motostra_2007.html\">Motostra <\/a><br \/>S\u00e9ances : 13 h 30 \u2013 15 h 30 \u2013 17 h 30 \u2013 19 h 30<br \/>Projection du film \u00ab <a href=\"http:\/\/www.leblogmoto.com\/harleydavidson\/\">Bande de sauvages<\/a>, vieux motards que jamais \u00bb <br \/>S\u00e9ances : 14 h \u2013 16 h \u2013 18 h \u2013 20 h<br \/><strong>Dimanche 8 juillet : 9 h 15 :<\/strong> Balade des motards <br \/><strong>12 h :<\/strong> Remise des prix.<\/p>\n<p>Le jury de la <a href=\"http:\/\/www.leblogmoto.com\/2007\/05\/motostra_2007.html\">7\u00e8me Motostra<\/a> sera compos\u00e9 de :<br \/>&#8211; Pierre William Glenn, pr\u00e9sident du jury &#8211; R\u00e9alisateur du mythique <em>Cheval de fer<\/em>, il a \u00e9t\u00e9 directeur de la photographie de r\u00e9alisateurs prestigieux (Truffaut, Fuller, Losey, Tavernier, Lelouch, Costa-Gavras\u2026) et pr\u00e9sident de la Commission sup\u00e9rieure technique du cin\u00e9ma. <br \/>&#8211; Jacques Godfrain \u2013 Maire de Millau (ou son repr\u00e9sentant). <br \/>&#8211; Marc Leblanc \u2013 Membre du bureau national de la FFMC. <br \/>&#8211; R\u00e9gis Henrion \u2013 Administrateur de la Mutuelle des Motards. <br \/>&#8211; Etienne Garcin Marrou \u2013 Journaliste Moto Magazine. <br \/>&#8211; Monsieur Oskola &#8211; Directeur du cin\u00e9ma de Millau <em>Les Lumi\u00e8res de la Ville.<\/em> <br \/>&#8211; Michel Vaujelade \u2013 Manager du team moto 6\u00e8me Avenue. <br \/>&#8211; Christian Archambeau \u2013 Producteur de cin\u00e9ma.<\/p>\n<p>Sachez que des animations seront organis\u00e9es autour de la moto le samedi 7 juillet de 10 h \u00e0 17 h 30 : <br \/>&#8211; Mini-motos pour les enfants de 6 \u00e0 10 ans encadr\u00e9s par la FFMC Loisirs.<br \/>&#8211; Initiation \u00e0 la moto 125 cm3 (permis auto obligatoire) encadr\u00e9e par l\u2019Association de Formation des Motards (AFDM).<\/p>\n<p>Pour information, l\u2019affiche de la 7e \u00e9dition de la <a href=\"http:\/\/www.leblogmoto.com\/2007\/05\/motostra_2007.html\">Motostra<\/a> a \u00e9t\u00e9 r\u00e9alis\u00e9e par l\u2019affichiste Alain Le Quernec. <\/p>\n<p>Alors si vous habitez du coin de Millau, allez y faire un tour (en plus c&rsquo;est gratuit&#8230;).<br \/>N&rsquo;h\u00e9sitez pas aussi \u00e0 laisser vos commentaires \ud83d\ude09<\/p>\n<p>Source : <a href=\"http:\/\/www.motostra.com\/\">Motostra<\/a><\/p>\n","protected":false},"excerpt":{"rendered":"<p>Je vous avais d\u00e9j\u00e0 parl\u00e9 de la Motostra 2007 il y a quelques temps, maintenant vous avez droit au programme des festivit\u00e9s.Les projections auront lieu au cin\u00e9ma Les Lumi\u00e8res de la Ville, 15, rue de la Condamine, \u00e0 Millau. Elles seront, comme les animations, ouvertes au public et gratuites (dans la limite des places disponibles). [&hellip;]<\/p>\n","protected":false},"author":329,"featured_media":0,"comment_status":"open","ping_status":"open","sticky":false,"template":"","format":"standard","meta":{"footnotes":""},"categories":[16],"tags":[],"class_list":["post-1328","post","type-post","status-publish","format-standard","hentry","category-art-moto"],"yoast_head":"<!-- This site is optimized with the Yoast SEO plugin v26.0 - https:\/\/yoast.com\/wordpress\/plugins\/seo\/ -->\n<title>Motostra 2007 : Au programme... - leblogmoto.com<\/title>\n<meta name=\"robots\" content=\"index, follow, max-snippet:-1, max-image-preview:large, max-video-preview:-1\" \/>\n<link rel=\"canonical\" href=\"https:\/\/blogs.thesocialmedia.com\/leblogmoto\/2007\/07\/03\/motostra-2007-a\/\" \/>\n<meta name=\"twitter:card\" content=\"summary_large_image\" \/>\n<meta name=\"twitter:title\" content=\"Motostra 2007 : Au programme... - leblogmoto.com\" \/>\n<meta name=\"twitter:description\" content=\"Je vous avais d\u00e9j\u00e0 parl\u00e9 de la Motostra 2007 il y a quelques temps, maintenant vous avez droit au programme des festivit\u00e9s.Les projections auront lieu au cin\u00e9ma Les Lumi\u00e8res de la Ville, 15, rue de la Condamine, \u00e0 Millau. Elles seront, comme les animations, ouvertes au public et gratuites (dans la limite des places disponibles). [&hellip;]\" \/>\n<meta name=\"twitter:image\" content=\"http:\/\/www.leblogmoto.com\/images\/2007\/07\/02\/motostra_2007.jpg\" \/>\n<meta name=\"twitter:label1\" content=\"\u00c9crit par\" \/>\n\t<meta name=\"twitter:data1\" content=\"gregory boucaud\" \/>\n\t<meta name=\"twitter:label2\" content=\"Dur\u00e9e de lecture estim\u00e9e\" \/>\n\t<meta name=\"twitter:data2\" content=\"2 minutes\" \/>\n<script type=\"application\/ld+json\" class=\"yoast-schema-graph\">{\"@context\":\"https:\/\/schema.org\",\"@graph\":[{\"@type\":\"WebPage\",\"@id\":\"https:\/\/blogs.thesocialmedia.com\/leblogmoto\/2007\/07\/03\/motostra-2007-a\/\",\"url\":\"https:\/\/blogs.thesocialmedia.com\/leblogmoto\/2007\/07\/03\/motostra-2007-a\/\",\"name\":\"Motostra 2007 : Au programme... - leblogmoto.com\",\"isPartOf\":{\"@id\":\"https:\/\/blogs.thesocialmedia.com\/leblogmoto\/#website\"},\"primaryImageOfPage\":{\"@id\":\"https:\/\/blogs.thesocialmedia.com\/leblogmoto\/2007\/07\/03\/motostra-2007-a\/#primaryimage\"},\"image\":{\"@id\":\"https:\/\/blogs.thesocialmedia.com\/leblogmoto\/2007\/07\/03\/motostra-2007-a\/#primaryimage\"},\"thumbnailUrl\":\"http:\/\/www.leblogmoto.com\/images\/2007\/07\/02\/motostra_2007.jpg\",\"datePublished\":\"2007-07-03T03:39:06+00:00\",\"dateModified\":\"2012-07-11T14:41:17+00:00\",\"author\":{\"@id\":\"https:\/\/blogs.thesocialmedia.com\/leblogmoto\/#\/schema\/person\/769623f89741cc3381675029a37764f8\"},\"breadcrumb\":{\"@id\":\"https:\/\/blogs.thesocialmedia.com\/leblogmoto\/2007\/07\/03\/motostra-2007-a\/#breadcrumb\"},\"inLanguage\":\"fr-FR\",\"potentialAction\":[{\"@type\":\"ReadAction\",\"target\":[\"https:\/\/blogs.thesocialmedia.com\/leblogmoto\/2007\/07\/03\/motostra-2007-a\/\"]}]},{\"@type\":\"ImageObject\",\"inLanguage\":\"fr-FR\",\"@id\":\"https:\/\/blogs.thesocialmedia.com\/leblogmoto\/2007\/07\/03\/motostra-2007-a\/#primaryimage\",\"url\":\"http:\/\/www.leblogmoto.com\/images\/2007\/07\/02\/motostra_2007.jpg\",\"contentUrl\":\"http:\/\/www.leblogmoto.com\/images\/2007\/07\/02\/motostra_2007.jpg\"},{\"@type\":\"BreadcrumbList\",\"@id\":\"https:\/\/blogs.thesocialmedia.com\/leblogmoto\/2007\/07\/03\/motostra-2007-a\/#breadcrumb\",\"itemListElement\":[{\"@type\":\"ListItem\",\"position\":1,\"name\":\"Accueil\",\"item\":\"https:\/\/blogs.thesocialmedia.com\/leblogmoto\/\"},{\"@type\":\"ListItem\",\"position\":2,\"name\":\"Motostra 2007 : Au programme&#8230;\"}]},{\"@type\":\"WebSite\",\"@id\":\"https:\/\/blogs.thesocialmedia.com\/leblogmoto\/#website\",\"url\":\"https:\/\/blogs.thesocialmedia.com\/leblogmoto\/\",\"name\":\"leblogmoto\",\"description\":\"Toute l&#039;actualit\u00e9 des 2 roues\",\"potentialAction\":[{\"@type\":\"SearchAction\",\"target\":{\"@type\":\"EntryPoint\",\"urlTemplate\":\"https:\/\/blogs.thesocialmedia.com\/leblogmoto\/?s={search_term_string}\"},\"query-input\":{\"@type\":\"PropertyValueSpecification\",\"valueRequired\":true,\"valueName\":\"search_term_string\"}}],\"inLanguage\":\"fr-FR\"},{\"@type\":\"Person\",\"@id\":\"https:\/\/blogs.thesocialmedia.com\/leblogmoto\/#\/schema\/person\/769623f89741cc3381675029a37764f8\",\"name\":\"gregory boucaud\",\"image\":{\"@type\":\"ImageObject\",\"inLanguage\":\"fr-FR\",\"@id\":\"https:\/\/blogs.thesocialmedia.com\/leblogmoto\/#\/schema\/person\/image\/\",\"url\":\"https:\/\/secure.gravatar.com\/avatar\/?s=96&d=mm&r=g\",\"contentUrl\":\"https:\/\/secure.gravatar.com\/avatar\/?s=96&d=mm&r=g\",\"caption\":\"gregory boucaud\"},\"url\":\"https:\/\/blogs.thesocialmedia.com\/leblogmoto\/author\/gregory-boucaud\/\"}]}<\/script>\n<!-- \/ Yoast SEO plugin. -->","yoast_head_json":{"title":"Motostra 2007 : Au programme... - leblogmoto.com","robots":{"index":"index","follow":"follow","max-snippet":"max-snippet:-1","max-image-preview":"max-image-preview:large","max-video-preview":"max-video-preview:-1"},"canonical":"https:\/\/blogs.thesocialmedia.com\/leblogmoto\/2007\/07\/03\/motostra-2007-a\/","twitter_card":"summary_large_image","twitter_title":"Motostra 2007 : Au programme... - leblogmoto.com","twitter_description":"Je vous avais d\u00e9j\u00e0 parl\u00e9 de la Motostra 2007 il y a quelques temps, maintenant vous avez droit au programme des festivit\u00e9s.Les projections auront lieu au cin\u00e9ma Les Lumi\u00e8res de la Ville, 15, rue de la Condamine, \u00e0 Millau. Elles seront, comme les animations, ouvertes au public et gratuites (dans la limite des places disponibles). [&hellip;]","twitter_image":"http:\/\/www.leblogmoto.com\/images\/2007\/07\/02\/motostra_2007.jpg","twitter_misc":{"\u00c9crit par":"gregory boucaud","Dur\u00e9e de lecture estim\u00e9e":"2 minutes"},"schema":{"@context":"https:\/\/schema.org","@graph":[{"@type":"WebPage","@id":"https:\/\/blogs.thesocialmedia.com\/leblogmoto\/2007\/07\/03\/motostra-2007-a\/","url":"https:\/\/blogs.thesocialmedia.com\/leblogmoto\/2007\/07\/03\/motostra-2007-a\/","name":"Motostra 2007 : Au programme... - leblogmoto.com","isPartOf":{"@id":"https:\/\/blogs.thesocialmedia.com\/leblogmoto\/#website"},"primaryImageOfPage":{"@id":"https:\/\/blogs.thesocialmedia.com\/leblogmoto\/2007\/07\/03\/motostra-2007-a\/#primaryimage"},"image":{"@id":"https:\/\/blogs.thesocialmedia.com\/leblogmoto\/2007\/07\/03\/motostra-2007-a\/#primaryimage"},"thumbnailUrl":"http:\/\/www.leblogmoto.com\/images\/2007\/07\/02\/motostra_2007.jpg","datePublished":"2007-07-03T03:39:06+00:00","dateModified":"2012-07-11T14:41:17+00:00","author":{"@id":"https:\/\/blogs.thesocialmedia.com\/leblogmoto\/#\/schema\/person\/769623f89741cc3381675029a37764f8"},"breadcrumb":{"@id":"https:\/\/blogs.thesocialmedia.com\/leblogmoto\/2007\/07\/03\/motostra-2007-a\/#breadcrumb"},"inLanguage":"fr-FR","potentialAction":[{"@type":"ReadAction","target":["https:\/\/blogs.thesocialmedia.com\/leblogmoto\/2007\/07\/03\/motostra-2007-a\/"]}]},{"@type":"ImageObject","inLanguage":"fr-FR","@id":"https:\/\/blogs.thesocialmedia.com\/leblogmoto\/2007\/07\/03\/motostra-2007-a\/#primaryimage","url":"http:\/\/www.leblogmoto.com\/images\/2007\/07\/02\/motostra_2007.jpg","contentUrl":"http:\/\/www.leblogmoto.com\/images\/2007\/07\/02\/motostra_2007.jpg"},{"@type":"BreadcrumbList","@id":"https:\/\/blogs.thesocialmedia.com\/leblogmoto\/2007\/07\/03\/motostra-2007-a\/#breadcrumb","itemListElement":[{"@type":"ListItem","position":1,"name":"Accueil","item":"https:\/\/blogs.thesocialmedia.com\/leblogmoto\/"},{"@type":"ListItem","position":2,"name":"Motostra 2007 : Au programme&#8230;"}]},{"@type":"WebSite","@id":"https:\/\/blogs.thesocialmedia.com\/leblogmoto\/#website","url":"https:\/\/blogs.thesocialmedia.com\/leblogmoto\/","name":"leblogmoto","description":"Toute l&#039;actualit\u00e9 des 2 roues","potentialAction":[{"@type":"SearchAction","target":{"@type":"EntryPoint","urlTemplate":"https:\/\/blogs.thesocialmedia.com\/leblogmoto\/?s={search_term_string}"},"query-input":{"@type":"PropertyValueSpecification","valueRequired":true,"valueName":"search_term_string"}}],"inLanguage":"fr-FR"},{"@type":"Person","@id":"https:\/\/blogs.thesocialmedia.com\/leblogmoto\/#\/schema\/person\/769623f89741cc3381675029a37764f8","name":"gregory boucaud","image":{"@type":"ImageObject","inLanguage":"fr-FR","@id":"https:\/\/blogs.thesocialmedia.com\/leblogmoto\/#\/schema\/person\/image\/","url":"https:\/\/secure.gravatar.com\/avatar\/?s=96&d=mm&r=g","contentUrl":"https:\/\/secure.gravatar.com\/avatar\/?s=96&d=mm&r=g","caption":"gregory boucaud"},"url":"https:\/\/blogs.thesocialmedia.com\/leblogmoto\/author\/gregory-boucaud\/"}]}},"_links":{"self":[{"href":"https:\/\/blogs.thesocialmedia.com\/leblogmoto\/wp-json\/wp\/v2\/posts\/1328","targetHints":{"allow":["GET"]}}],"collection":[{"href":"https:\/\/blogs.thesocialmedia.com\/leblogmoto\/wp-json\/wp\/v2\/posts"}],"about":[{"href":"https:\/\/blogs.thesocialmedia.com\/leblogmoto\/wp-json\/wp\/v2\/types\/post"}],"author":[{"embeddable":true,"href":"https:\/\/blogs.thesocialmedia.com\/leblogmoto\/wp-json\/wp\/v2\/users\/329"}],"replies":[{"embeddable":true,"href":"https:\/\/blogs.thesocialmedia.com\/leblogmoto\/wp-json\/wp\/v2\/comments?post=1328"}],"version-history":[{"count":2,"href":"https:\/\/blogs.thesocialmedia.com\/leblogmoto\/wp-json\/wp\/v2\/posts\/1328\/revisions"}],"predecessor-version":[{"id":8503,"href":"https:\/\/blogs.thesocialmedia.com\/leblogmoto\/wp-json\/wp\/v2\/posts\/1328\/revisions\/8503"}],"wp:attachment":[{"href":"https:\/\/blogs.thesocialmedia.com\/leblogmoto\/wp-json\/wp\/v2\/media?parent=1328"}],"wp:term":[{"taxonomy":"category","embeddable":true,"href":"https:\/\/blogs.thesocialmedia.com\/leblogmoto\/wp-json\/wp\/v2\/categories?post=1328"},{"taxonomy":"post_tag","embeddable":true,"href":"https:\/\/blogs.thesocialmedia.com\/leblogmoto\/wp-json\/wp\/v2\/tags?post=1328"}],"curies":[{"name":"wp","href":"https:\/\/api.w.org\/{rel}","templated":true}]}}