{"id":1330,"date":"2007-06-24T04:44:03","date_gmt":"2007-06-24T04:44:03","guid":{"rendered":"http:\/\/blogs.thesocialmedia.com\/leblogmoto\/2007\/06\/24\/colin-edwards-e\/"},"modified":"2012-07-11T14:41:14","modified_gmt":"2012-07-11T14:41:14","slug":"colin-edwards-e","status":"publish","type":"post","link":"https:\/\/blogs.thesocialmedia.com\/leblogmoto\/2007\/06\/24\/colin-edwards-e\/","title":{"rendered":"Colin Edwards en Pole \u00e0 Donington"},"content":{"rendered":"<p><a href=\"http:\/\/blogs.thesocialmedia.com\/leblogmoto\/files\/2012\/07\/edwards.jpg\"><img loading=\"lazy\" decoding=\"async\" width=\"250\" height=\"149\"  src=\"http:\/\/www.leblogmoto.com\/images\/2007\/06\/23\/edwards.jpg\" alt=\"Edwards\" style=\"margin: 0px 5px 5px 0px;float: left\" \/><\/a> L&rsquo;am\u00e9ricain Colin Edwards, a sign\u00e9 le meilleur temps des essais en 1&quot;25&rsquo;521 sur sa Yamaha juste avant la fin de la s\u00e9ance. Valentino Rossi, a r\u00e9alis\u00e9 le second meilleur temps, devant Dani Pedrosa et Nicky Hayden sur Honda, Casey Stoner sur Ducati et John Hopkins. Randy de Puniet sur Kawasaki&nbsp; a sign\u00e9 le 8\u00e8me temps et Sylvain Guintoli sur Yamaha le 16\u00e8me.<\/p>\n<p>C&rsquo;est la 20\u00e8me ann\u00e9e, depuis 1987, qu&rsquo;un Grand Prix de MotoGp se d\u00e9roule sur le circuit vallonn\u00e9 de Donington. Apr\u00e8s une surprenante 12\u00e8me place au GP d&rsquo;Italie du Mugello, Colin Edwards souhaite montrer qu&rsquo;il reste parmi les meilleurs pilotes du championnat.<\/p>\n<p>Au classement g\u00e9n\u00e9ral, Casey Stoner est toujours en t\u00eate du championnat avec 140 points devant Valentino Rossi, 126 points, et Dani Pedrosa, 98 points.<\/p>\n<p>Au championnat des constructeurs c&rsquo;est Ducati qui m\u00e8ne avec 197 points devant Yamaha 171 et Suzuki 144.<\/p>\n<p>La m\u00e9t\u00e9o annonce un temps typiquement britannique pendant la course demain, des conditions changeantes et de la pluie&#8230;<\/p>\n<p>___<\/p>\n<p>L&rsquo;ann\u00e9e derni\u00e8re sur le circuit de Sepang en Malaysie Colin Edwards a \u00e9t\u00e9 invit\u00e9 par Michelin \u00e0 essayer le nouveau pneu Michelin Pilot Power 2CT sur sa moto de Grand Prix. Il a roul\u00e9 \u00e0 seulement 8 secondes de ses meilleurs chronos.<\/p>\n<p> <\/p>\n<p> <embed width=\"359\" height=\"350\" src=\"http:\/\/www.vsocial.com\/ups\/417fb8fd85c60d4787f7e49f6aad84fe\"><\/embed> <\/p>\n","protected":false},"excerpt":{"rendered":"<p>L&rsquo;am\u00e9ricain Colin Edwards, a sign\u00e9 le meilleur temps des essais en 1&quot;25&rsquo;521 sur sa Yamaha juste avant la fin de la s\u00e9ance. Valentino Rossi, a r\u00e9alis\u00e9 le second meilleur temps, devant Dani Pedrosa et Nicky Hayden sur Honda, Casey Stoner sur Ducati et John Hopkins. Randy de Puniet sur Kawasaki&nbsp; a sign\u00e9 le 8\u00e8me temps [&hellip;]<\/p>\n","protected":false},"author":323,"featured_media":0,"comment_status":"open","ping_status":"open","sticky":false,"template":"","format":"standard","meta":{"footnotes":""},"categories":[22],"tags":[],"class_list":["post-1330","post","type-post","status-publish","format-standard","hentry","category-motogp"],"yoast_head":"<!-- This site is optimized with the Yoast SEO plugin v26.0 - https:\/\/yoast.com\/wordpress\/plugins\/seo\/ -->\n<title>Colin Edwards en Pole \u00e0 Donington - leblogmoto.com<\/title>\n<meta name=\"robots\" content=\"index, follow, max-snippet:-1, max-image-preview:large, max-video-preview:-1\" \/>\n<link rel=\"canonical\" href=\"https:\/\/blogs.thesocialmedia.com\/leblogmoto\/2007\/06\/24\/colin-edwards-e\/\" \/>\n<meta name=\"twitter:card\" content=\"summary_large_image\" \/>\n<meta name=\"twitter:title\" content=\"Colin Edwards en Pole \u00e0 Donington - leblogmoto.com\" \/>\n<meta name=\"twitter:description\" content=\"L&rsquo;am\u00e9ricain Colin Edwards, a sign\u00e9 le meilleur temps des essais en 1&quot;25&rsquo;521 sur sa Yamaha juste avant la fin de la s\u00e9ance. Valentino Rossi, a r\u00e9alis\u00e9 le second meilleur temps, devant Dani Pedrosa et Nicky Hayden sur Honda, Casey Stoner sur Ducati et John Hopkins. Randy de Puniet sur Kawasaki&nbsp; a sign\u00e9 le 8\u00e8me temps [&hellip;]\" \/>\n<meta name=\"twitter:image\" content=\"http:\/\/www.leblogmoto.com\/images\/2007\/06\/23\/edwards.jpg\" \/>\n<meta name=\"twitter:label1\" content=\"\u00c9crit par\" \/>\n\t<meta name=\"twitter:data1\" content=\"albin le guyader\" \/>\n\t<meta name=\"twitter:label2\" content=\"Dur\u00e9e de lecture estim\u00e9e\" \/>\n\t<meta name=\"twitter:data2\" content=\"1 minute\" \/>\n<script type=\"application\/ld+json\" class=\"yoast-schema-graph\">{\"@context\":\"https:\/\/schema.org\",\"@graph\":[{\"@type\":\"WebPage\",\"@id\":\"https:\/\/blogs.thesocialmedia.com\/leblogmoto\/2007\/06\/24\/colin-edwards-e\/\",\"url\":\"https:\/\/blogs.thesocialmedia.com\/leblogmoto\/2007\/06\/24\/colin-edwards-e\/\",\"name\":\"Colin Edwards en Pole \u00e0 Donington - leblogmoto.com\",\"isPartOf\":{\"@id\":\"https:\/\/blogs.thesocialmedia.com\/leblogmoto\/#website\"},\"primaryImageOfPage\":{\"@id\":\"https:\/\/blogs.thesocialmedia.com\/leblogmoto\/2007\/06\/24\/colin-edwards-e\/#primaryimage\"},\"image\":{\"@id\":\"https:\/\/blogs.thesocialmedia.com\/leblogmoto\/2007\/06\/24\/colin-edwards-e\/#primaryimage\"},\"thumbnailUrl\":\"http:\/\/www.leblogmoto.com\/images\/2007\/06\/23\/edwards.jpg\",\"datePublished\":\"2007-06-24T04:44:03+00:00\",\"dateModified\":\"2012-07-11T14:41:14+00:00\",\"author\":{\"@id\":\"https:\/\/blogs.thesocialmedia.com\/leblogmoto\/#\/schema\/person\/b496d27c898c29a39678e2425cafb9ae\"},\"breadcrumb\":{\"@id\":\"https:\/\/blogs.thesocialmedia.com\/leblogmoto\/2007\/06\/24\/colin-edwards-e\/#breadcrumb\"},\"inLanguage\":\"fr-FR\",\"potentialAction\":[{\"@type\":\"ReadAction\",\"target\":[\"https:\/\/blogs.thesocialmedia.com\/leblogmoto\/2007\/06\/24\/colin-edwards-e\/\"]}]},{\"@type\":\"ImageObject\",\"inLanguage\":\"fr-FR\",\"@id\":\"https:\/\/blogs.thesocialmedia.com\/leblogmoto\/2007\/06\/24\/colin-edwards-e\/#primaryimage\",\"url\":\"http:\/\/www.leblogmoto.com\/images\/2007\/06\/23\/edwards.jpg\",\"contentUrl\":\"http:\/\/www.leblogmoto.com\/images\/2007\/06\/23\/edwards.jpg\"},{\"@type\":\"BreadcrumbList\",\"@id\":\"https:\/\/blogs.thesocialmedia.com\/leblogmoto\/2007\/06\/24\/colin-edwards-e\/#breadcrumb\",\"itemListElement\":[{\"@type\":\"ListItem\",\"position\":1,\"name\":\"Accueil\",\"item\":\"https:\/\/blogs.thesocialmedia.com\/leblogmoto\/\"},{\"@type\":\"ListItem\",\"position\":2,\"name\":\"Colin Edwards en Pole \u00e0 Donington\"}]},{\"@type\":\"WebSite\",\"@id\":\"https:\/\/blogs.thesocialmedia.com\/leblogmoto\/#website\",\"url\":\"https:\/\/blogs.thesocialmedia.com\/leblogmoto\/\",\"name\":\"leblogmoto\",\"description\":\"Toute l&#039;actualit\u00e9 des 2 roues\",\"potentialAction\":[{\"@type\":\"SearchAction\",\"target\":{\"@type\":\"EntryPoint\",\"urlTemplate\":\"https:\/\/blogs.thesocialmedia.com\/leblogmoto\/?s={search_term_string}\"},\"query-input\":{\"@type\":\"PropertyValueSpecification\",\"valueRequired\":true,\"valueName\":\"search_term_string\"}}],\"inLanguage\":\"fr-FR\"},{\"@type\":\"Person\",\"@id\":\"https:\/\/blogs.thesocialmedia.com\/leblogmoto\/#\/schema\/person\/b496d27c898c29a39678e2425cafb9ae\",\"name\":\"albin le guyader\",\"image\":{\"@type\":\"ImageObject\",\"inLanguage\":\"fr-FR\",\"@id\":\"https:\/\/blogs.thesocialmedia.com\/leblogmoto\/#\/schema\/person\/image\/\",\"url\":\"https:\/\/secure.gravatar.com\/avatar\/?s=96&d=mm&r=g\",\"contentUrl\":\"https:\/\/secure.gravatar.com\/avatar\/?s=96&d=mm&r=g\",\"caption\":\"albin le guyader\"},\"url\":\"https:\/\/blogs.thesocialmedia.com\/leblogmoto\/author\/albin-le-guyader\/\"}]}<\/script>\n<!-- \/ Yoast SEO plugin. -->","yoast_head_json":{"title":"Colin Edwards en Pole \u00e0 Donington - leblogmoto.com","robots":{"index":"index","follow":"follow","max-snippet":"max-snippet:-1","max-image-preview":"max-image-preview:large","max-video-preview":"max-video-preview:-1"},"canonical":"https:\/\/blogs.thesocialmedia.com\/leblogmoto\/2007\/06\/24\/colin-edwards-e\/","twitter_card":"summary_large_image","twitter_title":"Colin Edwards en Pole \u00e0 Donington - leblogmoto.com","twitter_description":"L&rsquo;am\u00e9ricain Colin Edwards, a sign\u00e9 le meilleur temps des essais en 1&quot;25&rsquo;521 sur sa Yamaha juste avant la fin de la s\u00e9ance. Valentino Rossi, a r\u00e9alis\u00e9 le second meilleur temps, devant Dani Pedrosa et Nicky Hayden sur Honda, Casey Stoner sur Ducati et John Hopkins. Randy de Puniet sur Kawasaki&nbsp; a sign\u00e9 le 8\u00e8me temps [&hellip;]","twitter_image":"http:\/\/www.leblogmoto.com\/images\/2007\/06\/23\/edwards.jpg","twitter_misc":{"\u00c9crit par":"albin le guyader","Dur\u00e9e de lecture estim\u00e9e":"1 minute"},"schema":{"@context":"https:\/\/schema.org","@graph":[{"@type":"WebPage","@id":"https:\/\/blogs.thesocialmedia.com\/leblogmoto\/2007\/06\/24\/colin-edwards-e\/","url":"https:\/\/blogs.thesocialmedia.com\/leblogmoto\/2007\/06\/24\/colin-edwards-e\/","name":"Colin Edwards en Pole \u00e0 Donington - leblogmoto.com","isPartOf":{"@id":"https:\/\/blogs.thesocialmedia.com\/leblogmoto\/#website"},"primaryImageOfPage":{"@id":"https:\/\/blogs.thesocialmedia.com\/leblogmoto\/2007\/06\/24\/colin-edwards-e\/#primaryimage"},"image":{"@id":"https:\/\/blogs.thesocialmedia.com\/leblogmoto\/2007\/06\/24\/colin-edwards-e\/#primaryimage"},"thumbnailUrl":"http:\/\/www.leblogmoto.com\/images\/2007\/06\/23\/edwards.jpg","datePublished":"2007-06-24T04:44:03+00:00","dateModified":"2012-07-11T14:41:14+00:00","author":{"@id":"https:\/\/blogs.thesocialmedia.com\/leblogmoto\/#\/schema\/person\/b496d27c898c29a39678e2425cafb9ae"},"breadcrumb":{"@id":"https:\/\/blogs.thesocialmedia.com\/leblogmoto\/2007\/06\/24\/colin-edwards-e\/#breadcrumb"},"inLanguage":"fr-FR","potentialAction":[{"@type":"ReadAction","target":["https:\/\/blogs.thesocialmedia.com\/leblogmoto\/2007\/06\/24\/colin-edwards-e\/"]}]},{"@type":"ImageObject","inLanguage":"fr-FR","@id":"https:\/\/blogs.thesocialmedia.com\/leblogmoto\/2007\/06\/24\/colin-edwards-e\/#primaryimage","url":"http:\/\/www.leblogmoto.com\/images\/2007\/06\/23\/edwards.jpg","contentUrl":"http:\/\/www.leblogmoto.com\/images\/2007\/06\/23\/edwards.jpg"},{"@type":"BreadcrumbList","@id":"https:\/\/blogs.thesocialmedia.com\/leblogmoto\/2007\/06\/24\/colin-edwards-e\/#breadcrumb","itemListElement":[{"@type":"ListItem","position":1,"name":"Accueil","item":"https:\/\/blogs.thesocialmedia.com\/leblogmoto\/"},{"@type":"ListItem","position":2,"name":"Colin Edwards en Pole \u00e0 Donington"}]},{"@type":"WebSite","@id":"https:\/\/blogs.thesocialmedia.com\/leblogmoto\/#website","url":"https:\/\/blogs.thesocialmedia.com\/leblogmoto\/","name":"leblogmoto","description":"Toute l&#039;actualit\u00e9 des 2 roues","potentialAction":[{"@type":"SearchAction","target":{"@type":"EntryPoint","urlTemplate":"https:\/\/blogs.thesocialmedia.com\/leblogmoto\/?s={search_term_string}"},"query-input":{"@type":"PropertyValueSpecification","valueRequired":true,"valueName":"search_term_string"}}],"inLanguage":"fr-FR"},{"@type":"Person","@id":"https:\/\/blogs.thesocialmedia.com\/leblogmoto\/#\/schema\/person\/b496d27c898c29a39678e2425cafb9ae","name":"albin le guyader","image":{"@type":"ImageObject","inLanguage":"fr-FR","@id":"https:\/\/blogs.thesocialmedia.com\/leblogmoto\/#\/schema\/person\/image\/","url":"https:\/\/secure.gravatar.com\/avatar\/?s=96&d=mm&r=g","contentUrl":"https:\/\/secure.gravatar.com\/avatar\/?s=96&d=mm&r=g","caption":"albin le guyader"},"url":"https:\/\/blogs.thesocialmedia.com\/leblogmoto\/author\/albin-le-guyader\/"}]}},"_links":{"self":[{"href":"https:\/\/blogs.thesocialmedia.com\/leblogmoto\/wp-json\/wp\/v2\/posts\/1330","targetHints":{"allow":["GET"]}}],"collection":[{"href":"https:\/\/blogs.thesocialmedia.com\/leblogmoto\/wp-json\/wp\/v2\/posts"}],"about":[{"href":"https:\/\/blogs.thesocialmedia.com\/leblogmoto\/wp-json\/wp\/v2\/types\/post"}],"author":[{"embeddable":true,"href":"https:\/\/blogs.thesocialmedia.com\/leblogmoto\/wp-json\/wp\/v2\/users\/323"}],"replies":[{"embeddable":true,"href":"https:\/\/blogs.thesocialmedia.com\/leblogmoto\/wp-json\/wp\/v2\/comments?post=1330"}],"version-history":[{"count":2,"href":"https:\/\/blogs.thesocialmedia.com\/leblogmoto\/wp-json\/wp\/v2\/posts\/1330\/revisions"}],"predecessor-version":[{"id":8499,"href":"https:\/\/blogs.thesocialmedia.com\/leblogmoto\/wp-json\/wp\/v2\/posts\/1330\/revisions\/8499"}],"wp:attachment":[{"href":"https:\/\/blogs.thesocialmedia.com\/leblogmoto\/wp-json\/wp\/v2\/media?parent=1330"}],"wp:term":[{"taxonomy":"category","embeddable":true,"href":"https:\/\/blogs.thesocialmedia.com\/leblogmoto\/wp-json\/wp\/v2\/categories?post=1330"},{"taxonomy":"post_tag","embeddable":true,"href":"https:\/\/blogs.thesocialmedia.com\/leblogmoto\/wp-json\/wp\/v2\/tags?post=1330"}],"curies":[{"name":"wp","href":"https:\/\/api.w.org\/{rel}","templated":true}]}}