{"id":1335,"date":"2007-06-18T19:54:07","date_gmt":"2007-06-18T19:54:07","guid":{"rendered":"http:\/\/blogs.thesocialmedia.com\/leblogmoto\/2007\/06\/18\/ffmc-droit-de-m\/"},"modified":"2012-07-11T14:41:07","modified_gmt":"2012-07-11T14:41:07","slug":"ffmc-droit-de-m","status":"publish","type":"post","link":"https:\/\/blogs.thesocialmedia.com\/leblogmoto\/2007\/06\/18\/ffmc-droit-de-m\/","title":{"rendered":"FFMC : Droit de manifester pr\u00e9serv\u00e9 ?"},"content":{"rendered":"<p><a href=\"http:\/\/blogs.thesocialmedia.com\/leblogmoto\/files\/2012\/07\/ffmc1.gif\"><img loading=\"lazy\" decoding=\"async\" height=\"91\" alt=\"Ffmc\" src=\"http:\/\/www.leblogmoto.com\/images\/2007\/06\/18\/ffmc.gif\" width=\"250\"  \/><\/a> Suite \u00e0 une succession d\u2019op\u00e9rations de verbalisation r\u00e9primant la remont\u00e9e de files, l\u2019antenne parisienne de la <a href=\"http:\/\/www.ffmc.asso.fr\/\">FFMC<\/a> a appel\u00e9 \u00e0 une manifestation sur l\u2019esplanade du ch\u00e2teau de Vincennes le 27 ao\u00fbt 2005. <\/p>\n<p>A l\u2019issue de ce rassemblement, quelques centaines de motards ont d\u00e9cid\u00e9 de rejoindre le p\u00e9age de Fleury en Bi\u00e8re pour distribuer des tracts aux automobilistes revenant de vacances. L\u2019encombrement g\u00e9n\u00e9r\u00e9 a contraint la soci\u00e9t\u00e9 gestionnaire de l\u2019autoroute \u00e0 lever les barri\u00e8res de p\u00e9age, permettant ainsi aux usagers de passer gratuitement. LaSsoci\u00e9t\u00e9 des Autoroutes Paris Rhin Rh\u00f4ne (SAPRR) s\u2019est ensuite retourn\u00e9e contre la <a href=\"http:\/\/www.ffmc.asso.fr\/\">FFMC<\/a> pour obtenir r\u00e9paration de son pr\u00e9judice financier, qu\u2019elle estimait \u00e0 40 000 \u20ac. <br \/>Le 03 avril 2007, le Tribunal de Grande Instance de Melun a rejet\u00e9 la demande de la SAPRR et a condamn\u00e9 cette derni\u00e8re \u00e0 verser 1500 \u20ac \u00e0 la FFMC.<\/p>\n<p class=\"spip\" align=\"justify\">Apr\u00e8s avoir \u00e9cart\u00e9 toute faute personnelle de l\u2019association, le tribunal a confirm\u00e9 que la <a href=\"http:\/\/www.ffmc.asso.fr\/\">FFMC<\/a> ne saurait \u00eatre tenue pour responsable des fautes commises par les manifestants, dans la mesure o\u00f9 elle n\u2019avait aucune autorit\u00e9 sur eux. En effet, si la f\u00e9d\u00e9ration met en place un service d\u2019ordre et dispense des consignes de mod\u00e9ration et de s\u00e9curit\u00e9 lorsqu\u2019elle organise des manifestations, elle n\u2019a aucun pouvoir sur les motards qui y participent, lesquels ne sont d\u2019ailleurs pas tous adh\u00e9rents de l\u2019association. <br \/>Cette affaire illustre \u00e0 elle seule les d\u00e9rives judiciaires de la soci\u00e9t\u00e9 actuelle et nous interpelle sur l\u2019avenir du militantisme en France. La <a href=\"http:\/\/www.ffmc.asso.fr\/\">FFMC<\/a> d\u00e9plore de plus en plus de poursuites tant civiles que p\u00e9nales en repr\u00e9sailles de ses actions collectives. Il est toutefois rassurant de voir que l\u2019autorit\u00e9 judiciaire pr\u00e9serve les libert\u00e9s publiques et garantit le droit fondamental de manifester. <\/p>\n<p>Cette d\u00e9cision opte pour la responsabilisation de chacun. Si les associations sont responsables des fautes commises par leurs repr\u00e9sentants ou des dysfonctionnements quant \u00e0 l\u2019organisation d\u2019un \u00e9v\u00e8nement, les manifestants demeurent responsables de leurs propres comportements. <br \/>La SAPRR ayant d\u00e9cid\u00e9 de faire appel, esp\u00e9rons que ce jugement sera confirm\u00e9 en seconde instance.<\/p>\n<p>Encore une fois, la FFMC fait parler d&rsquo;elle, qu&rsquo;en pensez-vous ?<br \/>N&rsquo;h\u00e9sitez pas \u00e0 laisser vos commentaires \ud83d\ude09<\/p>\n<p>Source : <a href=\"http:\/\/www.ffmc.asso.fr\/\">FFMC<\/a><\/p>\n","protected":false},"excerpt":{"rendered":"<p>Suite \u00e0 une succession d\u2019op\u00e9rations de verbalisation r\u00e9primant la remont\u00e9e de files, l\u2019antenne parisienne de la FFMC a appel\u00e9 \u00e0 une manifestation sur l\u2019esplanade du ch\u00e2teau de Vincennes le 27 ao\u00fbt 2005. A l\u2019issue de ce rassemblement, quelques centaines de motards ont d\u00e9cid\u00e9 de rejoindre le p\u00e9age de Fleury en Bi\u00e8re pour distribuer des tracts [&hellip;]<\/p>\n","protected":false},"author":329,"featured_media":0,"comment_status":"open","ping_status":"open","sticky":false,"template":"","format":"standard","meta":{"footnotes":""},"categories":[3],"tags":[],"class_list":["post-1335","post","type-post","status-publish","format-standard","hentry","category-actualite"],"yoast_head":"<!-- This site is optimized with the Yoast SEO plugin v26.0 - https:\/\/yoast.com\/wordpress\/plugins\/seo\/ -->\n<title>FFMC : Droit de manifester pr\u00e9serv\u00e9 ? - leblogmoto.com<\/title>\n<meta name=\"robots\" content=\"index, follow, max-snippet:-1, max-image-preview:large, max-video-preview:-1\" \/>\n<link rel=\"canonical\" href=\"https:\/\/blogs.thesocialmedia.com\/leblogmoto\/2007\/06\/18\/ffmc-droit-de-m\/\" \/>\n<meta name=\"twitter:card\" content=\"summary_large_image\" \/>\n<meta name=\"twitter:title\" content=\"FFMC : Droit de manifester pr\u00e9serv\u00e9 ? - leblogmoto.com\" \/>\n<meta name=\"twitter:description\" content=\"Suite \u00e0 une succession d\u2019op\u00e9rations de verbalisation r\u00e9primant la remont\u00e9e de files, l\u2019antenne parisienne de la FFMC a appel\u00e9 \u00e0 une manifestation sur l\u2019esplanade du ch\u00e2teau de Vincennes le 27 ao\u00fbt 2005. A l\u2019issue de ce rassemblement, quelques centaines de motards ont d\u00e9cid\u00e9 de rejoindre le p\u00e9age de Fleury en Bi\u00e8re pour distribuer des tracts [&hellip;]\" \/>\n<meta name=\"twitter:image\" content=\"http:\/\/www.leblogmoto.com\/images\/2007\/06\/18\/ffmc.gif\" \/>\n<meta name=\"twitter:label1\" content=\"\u00c9crit par\" \/>\n\t<meta name=\"twitter:data1\" content=\"gregory boucaud\" \/>\n\t<meta name=\"twitter:label2\" content=\"Dur\u00e9e de lecture estim\u00e9e\" \/>\n\t<meta name=\"twitter:data2\" content=\"2 minutes\" \/>\n<script type=\"application\/ld+json\" class=\"yoast-schema-graph\">{\"@context\":\"https:\/\/schema.org\",\"@graph\":[{\"@type\":\"WebPage\",\"@id\":\"https:\/\/blogs.thesocialmedia.com\/leblogmoto\/2007\/06\/18\/ffmc-droit-de-m\/\",\"url\":\"https:\/\/blogs.thesocialmedia.com\/leblogmoto\/2007\/06\/18\/ffmc-droit-de-m\/\",\"name\":\"FFMC : Droit de manifester pr\u00e9serv\u00e9 ? - leblogmoto.com\",\"isPartOf\":{\"@id\":\"https:\/\/blogs.thesocialmedia.com\/leblogmoto\/#website\"},\"primaryImageOfPage\":{\"@id\":\"https:\/\/blogs.thesocialmedia.com\/leblogmoto\/2007\/06\/18\/ffmc-droit-de-m\/#primaryimage\"},\"image\":{\"@id\":\"https:\/\/blogs.thesocialmedia.com\/leblogmoto\/2007\/06\/18\/ffmc-droit-de-m\/#primaryimage\"},\"thumbnailUrl\":\"http:\/\/www.leblogmoto.com\/images\/2007\/06\/18\/ffmc.gif\",\"datePublished\":\"2007-06-18T19:54:07+00:00\",\"dateModified\":\"2012-07-11T14:41:07+00:00\",\"author\":{\"@id\":\"https:\/\/blogs.thesocialmedia.com\/leblogmoto\/#\/schema\/person\/769623f89741cc3381675029a37764f8\"},\"breadcrumb\":{\"@id\":\"https:\/\/blogs.thesocialmedia.com\/leblogmoto\/2007\/06\/18\/ffmc-droit-de-m\/#breadcrumb\"},\"inLanguage\":\"fr-FR\",\"potentialAction\":[{\"@type\":\"ReadAction\",\"target\":[\"https:\/\/blogs.thesocialmedia.com\/leblogmoto\/2007\/06\/18\/ffmc-droit-de-m\/\"]}]},{\"@type\":\"ImageObject\",\"inLanguage\":\"fr-FR\",\"@id\":\"https:\/\/blogs.thesocialmedia.com\/leblogmoto\/2007\/06\/18\/ffmc-droit-de-m\/#primaryimage\",\"url\":\"http:\/\/www.leblogmoto.com\/images\/2007\/06\/18\/ffmc.gif\",\"contentUrl\":\"http:\/\/www.leblogmoto.com\/images\/2007\/06\/18\/ffmc.gif\"},{\"@type\":\"BreadcrumbList\",\"@id\":\"https:\/\/blogs.thesocialmedia.com\/leblogmoto\/2007\/06\/18\/ffmc-droit-de-m\/#breadcrumb\",\"itemListElement\":[{\"@type\":\"ListItem\",\"position\":1,\"name\":\"Accueil\",\"item\":\"https:\/\/blogs.thesocialmedia.com\/leblogmoto\/\"},{\"@type\":\"ListItem\",\"position\":2,\"name\":\"FFMC : Droit de manifester pr\u00e9serv\u00e9 ?\"}]},{\"@type\":\"WebSite\",\"@id\":\"https:\/\/blogs.thesocialmedia.com\/leblogmoto\/#website\",\"url\":\"https:\/\/blogs.thesocialmedia.com\/leblogmoto\/\",\"name\":\"leblogmoto\",\"description\":\"Toute l&#039;actualit\u00e9 des 2 roues\",\"potentialAction\":[{\"@type\":\"SearchAction\",\"target\":{\"@type\":\"EntryPoint\",\"urlTemplate\":\"https:\/\/blogs.thesocialmedia.com\/leblogmoto\/?s={search_term_string}\"},\"query-input\":{\"@type\":\"PropertyValueSpecification\",\"valueRequired\":true,\"valueName\":\"search_term_string\"}}],\"inLanguage\":\"fr-FR\"},{\"@type\":\"Person\",\"@id\":\"https:\/\/blogs.thesocialmedia.com\/leblogmoto\/#\/schema\/person\/769623f89741cc3381675029a37764f8\",\"name\":\"gregory boucaud\",\"image\":{\"@type\":\"ImageObject\",\"inLanguage\":\"fr-FR\",\"@id\":\"https:\/\/blogs.thesocialmedia.com\/leblogmoto\/#\/schema\/person\/image\/\",\"url\":\"https:\/\/secure.gravatar.com\/avatar\/?s=96&d=mm&r=g\",\"contentUrl\":\"https:\/\/secure.gravatar.com\/avatar\/?s=96&d=mm&r=g\",\"caption\":\"gregory boucaud\"},\"url\":\"https:\/\/blogs.thesocialmedia.com\/leblogmoto\/author\/gregory-boucaud\/\"}]}<\/script>\n<!-- \/ Yoast SEO plugin. -->","yoast_head_json":{"title":"FFMC : Droit de manifester pr\u00e9serv\u00e9 ? - leblogmoto.com","robots":{"index":"index","follow":"follow","max-snippet":"max-snippet:-1","max-image-preview":"max-image-preview:large","max-video-preview":"max-video-preview:-1"},"canonical":"https:\/\/blogs.thesocialmedia.com\/leblogmoto\/2007\/06\/18\/ffmc-droit-de-m\/","twitter_card":"summary_large_image","twitter_title":"FFMC : Droit de manifester pr\u00e9serv\u00e9 ? - leblogmoto.com","twitter_description":"Suite \u00e0 une succession d\u2019op\u00e9rations de verbalisation r\u00e9primant la remont\u00e9e de files, l\u2019antenne parisienne de la FFMC a appel\u00e9 \u00e0 une manifestation sur l\u2019esplanade du ch\u00e2teau de Vincennes le 27 ao\u00fbt 2005. A l\u2019issue de ce rassemblement, quelques centaines de motards ont d\u00e9cid\u00e9 de rejoindre le p\u00e9age de Fleury en Bi\u00e8re pour distribuer des tracts [&hellip;]","twitter_image":"http:\/\/www.leblogmoto.com\/images\/2007\/06\/18\/ffmc.gif","twitter_misc":{"\u00c9crit par":"gregory boucaud","Dur\u00e9e de lecture estim\u00e9e":"2 minutes"},"schema":{"@context":"https:\/\/schema.org","@graph":[{"@type":"WebPage","@id":"https:\/\/blogs.thesocialmedia.com\/leblogmoto\/2007\/06\/18\/ffmc-droit-de-m\/","url":"https:\/\/blogs.thesocialmedia.com\/leblogmoto\/2007\/06\/18\/ffmc-droit-de-m\/","name":"FFMC : Droit de manifester pr\u00e9serv\u00e9 ? - leblogmoto.com","isPartOf":{"@id":"https:\/\/blogs.thesocialmedia.com\/leblogmoto\/#website"},"primaryImageOfPage":{"@id":"https:\/\/blogs.thesocialmedia.com\/leblogmoto\/2007\/06\/18\/ffmc-droit-de-m\/#primaryimage"},"image":{"@id":"https:\/\/blogs.thesocialmedia.com\/leblogmoto\/2007\/06\/18\/ffmc-droit-de-m\/#primaryimage"},"thumbnailUrl":"http:\/\/www.leblogmoto.com\/images\/2007\/06\/18\/ffmc.gif","datePublished":"2007-06-18T19:54:07+00:00","dateModified":"2012-07-11T14:41:07+00:00","author":{"@id":"https:\/\/blogs.thesocialmedia.com\/leblogmoto\/#\/schema\/person\/769623f89741cc3381675029a37764f8"},"breadcrumb":{"@id":"https:\/\/blogs.thesocialmedia.com\/leblogmoto\/2007\/06\/18\/ffmc-droit-de-m\/#breadcrumb"},"inLanguage":"fr-FR","potentialAction":[{"@type":"ReadAction","target":["https:\/\/blogs.thesocialmedia.com\/leblogmoto\/2007\/06\/18\/ffmc-droit-de-m\/"]}]},{"@type":"ImageObject","inLanguage":"fr-FR","@id":"https:\/\/blogs.thesocialmedia.com\/leblogmoto\/2007\/06\/18\/ffmc-droit-de-m\/#primaryimage","url":"http:\/\/www.leblogmoto.com\/images\/2007\/06\/18\/ffmc.gif","contentUrl":"http:\/\/www.leblogmoto.com\/images\/2007\/06\/18\/ffmc.gif"},{"@type":"BreadcrumbList","@id":"https:\/\/blogs.thesocialmedia.com\/leblogmoto\/2007\/06\/18\/ffmc-droit-de-m\/#breadcrumb","itemListElement":[{"@type":"ListItem","position":1,"name":"Accueil","item":"https:\/\/blogs.thesocialmedia.com\/leblogmoto\/"},{"@type":"ListItem","position":2,"name":"FFMC : Droit de manifester pr\u00e9serv\u00e9 ?"}]},{"@type":"WebSite","@id":"https:\/\/blogs.thesocialmedia.com\/leblogmoto\/#website","url":"https:\/\/blogs.thesocialmedia.com\/leblogmoto\/","name":"leblogmoto","description":"Toute l&#039;actualit\u00e9 des 2 roues","potentialAction":[{"@type":"SearchAction","target":{"@type":"EntryPoint","urlTemplate":"https:\/\/blogs.thesocialmedia.com\/leblogmoto\/?s={search_term_string}"},"query-input":{"@type":"PropertyValueSpecification","valueRequired":true,"valueName":"search_term_string"}}],"inLanguage":"fr-FR"},{"@type":"Person","@id":"https:\/\/blogs.thesocialmedia.com\/leblogmoto\/#\/schema\/person\/769623f89741cc3381675029a37764f8","name":"gregory boucaud","image":{"@type":"ImageObject","inLanguage":"fr-FR","@id":"https:\/\/blogs.thesocialmedia.com\/leblogmoto\/#\/schema\/person\/image\/","url":"https:\/\/secure.gravatar.com\/avatar\/?s=96&d=mm&r=g","contentUrl":"https:\/\/secure.gravatar.com\/avatar\/?s=96&d=mm&r=g","caption":"gregory boucaud"},"url":"https:\/\/blogs.thesocialmedia.com\/leblogmoto\/author\/gregory-boucaud\/"}]}},"_links":{"self":[{"href":"https:\/\/blogs.thesocialmedia.com\/leblogmoto\/wp-json\/wp\/v2\/posts\/1335","targetHints":{"allow":["GET"]}}],"collection":[{"href":"https:\/\/blogs.thesocialmedia.com\/leblogmoto\/wp-json\/wp\/v2\/posts"}],"about":[{"href":"https:\/\/blogs.thesocialmedia.com\/leblogmoto\/wp-json\/wp\/v2\/types\/post"}],"author":[{"embeddable":true,"href":"https:\/\/blogs.thesocialmedia.com\/leblogmoto\/wp-json\/wp\/v2\/users\/329"}],"replies":[{"embeddable":true,"href":"https:\/\/blogs.thesocialmedia.com\/leblogmoto\/wp-json\/wp\/v2\/comments?post=1335"}],"version-history":[{"count":2,"href":"https:\/\/blogs.thesocialmedia.com\/leblogmoto\/wp-json\/wp\/v2\/posts\/1335\/revisions"}],"predecessor-version":[{"id":8489,"href":"https:\/\/blogs.thesocialmedia.com\/leblogmoto\/wp-json\/wp\/v2\/posts\/1335\/revisions\/8489"}],"wp:attachment":[{"href":"https:\/\/blogs.thesocialmedia.com\/leblogmoto\/wp-json\/wp\/v2\/media?parent=1335"}],"wp:term":[{"taxonomy":"category","embeddable":true,"href":"https:\/\/blogs.thesocialmedia.com\/leblogmoto\/wp-json\/wp\/v2\/categories?post=1335"},{"taxonomy":"post_tag","embeddable":true,"href":"https:\/\/blogs.thesocialmedia.com\/leblogmoto\/wp-json\/wp\/v2\/tags?post=1335"}],"curies":[{"name":"wp","href":"https:\/\/api.w.org\/{rel}","templated":true}]}}