{"id":1336,"date":"2007-06-18T19:14:29","date_gmt":"2007-06-18T19:14:29","guid":{"rendered":"http:\/\/blogs.thesocialmedia.com\/leblogmoto\/2007\/06\/18\/voxan-club-de-f\/"},"modified":"2012-07-11T14:41:05","modified_gmt":"2012-07-11T14:41:05","slug":"voxan-club-de-f","status":"publish","type":"post","link":"https:\/\/blogs.thesocialmedia.com\/leblogmoto\/2007\/06\/18\/voxan-club-de-f\/","title":{"rendered":"Voxan Club de France : Journ\u00e9e Voxan"},"content":{"rendered":"<p><a href=\"http:\/\/blogs.thesocialmedia.com\/leblogmoto\/files\/2012\/07\/vcf200302.jpg\"><\/a><a href=\"http:\/\/clabedan.typepad.com\/.shared\/image.html?\/photos\/uncategorized\/2007\/06\/18\/vcf.jpg\"><img loading=\"lazy\" decoding=\"async\" height=\"82\" alt=\"Vcf\" src=\"http:\/\/www.leblogmoto.com\/images\/2007\/06\/18\/vcf.jpg\" width=\"470\"  \/><\/a> Pour la seconde ann\u00e9e cons\u00e9cutive, le <a href=\"http:\/\/www.voxanclubdefrance.com\">Voxan Club de France<\/a> organise la journ\u00e9e Voxan le 1er juillet. Ainsi, elle invite tous les amoureux de la <a href=\"http:\/\/www.voxan.com\/voxan\/\">marque<\/a> \u00e0 se r\u00e9unir pour effectuer des balades organis\u00e9es par ses adh\u00e9rents. <\/p>\n<p>Plusieurs lieux de rendez-vous sont pr\u00e9vus :<\/p>\n<p><strong>Auvergne<\/strong><br \/>Le d\u00e9part est pr\u00e9vu devant l&rsquo;usine VOXAN, au 17 Avenue Jean Jaur\u00e8s \u00e0 Issoire \u00e0 10h00 au plus tard. Il faudra y \u00eatre au moins&nbsp; 30 minutes avant, le plein fait. Direction La Tour d&rsquo;Auvergne en passant par Besse et Picherande. Ensuite, direction Queuille en passant par Rochefort-Montagne et Pontgibaud. Autour de 12h30, arr\u00eat \u00e0 Queuille pour la f\u00eate de la moto. Dans l&rsquo;apr\u00e8s-midi, poursuite du trajet en direction de Clermont en passant par Orcines. Arriv\u00e9e Place de Jaude pour une petite parade et probablement fin de l&rsquo;apr\u00e8s-midi autour d&rsquo;un verre au Pascal, Place de la Victoire avant retour \u00e0 la maison. <\/p>\n<p><strong>Bretagne<\/strong> <br \/>Le rendez vous sera \u00e0 11h30 sur le port de Cancale, place du calvaire. Un pique-nique sera organiser face \u00e0 la mer, suivi d&rsquo;une balade d&rsquo;une soixantaine de kilom\u00e8tres jusqu&rsquo;\u00e0 Combourg. <\/p>\n<p><strong>Champagne-Ardenne<\/strong> <br \/>Rendez-vous \u00e0 la place ducale de Charleville. dans le cadre du Carolo Bikers Day o\u00f9 1000 motos seront attendues. Il y aura une grande balade le matin, puis parade dans les rues de la ville l&rsquo;apr\u00e8s-midi avec concert et exposition de motos <\/p>\n<p><strong>Ile de France<\/strong> <br \/>R.D.V : Cerny &#8211; La Fert\u00e9 Allais (acc\u00e8s RN20 ; sortir \u00e0 Arpajon Sud, suivre Itteville, Bourray sur Juine, Cerny N449) \u00e0 partir de 10h00. 14 heures D\u00e9part pour les Vaux de Cernay <\/p>\n<p><strong>Midi-Pyr\u00e9n\u00e9es<\/strong> <br \/>Christophe vous attendra au bar LA BECANE \u00e0 10h00, puis vous irez faire petit tour au Pas de la Case en Andorre. LA BECANE : 28ter, avenue de Sabart ; 09400 Tarascon sur Ari\u00e8ge. <\/p>\n<p><strong>Rh\u00f4ne-Alpes<\/strong> <br \/>RDV \u00e0 St Marcellin vers 10h00 pour une vir\u00e9e dans le Vercors. <\/p>\n<p><strong>Sud-Est <\/strong><br \/>Franck vous accueillera, \u00e0 09h00 heures sur la place du village de Sainte Anastasie, une dizaine de kilom\u00e8tres au nord de N\u00eemes (30). D\u00e9part \u00e0 10 heures 00 (pleins effectu\u00e9s, feuille de route fournie) pour une promenade \u00e0 travers les C\u00e9vennes. 200 kilom\u00e8tres de routes virevoltantes \u00e0 souhait sont au programme. Petit d\u00e9jeuner offert par le VCF, puis un repas (13\u20ac) vous est propos\u00e9 \u00e0 Florac. Arriv\u00e9e \u00e0 Ganges sur la place des motards. <\/p>\n<p>Si vous voulez y participer, contactez le <a href=\"http:\/\/www.voxanclubdefrance.com\">VCF<\/a> avant le 25 juin.<br \/>Pour plus d&rsquo;informations, vous pouvez vous rendre sur le <a href=\"http:\/\/www.voxanclubdefrance.com\/phpBB2\/viewforum.php?f=5\">forum du VCF<\/a>.<\/p>\n<p>Une bonne initiative quand on sait que Voxan traverse une mauvaise passe (voir cet <a href=\"http:\/\/www.leblogmoto.com\/2007\/03\/restitution_des.html\">article<\/a>). Souhaitons n\u00e9anmoins une bonne balade \u00e0 tous ces adeptes de la <a href=\"www.voxan.com\">marque de moto fran\u00e7aise<\/a> (plus pour longtemps ?).<\/p>\n<p>Sources : <a href=\"http:\/\/www.emoto.com\">emoto<\/a>, <a href=\"http:\/\/www.voxanclubdefrance.com\">VCF<\/a><\/p>\n","protected":false},"excerpt":{"rendered":"<p>Pour la seconde ann\u00e9e cons\u00e9cutive, le Voxan Club de France organise la journ\u00e9e Voxan le 1er juillet. Ainsi, elle invite tous les amoureux de la marque \u00e0 se r\u00e9unir pour effectuer des balades organis\u00e9es par ses adh\u00e9rents. Plusieurs lieux de rendez-vous sont pr\u00e9vus : AuvergneLe d\u00e9part est pr\u00e9vu devant l&rsquo;usine VOXAN, au 17 Avenue Jean [&hellip;]<\/p>\n","protected":false},"author":329,"featured_media":0,"comment_status":"open","ping_status":"open","sticky":false,"template":"","format":"standard","meta":{"footnotes":""},"categories":[10],"tags":[],"class_list":["post-1336","post","type-post","status-publish","format-standard","hentry","category-meetings"],"yoast_head":"<!-- This site is optimized with the Yoast SEO plugin v26.0 - https:\/\/yoast.com\/wordpress\/plugins\/seo\/ -->\n<title>Voxan Club de France : Journ\u00e9e Voxan - leblogmoto.com<\/title>\n<meta name=\"robots\" content=\"index, follow, max-snippet:-1, max-image-preview:large, max-video-preview:-1\" \/>\n<link rel=\"canonical\" href=\"https:\/\/blogs.thesocialmedia.com\/leblogmoto\/2007\/06\/18\/voxan-club-de-f\/\" \/>\n<meta name=\"twitter:card\" content=\"summary_large_image\" \/>\n<meta name=\"twitter:title\" content=\"Voxan Club de France : Journ\u00e9e Voxan - leblogmoto.com\" \/>\n<meta name=\"twitter:description\" content=\"Pour la seconde ann\u00e9e cons\u00e9cutive, le Voxan Club de France organise la journ\u00e9e Voxan le 1er juillet. Ainsi, elle invite tous les amoureux de la marque \u00e0 se r\u00e9unir pour effectuer des balades organis\u00e9es par ses adh\u00e9rents. Plusieurs lieux de rendez-vous sont pr\u00e9vus : AuvergneLe d\u00e9part est pr\u00e9vu devant l&rsquo;usine VOXAN, au 17 Avenue Jean [&hellip;]\" \/>\n<meta name=\"twitter:image\" content=\"http:\/\/www.leblogmoto.com\/images\/2007\/06\/18\/vcf.jpg\" \/>\n<meta name=\"twitter:label1\" content=\"\u00c9crit par\" \/>\n\t<meta name=\"twitter:data1\" content=\"gregory boucaud\" \/>\n\t<meta name=\"twitter:label2\" content=\"Dur\u00e9e de lecture estim\u00e9e\" \/>\n\t<meta name=\"twitter:data2\" content=\"2 minutes\" \/>\n<script type=\"application\/ld+json\" class=\"yoast-schema-graph\">{\"@context\":\"https:\/\/schema.org\",\"@graph\":[{\"@type\":\"WebPage\",\"@id\":\"https:\/\/blogs.thesocialmedia.com\/leblogmoto\/2007\/06\/18\/voxan-club-de-f\/\",\"url\":\"https:\/\/blogs.thesocialmedia.com\/leblogmoto\/2007\/06\/18\/voxan-club-de-f\/\",\"name\":\"Voxan Club de France : Journ\u00e9e Voxan - leblogmoto.com\",\"isPartOf\":{\"@id\":\"https:\/\/blogs.thesocialmedia.com\/leblogmoto\/#website\"},\"primaryImageOfPage\":{\"@id\":\"https:\/\/blogs.thesocialmedia.com\/leblogmoto\/2007\/06\/18\/voxan-club-de-f\/#primaryimage\"},\"image\":{\"@id\":\"https:\/\/blogs.thesocialmedia.com\/leblogmoto\/2007\/06\/18\/voxan-club-de-f\/#primaryimage\"},\"thumbnailUrl\":\"http:\/\/www.leblogmoto.com\/images\/2007\/06\/18\/vcf.jpg\",\"datePublished\":\"2007-06-18T19:14:29+00:00\",\"dateModified\":\"2012-07-11T14:41:05+00:00\",\"author\":{\"@id\":\"https:\/\/blogs.thesocialmedia.com\/leblogmoto\/#\/schema\/person\/769623f89741cc3381675029a37764f8\"},\"breadcrumb\":{\"@id\":\"https:\/\/blogs.thesocialmedia.com\/leblogmoto\/2007\/06\/18\/voxan-club-de-f\/#breadcrumb\"},\"inLanguage\":\"fr-FR\",\"potentialAction\":[{\"@type\":\"ReadAction\",\"target\":[\"https:\/\/blogs.thesocialmedia.com\/leblogmoto\/2007\/06\/18\/voxan-club-de-f\/\"]}]},{\"@type\":\"ImageObject\",\"inLanguage\":\"fr-FR\",\"@id\":\"https:\/\/blogs.thesocialmedia.com\/leblogmoto\/2007\/06\/18\/voxan-club-de-f\/#primaryimage\",\"url\":\"http:\/\/www.leblogmoto.com\/images\/2007\/06\/18\/vcf.jpg\",\"contentUrl\":\"http:\/\/www.leblogmoto.com\/images\/2007\/06\/18\/vcf.jpg\"},{\"@type\":\"BreadcrumbList\",\"@id\":\"https:\/\/blogs.thesocialmedia.com\/leblogmoto\/2007\/06\/18\/voxan-club-de-f\/#breadcrumb\",\"itemListElement\":[{\"@type\":\"ListItem\",\"position\":1,\"name\":\"Accueil\",\"item\":\"https:\/\/blogs.thesocialmedia.com\/leblogmoto\/\"},{\"@type\":\"ListItem\",\"position\":2,\"name\":\"Voxan Club de France : Journ\u00e9e Voxan\"}]},{\"@type\":\"WebSite\",\"@id\":\"https:\/\/blogs.thesocialmedia.com\/leblogmoto\/#website\",\"url\":\"https:\/\/blogs.thesocialmedia.com\/leblogmoto\/\",\"name\":\"leblogmoto\",\"description\":\"Toute l&#039;actualit\u00e9 des 2 roues\",\"potentialAction\":[{\"@type\":\"SearchAction\",\"target\":{\"@type\":\"EntryPoint\",\"urlTemplate\":\"https:\/\/blogs.thesocialmedia.com\/leblogmoto\/?s={search_term_string}\"},\"query-input\":{\"@type\":\"PropertyValueSpecification\",\"valueRequired\":true,\"valueName\":\"search_term_string\"}}],\"inLanguage\":\"fr-FR\"},{\"@type\":\"Person\",\"@id\":\"https:\/\/blogs.thesocialmedia.com\/leblogmoto\/#\/schema\/person\/769623f89741cc3381675029a37764f8\",\"name\":\"gregory boucaud\",\"image\":{\"@type\":\"ImageObject\",\"inLanguage\":\"fr-FR\",\"@id\":\"https:\/\/blogs.thesocialmedia.com\/leblogmoto\/#\/schema\/person\/image\/\",\"url\":\"https:\/\/secure.gravatar.com\/avatar\/?s=96&d=mm&r=g\",\"contentUrl\":\"https:\/\/secure.gravatar.com\/avatar\/?s=96&d=mm&r=g\",\"caption\":\"gregory boucaud\"},\"url\":\"https:\/\/blogs.thesocialmedia.com\/leblogmoto\/author\/gregory-boucaud\/\"}]}<\/script>\n<!-- \/ Yoast SEO plugin. -->","yoast_head_json":{"title":"Voxan Club de France : Journ\u00e9e Voxan - leblogmoto.com","robots":{"index":"index","follow":"follow","max-snippet":"max-snippet:-1","max-image-preview":"max-image-preview:large","max-video-preview":"max-video-preview:-1"},"canonical":"https:\/\/blogs.thesocialmedia.com\/leblogmoto\/2007\/06\/18\/voxan-club-de-f\/","twitter_card":"summary_large_image","twitter_title":"Voxan Club de France : Journ\u00e9e Voxan - leblogmoto.com","twitter_description":"Pour la seconde ann\u00e9e cons\u00e9cutive, le Voxan Club de France organise la journ\u00e9e Voxan le 1er juillet. Ainsi, elle invite tous les amoureux de la marque \u00e0 se r\u00e9unir pour effectuer des balades organis\u00e9es par ses adh\u00e9rents. Plusieurs lieux de rendez-vous sont pr\u00e9vus : AuvergneLe d\u00e9part est pr\u00e9vu devant l&rsquo;usine VOXAN, au 17 Avenue Jean [&hellip;]","twitter_image":"http:\/\/www.leblogmoto.com\/images\/2007\/06\/18\/vcf.jpg","twitter_misc":{"\u00c9crit par":"gregory boucaud","Dur\u00e9e de lecture estim\u00e9e":"2 minutes"},"schema":{"@context":"https:\/\/schema.org","@graph":[{"@type":"WebPage","@id":"https:\/\/blogs.thesocialmedia.com\/leblogmoto\/2007\/06\/18\/voxan-club-de-f\/","url":"https:\/\/blogs.thesocialmedia.com\/leblogmoto\/2007\/06\/18\/voxan-club-de-f\/","name":"Voxan Club de France : Journ\u00e9e Voxan - leblogmoto.com","isPartOf":{"@id":"https:\/\/blogs.thesocialmedia.com\/leblogmoto\/#website"},"primaryImageOfPage":{"@id":"https:\/\/blogs.thesocialmedia.com\/leblogmoto\/2007\/06\/18\/voxan-club-de-f\/#primaryimage"},"image":{"@id":"https:\/\/blogs.thesocialmedia.com\/leblogmoto\/2007\/06\/18\/voxan-club-de-f\/#primaryimage"},"thumbnailUrl":"http:\/\/www.leblogmoto.com\/images\/2007\/06\/18\/vcf.jpg","datePublished":"2007-06-18T19:14:29+00:00","dateModified":"2012-07-11T14:41:05+00:00","author":{"@id":"https:\/\/blogs.thesocialmedia.com\/leblogmoto\/#\/schema\/person\/769623f89741cc3381675029a37764f8"},"breadcrumb":{"@id":"https:\/\/blogs.thesocialmedia.com\/leblogmoto\/2007\/06\/18\/voxan-club-de-f\/#breadcrumb"},"inLanguage":"fr-FR","potentialAction":[{"@type":"ReadAction","target":["https:\/\/blogs.thesocialmedia.com\/leblogmoto\/2007\/06\/18\/voxan-club-de-f\/"]}]},{"@type":"ImageObject","inLanguage":"fr-FR","@id":"https:\/\/blogs.thesocialmedia.com\/leblogmoto\/2007\/06\/18\/voxan-club-de-f\/#primaryimage","url":"http:\/\/www.leblogmoto.com\/images\/2007\/06\/18\/vcf.jpg","contentUrl":"http:\/\/www.leblogmoto.com\/images\/2007\/06\/18\/vcf.jpg"},{"@type":"BreadcrumbList","@id":"https:\/\/blogs.thesocialmedia.com\/leblogmoto\/2007\/06\/18\/voxan-club-de-f\/#breadcrumb","itemListElement":[{"@type":"ListItem","position":1,"name":"Accueil","item":"https:\/\/blogs.thesocialmedia.com\/leblogmoto\/"},{"@type":"ListItem","position":2,"name":"Voxan Club de France : Journ\u00e9e Voxan"}]},{"@type":"WebSite","@id":"https:\/\/blogs.thesocialmedia.com\/leblogmoto\/#website","url":"https:\/\/blogs.thesocialmedia.com\/leblogmoto\/","name":"leblogmoto","description":"Toute l&#039;actualit\u00e9 des 2 roues","potentialAction":[{"@type":"SearchAction","target":{"@type":"EntryPoint","urlTemplate":"https:\/\/blogs.thesocialmedia.com\/leblogmoto\/?s={search_term_string}"},"query-input":{"@type":"PropertyValueSpecification","valueRequired":true,"valueName":"search_term_string"}}],"inLanguage":"fr-FR"},{"@type":"Person","@id":"https:\/\/blogs.thesocialmedia.com\/leblogmoto\/#\/schema\/person\/769623f89741cc3381675029a37764f8","name":"gregory boucaud","image":{"@type":"ImageObject","inLanguage":"fr-FR","@id":"https:\/\/blogs.thesocialmedia.com\/leblogmoto\/#\/schema\/person\/image\/","url":"https:\/\/secure.gravatar.com\/avatar\/?s=96&d=mm&r=g","contentUrl":"https:\/\/secure.gravatar.com\/avatar\/?s=96&d=mm&r=g","caption":"gregory boucaud"},"url":"https:\/\/blogs.thesocialmedia.com\/leblogmoto\/author\/gregory-boucaud\/"}]}},"_links":{"self":[{"href":"https:\/\/blogs.thesocialmedia.com\/leblogmoto\/wp-json\/wp\/v2\/posts\/1336","targetHints":{"allow":["GET"]}}],"collection":[{"href":"https:\/\/blogs.thesocialmedia.com\/leblogmoto\/wp-json\/wp\/v2\/posts"}],"about":[{"href":"https:\/\/blogs.thesocialmedia.com\/leblogmoto\/wp-json\/wp\/v2\/types\/post"}],"author":[{"embeddable":true,"href":"https:\/\/blogs.thesocialmedia.com\/leblogmoto\/wp-json\/wp\/v2\/users\/329"}],"replies":[{"embeddable":true,"href":"https:\/\/blogs.thesocialmedia.com\/leblogmoto\/wp-json\/wp\/v2\/comments?post=1336"}],"version-history":[{"count":2,"href":"https:\/\/blogs.thesocialmedia.com\/leblogmoto\/wp-json\/wp\/v2\/posts\/1336\/revisions"}],"predecessor-version":[{"id":8487,"href":"https:\/\/blogs.thesocialmedia.com\/leblogmoto\/wp-json\/wp\/v2\/posts\/1336\/revisions\/8487"}],"wp:attachment":[{"href":"https:\/\/blogs.thesocialmedia.com\/leblogmoto\/wp-json\/wp\/v2\/media?parent=1336"}],"wp:term":[{"taxonomy":"category","embeddable":true,"href":"https:\/\/blogs.thesocialmedia.com\/leblogmoto\/wp-json\/wp\/v2\/categories?post=1336"},{"taxonomy":"post_tag","embeddable":true,"href":"https:\/\/blogs.thesocialmedia.com\/leblogmoto\/wp-json\/wp\/v2\/tags?post=1336"}],"curies":[{"name":"wp","href":"https:\/\/api.w.org\/{rel}","templated":true}]}}