{"id":1340,"date":"2007-06-14T19:29:53","date_gmt":"2007-06-14T19:29:53","guid":{"rendered":"http:\/\/blogs.thesocialmedia.com\/leblogmoto\/2007\/06\/14\/angleterre-casq\/"},"modified":"2012-07-11T14:41:01","modified_gmt":"2012-07-11T14:41:01","slug":"angleterre-casq","status":"publish","type":"post","link":"https:\/\/blogs.thesocialmedia.com\/leblogmoto\/2007\/06\/14\/angleterre-casq\/","title":{"rendered":"Angleterre : Casques motos not\u00e9s ?"},"content":{"rendered":"<p><a href=\"http:\/\/blogs.thesocialmedia.com\/leblogmoto\/files\/2012\/07\/casques_moto.jpg\"><img loading=\"lazy\" decoding=\"async\" height=\"150\" alt=\"Casques_moto\" src=\"http:\/\/www.leblogmoto.com\/images\/2007\/06\/14\/casques_moto.jpg\" width=\"250\"  \/><\/a> <a href=\"http:\/\/en.wikipedia.org\/wiki\/Stephen_Ladyman\">Stephen Ladyman<\/a>, Ministre des <a href=\"http:\/\/www.dft.gov.uk\/press\/ministers\/drstephenladymanmpministerof5804\">Transports<\/a> de Grande Bretagne, a d\u00e9clar\u00e9 que les casques motos allaient \u00eatre not\u00e9s un peu comme aux tests <a href=\"http:\/\/www.euroncap.com\/home.aspx\">Euro NCAP<\/a>. <br \/>Gr\u00e2ce \u00e0 ces crash tests les motards anglais pourront tout savoir des perfomances de leurs casques.<br \/>Esp\u00e9rons que ces r\u00e9sultats seront diffus\u00e9s sur internet afin que nous autres motards puissions aussi en profiter.<\/p>\n<p>En somme, une bonne initiative qui conduira peut-\u00eatre les constructeurs de casque \u00e0 se remettre en cause, et qui permettra aussi aux motards de&nbsp; faire confiance en leur heaume.<\/p>\n<p>Y aura-t-on droit aussi en France ?<\/p>\n<p>Source : <a href=\"http:\/\/www.motards-online.com\/\">Motard-Online<\/a><\/p>\n","protected":false},"excerpt":{"rendered":"<p>Stephen Ladyman, Ministre des Transports de Grande Bretagne, a d\u00e9clar\u00e9 que les casques motos allaient \u00eatre not\u00e9s un peu comme aux tests Euro NCAP. Gr\u00e2ce \u00e0 ces crash tests les motards anglais pourront tout savoir des perfomances de leurs casques.Esp\u00e9rons que ces r\u00e9sultats seront diffus\u00e9s sur internet afin que nous autres motards puissions aussi en [&hellip;]<\/p>\n","protected":false},"author":329,"featured_media":0,"comment_status":"open","ping_status":"open","sticky":false,"template":"","format":"standard","meta":{"footnotes":""},"categories":[27],"tags":[],"class_list":["post-1340","post","type-post","status-publish","format-standard","hentry","category-securite"],"yoast_head":"<!-- This site is optimized with the Yoast SEO plugin v26.0 - https:\/\/yoast.com\/wordpress\/plugins\/seo\/ -->\n<title>Angleterre : Casques motos not\u00e9s ? - leblogmoto.com<\/title>\n<meta name=\"robots\" content=\"index, follow, max-snippet:-1, max-image-preview:large, max-video-preview:-1\" \/>\n<link rel=\"canonical\" href=\"https:\/\/blogs.thesocialmedia.com\/leblogmoto\/2007\/06\/14\/angleterre-casq\/\" \/>\n<meta name=\"twitter:card\" content=\"summary_large_image\" \/>\n<meta name=\"twitter:title\" content=\"Angleterre : Casques motos not\u00e9s ? - leblogmoto.com\" \/>\n<meta name=\"twitter:description\" content=\"Stephen Ladyman, Ministre des Transports de Grande Bretagne, a d\u00e9clar\u00e9 que les casques motos allaient \u00eatre not\u00e9s un peu comme aux tests Euro NCAP. Gr\u00e2ce \u00e0 ces crash tests les motards anglais pourront tout savoir des perfomances de leurs casques.Esp\u00e9rons que ces r\u00e9sultats seront diffus\u00e9s sur internet afin que nous autres motards puissions aussi en [&hellip;]\" \/>\n<meta name=\"twitter:image\" content=\"http:\/\/www.leblogmoto.com\/images\/2007\/06\/14\/casques_moto.jpg\" \/>\n<meta name=\"twitter:label1\" content=\"\u00c9crit par\" \/>\n\t<meta name=\"twitter:data1\" content=\"gregory boucaud\" \/>\n\t<meta name=\"twitter:label2\" content=\"Dur\u00e9e de lecture estim\u00e9e\" \/>\n\t<meta name=\"twitter:data2\" content=\"1 minute\" \/>\n<script type=\"application\/ld+json\" class=\"yoast-schema-graph\">{\"@context\":\"https:\/\/schema.org\",\"@graph\":[{\"@type\":\"WebPage\",\"@id\":\"https:\/\/blogs.thesocialmedia.com\/leblogmoto\/2007\/06\/14\/angleterre-casq\/\",\"url\":\"https:\/\/blogs.thesocialmedia.com\/leblogmoto\/2007\/06\/14\/angleterre-casq\/\",\"name\":\"Angleterre : Casques motos not\u00e9s ? - leblogmoto.com\",\"isPartOf\":{\"@id\":\"https:\/\/blogs.thesocialmedia.com\/leblogmoto\/#website\"},\"primaryImageOfPage\":{\"@id\":\"https:\/\/blogs.thesocialmedia.com\/leblogmoto\/2007\/06\/14\/angleterre-casq\/#primaryimage\"},\"image\":{\"@id\":\"https:\/\/blogs.thesocialmedia.com\/leblogmoto\/2007\/06\/14\/angleterre-casq\/#primaryimage\"},\"thumbnailUrl\":\"http:\/\/www.leblogmoto.com\/images\/2007\/06\/14\/casques_moto.jpg\",\"datePublished\":\"2007-06-14T19:29:53+00:00\",\"dateModified\":\"2012-07-11T14:41:01+00:00\",\"author\":{\"@id\":\"https:\/\/blogs.thesocialmedia.com\/leblogmoto\/#\/schema\/person\/769623f89741cc3381675029a37764f8\"},\"breadcrumb\":{\"@id\":\"https:\/\/blogs.thesocialmedia.com\/leblogmoto\/2007\/06\/14\/angleterre-casq\/#breadcrumb\"},\"inLanguage\":\"fr-FR\",\"potentialAction\":[{\"@type\":\"ReadAction\",\"target\":[\"https:\/\/blogs.thesocialmedia.com\/leblogmoto\/2007\/06\/14\/angleterre-casq\/\"]}]},{\"@type\":\"ImageObject\",\"inLanguage\":\"fr-FR\",\"@id\":\"https:\/\/blogs.thesocialmedia.com\/leblogmoto\/2007\/06\/14\/angleterre-casq\/#primaryimage\",\"url\":\"http:\/\/www.leblogmoto.com\/images\/2007\/06\/14\/casques_moto.jpg\",\"contentUrl\":\"http:\/\/www.leblogmoto.com\/images\/2007\/06\/14\/casques_moto.jpg\"},{\"@type\":\"BreadcrumbList\",\"@id\":\"https:\/\/blogs.thesocialmedia.com\/leblogmoto\/2007\/06\/14\/angleterre-casq\/#breadcrumb\",\"itemListElement\":[{\"@type\":\"ListItem\",\"position\":1,\"name\":\"Accueil\",\"item\":\"https:\/\/blogs.thesocialmedia.com\/leblogmoto\/\"},{\"@type\":\"ListItem\",\"position\":2,\"name\":\"Angleterre : Casques motos not\u00e9s ?\"}]},{\"@type\":\"WebSite\",\"@id\":\"https:\/\/blogs.thesocialmedia.com\/leblogmoto\/#website\",\"url\":\"https:\/\/blogs.thesocialmedia.com\/leblogmoto\/\",\"name\":\"leblogmoto\",\"description\":\"Toute l&#039;actualit\u00e9 des 2 roues\",\"potentialAction\":[{\"@type\":\"SearchAction\",\"target\":{\"@type\":\"EntryPoint\",\"urlTemplate\":\"https:\/\/blogs.thesocialmedia.com\/leblogmoto\/?s={search_term_string}\"},\"query-input\":{\"@type\":\"PropertyValueSpecification\",\"valueRequired\":true,\"valueName\":\"search_term_string\"}}],\"inLanguage\":\"fr-FR\"},{\"@type\":\"Person\",\"@id\":\"https:\/\/blogs.thesocialmedia.com\/leblogmoto\/#\/schema\/person\/769623f89741cc3381675029a37764f8\",\"name\":\"gregory boucaud\",\"image\":{\"@type\":\"ImageObject\",\"inLanguage\":\"fr-FR\",\"@id\":\"https:\/\/blogs.thesocialmedia.com\/leblogmoto\/#\/schema\/person\/image\/\",\"url\":\"https:\/\/secure.gravatar.com\/avatar\/?s=96&d=mm&r=g\",\"contentUrl\":\"https:\/\/secure.gravatar.com\/avatar\/?s=96&d=mm&r=g\",\"caption\":\"gregory boucaud\"},\"url\":\"https:\/\/blogs.thesocialmedia.com\/leblogmoto\/author\/gregory-boucaud\/\"}]}<\/script>\n<!-- \/ Yoast SEO plugin. -->","yoast_head_json":{"title":"Angleterre : Casques motos not\u00e9s ? - leblogmoto.com","robots":{"index":"index","follow":"follow","max-snippet":"max-snippet:-1","max-image-preview":"max-image-preview:large","max-video-preview":"max-video-preview:-1"},"canonical":"https:\/\/blogs.thesocialmedia.com\/leblogmoto\/2007\/06\/14\/angleterre-casq\/","twitter_card":"summary_large_image","twitter_title":"Angleterre : Casques motos not\u00e9s ? - leblogmoto.com","twitter_description":"Stephen Ladyman, Ministre des Transports de Grande Bretagne, a d\u00e9clar\u00e9 que les casques motos allaient \u00eatre not\u00e9s un peu comme aux tests Euro NCAP. Gr\u00e2ce \u00e0 ces crash tests les motards anglais pourront tout savoir des perfomances de leurs casques.Esp\u00e9rons que ces r\u00e9sultats seront diffus\u00e9s sur internet afin que nous autres motards puissions aussi en [&hellip;]","twitter_image":"http:\/\/www.leblogmoto.com\/images\/2007\/06\/14\/casques_moto.jpg","twitter_misc":{"\u00c9crit par":"gregory boucaud","Dur\u00e9e de lecture estim\u00e9e":"1 minute"},"schema":{"@context":"https:\/\/schema.org","@graph":[{"@type":"WebPage","@id":"https:\/\/blogs.thesocialmedia.com\/leblogmoto\/2007\/06\/14\/angleterre-casq\/","url":"https:\/\/blogs.thesocialmedia.com\/leblogmoto\/2007\/06\/14\/angleterre-casq\/","name":"Angleterre : Casques motos not\u00e9s ? - leblogmoto.com","isPartOf":{"@id":"https:\/\/blogs.thesocialmedia.com\/leblogmoto\/#website"},"primaryImageOfPage":{"@id":"https:\/\/blogs.thesocialmedia.com\/leblogmoto\/2007\/06\/14\/angleterre-casq\/#primaryimage"},"image":{"@id":"https:\/\/blogs.thesocialmedia.com\/leblogmoto\/2007\/06\/14\/angleterre-casq\/#primaryimage"},"thumbnailUrl":"http:\/\/www.leblogmoto.com\/images\/2007\/06\/14\/casques_moto.jpg","datePublished":"2007-06-14T19:29:53+00:00","dateModified":"2012-07-11T14:41:01+00:00","author":{"@id":"https:\/\/blogs.thesocialmedia.com\/leblogmoto\/#\/schema\/person\/769623f89741cc3381675029a37764f8"},"breadcrumb":{"@id":"https:\/\/blogs.thesocialmedia.com\/leblogmoto\/2007\/06\/14\/angleterre-casq\/#breadcrumb"},"inLanguage":"fr-FR","potentialAction":[{"@type":"ReadAction","target":["https:\/\/blogs.thesocialmedia.com\/leblogmoto\/2007\/06\/14\/angleterre-casq\/"]}]},{"@type":"ImageObject","inLanguage":"fr-FR","@id":"https:\/\/blogs.thesocialmedia.com\/leblogmoto\/2007\/06\/14\/angleterre-casq\/#primaryimage","url":"http:\/\/www.leblogmoto.com\/images\/2007\/06\/14\/casques_moto.jpg","contentUrl":"http:\/\/www.leblogmoto.com\/images\/2007\/06\/14\/casques_moto.jpg"},{"@type":"BreadcrumbList","@id":"https:\/\/blogs.thesocialmedia.com\/leblogmoto\/2007\/06\/14\/angleterre-casq\/#breadcrumb","itemListElement":[{"@type":"ListItem","position":1,"name":"Accueil","item":"https:\/\/blogs.thesocialmedia.com\/leblogmoto\/"},{"@type":"ListItem","position":2,"name":"Angleterre : Casques motos not\u00e9s ?"}]},{"@type":"WebSite","@id":"https:\/\/blogs.thesocialmedia.com\/leblogmoto\/#website","url":"https:\/\/blogs.thesocialmedia.com\/leblogmoto\/","name":"leblogmoto","description":"Toute l&#039;actualit\u00e9 des 2 roues","potentialAction":[{"@type":"SearchAction","target":{"@type":"EntryPoint","urlTemplate":"https:\/\/blogs.thesocialmedia.com\/leblogmoto\/?s={search_term_string}"},"query-input":{"@type":"PropertyValueSpecification","valueRequired":true,"valueName":"search_term_string"}}],"inLanguage":"fr-FR"},{"@type":"Person","@id":"https:\/\/blogs.thesocialmedia.com\/leblogmoto\/#\/schema\/person\/769623f89741cc3381675029a37764f8","name":"gregory boucaud","image":{"@type":"ImageObject","inLanguage":"fr-FR","@id":"https:\/\/blogs.thesocialmedia.com\/leblogmoto\/#\/schema\/person\/image\/","url":"https:\/\/secure.gravatar.com\/avatar\/?s=96&d=mm&r=g","contentUrl":"https:\/\/secure.gravatar.com\/avatar\/?s=96&d=mm&r=g","caption":"gregory boucaud"},"url":"https:\/\/blogs.thesocialmedia.com\/leblogmoto\/author\/gregory-boucaud\/"}]}},"_links":{"self":[{"href":"https:\/\/blogs.thesocialmedia.com\/leblogmoto\/wp-json\/wp\/v2\/posts\/1340","targetHints":{"allow":["GET"]}}],"collection":[{"href":"https:\/\/blogs.thesocialmedia.com\/leblogmoto\/wp-json\/wp\/v2\/posts"}],"about":[{"href":"https:\/\/blogs.thesocialmedia.com\/leblogmoto\/wp-json\/wp\/v2\/types\/post"}],"author":[{"embeddable":true,"href":"https:\/\/blogs.thesocialmedia.com\/leblogmoto\/wp-json\/wp\/v2\/users\/329"}],"replies":[{"embeddable":true,"href":"https:\/\/blogs.thesocialmedia.com\/leblogmoto\/wp-json\/wp\/v2\/comments?post=1340"}],"version-history":[{"count":2,"href":"https:\/\/blogs.thesocialmedia.com\/leblogmoto\/wp-json\/wp\/v2\/posts\/1340\/revisions"}],"predecessor-version":[{"id":8479,"href":"https:\/\/blogs.thesocialmedia.com\/leblogmoto\/wp-json\/wp\/v2\/posts\/1340\/revisions\/8479"}],"wp:attachment":[{"href":"https:\/\/blogs.thesocialmedia.com\/leblogmoto\/wp-json\/wp\/v2\/media?parent=1340"}],"wp:term":[{"taxonomy":"category","embeddable":true,"href":"https:\/\/blogs.thesocialmedia.com\/leblogmoto\/wp-json\/wp\/v2\/categories?post=1340"},{"taxonomy":"post_tag","embeddable":true,"href":"https:\/\/blogs.thesocialmedia.com\/leblogmoto\/wp-json\/wp\/v2\/tags?post=1340"}],"curies":[{"name":"wp","href":"https:\/\/api.w.org\/{rel}","templated":true}]}}