{"id":1342,"date":"2007-06-08T19:18:35","date_gmt":"2007-06-08T19:18:35","guid":{"rendered":"http:\/\/blogs.thesocialmedia.com\/leblogmoto\/2007\/06\/08\/devil-sattaque\/"},"modified":"2012-07-11T14:40:57","modified_gmt":"2012-07-11T14:40:57","slug":"devil-sattaque","status":"publish","type":"post","link":"https:\/\/blogs.thesocialmedia.com\/leblogmoto\/2007\/06\/08\/devil-sattaque\/","title":{"rendered":"Devil s&rsquo;attaque \u00e0 la CBR 125 R"},"content":{"rendered":"<p><a href=\"http:\/\/blogs.thesocialmedia.com\/leblogmoto\/files\/2012\/07\/devil_cbr125.jpg\"><img loading=\"lazy\" decoding=\"async\" height=\"187\" alt=\"Devil_cbr125\" src=\"http:\/\/www.leblogmoto.com\/images\/2007\/06\/08\/devil_cbr125.jpg\" width=\"250\"  \/><\/a> Devil s&rsquo;attaque \u00e0 la petite sportive de chez <a href=\"http:\/\/125andthecity.fr\/\">Honda<\/a>, la <a href=\"http:\/\/125andthecity.fr\/\">CBR 125<\/a> R, en lui adaptant une ligne de son cru. Enfin les possesseurs de la petite<a href=\"http:\/\/125andthecity.fr\/\"> CBR<\/a> pourront eux aussi goutter \u00e0 la sonorit\u00e9 du pot Devil (on aime ou on n&rsquo;aime pas, c&rsquo;est une histoire de go\u00fbt&#8230;).<br \/>L&rsquo;installation de <a href=\"http:\/\/www.devil.fr\/\">cette ligne<\/a> permet d&rsquo;avoir un meilleur couple \u00e0 bas-r\u00e9gimes et quelques chevaux de plus (selon le constructeur).<br \/>Cette <a href=\"http:\/\/www.devil.fr\/\">ligne RACER<\/a> a un diam\u00e8tre de 108 mm pour 420 mm de longueur et est bien s\u00fbr homologu\u00e9e.<\/p>\n<p><a href=\"http:\/\/clabedan.typepad.com\/.shared\/image.html?\/photos\/uncategorized\/2007\/06\/08\/racer_inox.jpg\"><img loading=\"lazy\" decoding=\"async\" height=\"92\" alt=\"Racer_inox\" src=\"http:\/\/www.leblogmoto.com\/images\/2007\/06\/08\/racer_inox.jpg\" width=\"250\"  \/><\/a> Enfin, son prix est de 400\u20ac ce qui est dans la moyenne du march\u00e9.<br \/>Donc pour ceux qui regrettent le son de la ligne d&rsquo;origine de leur <a href=\"http:\/\/125andthecity.fr\/\">CBR125R<\/a>, cette ligne peut \u00eatre une bonne alternative&#8230;<\/p>\n<p>Photos : <a href=\"http:\/\/www.devil.fr\/\">Devil<\/a><\/p>\n","protected":false},"excerpt":{"rendered":"<p>Devil s&rsquo;attaque \u00e0 la petite sportive de chez Honda, la CBR 125 R, en lui adaptant une ligne de son cru. Enfin les possesseurs de la petite CBR pourront eux aussi goutter \u00e0 la sonorit\u00e9 du pot Devil (on aime ou on n&rsquo;aime pas, c&rsquo;est une histoire de go\u00fbt&#8230;).L&rsquo;installation de cette ligne permet d&rsquo;avoir un [&hellip;]<\/p>\n","protected":false},"author":329,"featured_media":0,"comment_status":"open","ping_status":"open","sticky":false,"template":"","format":"standard","meta":{"footnotes":""},"categories":[14],"tags":[],"class_list":["post-1342","post","type-post","status-publish","format-standard","hentry","category-honda"],"yoast_head":"<!-- This site is optimized with the Yoast SEO plugin v26.0 - https:\/\/yoast.com\/wordpress\/plugins\/seo\/ -->\n<title>Devil s&#039;attaque \u00e0 la CBR 125 R - leblogmoto.com<\/title>\n<meta name=\"robots\" content=\"index, follow, max-snippet:-1, max-image-preview:large, max-video-preview:-1\" \/>\n<link rel=\"canonical\" href=\"https:\/\/blogs.thesocialmedia.com\/leblogmoto\/2007\/06\/08\/devil-sattaque\/\" \/>\n<meta name=\"twitter:card\" content=\"summary_large_image\" \/>\n<meta name=\"twitter:title\" content=\"Devil s&#039;attaque \u00e0 la CBR 125 R - leblogmoto.com\" \/>\n<meta name=\"twitter:description\" content=\"Devil s&rsquo;attaque \u00e0 la petite sportive de chez Honda, la CBR 125 R, en lui adaptant une ligne de son cru. Enfin les possesseurs de la petite CBR pourront eux aussi goutter \u00e0 la sonorit\u00e9 du pot Devil (on aime ou on n&rsquo;aime pas, c&rsquo;est une histoire de go\u00fbt&#8230;).L&rsquo;installation de cette ligne permet d&rsquo;avoir un [&hellip;]\" \/>\n<meta name=\"twitter:image\" content=\"http:\/\/www.leblogmoto.com\/images\/2007\/06\/08\/devil_cbr125.jpg\" \/>\n<meta name=\"twitter:label1\" content=\"\u00c9crit par\" \/>\n\t<meta name=\"twitter:data1\" content=\"gregory boucaud\" \/>\n\t<meta name=\"twitter:label2\" content=\"Dur\u00e9e de lecture estim\u00e9e\" \/>\n\t<meta name=\"twitter:data2\" content=\"1 minute\" \/>\n<script type=\"application\/ld+json\" class=\"yoast-schema-graph\">{\"@context\":\"https:\/\/schema.org\",\"@graph\":[{\"@type\":\"WebPage\",\"@id\":\"https:\/\/blogs.thesocialmedia.com\/leblogmoto\/2007\/06\/08\/devil-sattaque\/\",\"url\":\"https:\/\/blogs.thesocialmedia.com\/leblogmoto\/2007\/06\/08\/devil-sattaque\/\",\"name\":\"Devil s'attaque \u00e0 la CBR 125 R - leblogmoto.com\",\"isPartOf\":{\"@id\":\"https:\/\/blogs.thesocialmedia.com\/leblogmoto\/#website\"},\"primaryImageOfPage\":{\"@id\":\"https:\/\/blogs.thesocialmedia.com\/leblogmoto\/2007\/06\/08\/devil-sattaque\/#primaryimage\"},\"image\":{\"@id\":\"https:\/\/blogs.thesocialmedia.com\/leblogmoto\/2007\/06\/08\/devil-sattaque\/#primaryimage\"},\"thumbnailUrl\":\"http:\/\/www.leblogmoto.com\/images\/2007\/06\/08\/devil_cbr125.jpg\",\"datePublished\":\"2007-06-08T19:18:35+00:00\",\"dateModified\":\"2012-07-11T14:40:57+00:00\",\"author\":{\"@id\":\"https:\/\/blogs.thesocialmedia.com\/leblogmoto\/#\/schema\/person\/769623f89741cc3381675029a37764f8\"},\"breadcrumb\":{\"@id\":\"https:\/\/blogs.thesocialmedia.com\/leblogmoto\/2007\/06\/08\/devil-sattaque\/#breadcrumb\"},\"inLanguage\":\"fr-FR\",\"potentialAction\":[{\"@type\":\"ReadAction\",\"target\":[\"https:\/\/blogs.thesocialmedia.com\/leblogmoto\/2007\/06\/08\/devil-sattaque\/\"]}]},{\"@type\":\"ImageObject\",\"inLanguage\":\"fr-FR\",\"@id\":\"https:\/\/blogs.thesocialmedia.com\/leblogmoto\/2007\/06\/08\/devil-sattaque\/#primaryimage\",\"url\":\"http:\/\/www.leblogmoto.com\/images\/2007\/06\/08\/devil_cbr125.jpg\",\"contentUrl\":\"http:\/\/www.leblogmoto.com\/images\/2007\/06\/08\/devil_cbr125.jpg\"},{\"@type\":\"BreadcrumbList\",\"@id\":\"https:\/\/blogs.thesocialmedia.com\/leblogmoto\/2007\/06\/08\/devil-sattaque\/#breadcrumb\",\"itemListElement\":[{\"@type\":\"ListItem\",\"position\":1,\"name\":\"Accueil\",\"item\":\"https:\/\/blogs.thesocialmedia.com\/leblogmoto\/\"},{\"@type\":\"ListItem\",\"position\":2,\"name\":\"Devil s&rsquo;attaque \u00e0 la CBR 125 R\"}]},{\"@type\":\"WebSite\",\"@id\":\"https:\/\/blogs.thesocialmedia.com\/leblogmoto\/#website\",\"url\":\"https:\/\/blogs.thesocialmedia.com\/leblogmoto\/\",\"name\":\"leblogmoto\",\"description\":\"Toute l&#039;actualit\u00e9 des 2 roues\",\"potentialAction\":[{\"@type\":\"SearchAction\",\"target\":{\"@type\":\"EntryPoint\",\"urlTemplate\":\"https:\/\/blogs.thesocialmedia.com\/leblogmoto\/?s={search_term_string}\"},\"query-input\":{\"@type\":\"PropertyValueSpecification\",\"valueRequired\":true,\"valueName\":\"search_term_string\"}}],\"inLanguage\":\"fr-FR\"},{\"@type\":\"Person\",\"@id\":\"https:\/\/blogs.thesocialmedia.com\/leblogmoto\/#\/schema\/person\/769623f89741cc3381675029a37764f8\",\"name\":\"gregory boucaud\",\"image\":{\"@type\":\"ImageObject\",\"inLanguage\":\"fr-FR\",\"@id\":\"https:\/\/blogs.thesocialmedia.com\/leblogmoto\/#\/schema\/person\/image\/\",\"url\":\"https:\/\/secure.gravatar.com\/avatar\/?s=96&d=mm&r=g\",\"contentUrl\":\"https:\/\/secure.gravatar.com\/avatar\/?s=96&d=mm&r=g\",\"caption\":\"gregory boucaud\"},\"url\":\"https:\/\/blogs.thesocialmedia.com\/leblogmoto\/author\/gregory-boucaud\/\"}]}<\/script>\n<!-- \/ Yoast SEO plugin. -->","yoast_head_json":{"title":"Devil s'attaque \u00e0 la CBR 125 R - leblogmoto.com","robots":{"index":"index","follow":"follow","max-snippet":"max-snippet:-1","max-image-preview":"max-image-preview:large","max-video-preview":"max-video-preview:-1"},"canonical":"https:\/\/blogs.thesocialmedia.com\/leblogmoto\/2007\/06\/08\/devil-sattaque\/","twitter_card":"summary_large_image","twitter_title":"Devil s'attaque \u00e0 la CBR 125 R - leblogmoto.com","twitter_description":"Devil s&rsquo;attaque \u00e0 la petite sportive de chez Honda, la CBR 125 R, en lui adaptant une ligne de son cru. Enfin les possesseurs de la petite CBR pourront eux aussi goutter \u00e0 la sonorit\u00e9 du pot Devil (on aime ou on n&rsquo;aime pas, c&rsquo;est une histoire de go\u00fbt&#8230;).L&rsquo;installation de cette ligne permet d&rsquo;avoir un [&hellip;]","twitter_image":"http:\/\/www.leblogmoto.com\/images\/2007\/06\/08\/devil_cbr125.jpg","twitter_misc":{"\u00c9crit par":"gregory boucaud","Dur\u00e9e de lecture estim\u00e9e":"1 minute"},"schema":{"@context":"https:\/\/schema.org","@graph":[{"@type":"WebPage","@id":"https:\/\/blogs.thesocialmedia.com\/leblogmoto\/2007\/06\/08\/devil-sattaque\/","url":"https:\/\/blogs.thesocialmedia.com\/leblogmoto\/2007\/06\/08\/devil-sattaque\/","name":"Devil s'attaque \u00e0 la CBR 125 R - leblogmoto.com","isPartOf":{"@id":"https:\/\/blogs.thesocialmedia.com\/leblogmoto\/#website"},"primaryImageOfPage":{"@id":"https:\/\/blogs.thesocialmedia.com\/leblogmoto\/2007\/06\/08\/devil-sattaque\/#primaryimage"},"image":{"@id":"https:\/\/blogs.thesocialmedia.com\/leblogmoto\/2007\/06\/08\/devil-sattaque\/#primaryimage"},"thumbnailUrl":"http:\/\/www.leblogmoto.com\/images\/2007\/06\/08\/devil_cbr125.jpg","datePublished":"2007-06-08T19:18:35+00:00","dateModified":"2012-07-11T14:40:57+00:00","author":{"@id":"https:\/\/blogs.thesocialmedia.com\/leblogmoto\/#\/schema\/person\/769623f89741cc3381675029a37764f8"},"breadcrumb":{"@id":"https:\/\/blogs.thesocialmedia.com\/leblogmoto\/2007\/06\/08\/devil-sattaque\/#breadcrumb"},"inLanguage":"fr-FR","potentialAction":[{"@type":"ReadAction","target":["https:\/\/blogs.thesocialmedia.com\/leblogmoto\/2007\/06\/08\/devil-sattaque\/"]}]},{"@type":"ImageObject","inLanguage":"fr-FR","@id":"https:\/\/blogs.thesocialmedia.com\/leblogmoto\/2007\/06\/08\/devil-sattaque\/#primaryimage","url":"http:\/\/www.leblogmoto.com\/images\/2007\/06\/08\/devil_cbr125.jpg","contentUrl":"http:\/\/www.leblogmoto.com\/images\/2007\/06\/08\/devil_cbr125.jpg"},{"@type":"BreadcrumbList","@id":"https:\/\/blogs.thesocialmedia.com\/leblogmoto\/2007\/06\/08\/devil-sattaque\/#breadcrumb","itemListElement":[{"@type":"ListItem","position":1,"name":"Accueil","item":"https:\/\/blogs.thesocialmedia.com\/leblogmoto\/"},{"@type":"ListItem","position":2,"name":"Devil s&rsquo;attaque \u00e0 la CBR 125 R"}]},{"@type":"WebSite","@id":"https:\/\/blogs.thesocialmedia.com\/leblogmoto\/#website","url":"https:\/\/blogs.thesocialmedia.com\/leblogmoto\/","name":"leblogmoto","description":"Toute l&#039;actualit\u00e9 des 2 roues","potentialAction":[{"@type":"SearchAction","target":{"@type":"EntryPoint","urlTemplate":"https:\/\/blogs.thesocialmedia.com\/leblogmoto\/?s={search_term_string}"},"query-input":{"@type":"PropertyValueSpecification","valueRequired":true,"valueName":"search_term_string"}}],"inLanguage":"fr-FR"},{"@type":"Person","@id":"https:\/\/blogs.thesocialmedia.com\/leblogmoto\/#\/schema\/person\/769623f89741cc3381675029a37764f8","name":"gregory boucaud","image":{"@type":"ImageObject","inLanguage":"fr-FR","@id":"https:\/\/blogs.thesocialmedia.com\/leblogmoto\/#\/schema\/person\/image\/","url":"https:\/\/secure.gravatar.com\/avatar\/?s=96&d=mm&r=g","contentUrl":"https:\/\/secure.gravatar.com\/avatar\/?s=96&d=mm&r=g","caption":"gregory boucaud"},"url":"https:\/\/blogs.thesocialmedia.com\/leblogmoto\/author\/gregory-boucaud\/"}]}},"_links":{"self":[{"href":"https:\/\/blogs.thesocialmedia.com\/leblogmoto\/wp-json\/wp\/v2\/posts\/1342","targetHints":{"allow":["GET"]}}],"collection":[{"href":"https:\/\/blogs.thesocialmedia.com\/leblogmoto\/wp-json\/wp\/v2\/posts"}],"about":[{"href":"https:\/\/blogs.thesocialmedia.com\/leblogmoto\/wp-json\/wp\/v2\/types\/post"}],"author":[{"embeddable":true,"href":"https:\/\/blogs.thesocialmedia.com\/leblogmoto\/wp-json\/wp\/v2\/users\/329"}],"replies":[{"embeddable":true,"href":"https:\/\/blogs.thesocialmedia.com\/leblogmoto\/wp-json\/wp\/v2\/comments?post=1342"}],"version-history":[{"count":2,"href":"https:\/\/blogs.thesocialmedia.com\/leblogmoto\/wp-json\/wp\/v2\/posts\/1342\/revisions"}],"predecessor-version":[{"id":8475,"href":"https:\/\/blogs.thesocialmedia.com\/leblogmoto\/wp-json\/wp\/v2\/posts\/1342\/revisions\/8475"}],"wp:attachment":[{"href":"https:\/\/blogs.thesocialmedia.com\/leblogmoto\/wp-json\/wp\/v2\/media?parent=1342"}],"wp:term":[{"taxonomy":"category","embeddable":true,"href":"https:\/\/blogs.thesocialmedia.com\/leblogmoto\/wp-json\/wp\/v2\/categories?post=1342"},{"taxonomy":"post_tag","embeddable":true,"href":"https:\/\/blogs.thesocialmedia.com\/leblogmoto\/wp-json\/wp\/v2\/tags?post=1342"}],"curies":[{"name":"wp","href":"https:\/\/api.w.org\/{rel}","templated":true}]}}