{"id":1344,"date":"2007-06-04T23:55:10","date_gmt":"2007-06-04T23:55:10","guid":{"rendered":"http:\/\/blogs.thesocialmedia.com\/leblogmoto\/2007\/06\/04\/cinma-bande-de\/"},"modified":"2012-07-11T14:40:54","modified_gmt":"2012-07-11T14:40:54","slug":"cinma-bande-de","status":"publish","type":"post","link":"https:\/\/blogs.thesocialmedia.com\/leblogmoto\/2007\/06\/04\/cinma-bande-de\/","title":{"rendered":"Cin\u00e9ma : Bande de Sauvages en avant-premi\u00e8re"},"content":{"rendered":"<p><a href=\"http:\/\/blogs.thesocialmedia.com\/leblogmoto\/files\/2012\/07\/affiche_bandedesauvages_stpz.jpg\"><img loading=\"lazy\" decoding=\"async\" height=\"333\" alt=\"Affiche_bandedesauvages_stpz\" src=\"http:\/\/www.leblogmoto.com\/images\/2007\/06\/04\/affiche_bandedesauvages_stpz.jpg\" width=\"250\"  \/><\/a> Souvenez-vous, Christian vous en parlait en <a href=\"http:\/\/www.leblogmoto.com\/2007\/02\/cinma_bande_de_.html#more\">f\u00e9vrier<\/a>. Plus connu sous le nom de &quot;Wild Hogs&quot;, &quot;Bande de Sauvages&quot; d\u00e9barque dans nos salles de cin\u00e9ma ce mois-ci. Mais si vous \u00eates vraiment impatient, sachez qu&rsquo;une avant-premi\u00e8re sera diffus\u00e9e le mardi 5 juin \u00e0 20h30 au :<\/p>\n<p>Gaumont Aquaboulevard <br \/>8-16, rue du Colonel-Pierre-Avia <br \/> Paris 15\u00e8me arrondissement<\/p>\n<p>Mais surtout sachez que si vous appartenez au <a href=\"http:\/\/www.harley-davidson.com\/wcm\/Content\/Pages\/HOG\/hog_selector.jsp?locale=en_US\">HOG<\/a> et que vous portez un blouson <a href=\"http:\/\/www.harley-davidson.com\/wcm\/content\/pages\/home.jsp?locale=fr_FR&amp;bmLocale=fr_FR\">Harley-Davidson<\/a> ou sur pr\u00e9sentation d&rsquo;une photo de votre <a href=\"http:\/\/www.harley-davidson.com\/wcm\/content\/pages\/home.jsp?locale=fr_FR&amp;bmLocale=fr_FR\">Harley-Davidson<\/a> une place sera offerte, oui vous avez bien lu.<\/p>\n<p>Quand vous l&rsquo;aurez vu, n&rsquo;h\u00e9sitez pas \u00e0 venir d\u00e9poser des commentaires \ud83d\ude09<\/p>\n<p>Pour plus d&rsquo;informations : 01 40 70 06 94<\/p>\n<p>Source : <a href=\"http:\/\/www.moto-station.com\">Moto-Station<\/a><\/p>\n","protected":false},"excerpt":{"rendered":"<p>Souvenez-vous, Christian vous en parlait en f\u00e9vrier. Plus connu sous le nom de &quot;Wild Hogs&quot;, &quot;Bande de Sauvages&quot; d\u00e9barque dans nos salles de cin\u00e9ma ce mois-ci. Mais si vous \u00eates vraiment impatient, sachez qu&rsquo;une avant-premi\u00e8re sera diffus\u00e9e le mardi 5 juin \u00e0 20h30 au : Gaumont Aquaboulevard 8-16, rue du Colonel-Pierre-Avia Paris 15\u00e8me arrondissement Mais [&hellip;]<\/p>\n","protected":false},"author":329,"featured_media":0,"comment_status":"open","ping_status":"open","sticky":false,"template":"","format":"standard","meta":{"footnotes":""},"categories":[29],"tags":[],"class_list":["post-1344","post","type-post","status-publish","format-standard","hentry","category-harley-davidson"],"yoast_head":"<!-- This site is optimized with the Yoast SEO plugin v26.0 - https:\/\/yoast.com\/wordpress\/plugins\/seo\/ -->\n<title>Cin\u00e9ma : Bande de Sauvages en avant-premi\u00e8re - leblogmoto.com<\/title>\n<meta name=\"robots\" content=\"index, follow, max-snippet:-1, max-image-preview:large, max-video-preview:-1\" \/>\n<link rel=\"canonical\" href=\"https:\/\/blogs.thesocialmedia.com\/leblogmoto\/2007\/06\/04\/cinma-bande-de\/\" \/>\n<meta name=\"twitter:card\" content=\"summary_large_image\" \/>\n<meta name=\"twitter:title\" content=\"Cin\u00e9ma : Bande de Sauvages en avant-premi\u00e8re - leblogmoto.com\" \/>\n<meta name=\"twitter:description\" content=\"Souvenez-vous, Christian vous en parlait en f\u00e9vrier. Plus connu sous le nom de &quot;Wild Hogs&quot;, &quot;Bande de Sauvages&quot; d\u00e9barque dans nos salles de cin\u00e9ma ce mois-ci. Mais si vous \u00eates vraiment impatient, sachez qu&rsquo;une avant-premi\u00e8re sera diffus\u00e9e le mardi 5 juin \u00e0 20h30 au : Gaumont Aquaboulevard 8-16, rue du Colonel-Pierre-Avia Paris 15\u00e8me arrondissement Mais [&hellip;]\" \/>\n<meta name=\"twitter:image\" content=\"http:\/\/www.leblogmoto.com\/images\/2007\/06\/04\/affiche_bandedesauvages_stpz.jpg\" \/>\n<meta name=\"twitter:label1\" content=\"\u00c9crit par\" \/>\n\t<meta name=\"twitter:data1\" content=\"gregory boucaud\" \/>\n\t<meta name=\"twitter:label2\" content=\"Dur\u00e9e de lecture estim\u00e9e\" \/>\n\t<meta name=\"twitter:data2\" content=\"1 minute\" \/>\n<script type=\"application\/ld+json\" class=\"yoast-schema-graph\">{\"@context\":\"https:\/\/schema.org\",\"@graph\":[{\"@type\":\"WebPage\",\"@id\":\"https:\/\/blogs.thesocialmedia.com\/leblogmoto\/2007\/06\/04\/cinma-bande-de\/\",\"url\":\"https:\/\/blogs.thesocialmedia.com\/leblogmoto\/2007\/06\/04\/cinma-bande-de\/\",\"name\":\"Cin\u00e9ma : Bande de Sauvages en avant-premi\u00e8re - leblogmoto.com\",\"isPartOf\":{\"@id\":\"https:\/\/blogs.thesocialmedia.com\/leblogmoto\/#website\"},\"primaryImageOfPage\":{\"@id\":\"https:\/\/blogs.thesocialmedia.com\/leblogmoto\/2007\/06\/04\/cinma-bande-de\/#primaryimage\"},\"image\":{\"@id\":\"https:\/\/blogs.thesocialmedia.com\/leblogmoto\/2007\/06\/04\/cinma-bande-de\/#primaryimage\"},\"thumbnailUrl\":\"http:\/\/www.leblogmoto.com\/images\/2007\/06\/04\/affiche_bandedesauvages_stpz.jpg\",\"datePublished\":\"2007-06-04T23:55:10+00:00\",\"dateModified\":\"2012-07-11T14:40:54+00:00\",\"author\":{\"@id\":\"https:\/\/blogs.thesocialmedia.com\/leblogmoto\/#\/schema\/person\/769623f89741cc3381675029a37764f8\"},\"breadcrumb\":{\"@id\":\"https:\/\/blogs.thesocialmedia.com\/leblogmoto\/2007\/06\/04\/cinma-bande-de\/#breadcrumb\"},\"inLanguage\":\"fr-FR\",\"potentialAction\":[{\"@type\":\"ReadAction\",\"target\":[\"https:\/\/blogs.thesocialmedia.com\/leblogmoto\/2007\/06\/04\/cinma-bande-de\/\"]}]},{\"@type\":\"ImageObject\",\"inLanguage\":\"fr-FR\",\"@id\":\"https:\/\/blogs.thesocialmedia.com\/leblogmoto\/2007\/06\/04\/cinma-bande-de\/#primaryimage\",\"url\":\"http:\/\/www.leblogmoto.com\/images\/2007\/06\/04\/affiche_bandedesauvages_stpz.jpg\",\"contentUrl\":\"http:\/\/www.leblogmoto.com\/images\/2007\/06\/04\/affiche_bandedesauvages_stpz.jpg\"},{\"@type\":\"BreadcrumbList\",\"@id\":\"https:\/\/blogs.thesocialmedia.com\/leblogmoto\/2007\/06\/04\/cinma-bande-de\/#breadcrumb\",\"itemListElement\":[{\"@type\":\"ListItem\",\"position\":1,\"name\":\"Accueil\",\"item\":\"https:\/\/blogs.thesocialmedia.com\/leblogmoto\/\"},{\"@type\":\"ListItem\",\"position\":2,\"name\":\"Cin\u00e9ma : Bande de Sauvages en avant-premi\u00e8re\"}]},{\"@type\":\"WebSite\",\"@id\":\"https:\/\/blogs.thesocialmedia.com\/leblogmoto\/#website\",\"url\":\"https:\/\/blogs.thesocialmedia.com\/leblogmoto\/\",\"name\":\"leblogmoto\",\"description\":\"Toute l&#039;actualit\u00e9 des 2 roues\",\"potentialAction\":[{\"@type\":\"SearchAction\",\"target\":{\"@type\":\"EntryPoint\",\"urlTemplate\":\"https:\/\/blogs.thesocialmedia.com\/leblogmoto\/?s={search_term_string}\"},\"query-input\":{\"@type\":\"PropertyValueSpecification\",\"valueRequired\":true,\"valueName\":\"search_term_string\"}}],\"inLanguage\":\"fr-FR\"},{\"@type\":\"Person\",\"@id\":\"https:\/\/blogs.thesocialmedia.com\/leblogmoto\/#\/schema\/person\/769623f89741cc3381675029a37764f8\",\"name\":\"gregory boucaud\",\"image\":{\"@type\":\"ImageObject\",\"inLanguage\":\"fr-FR\",\"@id\":\"https:\/\/blogs.thesocialmedia.com\/leblogmoto\/#\/schema\/person\/image\/\",\"url\":\"https:\/\/secure.gravatar.com\/avatar\/?s=96&d=mm&r=g\",\"contentUrl\":\"https:\/\/secure.gravatar.com\/avatar\/?s=96&d=mm&r=g\",\"caption\":\"gregory boucaud\"},\"url\":\"https:\/\/blogs.thesocialmedia.com\/leblogmoto\/author\/gregory-boucaud\/\"}]}<\/script>\n<!-- \/ Yoast SEO plugin. -->","yoast_head_json":{"title":"Cin\u00e9ma : Bande de Sauvages en avant-premi\u00e8re - leblogmoto.com","robots":{"index":"index","follow":"follow","max-snippet":"max-snippet:-1","max-image-preview":"max-image-preview:large","max-video-preview":"max-video-preview:-1"},"canonical":"https:\/\/blogs.thesocialmedia.com\/leblogmoto\/2007\/06\/04\/cinma-bande-de\/","twitter_card":"summary_large_image","twitter_title":"Cin\u00e9ma : Bande de Sauvages en avant-premi\u00e8re - leblogmoto.com","twitter_description":"Souvenez-vous, Christian vous en parlait en f\u00e9vrier. Plus connu sous le nom de &quot;Wild Hogs&quot;, &quot;Bande de Sauvages&quot; d\u00e9barque dans nos salles de cin\u00e9ma ce mois-ci. Mais si vous \u00eates vraiment impatient, sachez qu&rsquo;une avant-premi\u00e8re sera diffus\u00e9e le mardi 5 juin \u00e0 20h30 au : Gaumont Aquaboulevard 8-16, rue du Colonel-Pierre-Avia Paris 15\u00e8me arrondissement Mais [&hellip;]","twitter_image":"http:\/\/www.leblogmoto.com\/images\/2007\/06\/04\/affiche_bandedesauvages_stpz.jpg","twitter_misc":{"\u00c9crit par":"gregory boucaud","Dur\u00e9e de lecture estim\u00e9e":"1 minute"},"schema":{"@context":"https:\/\/schema.org","@graph":[{"@type":"WebPage","@id":"https:\/\/blogs.thesocialmedia.com\/leblogmoto\/2007\/06\/04\/cinma-bande-de\/","url":"https:\/\/blogs.thesocialmedia.com\/leblogmoto\/2007\/06\/04\/cinma-bande-de\/","name":"Cin\u00e9ma : Bande de Sauvages en avant-premi\u00e8re - leblogmoto.com","isPartOf":{"@id":"https:\/\/blogs.thesocialmedia.com\/leblogmoto\/#website"},"primaryImageOfPage":{"@id":"https:\/\/blogs.thesocialmedia.com\/leblogmoto\/2007\/06\/04\/cinma-bande-de\/#primaryimage"},"image":{"@id":"https:\/\/blogs.thesocialmedia.com\/leblogmoto\/2007\/06\/04\/cinma-bande-de\/#primaryimage"},"thumbnailUrl":"http:\/\/www.leblogmoto.com\/images\/2007\/06\/04\/affiche_bandedesauvages_stpz.jpg","datePublished":"2007-06-04T23:55:10+00:00","dateModified":"2012-07-11T14:40:54+00:00","author":{"@id":"https:\/\/blogs.thesocialmedia.com\/leblogmoto\/#\/schema\/person\/769623f89741cc3381675029a37764f8"},"breadcrumb":{"@id":"https:\/\/blogs.thesocialmedia.com\/leblogmoto\/2007\/06\/04\/cinma-bande-de\/#breadcrumb"},"inLanguage":"fr-FR","potentialAction":[{"@type":"ReadAction","target":["https:\/\/blogs.thesocialmedia.com\/leblogmoto\/2007\/06\/04\/cinma-bande-de\/"]}]},{"@type":"ImageObject","inLanguage":"fr-FR","@id":"https:\/\/blogs.thesocialmedia.com\/leblogmoto\/2007\/06\/04\/cinma-bande-de\/#primaryimage","url":"http:\/\/www.leblogmoto.com\/images\/2007\/06\/04\/affiche_bandedesauvages_stpz.jpg","contentUrl":"http:\/\/www.leblogmoto.com\/images\/2007\/06\/04\/affiche_bandedesauvages_stpz.jpg"},{"@type":"BreadcrumbList","@id":"https:\/\/blogs.thesocialmedia.com\/leblogmoto\/2007\/06\/04\/cinma-bande-de\/#breadcrumb","itemListElement":[{"@type":"ListItem","position":1,"name":"Accueil","item":"https:\/\/blogs.thesocialmedia.com\/leblogmoto\/"},{"@type":"ListItem","position":2,"name":"Cin\u00e9ma : Bande de Sauvages en avant-premi\u00e8re"}]},{"@type":"WebSite","@id":"https:\/\/blogs.thesocialmedia.com\/leblogmoto\/#website","url":"https:\/\/blogs.thesocialmedia.com\/leblogmoto\/","name":"leblogmoto","description":"Toute l&#039;actualit\u00e9 des 2 roues","potentialAction":[{"@type":"SearchAction","target":{"@type":"EntryPoint","urlTemplate":"https:\/\/blogs.thesocialmedia.com\/leblogmoto\/?s={search_term_string}"},"query-input":{"@type":"PropertyValueSpecification","valueRequired":true,"valueName":"search_term_string"}}],"inLanguage":"fr-FR"},{"@type":"Person","@id":"https:\/\/blogs.thesocialmedia.com\/leblogmoto\/#\/schema\/person\/769623f89741cc3381675029a37764f8","name":"gregory boucaud","image":{"@type":"ImageObject","inLanguage":"fr-FR","@id":"https:\/\/blogs.thesocialmedia.com\/leblogmoto\/#\/schema\/person\/image\/","url":"https:\/\/secure.gravatar.com\/avatar\/?s=96&d=mm&r=g","contentUrl":"https:\/\/secure.gravatar.com\/avatar\/?s=96&d=mm&r=g","caption":"gregory boucaud"},"url":"https:\/\/blogs.thesocialmedia.com\/leblogmoto\/author\/gregory-boucaud\/"}]}},"_links":{"self":[{"href":"https:\/\/blogs.thesocialmedia.com\/leblogmoto\/wp-json\/wp\/v2\/posts\/1344","targetHints":{"allow":["GET"]}}],"collection":[{"href":"https:\/\/blogs.thesocialmedia.com\/leblogmoto\/wp-json\/wp\/v2\/posts"}],"about":[{"href":"https:\/\/blogs.thesocialmedia.com\/leblogmoto\/wp-json\/wp\/v2\/types\/post"}],"author":[{"embeddable":true,"href":"https:\/\/blogs.thesocialmedia.com\/leblogmoto\/wp-json\/wp\/v2\/users\/329"}],"replies":[{"embeddable":true,"href":"https:\/\/blogs.thesocialmedia.com\/leblogmoto\/wp-json\/wp\/v2\/comments?post=1344"}],"version-history":[{"count":2,"href":"https:\/\/blogs.thesocialmedia.com\/leblogmoto\/wp-json\/wp\/v2\/posts\/1344\/revisions"}],"predecessor-version":[{"id":8471,"href":"https:\/\/blogs.thesocialmedia.com\/leblogmoto\/wp-json\/wp\/v2\/posts\/1344\/revisions\/8471"}],"wp:attachment":[{"href":"https:\/\/blogs.thesocialmedia.com\/leblogmoto\/wp-json\/wp\/v2\/media?parent=1344"}],"wp:term":[{"taxonomy":"category","embeddable":true,"href":"https:\/\/blogs.thesocialmedia.com\/leblogmoto\/wp-json\/wp\/v2\/categories?post=1344"},{"taxonomy":"post_tag","embeddable":true,"href":"https:\/\/blogs.thesocialmedia.com\/leblogmoto\/wp-json\/wp\/v2\/tags?post=1344"}],"curies":[{"name":"wp","href":"https:\/\/api.w.org\/{rel}","templated":true}]}}